{"id":10899,"date":"2024-01-29T08:52:55","date_gmt":"2024-01-29T07:52:55","guid":{"rendered":"https:\/\/denhelder.online\/?post_type=actueel&#038;p=10899"},"modified":"2025-04-29T08:53:36","modified_gmt":"2025-04-29T06:53:36","slug":"sportlicher-nachmittag-fur-helderse-schuler-beim-schuler-crosslauf","status":"publish","type":"actueel","link":"https:\/\/denhelder.online\/de\/actueel\/sportieve-middag-voor-helderse-scholieren-tijdens-de-scholierenveldloop\/","title":{"rendered":"Sportlicher Nachmittag f\u00fcr die Sch\u00fcler der Klasse Helderse beim Sch\u00fcler-Crosslauf"},"content":{"rendered":"<p>Am Mittwoch, dem 5. Juni, veranstaltet Team Sportservice Noordkop die 30. j\u00e4hrlichen Schul-Crosslaufmeisterschaften auf der SV Noordkop-Bahn in Den Helder. Grundschulkinder haben die Chance, die schnellste Zeit in ihrer Kategorie zu erzielen und tolle Preise zu gewinnen.<\/p>\n<p>Von 14:30 Uhr bis 16:30 Uhr laufen Kinder der Klassen 1 bis 8 auf der Leichtathletikbahn des SV Noordkop. Dani Bankert vom Team Sportservice Noordkop und Mitorganisatorin des Scholierencrossloop freut sich auf diese Ausgabe: \u201cEs ist toll, dass wir so alle Grundschulkinder der Gemeinde Den Helder wieder in Bewegung bringen k\u00f6nnen. Wir freuen uns schon sehr auf diese Jubil\u00e4umsausgabe.\u201d<\/p>\n<p>Es verspricht ein energiegeladener Nachmittag zu werden, an dem die Kinder \u00fcber die Laufbahn flitzen, ihre Grenzen austesten und entschlossen sind, ihre Klassenkameraden zu schlagen. Die Kleinsten der ersten und zweiten Klasse sowie die Teilnehmer des Rahmenlaufs erwartet eine 400-Meter-Herausforderung. Die Kinder der dritten bis achten Klasse treten \u00fcber eine 1000-Meter-Strecke an.<\/p>\n<p>Siegerehrung<\/p>\n<p>Nach jeder Runde werden die besten Teilnehmer auf dem Podium geehrt. Die Gewinnerschule wird sp\u00e4ter bekanntgegeben. Sie erh\u00e4lt au\u00dferdem den Hauptpreis.<\/p>\n<p>Um zu fragen<\/p>\n<p>Haben Sie Fragen zum Schul-Crosslauf? Bitte kontaktieren Sie Lianne Steeman unter lsteeman@teamsportservice.nl.<\/p>","protected":false},"excerpt":{"rendered":"<p>Am Mittwoch, dem 5. Juni, veranstaltet Team Sportservice Noordkop die 30. j\u00e4hrlichen Schul-Crosslaufmeisterschaften auf der SV Noordkop-Bahn in Den Helder. Grundschulkinder haben die Chance, die schnellste Zeit in ihrer Kategorie zu erzielen und tolle Preise zu gewinnen.<\/p>","protected":false},"author":4,"featured_media":10900,"template":"","doelgroep":[6027],"class_list":["post-10899","actueel","type-actueel","status-publish","has-post-thumbnail","hentry","elementor_library_category-activiteiten","elementor_library_category-jongeren","elementor_library_category-onderwijs","doelgroep-inwoner"],"yoast_head":"<!-- This site is optimized with the Yoast SEO Premium plugin v24.7 (Yoast SEO v27.5) - https:\/\/yoast.com\/product\/yoast-seo-premium-wordpress\/ -->\n<title>Sportieve middag voor Helderse scholieren tijdens de scholierenveldloop - Den Helder Online<\/title>\n<meta name=\"robots\" content=\"index, follow, max-snippet:-1, max-image-preview:large, max-video-preview:-1\" \/>\n<link rel=\"canonical\" href=\"https:\/\/denhelder.online\/de\/aktuell\/sportlicher-nachmittag-fur-helderse-schuler-beim-schuler-crosslauf\/\" \/>\n<meta property=\"og:locale\" content=\"de_DE\" \/>\n<meta property=\"og:type\" content=\"article\" \/>\n<meta property=\"og:title\" content=\"Sportieve middag voor Helderse scholieren tijdens de scholierenveldloop\" \/>\n<meta property=\"og:description\" content=\"Op woensdag 5 juni organiseert Team Sportservice Noordkop de 30e editie van de Scholierenveldloop op de atletiekbaan van SV Noordkop in Den Helder. Basisschoolkinderen hebben de kans om in hun categorie de snelste tijd neer te zetten en maken hiermee kans op mooie prijzen.\" \/>\n<meta property=\"og:url\" content=\"https:\/\/denhelder.online\/de\/aktuell\/sportlicher-nachmittag-fur-helderse-schuler-beim-schuler-crosslauf\/\" \/>\n<meta property=\"og:site_name\" content=\"Den Helder Online\" \/>\n<meta property=\"article:modified_time\" content=\"2025-04-29T06:53:36+00:00\" \/>\n<meta property=\"og:image\" content=\"https:\/\/denhelder.online\/wp-content\/uploads\/2025\/04\/3adf397d-2cb8-464d-ba7b-aaf0ebaa8b1b-Foto-scholierenveldloop-2023-1-300x225_1920x1080.jpg\" \/>\n\t<meta property=\"og:image:width\" content=\"1920\" \/>\n\t<meta property=\"og:image:height\" content=\"1080\" \/>\n\t<meta property=\"og:image:type\" content=\"image\/jpeg\" \/>\n<meta name=\"twitter:card\" content=\"summary_large_image\" \/>\n<meta name=\"twitter:label1\" content=\"Gesch\u00e4tzte Lesezeit\" \/>\n\t<meta name=\"twitter:data1\" content=\"2\u00a0Minuten\" \/>\n<script type=\"application\/ld+json\" class=\"yoast-schema-graph\">{\"@context\":\"https:\\\/\\\/schema.org\",\"@graph\":[{\"@type\":\"WebPage\",\"@id\":\"https:\\\/\\\/denhelder.online\\\/actueel\\\/sportieve-middag-voor-helderse-scholieren-tijdens-de-scholierenveldloop\\\/\",\"url\":\"https:\\\/\\\/denhelder.online\\\/actueel\\\/sportieve-middag-voor-helderse-scholieren-tijdens-de-scholierenveldloop\\\/\",\"name\":\"Sportieve middag voor Helderse scholieren tijdens de scholierenveldloop - Den Helder Online\",\"isPartOf\":{\"@id\":\"https:\\\/\\\/denhelder.online\\\/#website\"},\"primaryImageOfPage\":{\"@id\":\"https:\\\/\\\/denhelder.online\\\/actueel\\\/sportieve-middag-voor-helderse-scholieren-tijdens-de-scholierenveldloop\\\/#primaryimage\"},\"image\":{\"@id\":\"https:\\\/\\\/denhelder.online\\\/actueel\\\/sportieve-middag-voor-helderse-scholieren-tijdens-de-scholierenveldloop\\\/#primaryimage\"},\"thumbnailUrl\":\"https:\\\/\\\/denhelder.online\\\/wp-content\\\/uploads\\\/2025\\\/04\\\/3adf397d-2cb8-464d-ba7b-aaf0ebaa8b1b-Foto-scholierenveldloop-2023-1-300x225_1920x1080.jpg\",\"datePublished\":\"2024-01-29T07:52:55+00:00\",\"dateModified\":\"2025-04-29T06:53:36+00:00\",\"breadcrumb\":{\"@id\":\"https:\\\/\\\/denhelder.online\\\/actueel\\\/sportieve-middag-voor-helderse-scholieren-tijdens-de-scholierenveldloop\\\/#breadcrumb\"},\"inLanguage\":\"de\",\"potentialAction\":[{\"@type\":\"ReadAction\",\"target\":[\"https:\\\/\\\/denhelder.online\\\/actueel\\\/sportieve-middag-voor-helderse-scholieren-tijdens-de-scholierenveldloop\\\/\"]}]},{\"@type\":\"ImageObject\",\"inLanguage\":\"de\",\"@id\":\"https:\\\/\\\/denhelder.online\\\/actueel\\\/sportieve-middag-voor-helderse-scholieren-tijdens-de-scholierenveldloop\\\/#primaryimage\",\"url\":\"https:\\\/\\\/denhelder.online\\\/wp-content\\\/uploads\\\/2025\\\/04\\\/3adf397d-2cb8-464d-ba7b-aaf0ebaa8b1b-Foto-scholierenveldloop-2023-1-300x225_1920x1080.jpg\",\"contentUrl\":\"https:\\\/\\\/denhelder.online\\\/wp-content\\\/uploads\\\/2025\\\/04\\\/3adf397d-2cb8-464d-ba7b-aaf0ebaa8b1b-Foto-scholierenveldloop-2023-1-300x225_1920x1080.jpg\",\"width\":1920,\"height\":1080,\"caption\":\"Kinderen lopen op de atletiekbaan voor de scholierenveldloop\"},{\"@type\":\"BreadcrumbList\",\"@id\":\"https:\\\/\\\/denhelder.online\\\/actueel\\\/sportieve-middag-voor-helderse-scholieren-tijdens-de-scholierenveldloop\\\/#breadcrumb\",\"itemListElement\":[{\"@type\":\"ListItem\",\"position\":1,\"name\":\"Home\",\"item\":\"https:\\\/\\\/denhelder.online\\\/\"},{\"@type\":\"ListItem\",\"position\":2,\"name\":\"Actueel\",\"item\":\"https:\\\/\\\/denhelder.online\\\/en\\\/current\\\/\"},{\"@type\":\"ListItem\",\"position\":3,\"name\":\"Sportieve middag voor Helderse scholieren tijdens de scholierenveldloop\"}]},{\"@type\":\"WebSite\",\"@id\":\"https:\\\/\\\/denhelder.online\\\/#website\",\"url\":\"https:\\\/\\\/denhelder.online\\\/\",\"name\":\"Den Helder Online\",\"description\":\"Beleef Den Helder\",\"publisher\":{\"@id\":\"https:\\\/\\\/denhelder.online\\\/#organization\"},\"potentialAction\":[{\"@type\":\"SearchAction\",\"target\":{\"@type\":\"EntryPoint\",\"urlTemplate\":\"https:\\\/\\\/denhelder.online\\\/?s={search_term_string}\"},\"query-input\":{\"@type\":\"PropertyValueSpecification\",\"valueRequired\":true,\"valueName\":\"search_term_string\"}}],\"inLanguage\":\"de\"},{\"@type\":\"Organization\",\"@id\":\"https:\\\/\\\/denhelder.online\\\/#organization\",\"name\":\"Den Helder Online\",\"url\":\"https:\\\/\\\/denhelder.online\\\/\",\"logo\":{\"@type\":\"ImageObject\",\"inLanguage\":\"de\",\"@id\":\"https:\\\/\\\/denhelder.online\\\/#\\\/schema\\\/logo\\\/image\\\/\",\"url\":\"https:\\\/\\\/denhelder.online\\\/wp-content\\\/uploads\\\/2021\\\/12\\\/DitIsDH-Logo-26-tagline.svg\",\"contentUrl\":\"https:\\\/\\\/denhelder.online\\\/wp-content\\\/uploads\\\/2021\\\/12\\\/DitIsDH-Logo-26-tagline.svg\",\"width\":1717.0999999999999,\"height\":934.89999999999998,\"caption\":\"Den Helder Online\"},\"image\":{\"@id\":\"https:\\\/\\\/denhelder.online\\\/#\\\/schema\\\/logo\\\/image\\\/\"}}]}<\/script>\n<!-- \/ Yoast SEO Premium plugin. -->","yoast_head_json":{"title":"Sportnachmittag f\u00fcr die Sch\u00fcler der Klasse Helderse w\u00e4hrend des Sch\u00fcler-Crosslaufs \u2013 Den Helder Online","robots":{"index":"index","follow":"follow","max-snippet":"max-snippet:-1","max-image-preview":"max-image-preview:large","max-video-preview":"max-video-preview:-1"},"canonical":"https:\/\/denhelder.online\/de\/aktuell\/sportlicher-nachmittag-fur-helderse-schuler-beim-schuler-crosslauf\/","og_locale":"de_DE","og_type":"article","og_title":"Sportieve middag voor Helderse scholieren tijdens de scholierenveldloop","og_description":"Op woensdag 5 juni organiseert Team Sportservice Noordkop de 30e editie van de Scholierenveldloop op de atletiekbaan van SV Noordkop in Den Helder. Basisschoolkinderen hebben de kans om in hun categorie de snelste tijd neer te zetten en maken hiermee kans op mooie prijzen.","og_url":"https:\/\/denhelder.online\/de\/aktuell\/sportlicher-nachmittag-fur-helderse-schuler-beim-schuler-crosslauf\/","og_site_name":"Den Helder Online","article_modified_time":"2025-04-29T06:53:36+00:00","og_image":[{"width":1920,"height":1080,"url":"https:\/\/denhelder.online\/wp-content\/uploads\/2025\/04\/3adf397d-2cb8-464d-ba7b-aaf0ebaa8b1b-Foto-scholierenveldloop-2023-1-300x225_1920x1080.jpg","type":"image\/jpeg"}],"twitter_card":"summary_large_image","twitter_misc":{"Gesch\u00e4tzte Lesezeit":"2\u00a0Minuten"},"schema":{"@context":"https:\/\/schema.org","@graph":[{"@type":"WebPage","@id":"https:\/\/denhelder.online\/actueel\/sportieve-middag-voor-helderse-scholieren-tijdens-de-scholierenveldloop\/","url":"https:\/\/denhelder.online\/actueel\/sportieve-middag-voor-helderse-scholieren-tijdens-de-scholierenveldloop\/","name":"Sportnachmittag f\u00fcr die Sch\u00fcler der Klasse Helderse w\u00e4hrend des Sch\u00fcler-Crosslaufs \u2013 Den Helder Online","isPartOf":{"@id":"https:\/\/denhelder.online\/#website"},"primaryImageOfPage":{"@id":"https:\/\/denhelder.online\/actueel\/sportieve-middag-voor-helderse-scholieren-tijdens-de-scholierenveldloop\/#primaryimage"},"image":{"@id":"https:\/\/denhelder.online\/actueel\/sportieve-middag-voor-helderse-scholieren-tijdens-de-scholierenveldloop\/#primaryimage"},"thumbnailUrl":"https:\/\/denhelder.online\/wp-content\/uploads\/2025\/04\/3adf397d-2cb8-464d-ba7b-aaf0ebaa8b1b-Foto-scholierenveldloop-2023-1-300x225_1920x1080.jpg","datePublished":"2024-01-29T07:52:55+00:00","dateModified":"2025-04-29T06:53:36+00:00","breadcrumb":{"@id":"https:\/\/denhelder.online\/actueel\/sportieve-middag-voor-helderse-scholieren-tijdens-de-scholierenveldloop\/#breadcrumb"},"inLanguage":"de","potentialAction":[{"@type":"ReadAction","target":["https:\/\/denhelder.online\/actueel\/sportieve-middag-voor-helderse-scholieren-tijdens-de-scholierenveldloop\/"]}]},{"@type":"ImageObject","inLanguage":"de","@id":"https:\/\/denhelder.online\/actueel\/sportieve-middag-voor-helderse-scholieren-tijdens-de-scholierenveldloop\/#primaryimage","url":"https:\/\/denhelder.online\/wp-content\/uploads\/2025\/04\/3adf397d-2cb8-464d-ba7b-aaf0ebaa8b1b-Foto-scholierenveldloop-2023-1-300x225_1920x1080.jpg","contentUrl":"https:\/\/denhelder.online\/wp-content\/uploads\/2025\/04\/3adf397d-2cb8-464d-ba7b-aaf0ebaa8b1b-Foto-scholierenveldloop-2023-1-300x225_1920x1080.jpg","width":1920,"height":1080,"caption":"Kinderen lopen op de atletiekbaan voor de scholierenveldloop"},{"@type":"BreadcrumbList","@id":"https:\/\/denhelder.online\/actueel\/sportieve-middag-voor-helderse-scholieren-tijdens-de-scholierenveldloop\/#breadcrumb","itemListElement":[{"@type":"ListItem","position":1,"name":"Home","item":"https:\/\/denhelder.online\/"},{"@type":"ListItem","position":2,"name":"Actueel","item":"https:\/\/denhelder.online\/en\/current\/"},{"@type":"ListItem","position":3,"name":"Sportieve middag voor Helderse scholieren tijdens de scholierenveldloop"}]},{"@type":"WebSite","@id":"https:\/\/denhelder.online\/#website","url":"https:\/\/denhelder.online\/","name":"Den Helder Online","description":"Erleben Sie Den Helder","publisher":{"@id":"https:\/\/denhelder.online\/#organization"},"potentialAction":[{"@type":"SearchAction","target":{"@type":"EntryPoint","urlTemplate":"https:\/\/denhelder.online\/?s={search_term_string}"},"query-input":{"@type":"PropertyValueSpecification","valueRequired":true,"valueName":"search_term_string"}}],"inLanguage":"de"},{"@type":"Organization","@id":"https:\/\/denhelder.online\/#organization","name":"Den Helder Online","url":"https:\/\/denhelder.online\/","logo":{"@type":"ImageObject","inLanguage":"de","@id":"https:\/\/denhelder.online\/#\/schema\/logo\/image\/","url":"https:\/\/denhelder.online\/wp-content\/uploads\/2021\/12\/DitIsDH-Logo-26-tagline.svg","contentUrl":"https:\/\/denhelder.online\/wp-content\/uploads\/2021\/12\/DitIsDH-Logo-26-tagline.svg","width":1717.0999999999999,"height":934.89999999999998,"caption":"Den Helder Online"},"image":{"@id":"https:\/\/denhelder.online\/#\/schema\/logo\/image\/"}}]}},"_links":{"self":[{"href":"https:\/\/denhelder.online\/de\/wp-json\/wp\/v2\/actueel\/10899","targetHints":{"allow":["GET"]}}],"collection":[{"href":"https:\/\/denhelder.online\/de\/wp-json\/wp\/v2\/actueel"}],"about":[{"href":"https:\/\/denhelder.online\/de\/wp-json\/wp\/v2\/types\/actueel"}],"author":[{"embeddable":true,"href":"https:\/\/denhelder.online\/de\/wp-json\/wp\/v2\/users\/4"}],"wp:featuredmedia":[{"embeddable":true,"href":"https:\/\/denhelder.online\/de\/wp-json\/wp\/v2\/media\/10900"}],"wp:attachment":[{"href":"https:\/\/denhelder.online\/de\/wp-json\/wp\/v2\/media?parent=10899"}],"wp:term":[{"taxonomy":"doelgroep","embeddable":true,"href":"https:\/\/denhelder.online\/de\/wp-json\/wp\/v2\/doelgroep?post=10899"}],"curies":[{"name":"wp","href":"https:\/\/api.w.org\/{rel}","templated":true}]}}