{"id":10924,"date":"2024-01-29T15:22:56","date_gmt":"2024-01-29T14:22:56","guid":{"rendered":"https:\/\/denhelder.online\/?post_type=actueel&#038;p=10924"},"modified":"2025-04-29T15:23:06","modified_gmt":"2025-04-29T13:23:06","slug":"neue-kinderzeichnungen-sollen-mull-auf-werbetafeln-verhindern","status":"publish","type":"actueel","link":"https:\/\/denhelder.online\/de\/actueel\/nieuwe-kindertekeningen-stop-zwerfafval-op-reclameborden\/","title":{"rendered":"Neue Kinderzeichnungen zum Thema \u2018Stoppt den M\u00fcll\u2019 auf Plakatw\u00e4nden"},"content":{"rendered":"<p>Die Stadtr\u00e4tinnen Petra Bais und Fotigui Camara enth\u00fcllten am Donnerstag zusammen mit dem Kinderratsmitglied David Zijderlaan das erste von vier neuen Plakaten zum Thema M\u00fcllbek\u00e4mpfung. Die Zeichnungen stammen von Grundsch\u00fclern aus Julianadorp und Den Helder. Die Stadtdichterin Yanaika Zomer verfasste dazu passende Gedichte, die neben den Zeichnungen auf Plakatw\u00e4nden zu sehen sein werden. Die Plakate werden vom 3. bis 16. Juni im gesamten Stadtgebiet ausgestellt.<\/p>\n<p>Die Stadtr\u00e4te besuchten die Prinses Margriet Schule in Julianadorp, um die Sch\u00f6pferinnen eines der Siegerbilder, Sherina und Rianne, auszuzeichnen. Ihre gesamte Klasse erhielt ebenfalls einen sch\u00f6nen Preis, und die Schule bekam eine Werbetafel mit dem Poster. \u201cEine wundersch\u00f6ne Zeichnung mit viel Liebe zum Detail\u201d, lobte Stadtrat Bais die beiden jungen K\u00fcnstlerinnen. \u201cAu\u00dferdem kommt die Botschaft, dass M\u00fcll auf der Stra\u00dfe nicht in Ordnung ist, klar r\u00fcber. Euer Poster wird definitiv dazu beitragen, dass Den Helder sauber bleibt.\u201d<\/p>\n<p><strong>Projekt \u2018Stoppt den M\u00fcll\u2019\u00a0<\/strong><\/p>\n<p>Die Zeichnungen entstanden im Rahmen des Projekts \u2018Stoppt den M\u00fcll\u2019. Ziel des Projekts ist es, das Bewusstsein f\u00fcr dieses Problem zu sch\u00e4rfen und die M\u00fcllmenge zu reduzieren. Die Bezirksverwaltung, der Kinderrat, die Sch\u00fclerinitiative Helderse Vallei und die Grundschulen arbeiteten bei diesem Projekt zusammen. Die Bezirksverwaltung verteilte an alle Grundschulen der Gemeinde ein M\u00fcllsammelset f\u00fcr Sch\u00fcler der 7. und 8. Klasse. Das Set enthielt Unterrichtsmaterialien, eine Aufgabe der Sch\u00fclerinitiative Helderse Vallei, Spiele und eine Einladung zu einem Malwettbewerb. Stadtrat Camara: \u201cDas M\u00fcllproblem hat f\u00fcr den Kinderrat Priorit\u00e4t. Sch\u00fcler der Grundschulen in Den Helder und Julianadorp arbeiten gemeinsam mit dem Kinderrat an der L\u00f6sung dieses Problems. Diese Plakataktion ist ein wunderbares Beispiel daf\u00fcr, wie Kinder zusammenarbeiten, um ihre Umwelt zu verbessern.\u201d<\/p>\n<p><strong>Der Kinderrat w\u00e4hlt die Gewinner aus\u00a0<\/strong><\/p>\n<p>Dreizehn Grundschulen reichten Kunstwerke ein. Aus allen Einsendungen w\u00e4hlte der Sch\u00fclerrat vier Gewinner aus. Neben Sherinas und Riannes Zeichnungen sind dies die von Amy (De Fontein), Zola (De Vlieberg) und Gina (De Driemaster). Auch sie werden bald geehrt, und ihre Klassen erhalten einen sch\u00f6nen Preis. Alle Sch\u00fclerinnen und Sch\u00fcler, deren Zeichnungen keinen Preis gewonnen haben, erhalten als Dankesch\u00f6n f\u00fcr ihre M\u00fche einen Trostpreis.<\/p>","protected":false},"excerpt":{"rendered":"<p>Die Stadtr\u00e4tinnen Petra Bais und Fotigui Camara enth\u00fcllten am Donnerstag zusammen mit dem Kinderratsmitglied David Zijderlaan das erste von vier neuen Plakaten zum Thema M\u00fcllbek\u00e4mpfung. Die Zeichnungen stammen von Grundsch\u00fclern aus Julianadorp und Den Helder. Die Stadtdichterin Yanaika Zomer verfasste dazu passende Gedichte, die neben den Zeichnungen auf Plakatw\u00e4nden zu sehen sein werden. Die Plakate werden vom 3. bis 16. Juni im gesamten Stadtgebiet ausgestellt.\u00a0<\/p>","protected":false},"author":4,"featured_media":10925,"template":"","doelgroep":[6027,6028],"class_list":["post-10924","actueel","type-actueel","status-publish","has-post-thumbnail","hentry","elementor_library_category-activiteiten","elementor_library_category-cultuur","elementor_library_category-jongeren","elementor_library_category-onderwijs","doelgroep-inwoner","doelgroep-inwoner-regio"],"yoast_head":"<!-- This site is optimized with the Yoast SEO Premium plugin v24.7 (Yoast SEO v27.5) - https:\/\/yoast.com\/product\/yoast-seo-premium-wordpress\/ -->\n<title>Nieuwe kindertekeningen \u2018Stop Zwerfafval\u2019 op reclameborden - Den Helder Online<\/title>\n<meta name=\"robots\" content=\"index, follow, max-snippet:-1, max-image-preview:large, max-video-preview:-1\" \/>\n<link rel=\"canonical\" href=\"https:\/\/denhelder.online\/de\/aktuell\/neue-kinderzeichnungen-sollen-mull-auf-werbetafeln-verhindern\/\" \/>\n<meta property=\"og:locale\" content=\"de_DE\" \/>\n<meta property=\"og:type\" content=\"article\" \/>\n<meta property=\"og:title\" content=\"Nieuwe kindertekeningen \u2018Stop Zwerfafval\u2019 op reclameborden\" \/>\n<meta property=\"og:description\" content=\"De wethouders Petra Bais en Fotigui Camara en kinderraadslid David Zijderlaan hebben donderdag de eerste van vier nieuwe posters onthuld over het bestrijden van zwerfafval. De tekeningen op de posters zijn gemaakt door leerlingen van basisscholen in Julianadorp en Den Helder. Stadsdichter Yanaika Zomer schreef er prachtige gedichten bij, die samen met de tekeningen op reclameborden te zien zijn. De posters hangen van 3 tot en met 16 juni door de hele gemeente.\u00a0\" \/>\n<meta property=\"og:url\" content=\"https:\/\/denhelder.online\/de\/aktuell\/neue-kinderzeichnungen-sollen-mull-auf-werbetafeln-verhindern\/\" \/>\n<meta property=\"og:site_name\" content=\"Den Helder Online\" \/>\n<meta property=\"article:modified_time\" content=\"2025-04-29T13:23:06+00:00\" \/>\n<meta property=\"og:image\" content=\"https:\/\/denhelder.online\/wp-content\/uploads\/2025\/04\/bffc4cc4-ec48-4f11-9d8f-711036cbfde4-thumbnail_De_makers_van_de_winnende_tekening_kregen_een_mooie_prijs_voor_hun_hele_klas_overhandigd__1920x1080.jpg\" \/>\n\t<meta property=\"og:image:width\" content=\"1920\" \/>\n\t<meta property=\"og:image:height\" content=\"1080\" \/>\n\t<meta property=\"og:image:type\" content=\"image\/jpeg\" \/>\n<meta name=\"twitter:card\" content=\"summary_large_image\" \/>\n<meta name=\"twitter:label1\" content=\"Gesch\u00e4tzte Lesezeit\" \/>\n\t<meta name=\"twitter:data1\" content=\"3\u00a0Minuten\" \/>\n<script type=\"application\/ld+json\" class=\"yoast-schema-graph\">{\"@context\":\"https:\\\/\\\/schema.org\",\"@graph\":[{\"@type\":\"WebPage\",\"@id\":\"https:\\\/\\\/denhelder.online\\\/actueel\\\/nieuwe-kindertekeningen-stop-zwerfafval-op-reclameborden\\\/\",\"url\":\"https:\\\/\\\/denhelder.online\\\/actueel\\\/nieuwe-kindertekeningen-stop-zwerfafval-op-reclameborden\\\/\",\"name\":\"Nieuwe kindertekeningen \u2018Stop Zwerfafval\u2019 op reclameborden - Den Helder Online\",\"isPartOf\":{\"@id\":\"https:\\\/\\\/denhelder.online\\\/#website\"},\"primaryImageOfPage\":{\"@id\":\"https:\\\/\\\/denhelder.online\\\/actueel\\\/nieuwe-kindertekeningen-stop-zwerfafval-op-reclameborden\\\/#primaryimage\"},\"image\":{\"@id\":\"https:\\\/\\\/denhelder.online\\\/actueel\\\/nieuwe-kindertekeningen-stop-zwerfafval-op-reclameborden\\\/#primaryimage\"},\"thumbnailUrl\":\"https:\\\/\\\/denhelder.online\\\/wp-content\\\/uploads\\\/2025\\\/04\\\/bffc4cc4-ec48-4f11-9d8f-711036cbfde4-thumbnail_De_makers_van_de_winnende_tekening_kregen_een_mooie_prijs_voor_hun_hele_klas_overhandigd__1920x1080.jpg\",\"datePublished\":\"2024-01-29T14:22:56+00:00\",\"dateModified\":\"2025-04-29T13:23:06+00:00\",\"breadcrumb\":{\"@id\":\"https:\\\/\\\/denhelder.online\\\/actueel\\\/nieuwe-kindertekeningen-stop-zwerfafval-op-reclameborden\\\/#breadcrumb\"},\"inLanguage\":\"de\",\"potentialAction\":[{\"@type\":\"ReadAction\",\"target\":[\"https:\\\/\\\/denhelder.online\\\/actueel\\\/nieuwe-kindertekeningen-stop-zwerfafval-op-reclameborden\\\/\"]}]},{\"@type\":\"ImageObject\",\"inLanguage\":\"de\",\"@id\":\"https:\\\/\\\/denhelder.online\\\/actueel\\\/nieuwe-kindertekeningen-stop-zwerfafval-op-reclameborden\\\/#primaryimage\",\"url\":\"https:\\\/\\\/denhelder.online\\\/wp-content\\\/uploads\\\/2025\\\/04\\\/bffc4cc4-ec48-4f11-9d8f-711036cbfde4-thumbnail_De_makers_van_de_winnende_tekening_kregen_een_mooie_prijs_voor_hun_hele_klas_overhandigd__1920x1080.jpg\",\"contentUrl\":\"https:\\\/\\\/denhelder.online\\\/wp-content\\\/uploads\\\/2025\\\/04\\\/bffc4cc4-ec48-4f11-9d8f-711036cbfde4-thumbnail_De_makers_van_de_winnende_tekening_kregen_een_mooie_prijs_voor_hun_hele_klas_overhandigd__1920x1080.jpg\",\"width\":1920,\"height\":1080,\"caption\":\"Wethouders geven waardecheque voor schoolkinderen op het schoolplein\"},{\"@type\":\"BreadcrumbList\",\"@id\":\"https:\\\/\\\/denhelder.online\\\/actueel\\\/nieuwe-kindertekeningen-stop-zwerfafval-op-reclameborden\\\/#breadcrumb\",\"itemListElement\":[{\"@type\":\"ListItem\",\"position\":1,\"name\":\"Home\",\"item\":\"https:\\\/\\\/denhelder.online\\\/\"},{\"@type\":\"ListItem\",\"position\":2,\"name\":\"Actueel\",\"item\":\"https:\\\/\\\/denhelder.online\\\/en\\\/current\\\/\"},{\"@type\":\"ListItem\",\"position\":3,\"name\":\"Nieuwe kindertekeningen \u2018Stop Zwerfafval\u2019 op reclameborden\"}]},{\"@type\":\"WebSite\",\"@id\":\"https:\\\/\\\/denhelder.online\\\/#website\",\"url\":\"https:\\\/\\\/denhelder.online\\\/\",\"name\":\"Den Helder Online\",\"description\":\"Beleef Den Helder\",\"publisher\":{\"@id\":\"https:\\\/\\\/denhelder.online\\\/#organization\"},\"potentialAction\":[{\"@type\":\"SearchAction\",\"target\":{\"@type\":\"EntryPoint\",\"urlTemplate\":\"https:\\\/\\\/denhelder.online\\\/?s={search_term_string}\"},\"query-input\":{\"@type\":\"PropertyValueSpecification\",\"valueRequired\":true,\"valueName\":\"search_term_string\"}}],\"inLanguage\":\"de\"},{\"@type\":\"Organization\",\"@id\":\"https:\\\/\\\/denhelder.online\\\/#organization\",\"name\":\"Den Helder Online\",\"url\":\"https:\\\/\\\/denhelder.online\\\/\",\"logo\":{\"@type\":\"ImageObject\",\"inLanguage\":\"de\",\"@id\":\"https:\\\/\\\/denhelder.online\\\/#\\\/schema\\\/logo\\\/image\\\/\",\"url\":\"https:\\\/\\\/denhelder.online\\\/wp-content\\\/uploads\\\/2021\\\/12\\\/DitIsDH-Logo-26-tagline.svg\",\"contentUrl\":\"https:\\\/\\\/denhelder.online\\\/wp-content\\\/uploads\\\/2021\\\/12\\\/DitIsDH-Logo-26-tagline.svg\",\"width\":1717.0999999999999,\"height\":934.89999999999998,\"caption\":\"Den Helder Online\"},\"image\":{\"@id\":\"https:\\\/\\\/denhelder.online\\\/#\\\/schema\\\/logo\\\/image\\\/\"}}]}<\/script>\n<!-- \/ Yoast SEO Premium plugin. -->","yoast_head_json":{"title":"Neue Kinderzeichnungen zum Thema \u2018Stoppt den M\u00fcll\u2019 auf Plakatw\u00e4nden \u2013 Den Helder Online","robots":{"index":"index","follow":"follow","max-snippet":"max-snippet:-1","max-image-preview":"max-image-preview:large","max-video-preview":"max-video-preview:-1"},"canonical":"https:\/\/denhelder.online\/de\/aktuell\/neue-kinderzeichnungen-sollen-mull-auf-werbetafeln-verhindern\/","og_locale":"de_DE","og_type":"article","og_title":"Nieuwe kindertekeningen \u2018Stop Zwerfafval\u2019 op reclameborden","og_description":"De wethouders Petra Bais en Fotigui Camara en kinderraadslid David Zijderlaan hebben donderdag de eerste van vier nieuwe posters onthuld over het bestrijden van zwerfafval. De tekeningen op de posters zijn gemaakt door leerlingen van basisscholen in Julianadorp en Den Helder. Stadsdichter Yanaika Zomer schreef er prachtige gedichten bij, die samen met de tekeningen op reclameborden te zien zijn. De posters hangen van 3 tot en met 16 juni door de hele gemeente.\u00a0","og_url":"https:\/\/denhelder.online\/de\/aktuell\/neue-kinderzeichnungen-sollen-mull-auf-werbetafeln-verhindern\/","og_site_name":"Den Helder Online","article_modified_time":"2025-04-29T13:23:06+00:00","og_image":[{"width":1920,"height":1080,"url":"https:\/\/denhelder.online\/wp-content\/uploads\/2025\/04\/bffc4cc4-ec48-4f11-9d8f-711036cbfde4-thumbnail_De_makers_van_de_winnende_tekening_kregen_een_mooie_prijs_voor_hun_hele_klas_overhandigd__1920x1080.jpg","type":"image\/jpeg"}],"twitter_card":"summary_large_image","twitter_misc":{"Gesch\u00e4tzte Lesezeit":"3\u00a0Minuten"},"schema":{"@context":"https:\/\/schema.org","@graph":[{"@type":"WebPage","@id":"https:\/\/denhelder.online\/actueel\/nieuwe-kindertekeningen-stop-zwerfafval-op-reclameborden\/","url":"https:\/\/denhelder.online\/actueel\/nieuwe-kindertekeningen-stop-zwerfafval-op-reclameborden\/","name":"Neue Kinderzeichnungen zum Thema \u2018Stoppt den M\u00fcll\u2019 auf Plakatw\u00e4nden \u2013 Den Helder Online","isPartOf":{"@id":"https:\/\/denhelder.online\/#website"},"primaryImageOfPage":{"@id":"https:\/\/denhelder.online\/actueel\/nieuwe-kindertekeningen-stop-zwerfafval-op-reclameborden\/#primaryimage"},"image":{"@id":"https:\/\/denhelder.online\/actueel\/nieuwe-kindertekeningen-stop-zwerfafval-op-reclameborden\/#primaryimage"},"thumbnailUrl":"https:\/\/denhelder.online\/wp-content\/uploads\/2025\/04\/bffc4cc4-ec48-4f11-9d8f-711036cbfde4-thumbnail_De_makers_van_de_winnende_tekening_kregen_een_mooie_prijs_voor_hun_hele_klas_overhandigd__1920x1080.jpg","datePublished":"2024-01-29T14:22:56+00:00","dateModified":"2025-04-29T13:23:06+00:00","breadcrumb":{"@id":"https:\/\/denhelder.online\/actueel\/nieuwe-kindertekeningen-stop-zwerfafval-op-reclameborden\/#breadcrumb"},"inLanguage":"de","potentialAction":[{"@type":"ReadAction","target":["https:\/\/denhelder.online\/actueel\/nieuwe-kindertekeningen-stop-zwerfafval-op-reclameborden\/"]}]},{"@type":"ImageObject","inLanguage":"de","@id":"https:\/\/denhelder.online\/actueel\/nieuwe-kindertekeningen-stop-zwerfafval-op-reclameborden\/#primaryimage","url":"https:\/\/denhelder.online\/wp-content\/uploads\/2025\/04\/bffc4cc4-ec48-4f11-9d8f-711036cbfde4-thumbnail_De_makers_van_de_winnende_tekening_kregen_een_mooie_prijs_voor_hun_hele_klas_overhandigd__1920x1080.jpg","contentUrl":"https:\/\/denhelder.online\/wp-content\/uploads\/2025\/04\/bffc4cc4-ec48-4f11-9d8f-711036cbfde4-thumbnail_De_makers_van_de_winnende_tekening_kregen_een_mooie_prijs_voor_hun_hele_klas_overhandigd__1920x1080.jpg","width":1920,"height":1080,"caption":"Wethouders geven waardecheque voor schoolkinderen op het schoolplein"},{"@type":"BreadcrumbList","@id":"https:\/\/denhelder.online\/actueel\/nieuwe-kindertekeningen-stop-zwerfafval-op-reclameborden\/#breadcrumb","itemListElement":[{"@type":"ListItem","position":1,"name":"Home","item":"https:\/\/denhelder.online\/"},{"@type":"ListItem","position":2,"name":"Actueel","item":"https:\/\/denhelder.online\/en\/current\/"},{"@type":"ListItem","position":3,"name":"Nieuwe kindertekeningen \u2018Stop Zwerfafval\u2019 op reclameborden"}]},{"@type":"WebSite","@id":"https:\/\/denhelder.online\/#website","url":"https:\/\/denhelder.online\/","name":"Den Helder Online","description":"Erleben Sie Den Helder","publisher":{"@id":"https:\/\/denhelder.online\/#organization"},"potentialAction":[{"@type":"SearchAction","target":{"@type":"EntryPoint","urlTemplate":"https:\/\/denhelder.online\/?s={search_term_string}"},"query-input":{"@type":"PropertyValueSpecification","valueRequired":true,"valueName":"search_term_string"}}],"inLanguage":"de"},{"@type":"Organization","@id":"https:\/\/denhelder.online\/#organization","name":"Den Helder Online","url":"https:\/\/denhelder.online\/","logo":{"@type":"ImageObject","inLanguage":"de","@id":"https:\/\/denhelder.online\/#\/schema\/logo\/image\/","url":"https:\/\/denhelder.online\/wp-content\/uploads\/2021\/12\/DitIsDH-Logo-26-tagline.svg","contentUrl":"https:\/\/denhelder.online\/wp-content\/uploads\/2021\/12\/DitIsDH-Logo-26-tagline.svg","width":1717.0999999999999,"height":934.89999999999998,"caption":"Den Helder Online"},"image":{"@id":"https:\/\/denhelder.online\/#\/schema\/logo\/image\/"}}]}},"_links":{"self":[{"href":"https:\/\/denhelder.online\/de\/wp-json\/wp\/v2\/actueel\/10924","targetHints":{"allow":["GET"]}}],"collection":[{"href":"https:\/\/denhelder.online\/de\/wp-json\/wp\/v2\/actueel"}],"about":[{"href":"https:\/\/denhelder.online\/de\/wp-json\/wp\/v2\/types\/actueel"}],"author":[{"embeddable":true,"href":"https:\/\/denhelder.online\/de\/wp-json\/wp\/v2\/users\/4"}],"wp:featuredmedia":[{"embeddable":true,"href":"https:\/\/denhelder.online\/de\/wp-json\/wp\/v2\/media\/10925"}],"wp:attachment":[{"href":"https:\/\/denhelder.online\/de\/wp-json\/wp\/v2\/media?parent=10924"}],"wp:term":[{"taxonomy":"doelgroep","embeddable":true,"href":"https:\/\/denhelder.online\/de\/wp-json\/wp\/v2\/doelgroep?post=10924"}],"curies":[{"name":"wp","href":"https:\/\/api.w.org\/{rel}","templated":true}]}}