{"id":10926,"date":"2024-01-29T15:27:01","date_gmt":"2024-01-29T14:27:01","guid":{"rendered":"https:\/\/denhelder.online\/?post_type=actueel&#038;p=10926"},"modified":"2025-04-29T15:27:12","modified_gmt":"2025-04-29T13:27:12","slug":"party-zum-einjahrigen-jubilaum-bei-washking-mit-festlichen-aktionen-und-preisen","status":"publish","type":"actueel","link":"https:\/\/denhelder.online\/de\/actueel\/feest-bij-washking-1-jarig-bestaan-gevierd-met-feestelijke-acties-en-prijzen\/","title":{"rendered":"Party bei WashKing: 1-j\u00e4hriges Jubil\u00e4um mit festlichen Aktionen und Preisen gefeiert"},"content":{"rendered":"<p>Es ist \u00fcber ein Jahr her, seit die allererste Filiale des neuen Autowaschkonzepts WashKing in Andijk ihre Pforten \u00f6ffnete. Medemblik und Wieringerwerf folgten, und brandneue Autowaschanlagen wurden in Purmerend und Callantsoog\/Julianadorp er\u00f6ffnet.<\/p>\n<p>Die letzten Wochen standen ganz im Zeichen des einj\u00e4hrigen Jubil\u00e4ums. Mit zahlreichen Aktionen wollten wir uns bei unseren treuen WashKing-Kunden der ersten Stunde bedanken. Als Zeichen unserer Wertsch\u00e4tzung bot WashKing eine besondere Jubil\u00e4umsaktion an: Beim Kauf einer neuen WashKing-Waschkarte oder beim Aufladen einer bestehenden Karte gab es zus\u00e4tzliches Waschguthaben. Au\u00dferdem hatten Karteninhaber die Chance, ein Jahr lang kostenlos W\u00e4sche waschen zu lassen \u2013 im Wert von 250 \u20ac.<\/p>\n<p>Die Preise wurden letzte Woche in den WashKing-Filialen in Andijk und Callantsoog \u00fcberreicht. Gewinnerin Catelijne Bakker wohnt ganz in der N\u00e4he von WashKing Callantsoog\/Julianadorp. \u201cIch freue mich riesig \u00fcber die neuen Waschboxen neben der AVIA-Tankstelle am Callantsogervaart. Das ist ein idealer Standort f\u00fcr mich, und mit diesem Preis kann ich jetzt jeden Tag mein Auto waschen oder den Kofferraum aussaugen\u201d, sagt die strahlende Catelijne.<\/p>\n<p>Die WashKing-Filiale in Callantsoog\/Julianadorp bietet f\u00fcnf \u00fcberdachte Waschpl\u00e4tze, einer davon mit Umkehrosmose-Wasseranschluss. Auf dem gro\u00dfz\u00fcgigen Gel\u00e4nde befinden sich au\u00dferdem zwei Staubsaugerstationen, Teppichklopfer und ein Spender f\u00fcr Wascht\u00fccher. Modernste Ger\u00e4te sorgen f\u00fcr eine gr\u00fcndliche und effiziente Fahrzeugreinigung.<\/p>\n<p>WashKing ist nicht nur innovativ und leicht zug\u00e4nglich, sondern auch nachhaltig. Die Standorte sind mit Solaranlagen, energieeffizienter Beleuchtung und Wasserr\u00fcckgewinnungssystemen ausgestattet. WashKing verwendet zudem biologisch abbaubare, umweltfreundliche Produkte und tr\u00e4gt so zu einem saubereren Auto und einem saubereren Planeten bei.<\/p>\n<p>Weitere Informationen zu WashKing und deren Dienstleistungen finden Sie auf der Website www.washking.nl.<\/p>","protected":false},"excerpt":{"rendered":"<p>Es ist \u00fcber ein Jahr her, seit die allererste Filiale des neuen Autowaschkonzepts WashKing in Andijk ihre Pforten \u00f6ffnete. Medemblik und Wieringerwerf folgten, und brandneue Autowaschanlagen wurden in Purmerend und Callantsoog\/Julianadorp er\u00f6ffnet.<\/p>","protected":false},"author":4,"featured_media":10927,"template":"","doelgroep":[6027,6028],"class_list":["post-10926","actueel","type-actueel","status-publish","has-post-thumbnail","hentry","elementor_library_category-cultuur","doelgroep-inwoner","doelgroep-inwoner-regio"],"yoast_head":"<!-- This site is optimized with the Yoast SEO Premium plugin v24.7 (Yoast SEO v27.5) - https:\/\/yoast.com\/product\/yoast-seo-premium-wordpress\/ -->\n<title>Feest bij WashKing: 1-jarig bestaan gevierd met feestelijke acties en prijzen - Den Helder Online<\/title>\n<meta name=\"robots\" content=\"index, follow, max-snippet:-1, max-image-preview:large, max-video-preview:-1\" \/>\n<link rel=\"canonical\" href=\"https:\/\/denhelder.online\/de\/aktuell\/party-zum-einjahrigen-jubilaum-bei-washking-mit-festlichen-aktionen-und-preisen\/\" \/>\n<meta property=\"og:locale\" content=\"de_DE\" \/>\n<meta property=\"og:type\" content=\"article\" \/>\n<meta property=\"og:title\" content=\"Feest bij WashKing: 1-jarig bestaan gevierd met feestelijke acties en prijzen\" \/>\n<meta property=\"og:description\" content=\"Het is alweer ruim een jaar geleden dat de allereerste locatie van het nieuwe carwashconcept WashKing haar deuren opende in Andijk. Daarna volgden Medemblik en Wieringerwerf en werd een gloednieuwe carwash geopend in Purmerend en Callantsoog\/ Julianadorp.\" \/>\n<meta property=\"og:url\" content=\"https:\/\/denhelder.online\/de\/aktuell\/party-zum-einjahrigen-jubilaum-bei-washking-mit-festlichen-aktionen-und-preisen\/\" \/>\n<meta property=\"og:site_name\" content=\"Den Helder Online\" \/>\n<meta property=\"article:modified_time\" content=\"2025-04-29T13:27:12+00:00\" \/>\n<meta property=\"og:image\" content=\"https:\/\/denhelder.online\/wp-content\/uploads\/2025\/04\/cf04aa6a-e613-4f13-9ebf-83166942d38d-Prijsuitreiking_1-jarig_bestaan_Callantsoog_01_LR_1920x1080.jpg\" \/>\n\t<meta property=\"og:image:width\" content=\"1920\" \/>\n\t<meta property=\"og:image:height\" content=\"1080\" \/>\n\t<meta property=\"og:image:type\" content=\"image\/jpeg\" \/>\n<meta name=\"twitter:card\" content=\"summary_large_image\" \/>\n<meta name=\"twitter:label1\" content=\"Gesch\u00e4tzte Lesezeit\" \/>\n\t<meta name=\"twitter:data1\" content=\"2\u00a0Minuten\" \/>\n<script type=\"application\/ld+json\" class=\"yoast-schema-graph\">{\"@context\":\"https:\\\/\\\/schema.org\",\"@graph\":[{\"@type\":\"WebPage\",\"@id\":\"https:\\\/\\\/denhelder.online\\\/actueel\\\/feest-bij-washking-1-jarig-bestaan-gevierd-met-feestelijke-acties-en-prijzen\\\/\",\"url\":\"https:\\\/\\\/denhelder.online\\\/actueel\\\/feest-bij-washking-1-jarig-bestaan-gevierd-met-feestelijke-acties-en-prijzen\\\/\",\"name\":\"Feest bij WashKing: 1-jarig bestaan gevierd met feestelijke acties en prijzen - Den Helder Online\",\"isPartOf\":{\"@id\":\"https:\\\/\\\/denhelder.online\\\/#website\"},\"primaryImageOfPage\":{\"@id\":\"https:\\\/\\\/denhelder.online\\\/actueel\\\/feest-bij-washking-1-jarig-bestaan-gevierd-met-feestelijke-acties-en-prijzen\\\/#primaryimage\"},\"image\":{\"@id\":\"https:\\\/\\\/denhelder.online\\\/actueel\\\/feest-bij-washking-1-jarig-bestaan-gevierd-met-feestelijke-acties-en-prijzen\\\/#primaryimage\"},\"thumbnailUrl\":\"https:\\\/\\\/denhelder.online\\\/wp-content\\\/uploads\\\/2025\\\/04\\\/cf04aa6a-e613-4f13-9ebf-83166942d38d-Prijsuitreiking_1-jarig_bestaan_Callantsoog_01_LR_1920x1080.jpg\",\"datePublished\":\"2024-01-29T14:27:01+00:00\",\"dateModified\":\"2025-04-29T13:27:12+00:00\",\"breadcrumb\":{\"@id\":\"https:\\\/\\\/denhelder.online\\\/actueel\\\/feest-bij-washking-1-jarig-bestaan-gevierd-met-feestelijke-acties-en-prijzen\\\/#breadcrumb\"},\"inLanguage\":\"de\",\"potentialAction\":[{\"@type\":\"ReadAction\",\"target\":[\"https:\\\/\\\/denhelder.online\\\/actueel\\\/feest-bij-washking-1-jarig-bestaan-gevierd-met-feestelijke-acties-en-prijzen\\\/\"]}]},{\"@type\":\"ImageObject\",\"inLanguage\":\"de\",\"@id\":\"https:\\\/\\\/denhelder.online\\\/actueel\\\/feest-bij-washking-1-jarig-bestaan-gevierd-met-feestelijke-acties-en-prijzen\\\/#primaryimage\",\"url\":\"https:\\\/\\\/denhelder.online\\\/wp-content\\\/uploads\\\/2025\\\/04\\\/cf04aa6a-e613-4f13-9ebf-83166942d38d-Prijsuitreiking_1-jarig_bestaan_Callantsoog_01_LR_1920x1080.jpg\",\"contentUrl\":\"https:\\\/\\\/denhelder.online\\\/wp-content\\\/uploads\\\/2025\\\/04\\\/cf04aa6a-e613-4f13-9ebf-83166942d38d-Prijsuitreiking_1-jarig_bestaan_Callantsoog_01_LR_1920x1080.jpg\",\"width\":1920,\"height\":1080,\"caption\":\"Washking ontvangt prijs voor de wassstraat\"},{\"@type\":\"BreadcrumbList\",\"@id\":\"https:\\\/\\\/denhelder.online\\\/actueel\\\/feest-bij-washking-1-jarig-bestaan-gevierd-met-feestelijke-acties-en-prijzen\\\/#breadcrumb\",\"itemListElement\":[{\"@type\":\"ListItem\",\"position\":1,\"name\":\"Home\",\"item\":\"https:\\\/\\\/denhelder.online\\\/\"},{\"@type\":\"ListItem\",\"position\":2,\"name\":\"Actueel\",\"item\":\"https:\\\/\\\/denhelder.online\\\/en\\\/current\\\/\"},{\"@type\":\"ListItem\",\"position\":3,\"name\":\"Feest bij WashKing: 1-jarig bestaan gevierd met feestelijke acties en prijzen\"}]},{\"@type\":\"WebSite\",\"@id\":\"https:\\\/\\\/denhelder.online\\\/#website\",\"url\":\"https:\\\/\\\/denhelder.online\\\/\",\"name\":\"Den Helder Online\",\"description\":\"Beleef Den Helder\",\"publisher\":{\"@id\":\"https:\\\/\\\/denhelder.online\\\/#organization\"},\"potentialAction\":[{\"@type\":\"SearchAction\",\"target\":{\"@type\":\"EntryPoint\",\"urlTemplate\":\"https:\\\/\\\/denhelder.online\\\/?s={search_term_string}\"},\"query-input\":{\"@type\":\"PropertyValueSpecification\",\"valueRequired\":true,\"valueName\":\"search_term_string\"}}],\"inLanguage\":\"de\"},{\"@type\":\"Organization\",\"@id\":\"https:\\\/\\\/denhelder.online\\\/#organization\",\"name\":\"Den Helder Online\",\"url\":\"https:\\\/\\\/denhelder.online\\\/\",\"logo\":{\"@type\":\"ImageObject\",\"inLanguage\":\"de\",\"@id\":\"https:\\\/\\\/denhelder.online\\\/#\\\/schema\\\/logo\\\/image\\\/\",\"url\":\"https:\\\/\\\/denhelder.online\\\/wp-content\\\/uploads\\\/2021\\\/12\\\/DitIsDH-Logo-26-tagline.svg\",\"contentUrl\":\"https:\\\/\\\/denhelder.online\\\/wp-content\\\/uploads\\\/2021\\\/12\\\/DitIsDH-Logo-26-tagline.svg\",\"width\":1717.0999999999999,\"height\":934.89999999999998,\"caption\":\"Den Helder Online\"},\"image\":{\"@id\":\"https:\\\/\\\/denhelder.online\\\/#\\\/schema\\\/logo\\\/image\\\/\"}}]}<\/script>\n<!-- \/ Yoast SEO Premium plugin. -->","yoast_head_json":{"title":"Feiern Sie mit WashKing: 1-j\u00e4hriges Jubil\u00e4um mit festlichen Aktionen und Preisen \u2013 Den Helder Online","robots":{"index":"index","follow":"follow","max-snippet":"max-snippet:-1","max-image-preview":"max-image-preview:large","max-video-preview":"max-video-preview:-1"},"canonical":"https:\/\/denhelder.online\/de\/aktuell\/party-zum-einjahrigen-jubilaum-bei-washking-mit-festlichen-aktionen-und-preisen\/","og_locale":"de_DE","og_type":"article","og_title":"Feest bij WashKing: 1-jarig bestaan gevierd met feestelijke acties en prijzen","og_description":"Het is alweer ruim een jaar geleden dat de allereerste locatie van het nieuwe carwashconcept WashKing haar deuren opende in Andijk. Daarna volgden Medemblik en Wieringerwerf en werd een gloednieuwe carwash geopend in Purmerend en Callantsoog\/ Julianadorp.","og_url":"https:\/\/denhelder.online\/de\/aktuell\/party-zum-einjahrigen-jubilaum-bei-washking-mit-festlichen-aktionen-und-preisen\/","og_site_name":"Den Helder Online","article_modified_time":"2025-04-29T13:27:12+00:00","og_image":[{"width":1920,"height":1080,"url":"https:\/\/denhelder.online\/wp-content\/uploads\/2025\/04\/cf04aa6a-e613-4f13-9ebf-83166942d38d-Prijsuitreiking_1-jarig_bestaan_Callantsoog_01_LR_1920x1080.jpg","type":"image\/jpeg"}],"twitter_card":"summary_large_image","twitter_misc":{"Gesch\u00e4tzte Lesezeit":"2\u00a0Minuten"},"schema":{"@context":"https:\/\/schema.org","@graph":[{"@type":"WebPage","@id":"https:\/\/denhelder.online\/actueel\/feest-bij-washking-1-jarig-bestaan-gevierd-met-feestelijke-acties-en-prijzen\/","url":"https:\/\/denhelder.online\/actueel\/feest-bij-washking-1-jarig-bestaan-gevierd-met-feestelijke-acties-en-prijzen\/","name":"Feiern Sie mit WashKing: 1-j\u00e4hriges Jubil\u00e4um mit festlichen Aktionen und Preisen \u2013 Den Helder Online","isPartOf":{"@id":"https:\/\/denhelder.online\/#website"},"primaryImageOfPage":{"@id":"https:\/\/denhelder.online\/actueel\/feest-bij-washking-1-jarig-bestaan-gevierd-met-feestelijke-acties-en-prijzen\/#primaryimage"},"image":{"@id":"https:\/\/denhelder.online\/actueel\/feest-bij-washking-1-jarig-bestaan-gevierd-met-feestelijke-acties-en-prijzen\/#primaryimage"},"thumbnailUrl":"https:\/\/denhelder.online\/wp-content\/uploads\/2025\/04\/cf04aa6a-e613-4f13-9ebf-83166942d38d-Prijsuitreiking_1-jarig_bestaan_Callantsoog_01_LR_1920x1080.jpg","datePublished":"2024-01-29T14:27:01+00:00","dateModified":"2025-04-29T13:27:12+00:00","breadcrumb":{"@id":"https:\/\/denhelder.online\/actueel\/feest-bij-washking-1-jarig-bestaan-gevierd-met-feestelijke-acties-en-prijzen\/#breadcrumb"},"inLanguage":"de","potentialAction":[{"@type":"ReadAction","target":["https:\/\/denhelder.online\/actueel\/feest-bij-washking-1-jarig-bestaan-gevierd-met-feestelijke-acties-en-prijzen\/"]}]},{"@type":"ImageObject","inLanguage":"de","@id":"https:\/\/denhelder.online\/actueel\/feest-bij-washking-1-jarig-bestaan-gevierd-met-feestelijke-acties-en-prijzen\/#primaryimage","url":"https:\/\/denhelder.online\/wp-content\/uploads\/2025\/04\/cf04aa6a-e613-4f13-9ebf-83166942d38d-Prijsuitreiking_1-jarig_bestaan_Callantsoog_01_LR_1920x1080.jpg","contentUrl":"https:\/\/denhelder.online\/wp-content\/uploads\/2025\/04\/cf04aa6a-e613-4f13-9ebf-83166942d38d-Prijsuitreiking_1-jarig_bestaan_Callantsoog_01_LR_1920x1080.jpg","width":1920,"height":1080,"caption":"Washking ontvangt prijs voor de wassstraat"},{"@type":"BreadcrumbList","@id":"https:\/\/denhelder.online\/actueel\/feest-bij-washking-1-jarig-bestaan-gevierd-met-feestelijke-acties-en-prijzen\/#breadcrumb","itemListElement":[{"@type":"ListItem","position":1,"name":"Home","item":"https:\/\/denhelder.online\/"},{"@type":"ListItem","position":2,"name":"Actueel","item":"https:\/\/denhelder.online\/en\/current\/"},{"@type":"ListItem","position":3,"name":"Feest bij WashKing: 1-jarig bestaan gevierd met feestelijke acties en prijzen"}]},{"@type":"WebSite","@id":"https:\/\/denhelder.online\/#website","url":"https:\/\/denhelder.online\/","name":"Den Helder Online","description":"Erleben Sie Den Helder","publisher":{"@id":"https:\/\/denhelder.online\/#organization"},"potentialAction":[{"@type":"SearchAction","target":{"@type":"EntryPoint","urlTemplate":"https:\/\/denhelder.online\/?s={search_term_string}"},"query-input":{"@type":"PropertyValueSpecification","valueRequired":true,"valueName":"search_term_string"}}],"inLanguage":"de"},{"@type":"Organization","@id":"https:\/\/denhelder.online\/#organization","name":"Den Helder Online","url":"https:\/\/denhelder.online\/","logo":{"@type":"ImageObject","inLanguage":"de","@id":"https:\/\/denhelder.online\/#\/schema\/logo\/image\/","url":"https:\/\/denhelder.online\/wp-content\/uploads\/2021\/12\/DitIsDH-Logo-26-tagline.svg","contentUrl":"https:\/\/denhelder.online\/wp-content\/uploads\/2021\/12\/DitIsDH-Logo-26-tagline.svg","width":1717.0999999999999,"height":934.89999999999998,"caption":"Den Helder Online"},"image":{"@id":"https:\/\/denhelder.online\/#\/schema\/logo\/image\/"}}]}},"_links":{"self":[{"href":"https:\/\/denhelder.online\/de\/wp-json\/wp\/v2\/actueel\/10926","targetHints":{"allow":["GET"]}}],"collection":[{"href":"https:\/\/denhelder.online\/de\/wp-json\/wp\/v2\/actueel"}],"about":[{"href":"https:\/\/denhelder.online\/de\/wp-json\/wp\/v2\/types\/actueel"}],"author":[{"embeddable":true,"href":"https:\/\/denhelder.online\/de\/wp-json\/wp\/v2\/users\/4"}],"wp:featuredmedia":[{"embeddable":true,"href":"https:\/\/denhelder.online\/de\/wp-json\/wp\/v2\/media\/10927"}],"wp:attachment":[{"href":"https:\/\/denhelder.online\/de\/wp-json\/wp\/v2\/media?parent=10926"}],"wp:term":[{"taxonomy":"doelgroep","embeddable":true,"href":"https:\/\/denhelder.online\/de\/wp-json\/wp\/v2\/doelgroep?post=10926"}],"curies":[{"name":"wp","href":"https:\/\/api.w.org\/{rel}","templated":true}]}}