{"id":10930,"date":"2024-01-29T15:34:35","date_gmt":"2024-01-29T14:34:35","guid":{"rendered":"https:\/\/denhelder.online\/?post_type=actueel&#038;p=10930"},"modified":"2025-04-29T15:34:46","modified_gmt":"2025-04-29T13:34:46","slug":"ausbau-der-ladestationen-durch-neue-karte-mit-geeigneten-standorten-beschleunigt","status":"publish","type":"actueel","link":"https:\/\/denhelder.online\/de\/actueel\/uitbreiding-laadpalen-sneller-door-nieuwe-kaart-met-geschikte-locaties\/","title":{"rendered":"Schnellerer Ausbau des Ladenetzes dank neuer Karte mit geeigneten Standorten"},"content":{"rendered":"<p>Um den Ausbau des Ladenetzes in der Gemeinde Den Helder zu beschleunigen, hat der Gemeinderat einen Entwurf f\u00fcr eine Ladeinfrastrukturkarte verabschiedet. Diese Karte zeigt geeignete Standorte f\u00fcr \u00f6ffentliche Ladestationen. Interessierte k\u00f6nnen ihre R\u00fcckmeldung zu den vorgeschlagenen Standorten \u00fcber die Beteiligungsplattform ingesprek.denhelder.nl abgeben.<\/p>\n<div>Die Karte ist eine Weiterentwicklung der im letzten Jahr vom Gemeinderat verabschiedeten Ladeinfrastrukturvision f\u00fcr Elektrofahrzeuge. Diese Vision skizziert die Strategie der Gemeinde, bis 2030 ein fl\u00e4chendeckendes Netz \u00f6ffentlicher Ladestationen in fu\u00dfl\u00e4ufiger Entfernung innerhalb des Stadtgebiets aufzubauen. Es wird erwartet, dass bis dahin aufgrund der steigenden Anzahl von Elektrofahrzeugen rund 350 neue Ladestationen ben\u00f6tigt werden. Durch die fr\u00fchzeitige Identifizierung und Festlegung geeigneter Standorte f\u00fcr Ladestationen k\u00f6nnen diese nach Antragstellung schneller realisiert werden. Aktuell werden noch Standorte aus einem Lageplan von 2019 verwendet. Dieser Plan ist nicht mehr aktuell, weshalb bei Antragstellung h\u00e4ufig eine erneute Pr\u00fcfung der Eignung eines Standorts erforderlich ist. Dies f\u00fchrt zu Verz\u00f6gerungen.<\/div>\n<div><\/div>\n<div>Gute Verteilung Bei der Erstellung des neuen Plans wurde unter anderem auf eine gute Verteilung der Ladestationen und deren r\u00e4umliche Integration geachtet. Um die Belastung des \u00f6ffentlichen Raums und der Parkpl\u00e4tze durch das Laden zu minimieren, k\u00f6nnen \u00f6ffentliche Ladestationen nur von Anwohnern oder Unternehmen beantragt werden, die keine eigene Ladeeinrichtung besitzen. Dar\u00fcber hinaus werden neue Ladestationen nur dann installiert, wenn am jeweiligen Standort ein konkreter Bedarf besteht oder bestehende Stationen in der N\u00e4he stark ausgelastet sind. Die Stadt arbeitet bei der Realisierung der Ladestationen mit MRA-e, TotalEnergies und Vattenfall zusammen.<\/div>\n<div><\/div>\n<div>Beteiligung Der vom Gemeinderat verabschiedete Geb\u00fchrenplan ist vorl\u00e4ufig. Bevor der Plan endg\u00fcltig verabschiedet wird, m\u00f6chte die Gemeinde allen Beteiligten die M\u00f6glichkeit geben, ihre Meinung zu den vorgeschlagenen Standorten abzugeben. Dies kann bis einschlie\u00dflich Dienstag, den 16. Juli, \u00fcber ingesprek.denhelder.nl erfolgen. Die R\u00fcckmeldungen werden bei der Erstellung des endg\u00fcltigen Geb\u00fchrenplans ber\u00fccksichtigt.<\/div>\n<div><\/div>\n<div>Beantragung eines Kabelkanals Durch den beschleunigten Ausbau \u00f6ffentlicher Ladestationen m\u00f6chte die Gemeinde den Umstieg auf Elektromobilit\u00e4t weiter f\u00f6rdern. Auch Anwohner und Unternehmen mit eigener Ladeeinrichtung, aber ohne privaten Parkplatz, k\u00f6nnen einen Kabelkanal beantragen. Dieser besteht aus einer Reihe von Fliesen, die im Gehweg verlegt werden und das Ladekabel aufnehmen. Dadurch liegt das Kabel nicht mehr lose auf dem Gehweg oder unter einer Kabelmatte. Dies verhindert Gefahrensituationen und eine Beeintr\u00e4chtigung des Stra\u00dfenbildes. Weitere Informationen zur Beantragung eines Kabelkanals sowie zu den Bedingungen und Kosten finden Sie auf der Website www.denhelder.nl\/kabelgoot.<\/div>","protected":false},"excerpt":{"rendered":"<p>Om het aantal laadpalen in de gemeente Den Helder sneller uit te kunnen breiden heeft het college van B &#038; W een concept-laadkaart vastgesteld. Op deze plattegrond staan locaties die geschikt zijn voor het plaatsen van openbare laadpalen. Via participatieplatform ingesprek.denhelder.nl kunnen belanghebbenden hun reactie geven op de voorgestelde plekken.\u00a0<\/p>","protected":false},"author":4,"featured_media":10931,"template":"","doelgroep":[6027,6028],"class_list":["post-10930","actueel","type-actueel","status-publish","has-post-thumbnail","hentry","elementor_library_category-cultuur","doelgroep-inwoner","doelgroep-inwoner-regio"],"yoast_head":"<!-- This site is optimized with the Yoast SEO Premium plugin v24.7 (Yoast SEO v27.5) - https:\/\/yoast.com\/product\/yoast-seo-premium-wordpress\/ -->\n<title>Uitbreiding laadpalen sneller door nieuwe kaart met geschikte locaties - Den Helder Online<\/title>\n<meta name=\"robots\" content=\"index, follow, max-snippet:-1, max-image-preview:large, max-video-preview:-1\" \/>\n<link rel=\"canonical\" href=\"https:\/\/denhelder.online\/de\/aktuell\/ausbau-der-ladestationen-durch-neue-karte-mit-geeigneten-standorten-beschleunigt\/\" \/>\n<meta property=\"og:locale\" content=\"de_DE\" \/>\n<meta property=\"og:type\" content=\"article\" \/>\n<meta property=\"og:title\" content=\"Uitbreiding laadpalen sneller door nieuwe kaart met geschikte locaties\" \/>\n<meta property=\"og:description\" content=\"Om het aantal laadpalen in de gemeente Den Helder sneller uit te kunnen breiden heeft het college van B &amp; W een concept-laadkaart vastgesteld. Op deze plattegrond staan locaties die geschikt zijn voor het plaatsen van openbare laadpalen. Via participatieplatform ingesprek.denhelder.nl kunnen belanghebbenden hun reactie geven op de voorgestelde plekken.\u00a0\" \/>\n<meta property=\"og:url\" content=\"https:\/\/denhelder.online\/de\/aktuell\/ausbau-der-ladestationen-durch-neue-karte-mit-geeigneten-standorten-beschleunigt\/\" \/>\n<meta property=\"og:site_name\" content=\"Den Helder Online\" \/>\n<meta property=\"article:modified_time\" content=\"2025-04-29T13:34:46+00:00\" \/>\n<meta property=\"og:image\" content=\"https:\/\/denhelder.online\/wp-content\/uploads\/2025\/04\/Luchtfoto-Den-Helder.jpg\" \/>\n\t<meta property=\"og:image:width\" content=\"1502\" \/>\n\t<meta property=\"og:image:height\" content=\"543\" \/>\n\t<meta property=\"og:image:type\" content=\"image\/jpeg\" \/>\n<meta name=\"twitter:card\" content=\"summary_large_image\" \/>\n<meta name=\"twitter:label1\" content=\"Gesch\u00e4tzte Lesezeit\" \/>\n\t<meta name=\"twitter:data1\" content=\"3\u00a0Minuten\" \/>\n<script type=\"application\/ld+json\" class=\"yoast-schema-graph\">{\"@context\":\"https:\\\/\\\/schema.org\",\"@graph\":[{\"@type\":\"WebPage\",\"@id\":\"https:\\\/\\\/denhelder.online\\\/actueel\\\/uitbreiding-laadpalen-sneller-door-nieuwe-kaart-met-geschikte-locaties\\\/\",\"url\":\"https:\\\/\\\/denhelder.online\\\/actueel\\\/uitbreiding-laadpalen-sneller-door-nieuwe-kaart-met-geschikte-locaties\\\/\",\"name\":\"Uitbreiding laadpalen sneller door nieuwe kaart met geschikte locaties - Den Helder Online\",\"isPartOf\":{\"@id\":\"https:\\\/\\\/denhelder.online\\\/#website\"},\"primaryImageOfPage\":{\"@id\":\"https:\\\/\\\/denhelder.online\\\/actueel\\\/uitbreiding-laadpalen-sneller-door-nieuwe-kaart-met-geschikte-locaties\\\/#primaryimage\"},\"image\":{\"@id\":\"https:\\\/\\\/denhelder.online\\\/actueel\\\/uitbreiding-laadpalen-sneller-door-nieuwe-kaart-met-geschikte-locaties\\\/#primaryimage\"},\"thumbnailUrl\":\"https:\\\/\\\/denhelder.online\\\/wp-content\\\/uploads\\\/2025\\\/04\\\/Luchtfoto-Den-Helder.jpg\",\"datePublished\":\"2024-01-29T14:34:35+00:00\",\"dateModified\":\"2025-04-29T13:34:46+00:00\",\"breadcrumb\":{\"@id\":\"https:\\\/\\\/denhelder.online\\\/actueel\\\/uitbreiding-laadpalen-sneller-door-nieuwe-kaart-met-geschikte-locaties\\\/#breadcrumb\"},\"inLanguage\":\"de\",\"potentialAction\":[{\"@type\":\"ReadAction\",\"target\":[\"https:\\\/\\\/denhelder.online\\\/actueel\\\/uitbreiding-laadpalen-sneller-door-nieuwe-kaart-met-geschikte-locaties\\\/\"]}]},{\"@type\":\"ImageObject\",\"inLanguage\":\"de\",\"@id\":\"https:\\\/\\\/denhelder.online\\\/actueel\\\/uitbreiding-laadpalen-sneller-door-nieuwe-kaart-met-geschikte-locaties\\\/#primaryimage\",\"url\":\"https:\\\/\\\/denhelder.online\\\/wp-content\\\/uploads\\\/2025\\\/04\\\/Luchtfoto-Den-Helder.jpg\",\"contentUrl\":\"https:\\\/\\\/denhelder.online\\\/wp-content\\\/uploads\\\/2025\\\/04\\\/Luchtfoto-Den-Helder.jpg\",\"width\":1502,\"height\":543,\"caption\":\"Luchtfoto Den Helder vanaf Kaaphoofd\"},{\"@type\":\"BreadcrumbList\",\"@id\":\"https:\\\/\\\/denhelder.online\\\/actueel\\\/uitbreiding-laadpalen-sneller-door-nieuwe-kaart-met-geschikte-locaties\\\/#breadcrumb\",\"itemListElement\":[{\"@type\":\"ListItem\",\"position\":1,\"name\":\"Home\",\"item\":\"https:\\\/\\\/denhelder.online\\\/\"},{\"@type\":\"ListItem\",\"position\":2,\"name\":\"Actueel\",\"item\":\"https:\\\/\\\/denhelder.online\\\/en\\\/current\\\/\"},{\"@type\":\"ListItem\",\"position\":3,\"name\":\"Uitbreiding laadpalen sneller door nieuwe kaart met geschikte locaties\"}]},{\"@type\":\"WebSite\",\"@id\":\"https:\\\/\\\/denhelder.online\\\/#website\",\"url\":\"https:\\\/\\\/denhelder.online\\\/\",\"name\":\"Den Helder Online\",\"description\":\"Beleef Den Helder\",\"publisher\":{\"@id\":\"https:\\\/\\\/denhelder.online\\\/#organization\"},\"potentialAction\":[{\"@type\":\"SearchAction\",\"target\":{\"@type\":\"EntryPoint\",\"urlTemplate\":\"https:\\\/\\\/denhelder.online\\\/?s={search_term_string}\"},\"query-input\":{\"@type\":\"PropertyValueSpecification\",\"valueRequired\":true,\"valueName\":\"search_term_string\"}}],\"inLanguage\":\"de\"},{\"@type\":\"Organization\",\"@id\":\"https:\\\/\\\/denhelder.online\\\/#organization\",\"name\":\"Den Helder Online\",\"url\":\"https:\\\/\\\/denhelder.online\\\/\",\"logo\":{\"@type\":\"ImageObject\",\"inLanguage\":\"de\",\"@id\":\"https:\\\/\\\/denhelder.online\\\/#\\\/schema\\\/logo\\\/image\\\/\",\"url\":\"https:\\\/\\\/denhelder.online\\\/wp-content\\\/uploads\\\/2021\\\/12\\\/DitIsDH-Logo-26-tagline.svg\",\"contentUrl\":\"https:\\\/\\\/denhelder.online\\\/wp-content\\\/uploads\\\/2021\\\/12\\\/DitIsDH-Logo-26-tagline.svg\",\"width\":1717.0999999999999,\"height\":934.89999999999998,\"caption\":\"Den Helder Online\"},\"image\":{\"@id\":\"https:\\\/\\\/denhelder.online\\\/#\\\/schema\\\/logo\\\/image\\\/\"}}]}<\/script>\n<!-- \/ Yoast SEO Premium plugin. -->","yoast_head_json":{"title":"Schnellerer Ausbau des Ladenetzes dank neuer Karte mit geeigneten Standorten \u2013 Den Helder Online","robots":{"index":"index","follow":"follow","max-snippet":"max-snippet:-1","max-image-preview":"max-image-preview:large","max-video-preview":"max-video-preview:-1"},"canonical":"https:\/\/denhelder.online\/de\/aktuell\/ausbau-der-ladestationen-durch-neue-karte-mit-geeigneten-standorten-beschleunigt\/","og_locale":"de_DE","og_type":"article","og_title":"Uitbreiding laadpalen sneller door nieuwe kaart met geschikte locaties","og_description":"Om het aantal laadpalen in de gemeente Den Helder sneller uit te kunnen breiden heeft het college van B & W een concept-laadkaart vastgesteld. Op deze plattegrond staan locaties die geschikt zijn voor het plaatsen van openbare laadpalen. Via participatieplatform ingesprek.denhelder.nl kunnen belanghebbenden hun reactie geven op de voorgestelde plekken.\u00a0","og_url":"https:\/\/denhelder.online\/de\/aktuell\/ausbau-der-ladestationen-durch-neue-karte-mit-geeigneten-standorten-beschleunigt\/","og_site_name":"Den Helder Online","article_modified_time":"2025-04-29T13:34:46+00:00","og_image":[{"width":1502,"height":543,"url":"https:\/\/denhelder.online\/wp-content\/uploads\/2025\/04\/Luchtfoto-Den-Helder.jpg","type":"image\/jpeg"}],"twitter_card":"summary_large_image","twitter_misc":{"Gesch\u00e4tzte Lesezeit":"3\u00a0Minuten"},"schema":{"@context":"https:\/\/schema.org","@graph":[{"@type":"WebPage","@id":"https:\/\/denhelder.online\/actueel\/uitbreiding-laadpalen-sneller-door-nieuwe-kaart-met-geschikte-locaties\/","url":"https:\/\/denhelder.online\/actueel\/uitbreiding-laadpalen-sneller-door-nieuwe-kaart-met-geschikte-locaties\/","name":"Schnellerer Ausbau des Ladenetzes dank neuer Karte mit geeigneten Standorten \u2013 Den Helder Online","isPartOf":{"@id":"https:\/\/denhelder.online\/#website"},"primaryImageOfPage":{"@id":"https:\/\/denhelder.online\/actueel\/uitbreiding-laadpalen-sneller-door-nieuwe-kaart-met-geschikte-locaties\/#primaryimage"},"image":{"@id":"https:\/\/denhelder.online\/actueel\/uitbreiding-laadpalen-sneller-door-nieuwe-kaart-met-geschikte-locaties\/#primaryimage"},"thumbnailUrl":"https:\/\/denhelder.online\/wp-content\/uploads\/2025\/04\/Luchtfoto-Den-Helder.jpg","datePublished":"2024-01-29T14:34:35+00:00","dateModified":"2025-04-29T13:34:46+00:00","breadcrumb":{"@id":"https:\/\/denhelder.online\/actueel\/uitbreiding-laadpalen-sneller-door-nieuwe-kaart-met-geschikte-locaties\/#breadcrumb"},"inLanguage":"de","potentialAction":[{"@type":"ReadAction","target":["https:\/\/denhelder.online\/actueel\/uitbreiding-laadpalen-sneller-door-nieuwe-kaart-met-geschikte-locaties\/"]}]},{"@type":"ImageObject","inLanguage":"de","@id":"https:\/\/denhelder.online\/actueel\/uitbreiding-laadpalen-sneller-door-nieuwe-kaart-met-geschikte-locaties\/#primaryimage","url":"https:\/\/denhelder.online\/wp-content\/uploads\/2025\/04\/Luchtfoto-Den-Helder.jpg","contentUrl":"https:\/\/denhelder.online\/wp-content\/uploads\/2025\/04\/Luchtfoto-Den-Helder.jpg","width":1502,"height":543,"caption":"Luchtfoto Den Helder vanaf Kaaphoofd"},{"@type":"BreadcrumbList","@id":"https:\/\/denhelder.online\/actueel\/uitbreiding-laadpalen-sneller-door-nieuwe-kaart-met-geschikte-locaties\/#breadcrumb","itemListElement":[{"@type":"ListItem","position":1,"name":"Home","item":"https:\/\/denhelder.online\/"},{"@type":"ListItem","position":2,"name":"Actueel","item":"https:\/\/denhelder.online\/en\/current\/"},{"@type":"ListItem","position":3,"name":"Uitbreiding laadpalen sneller door nieuwe kaart met geschikte locaties"}]},{"@type":"WebSite","@id":"https:\/\/denhelder.online\/#website","url":"https:\/\/denhelder.online\/","name":"Den Helder Online","description":"Erleben Sie Den Helder","publisher":{"@id":"https:\/\/denhelder.online\/#organization"},"potentialAction":[{"@type":"SearchAction","target":{"@type":"EntryPoint","urlTemplate":"https:\/\/denhelder.online\/?s={search_term_string}"},"query-input":{"@type":"PropertyValueSpecification","valueRequired":true,"valueName":"search_term_string"}}],"inLanguage":"de"},{"@type":"Organization","@id":"https:\/\/denhelder.online\/#organization","name":"Den Helder Online","url":"https:\/\/denhelder.online\/","logo":{"@type":"ImageObject","inLanguage":"de","@id":"https:\/\/denhelder.online\/#\/schema\/logo\/image\/","url":"https:\/\/denhelder.online\/wp-content\/uploads\/2021\/12\/DitIsDH-Logo-26-tagline.svg","contentUrl":"https:\/\/denhelder.online\/wp-content\/uploads\/2021\/12\/DitIsDH-Logo-26-tagline.svg","width":1717.0999999999999,"height":934.89999999999998,"caption":"Den Helder Online"},"image":{"@id":"https:\/\/denhelder.online\/#\/schema\/logo\/image\/"}}]}},"_links":{"self":[{"href":"https:\/\/denhelder.online\/de\/wp-json\/wp\/v2\/actueel\/10930","targetHints":{"allow":["GET"]}}],"collection":[{"href":"https:\/\/denhelder.online\/de\/wp-json\/wp\/v2\/actueel"}],"about":[{"href":"https:\/\/denhelder.online\/de\/wp-json\/wp\/v2\/types\/actueel"}],"author":[{"embeddable":true,"href":"https:\/\/denhelder.online\/de\/wp-json\/wp\/v2\/users\/4"}],"wp:featuredmedia":[{"embeddable":true,"href":"https:\/\/denhelder.online\/de\/wp-json\/wp\/v2\/media\/10931"}],"wp:attachment":[{"href":"https:\/\/denhelder.online\/de\/wp-json\/wp\/v2\/media?parent=10930"}],"wp:term":[{"taxonomy":"doelgroep","embeddable":true,"href":"https:\/\/denhelder.online\/de\/wp-json\/wp\/v2\/doelgroep?post=10930"}],"curies":[{"name":"wp","href":"https:\/\/api.w.org\/{rel}","templated":true}]}}