{"id":10937,"date":"2024-02-29T16:28:52","date_gmt":"2024-02-29T15:28:52","guid":{"rendered":"https:\/\/denhelder.online\/?post_type=actueel&#038;p=10937"},"modified":"2025-04-29T16:29:04","modified_gmt":"2025-04-29T14:29:04","slug":"was-halten-sie-von-kulturpolitik","status":"publish","type":"actueel","link":"https:\/\/denhelder.online\/de\/actueel\/wat-vindt-u-van-het-cultuurbeleid\/","title":{"rendered":"Was halten Sie von Kulturpolitik?"},"content":{"rendered":"<p>Wir glauben, dass Kultur in der Gemeinde Den Helder eine wichtige Rolle spielt. Jedes Jahr besuchen Tausende von Menschen unsere Stadt.<br \/>\nKulturelle Sch\u00e4tze wie das Kampanje und die Bibliothek. Viele Menschen engagieren sich zudem aktiv im Kulturbereich.,<br \/>\nZum Beispiel durch das Besuchen eines Kurses oder das Singen in einem Chor. Kultur ist f\u00fcr und von allen.<br \/>\nWir w\u00fcrden gerne Ihre kulturelle Geschichte zu Den Helder erfahren. Wo genau wohnen Sie in Den?<br \/>\nSind Sie stolz auf Ihre Kultur? Dann k\u00f6nnen Sie unter ingesprek.denhelder.nl an einer Umfrage dazu teilnehmen.<br \/>\ndie Kulturpolitik der Gemeinde.<\/p>\n<p>Die Gemeinde Den Helder aktualisiert ihre Kulturpolitik. Ihre Antwort auf die Umfrage gibt Aufschluss dar\u00fcber.<br \/>\nWir m\u00f6chten wissen, wie wir als Gemeinde im Kulturbereich abschneiden. So erfahren wir, was wir gut machen und was wir \u2013<br \/>\nGemeinsam mit Ihnen \u2013 vielleicht k\u00f6nnen wir es sogar noch besser machen.<\/p>\n<p>Die Kulturpolitik legt fest, was die Gemeinde im Bereich Kultur f\u00fcr wichtig h\u00e4lt und wie wir dazu beitragen k\u00f6nnen.<br \/>\nwird in den kommenden Jahren arbeiten. Die Kulturpolitik umfasst vier Themenbereiche:<\/p>\n<p>\u2022 Kinder und Kultur<br \/>\n\u2022 Alle machen mit.<br \/>\n\u2022 Den Helder \u2013 das kulturelle Herz der Region<br \/>\n\u2022 Kulturelles Unternehmertum<\/p>\n<p>\u201cDie Kulturpolitik ist die Grundlage, auf der die Gemeinde Den Helder mit unseren Partnern zusammenarbeiten wird.\u201c<br \/>\n\u201dDie Kulturpartner machen sich an die Arbeit\u201c, sagt Kulturdezernent Fotigui Camara.<\/p>\n<p>Wenn Sie die Umfrage ausf\u00fcllen, haben Sie die Chance, eine Freikarte f\u00fcr einen Besuch in einem der Helderse-Hotels zu gewinnen.<br \/>\nKulturelle Sch\u00e4tze. Sie k\u00f6nnen die Umfrage vom 10. bis 24. Juni unter ingesprek.denhelder.nl ausf\u00fcllen.<\/p>","protected":false},"excerpt":{"rendered":"<p>Wir glauben, dass Kultur in der Gemeinde Den Helder eine wichtige Rolle spielt. Jedes Jahr besuchen Tausende von Menschen unsere Stadt.<br \/>\nKulturelle Sch\u00e4tze wie das Kampanje und die Bibliothek. Viele Menschen engagieren sich zudem aktiv im Kulturbereich.,<br \/>\nZum Beispiel durch das Besuchen eines Kurses oder das Singen in einem Chor. Kultur ist f\u00fcr und von allen.<br \/>\nWir w\u00fcrden gerne Ihre kulturelle Geschichte zu Den Helder erfahren. Wo genau wohnen Sie in Den?<br \/>\nSind Sie stolz auf Ihre Kultur? Dann k\u00f6nnen Sie unter ingesprek.denhelder.nl an einer Umfrage dazu teilnehmen.<br \/>\ndie Kulturpolitik der Gemeinde.<\/p>","protected":false},"author":4,"featured_media":10938,"template":"","doelgroep":[6027,6028],"class_list":["post-10937","actueel","type-actueel","status-publish","has-post-thumbnail","hentry","elementor_library_category-cultuur","doelgroep-inwoner","doelgroep-inwoner-regio"],"yoast_head":"<!-- This site is optimized with the Yoast SEO Premium plugin v24.7 (Yoast SEO v27.5) - https:\/\/yoast.com\/product\/yoast-seo-premium-wordpress\/ -->\n<title>Wat vindt u van het cultuurbeleid? - Den Helder Online<\/title>\n<meta name=\"robots\" content=\"index, follow, max-snippet:-1, max-image-preview:large, max-video-preview:-1\" \/>\n<link rel=\"canonical\" href=\"https:\/\/denhelder.online\/de\/aktuell\/was-halten-sie-von-kulturpolitik\/\" \/>\n<meta property=\"og:locale\" content=\"de_DE\" \/>\n<meta property=\"og:type\" content=\"article\" \/>\n<meta property=\"og:title\" content=\"Wat vindt u van het cultuurbeleid?\" \/>\n<meta property=\"og:description\" content=\"Cultuur vinden we belangrijk in de gemeente Den Helder. Ieder jaar bezoeken duizenden mensen onze culturele parels als de Kampanje en de Bibliotheek. Ook zijn veel mensen zelf actief bezig met cultuur, bijvoorbeeld door het volgen van een cursus of het zingen in een koor. Cultuur is voor en door iedereen. Wij willen graag weten wat uw culturele verhaal van Den Helder is. Waar bent u als inwoner van Den Helder op cultureel gebied trots op? Daarom kunt u op ingesprek.denhelder.nl een peiling invullen over het cultuurbeleid van de gemeente.\" \/>\n<meta property=\"og:url\" content=\"https:\/\/denhelder.online\/de\/aktuell\/was-halten-sie-von-kulturpolitik\/\" \/>\n<meta property=\"og:site_name\" content=\"Den Helder Online\" \/>\n<meta property=\"article:modified_time\" content=\"2025-04-29T14:29:04+00:00\" \/>\n<meta property=\"og:image\" content=\"https:\/\/denhelder.online\/wp-content\/uploads\/2025\/04\/bdfbcdb7-ad3d-4c1d-a53c-180b5880258a-Banner-Cultuurpagina_1920x1080.jpg\" \/>\n\t<meta property=\"og:image:width\" content=\"1920\" \/>\n\t<meta property=\"og:image:height\" content=\"1080\" \/>\n\t<meta property=\"og:image:type\" content=\"image\/jpeg\" \/>\n<meta name=\"twitter:card\" content=\"summary_large_image\" \/>\n<meta name=\"twitter:label1\" content=\"Gesch\u00e4tzte Lesezeit\" \/>\n\t<meta name=\"twitter:data1\" content=\"2\u00a0Minuten\" \/>\n<script type=\"application\/ld+json\" class=\"yoast-schema-graph\">{\"@context\":\"https:\\\/\\\/schema.org\",\"@graph\":[{\"@type\":\"WebPage\",\"@id\":\"https:\\\/\\\/denhelder.online\\\/actueel\\\/wat-vindt-u-van-het-cultuurbeleid\\\/\",\"url\":\"https:\\\/\\\/denhelder.online\\\/actueel\\\/wat-vindt-u-van-het-cultuurbeleid\\\/\",\"name\":\"Wat vindt u van het cultuurbeleid? - Den Helder Online\",\"isPartOf\":{\"@id\":\"https:\\\/\\\/denhelder.online\\\/#website\"},\"primaryImageOfPage\":{\"@id\":\"https:\\\/\\\/denhelder.online\\\/actueel\\\/wat-vindt-u-van-het-cultuurbeleid\\\/#primaryimage\"},\"image\":{\"@id\":\"https:\\\/\\\/denhelder.online\\\/actueel\\\/wat-vindt-u-van-het-cultuurbeleid\\\/#primaryimage\"},\"thumbnailUrl\":\"https:\\\/\\\/denhelder.online\\\/wp-content\\\/uploads\\\/2025\\\/04\\\/bdfbcdb7-ad3d-4c1d-a53c-180b5880258a-Banner-Cultuurpagina_1920x1080.jpg\",\"datePublished\":\"2024-02-29T15:28:52+00:00\",\"dateModified\":\"2025-04-29T14:29:04+00:00\",\"breadcrumb\":{\"@id\":\"https:\\\/\\\/denhelder.online\\\/actueel\\\/wat-vindt-u-van-het-cultuurbeleid\\\/#breadcrumb\"},\"inLanguage\":\"de\",\"potentialAction\":[{\"@type\":\"ReadAction\",\"target\":[\"https:\\\/\\\/denhelder.online\\\/actueel\\\/wat-vindt-u-van-het-cultuurbeleid\\\/\"]}]},{\"@type\":\"ImageObject\",\"inLanguage\":\"de\",\"@id\":\"https:\\\/\\\/denhelder.online\\\/actueel\\\/wat-vindt-u-van-het-cultuurbeleid\\\/#primaryimage\",\"url\":\"https:\\\/\\\/denhelder.online\\\/wp-content\\\/uploads\\\/2025\\\/04\\\/bdfbcdb7-ad3d-4c1d-a53c-180b5880258a-Banner-Cultuurpagina_1920x1080.jpg\",\"contentUrl\":\"https:\\\/\\\/denhelder.online\\\/wp-content\\\/uploads\\\/2025\\\/04\\\/bdfbcdb7-ad3d-4c1d-a53c-180b5880258a-Banner-Cultuurpagina_1920x1080.jpg\",\"width\":1920,\"height\":1080,\"caption\":\"Musea in Den Helder met Fort Kijkduin, de Nollen en het Marinemuseum\"},{\"@type\":\"BreadcrumbList\",\"@id\":\"https:\\\/\\\/denhelder.online\\\/actueel\\\/wat-vindt-u-van-het-cultuurbeleid\\\/#breadcrumb\",\"itemListElement\":[{\"@type\":\"ListItem\",\"position\":1,\"name\":\"Home\",\"item\":\"https:\\\/\\\/denhelder.online\\\/\"},{\"@type\":\"ListItem\",\"position\":2,\"name\":\"Actueel\",\"item\":\"https:\\\/\\\/denhelder.online\\\/en\\\/current\\\/\"},{\"@type\":\"ListItem\",\"position\":3,\"name\":\"Wat vindt u van het cultuurbeleid?\"}]},{\"@type\":\"WebSite\",\"@id\":\"https:\\\/\\\/denhelder.online\\\/#website\",\"url\":\"https:\\\/\\\/denhelder.online\\\/\",\"name\":\"Den Helder Online\",\"description\":\"Beleef Den Helder\",\"publisher\":{\"@id\":\"https:\\\/\\\/denhelder.online\\\/#organization\"},\"potentialAction\":[{\"@type\":\"SearchAction\",\"target\":{\"@type\":\"EntryPoint\",\"urlTemplate\":\"https:\\\/\\\/denhelder.online\\\/?s={search_term_string}\"},\"query-input\":{\"@type\":\"PropertyValueSpecification\",\"valueRequired\":true,\"valueName\":\"search_term_string\"}}],\"inLanguage\":\"de\"},{\"@type\":\"Organization\",\"@id\":\"https:\\\/\\\/denhelder.online\\\/#organization\",\"name\":\"Den Helder Online\",\"url\":\"https:\\\/\\\/denhelder.online\\\/\",\"logo\":{\"@type\":\"ImageObject\",\"inLanguage\":\"de\",\"@id\":\"https:\\\/\\\/denhelder.online\\\/#\\\/schema\\\/logo\\\/image\\\/\",\"url\":\"https:\\\/\\\/denhelder.online\\\/wp-content\\\/uploads\\\/2021\\\/12\\\/DitIsDH-Logo-26-tagline.svg\",\"contentUrl\":\"https:\\\/\\\/denhelder.online\\\/wp-content\\\/uploads\\\/2021\\\/12\\\/DitIsDH-Logo-26-tagline.svg\",\"width\":1717.0999999999999,\"height\":934.89999999999998,\"caption\":\"Den Helder Online\"},\"image\":{\"@id\":\"https:\\\/\\\/denhelder.online\\\/#\\\/schema\\\/logo\\\/image\\\/\"}}]}<\/script>\n<!-- \/ Yoast SEO Premium plugin. -->","yoast_head_json":{"title":"Was halten Sie von Kulturpolitik? \u2013 Den Helder Online","robots":{"index":"index","follow":"follow","max-snippet":"max-snippet:-1","max-image-preview":"max-image-preview:large","max-video-preview":"max-video-preview:-1"},"canonical":"https:\/\/denhelder.online\/de\/aktuell\/was-halten-sie-von-kulturpolitik\/","og_locale":"de_DE","og_type":"article","og_title":"Wat vindt u van het cultuurbeleid?","og_description":"Cultuur vinden we belangrijk in de gemeente Den Helder. Ieder jaar bezoeken duizenden mensen onze culturele parels als de Kampanje en de Bibliotheek. Ook zijn veel mensen zelf actief bezig met cultuur, bijvoorbeeld door het volgen van een cursus of het zingen in een koor. Cultuur is voor en door iedereen. Wij willen graag weten wat uw culturele verhaal van Den Helder is. Waar bent u als inwoner van Den Helder op cultureel gebied trots op? Daarom kunt u op ingesprek.denhelder.nl een peiling invullen over het cultuurbeleid van de gemeente.","og_url":"https:\/\/denhelder.online\/de\/aktuell\/was-halten-sie-von-kulturpolitik\/","og_site_name":"Den Helder Online","article_modified_time":"2025-04-29T14:29:04+00:00","og_image":[{"width":1920,"height":1080,"url":"https:\/\/denhelder.online\/wp-content\/uploads\/2025\/04\/bdfbcdb7-ad3d-4c1d-a53c-180b5880258a-Banner-Cultuurpagina_1920x1080.jpg","type":"image\/jpeg"}],"twitter_card":"summary_large_image","twitter_misc":{"Gesch\u00e4tzte Lesezeit":"2\u00a0Minuten"},"schema":{"@context":"https:\/\/schema.org","@graph":[{"@type":"WebPage","@id":"https:\/\/denhelder.online\/actueel\/wat-vindt-u-van-het-cultuurbeleid\/","url":"https:\/\/denhelder.online\/actueel\/wat-vindt-u-van-het-cultuurbeleid\/","name":"Was halten Sie von Kulturpolitik? \u2013 Den Helder Online","isPartOf":{"@id":"https:\/\/denhelder.online\/#website"},"primaryImageOfPage":{"@id":"https:\/\/denhelder.online\/actueel\/wat-vindt-u-van-het-cultuurbeleid\/#primaryimage"},"image":{"@id":"https:\/\/denhelder.online\/actueel\/wat-vindt-u-van-het-cultuurbeleid\/#primaryimage"},"thumbnailUrl":"https:\/\/denhelder.online\/wp-content\/uploads\/2025\/04\/bdfbcdb7-ad3d-4c1d-a53c-180b5880258a-Banner-Cultuurpagina_1920x1080.jpg","datePublished":"2024-02-29T15:28:52+00:00","dateModified":"2025-04-29T14:29:04+00:00","breadcrumb":{"@id":"https:\/\/denhelder.online\/actueel\/wat-vindt-u-van-het-cultuurbeleid\/#breadcrumb"},"inLanguage":"de","potentialAction":[{"@type":"ReadAction","target":["https:\/\/denhelder.online\/actueel\/wat-vindt-u-van-het-cultuurbeleid\/"]}]},{"@type":"ImageObject","inLanguage":"de","@id":"https:\/\/denhelder.online\/actueel\/wat-vindt-u-van-het-cultuurbeleid\/#primaryimage","url":"https:\/\/denhelder.online\/wp-content\/uploads\/2025\/04\/bdfbcdb7-ad3d-4c1d-a53c-180b5880258a-Banner-Cultuurpagina_1920x1080.jpg","contentUrl":"https:\/\/denhelder.online\/wp-content\/uploads\/2025\/04\/bdfbcdb7-ad3d-4c1d-a53c-180b5880258a-Banner-Cultuurpagina_1920x1080.jpg","width":1920,"height":1080,"caption":"Musea in Den Helder met Fort Kijkduin, de Nollen en het Marinemuseum"},{"@type":"BreadcrumbList","@id":"https:\/\/denhelder.online\/actueel\/wat-vindt-u-van-het-cultuurbeleid\/#breadcrumb","itemListElement":[{"@type":"ListItem","position":1,"name":"Home","item":"https:\/\/denhelder.online\/"},{"@type":"ListItem","position":2,"name":"Actueel","item":"https:\/\/denhelder.online\/en\/current\/"},{"@type":"ListItem","position":3,"name":"Wat vindt u van het cultuurbeleid?"}]},{"@type":"WebSite","@id":"https:\/\/denhelder.online\/#website","url":"https:\/\/denhelder.online\/","name":"Den Helder Online","description":"Erleben Sie Den Helder","publisher":{"@id":"https:\/\/denhelder.online\/#organization"},"potentialAction":[{"@type":"SearchAction","target":{"@type":"EntryPoint","urlTemplate":"https:\/\/denhelder.online\/?s={search_term_string}"},"query-input":{"@type":"PropertyValueSpecification","valueRequired":true,"valueName":"search_term_string"}}],"inLanguage":"de"},{"@type":"Organization","@id":"https:\/\/denhelder.online\/#organization","name":"Den Helder Online","url":"https:\/\/denhelder.online\/","logo":{"@type":"ImageObject","inLanguage":"de","@id":"https:\/\/denhelder.online\/#\/schema\/logo\/image\/","url":"https:\/\/denhelder.online\/wp-content\/uploads\/2021\/12\/DitIsDH-Logo-26-tagline.svg","contentUrl":"https:\/\/denhelder.online\/wp-content\/uploads\/2021\/12\/DitIsDH-Logo-26-tagline.svg","width":1717.0999999999999,"height":934.89999999999998,"caption":"Den Helder Online"},"image":{"@id":"https:\/\/denhelder.online\/#\/schema\/logo\/image\/"}}]}},"_links":{"self":[{"href":"https:\/\/denhelder.online\/de\/wp-json\/wp\/v2\/actueel\/10937","targetHints":{"allow":["GET"]}}],"collection":[{"href":"https:\/\/denhelder.online\/de\/wp-json\/wp\/v2\/actueel"}],"about":[{"href":"https:\/\/denhelder.online\/de\/wp-json\/wp\/v2\/types\/actueel"}],"author":[{"embeddable":true,"href":"https:\/\/denhelder.online\/de\/wp-json\/wp\/v2\/users\/4"}],"wp:featuredmedia":[{"embeddable":true,"href":"https:\/\/denhelder.online\/de\/wp-json\/wp\/v2\/media\/10938"}],"wp:attachment":[{"href":"https:\/\/denhelder.online\/de\/wp-json\/wp\/v2\/media?parent=10937"}],"wp:term":[{"taxonomy":"doelgroep","embeddable":true,"href":"https:\/\/denhelder.online\/de\/wp-json\/wp\/v2\/doelgroep?post=10937"}],"curies":[{"name":"wp","href":"https:\/\/api.w.org\/{rel}","templated":true}]}}