{"id":10944,"date":"2024-02-29T16:34:52","date_gmt":"2024-02-29T15:34:52","guid":{"rendered":"https:\/\/denhelder.online\/?post_type=actueel&#038;p=10944"},"modified":"2025-04-29T16:35:02","modified_gmt":"2025-04-29T14:35:02","slug":"sommerstrandveranstaltung","status":"publish","type":"actueel","link":"https:\/\/denhelder.online\/de\/actueel\/summer-beachevent\/","title":{"rendered":"Sommer-Strandveranstaltung"},"content":{"rendered":"<p><strong>Komm zum Sommerstrandleben<\/strong><\/p>\n<p>Den Helder verf\u00fcgt \u00fcber kilometerlange, wundersch\u00f6ne Str\u00e4nde und wird bald noch sch\u00f6ner sein.<br \/>\nVon Donnerstag, dem 4. bis Sonntag, dem 7. Juli, werden wir unseren Strand in der N\u00e4he des Beachclubs Citadel verwandeln.<br \/>\nin einen pulsierenden Ort f\u00fcr ein unvergessliches Strand-Event: Summer Beachlife 2024.<br \/>\nAls Gemeinde sind wir stolz darauf, diese gro\u00dfartige Veranstaltung nach Den Helder geholt zu haben.<br \/>\nGro\u00dfes Strandereignis in unserer Hafenstadt. Stadtrat Fotigui Camara f\u00fcr Sport und<br \/>\nEreignisse: \u201cDer Strand, das Meer und \u2013 hoffentlich \u2013 strahlender Sonnenschein. Ich kann es mir schon vorstellen:<br \/>\nTeams, die gerne Sport treiben, und Fans, die ihr Lieblingsteam unterst\u00fctzen. Ich kann nicht<br \/>\n\u201dWarten Sie, bis die Veranstaltung beginnt.\u201c<br \/>\nJeder kann teilnehmen<br \/>\nDas Sommerstrandleben ist f\u00fcr alle da: Schulen, Unternehmen und Institutionen, Sportler und Freizeitsportler<br \/>\nSportler. Das Programm ist vollgepackt mit Aktivit\u00e4ten, wobei besonderes Augenmerk auf Beachvolleyball und Stranderlebnisse gelegt wird.<br \/>\nund Musik. Selbst wenn Sie also keinen Sport treiben, sind Sie herzlich eingeladen, vorbeizukommen und es zu genie\u00dfen.<br \/>\ndie Atmosph\u00e4re.<\/p>\n<p>Die Veranstaltung findet an sieben verschiedenen Orten in den Niederlanden statt und Den Helder ist dabei.<br \/>\nEiner davon. Bei Den Helder spielen die Marine und der Sportdienst eine wichtige Rolle w\u00e4hrend der Veranstaltung.<br \/>\nSind Sie dabei? Registrieren Sie Ihr Team schnell \u00fcber\u00a0<a href=\"\/de\/www.summerbeachlife.nl\u00a0\/\" target=\"_blank\" rel=\"noopener\">www.summerbeachlife.nl\u00a0<\/a><\/p>","protected":false},"excerpt":{"rendered":"<p>Den Helder verf\u00fcgt \u00fcber kilometerlange, wundersch\u00f6ne Str\u00e4nde und wird bald noch sch\u00f6ner sein.<br \/>\nVon Donnerstag, dem 4. bis Sonntag, dem 7. Juli, werden wir unseren Strand in der N\u00e4he des Beachclubs Citadel verwandeln.<br \/>\nin einen pulsierenden Ort f\u00fcr ein unvergessliches Strand-Event: Summer Beachlife 2024.<\/p>","protected":false},"author":4,"featured_media":10945,"template":"","doelgroep":[6027,6028,6029],"class_list":["post-10944","actueel","type-actueel","status-publish","has-post-thumbnail","hentry","elementor_library_category-activiteiten","doelgroep-inwoner","doelgroep-inwoner-regio","doelgroep-toerist"],"yoast_head":"<!-- This site is optimized with the Yoast SEO Premium plugin v24.7 (Yoast SEO v27.5) - https:\/\/yoast.com\/product\/yoast-seo-premium-wordpress\/ -->\n<title>Summer Beachevent - Den Helder Online<\/title>\n<meta name=\"robots\" content=\"index, follow, max-snippet:-1, max-image-preview:large, max-video-preview:-1\" \/>\n<link rel=\"canonical\" href=\"https:\/\/denhelder.online\/de\/aktuell\/sommerstrandveranstaltung\/\" \/>\n<meta property=\"og:locale\" content=\"de_DE\" \/>\n<meta property=\"og:type\" content=\"article\" \/>\n<meta property=\"og:title\" content=\"Summer Beachevent\" \/>\n<meta property=\"og:description\" content=\"Den Helder heeft kilometers aan prachtige stranden en binnenkort wordt het nog mooier. Van donderdag 4 tot en met zondag 7 juli toveren wij ons strand, ter hoogte van Beachclub Citadel, om tot een bruisende locatie voor een onvergetelijk strandevenement: Summer Beachlife 2024.\" \/>\n<meta property=\"og:url\" content=\"https:\/\/denhelder.online\/de\/aktuell\/sommerstrandveranstaltung\/\" \/>\n<meta property=\"og:site_name\" content=\"Den Helder Online\" \/>\n<meta property=\"article:modified_time\" content=\"2025-04-29T14:35:02+00:00\" \/>\n<meta property=\"og:image\" content=\"https:\/\/denhelder.online\/wp-content\/uploads\/2025\/04\/d5d870f1-aa7d-453d-8e8e-fd07505bee60-Summer_Beachlife_1920x1080.jpg\" \/>\n\t<meta property=\"og:image:width\" content=\"1920\" \/>\n\t<meta property=\"og:image:height\" content=\"1080\" \/>\n\t<meta property=\"og:image:type\" content=\"image\/jpeg\" \/>\n<meta name=\"twitter:card\" content=\"summary_large_image\" \/>\n<meta name=\"twitter:label1\" content=\"Gesch\u00e4tzte Lesezeit\" \/>\n\t<meta name=\"twitter:data1\" content=\"2\u00a0Minuten\" \/>\n<script type=\"application\/ld+json\" class=\"yoast-schema-graph\">{\"@context\":\"https:\\\/\\\/schema.org\",\"@graph\":[{\"@type\":\"WebPage\",\"@id\":\"https:\\\/\\\/denhelder.online\\\/actueel\\\/summer-beachevent\\\/\",\"url\":\"https:\\\/\\\/denhelder.online\\\/actueel\\\/summer-beachevent\\\/\",\"name\":\"Summer Beachevent - Den Helder Online\",\"isPartOf\":{\"@id\":\"https:\\\/\\\/denhelder.online\\\/#website\"},\"primaryImageOfPage\":{\"@id\":\"https:\\\/\\\/denhelder.online\\\/actueel\\\/summer-beachevent\\\/#primaryimage\"},\"image\":{\"@id\":\"https:\\\/\\\/denhelder.online\\\/actueel\\\/summer-beachevent\\\/#primaryimage\"},\"thumbnailUrl\":\"https:\\\/\\\/denhelder.online\\\/wp-content\\\/uploads\\\/2025\\\/04\\\/d5d870f1-aa7d-453d-8e8e-fd07505bee60-Summer_Beachlife_1920x1080.jpg\",\"datePublished\":\"2024-02-29T15:34:52+00:00\",\"dateModified\":\"2025-04-29T14:35:02+00:00\",\"breadcrumb\":{\"@id\":\"https:\\\/\\\/denhelder.online\\\/actueel\\\/summer-beachevent\\\/#breadcrumb\"},\"inLanguage\":\"de\",\"potentialAction\":[{\"@type\":\"ReadAction\",\"target\":[\"https:\\\/\\\/denhelder.online\\\/actueel\\\/summer-beachevent\\\/\"]}]},{\"@type\":\"ImageObject\",\"inLanguage\":\"de\",\"@id\":\"https:\\\/\\\/denhelder.online\\\/actueel\\\/summer-beachevent\\\/#primaryimage\",\"url\":\"https:\\\/\\\/denhelder.online\\\/wp-content\\\/uploads\\\/2025\\\/04\\\/d5d870f1-aa7d-453d-8e8e-fd07505bee60-Summer_Beachlife_1920x1080.jpg\",\"contentUrl\":\"https:\\\/\\\/denhelder.online\\\/wp-content\\\/uploads\\\/2025\\\/04\\\/d5d870f1-aa7d-453d-8e8e-fd07505bee60-Summer_Beachlife_1920x1080.jpg\",\"width\":1920,\"height\":1080,\"caption\":\"Wethouder Camara op het strand waar een interview wordt afgenomen voor het evenement Summer BeachLife\"},{\"@type\":\"BreadcrumbList\",\"@id\":\"https:\\\/\\\/denhelder.online\\\/actueel\\\/summer-beachevent\\\/#breadcrumb\",\"itemListElement\":[{\"@type\":\"ListItem\",\"position\":1,\"name\":\"Home\",\"item\":\"https:\\\/\\\/denhelder.online\\\/\"},{\"@type\":\"ListItem\",\"position\":2,\"name\":\"Actueel\",\"item\":\"https:\\\/\\\/denhelder.online\\\/en\\\/current\\\/\"},{\"@type\":\"ListItem\",\"position\":3,\"name\":\"Summer Beachevent\"}]},{\"@type\":\"WebSite\",\"@id\":\"https:\\\/\\\/denhelder.online\\\/#website\",\"url\":\"https:\\\/\\\/denhelder.online\\\/\",\"name\":\"Den Helder Online\",\"description\":\"Beleef Den Helder\",\"publisher\":{\"@id\":\"https:\\\/\\\/denhelder.online\\\/#organization\"},\"potentialAction\":[{\"@type\":\"SearchAction\",\"target\":{\"@type\":\"EntryPoint\",\"urlTemplate\":\"https:\\\/\\\/denhelder.online\\\/?s={search_term_string}\"},\"query-input\":{\"@type\":\"PropertyValueSpecification\",\"valueRequired\":true,\"valueName\":\"search_term_string\"}}],\"inLanguage\":\"de\"},{\"@type\":\"Organization\",\"@id\":\"https:\\\/\\\/denhelder.online\\\/#organization\",\"name\":\"Den Helder Online\",\"url\":\"https:\\\/\\\/denhelder.online\\\/\",\"logo\":{\"@type\":\"ImageObject\",\"inLanguage\":\"de\",\"@id\":\"https:\\\/\\\/denhelder.online\\\/#\\\/schema\\\/logo\\\/image\\\/\",\"url\":\"https:\\\/\\\/denhelder.online\\\/wp-content\\\/uploads\\\/2021\\\/12\\\/DitIsDH-Logo-26-tagline.svg\",\"contentUrl\":\"https:\\\/\\\/denhelder.online\\\/wp-content\\\/uploads\\\/2021\\\/12\\\/DitIsDH-Logo-26-tagline.svg\",\"width\":1717.0999999999999,\"height\":934.89999999999998,\"caption\":\"Den Helder Online\"},\"image\":{\"@id\":\"https:\\\/\\\/denhelder.online\\\/#\\\/schema\\\/logo\\\/image\\\/\"}}]}<\/script>\n<!-- \/ Yoast SEO Premium plugin. -->","yoast_head_json":{"title":"Sommer-Strand-Event \u2013 Den Helder Online","robots":{"index":"index","follow":"follow","max-snippet":"max-snippet:-1","max-image-preview":"max-image-preview:large","max-video-preview":"max-video-preview:-1"},"canonical":"https:\/\/denhelder.online\/de\/aktuell\/sommerstrandveranstaltung\/","og_locale":"de_DE","og_type":"article","og_title":"Summer Beachevent","og_description":"Den Helder heeft kilometers aan prachtige stranden en binnenkort wordt het nog mooier. Van donderdag 4 tot en met zondag 7 juli toveren wij ons strand, ter hoogte van Beachclub Citadel, om tot een bruisende locatie voor een onvergetelijk strandevenement: Summer Beachlife 2024.","og_url":"https:\/\/denhelder.online\/de\/aktuell\/sommerstrandveranstaltung\/","og_site_name":"Den Helder Online","article_modified_time":"2025-04-29T14:35:02+00:00","og_image":[{"width":1920,"height":1080,"url":"https:\/\/denhelder.online\/wp-content\/uploads\/2025\/04\/d5d870f1-aa7d-453d-8e8e-fd07505bee60-Summer_Beachlife_1920x1080.jpg","type":"image\/jpeg"}],"twitter_card":"summary_large_image","twitter_misc":{"Gesch\u00e4tzte Lesezeit":"2\u00a0Minuten"},"schema":{"@context":"https:\/\/schema.org","@graph":[{"@type":"WebPage","@id":"https:\/\/denhelder.online\/actueel\/summer-beachevent\/","url":"https:\/\/denhelder.online\/actueel\/summer-beachevent\/","name":"Sommer-Strand-Event \u2013 Den Helder Online","isPartOf":{"@id":"https:\/\/denhelder.online\/#website"},"primaryImageOfPage":{"@id":"https:\/\/denhelder.online\/actueel\/summer-beachevent\/#primaryimage"},"image":{"@id":"https:\/\/denhelder.online\/actueel\/summer-beachevent\/#primaryimage"},"thumbnailUrl":"https:\/\/denhelder.online\/wp-content\/uploads\/2025\/04\/d5d870f1-aa7d-453d-8e8e-fd07505bee60-Summer_Beachlife_1920x1080.jpg","datePublished":"2024-02-29T15:34:52+00:00","dateModified":"2025-04-29T14:35:02+00:00","breadcrumb":{"@id":"https:\/\/denhelder.online\/actueel\/summer-beachevent\/#breadcrumb"},"inLanguage":"de","potentialAction":[{"@type":"ReadAction","target":["https:\/\/denhelder.online\/actueel\/summer-beachevent\/"]}]},{"@type":"ImageObject","inLanguage":"de","@id":"https:\/\/denhelder.online\/actueel\/summer-beachevent\/#primaryimage","url":"https:\/\/denhelder.online\/wp-content\/uploads\/2025\/04\/d5d870f1-aa7d-453d-8e8e-fd07505bee60-Summer_Beachlife_1920x1080.jpg","contentUrl":"https:\/\/denhelder.online\/wp-content\/uploads\/2025\/04\/d5d870f1-aa7d-453d-8e8e-fd07505bee60-Summer_Beachlife_1920x1080.jpg","width":1920,"height":1080,"caption":"Wethouder Camara op het strand waar een interview wordt afgenomen voor het evenement Summer BeachLife"},{"@type":"BreadcrumbList","@id":"https:\/\/denhelder.online\/actueel\/summer-beachevent\/#breadcrumb","itemListElement":[{"@type":"ListItem","position":1,"name":"Home","item":"https:\/\/denhelder.online\/"},{"@type":"ListItem","position":2,"name":"Actueel","item":"https:\/\/denhelder.online\/en\/current\/"},{"@type":"ListItem","position":3,"name":"Summer Beachevent"}]},{"@type":"WebSite","@id":"https:\/\/denhelder.online\/#website","url":"https:\/\/denhelder.online\/","name":"Den Helder Online","description":"Erleben Sie Den Helder","publisher":{"@id":"https:\/\/denhelder.online\/#organization"},"potentialAction":[{"@type":"SearchAction","target":{"@type":"EntryPoint","urlTemplate":"https:\/\/denhelder.online\/?s={search_term_string}"},"query-input":{"@type":"PropertyValueSpecification","valueRequired":true,"valueName":"search_term_string"}}],"inLanguage":"de"},{"@type":"Organization","@id":"https:\/\/denhelder.online\/#organization","name":"Den Helder Online","url":"https:\/\/denhelder.online\/","logo":{"@type":"ImageObject","inLanguage":"de","@id":"https:\/\/denhelder.online\/#\/schema\/logo\/image\/","url":"https:\/\/denhelder.online\/wp-content\/uploads\/2021\/12\/DitIsDH-Logo-26-tagline.svg","contentUrl":"https:\/\/denhelder.online\/wp-content\/uploads\/2021\/12\/DitIsDH-Logo-26-tagline.svg","width":1717.0999999999999,"height":934.89999999999998,"caption":"Den Helder Online"},"image":{"@id":"https:\/\/denhelder.online\/#\/schema\/logo\/image\/"}}]}},"_links":{"self":[{"href":"https:\/\/denhelder.online\/de\/wp-json\/wp\/v2\/actueel\/10944","targetHints":{"allow":["GET"]}}],"collection":[{"href":"https:\/\/denhelder.online\/de\/wp-json\/wp\/v2\/actueel"}],"about":[{"href":"https:\/\/denhelder.online\/de\/wp-json\/wp\/v2\/types\/actueel"}],"author":[{"embeddable":true,"href":"https:\/\/denhelder.online\/de\/wp-json\/wp\/v2\/users\/4"}],"wp:featuredmedia":[{"embeddable":true,"href":"https:\/\/denhelder.online\/de\/wp-json\/wp\/v2\/media\/10945"}],"wp:attachment":[{"href":"https:\/\/denhelder.online\/de\/wp-json\/wp\/v2\/media?parent=10944"}],"wp:term":[{"taxonomy":"doelgroep","embeddable":true,"href":"https:\/\/denhelder.online\/de\/wp-json\/wp\/v2\/doelgroep?post=10944"}],"curies":[{"name":"wp","href":"https:\/\/api.w.org\/{rel}","templated":true}]}}