{"id":10948,"date":"2024-02-29T16:38:03","date_gmt":"2024-02-29T15:38:03","guid":{"rendered":"https:\/\/denhelder.online\/?post_type=actueel&#038;p=10948"},"modified":"2025-04-29T16:38:12","modified_gmt":"2025-04-29T14:38:12","slug":"entdecken-sie-blumen-vogel-und-schmetterlinge-in-nollen-zuid-bei-den-helder","status":"publish","type":"actueel","link":"https:\/\/denhelder.online\/de\/actueel\/ontdek-bloemen-vogels-en-vlinders-in-nollen-zuid-bij-den-helder\/","title":{"rendered":"Entdecken Sie Blumen, V\u00f6gel und Schmetterlinge in Nollen-Zuid bei Den Helder"},"content":{"rendered":"<p>Am Samstag, dem 6. Juli, k\u00f6nnen Sie mit dem Naturf\u00fchrer von Landschap Noord-Holland durch Nollen-Zuid spazieren, das fr\u00fcher ein langweiliges Blumenzwiebelgebiet war und heute mit seinen einzigartigen salztoleranten Pflanzen eine wahre Bereicherung f\u00fcr die Landschaft darstellt.<b><br \/>\n<\/b><\/p>\n<p><b>Von einem alten Blumenzwiebelfeld zu wundersch\u00f6nen D\u00fcnen<br \/>\n<\/b>Direkt neben dem Bahnhof Den Helder-Zuid befindet sich das Naturschutzgebiet Nollen-Zuid. Es liegt auf einem Gel\u00e4nde, das einst als \u00dcbungsplatz des Milit\u00e4rs, als Motocross-Strecke und sp\u00e4ter als Blumenzwiebelfeld genutzt wurde.<br \/>\nZu Beginn dieses Jahrhunderts gestaltete die Landschaftsagentur Nordholland das Gebiet mit D\u00fcnen und Feuchtt\u00e4lern neu. Es gibt viele \u00dcberg\u00e4nge von trocken zu feucht.<br \/>\nBei der Erschlie\u00dfung des Gebiets wurde der alte Wattenmeerboden wieder an die Oberfl\u00e4che gebracht, wodurch viele Pflanzenarten, die salzige Bedingungen bevorzugen, wie zum Beispiel die Strandaster, wachsen konnten.<\/p>\n<p>Samstagnachmittag, der 6.<sup>e<\/sup>\u00a0Im Juli wird Sie der Guide durch das Gebiet f\u00fchren und gemeinsam werden Sie entdecken, wie sich die Natur in den letzten 20 Jahren entwickelt hat.<br \/>\nErfreuen Sie sich an den wundersch\u00f6nen Blumen und, je nach Wetterlage, an den Schmetterlingen. Und nat\u00fcrlich f\u00fchlen sich auch verschiedene Vogelarten hier wohl.<b><br \/>\n<\/b>Bitte beachten Sie: Dieser Ausflug bezieht sich auf das Naturschutzgebiet und nicht auf den Skulpturenpark des K\u00fcnstlers Rudi van de Wint, der sich gegen\u00fcber befindet.<b><\/b><\/p>\n<p><b>Wann:<\/b>\u00a0Samstag, 6. Juli 2024, von 13:00 bis 15:00 Uhr<br \/>\n<b>Abfahrtsort:<\/b>\u00a0Burgermeester Ritmeesterweg; in der N\u00e4he der Station Den Helder-Zuid<\/p>\n<p>Weitere Informationen und Reservierungsm\u00f6glichkeiten finden Sie hier:\u00a0<a href=\"http:\/\/www.gaatumee.nl\/\" rel=\"noopener noreferrer\" data-auth=\"NotApplicable\" data-linkindex=\"0\">www.gaatumee.nl<\/a><\/p>","protected":false},"excerpt":{"rendered":"<p>Am Samstag, dem 6. Juli, k\u00f6nnen Sie mit dem Naturf\u00fchrer von Landschap Noord-Holland durch Nollen-Zuid spazieren, das fr\u00fcher ein langweiliges Blumenzwiebelgebiet war und heute mit seinen einzigartigen salztoleranten Pflanzen eine wahre Bereicherung f\u00fcr die Landschaft darstellt.<\/p>","protected":false},"author":4,"featured_media":10949,"template":"","doelgroep":[6027,6028,6029],"class_list":["post-10948","actueel","type-actueel","status-publish","has-post-thumbnail","hentry","elementor_library_category-activiteiten","doelgroep-inwoner","doelgroep-inwoner-regio","doelgroep-toerist"],"yoast_head":"<!-- This site is optimized with the Yoast SEO Premium plugin v24.7 (Yoast SEO v27.5) - https:\/\/yoast.com\/product\/yoast-seo-premium-wordpress\/ -->\n<title>Ontdek bloemen, vogels en vlinders in Nollen-Zuid bij Den Helder - Den Helder Online<\/title>\n<meta name=\"robots\" content=\"index, follow, max-snippet:-1, max-image-preview:large, max-video-preview:-1\" \/>\n<link rel=\"canonical\" href=\"https:\/\/denhelder.online\/de\/aktuell\/entdecken-sie-blumen-vogel-und-schmetterlinge-in-nollen-zuid-bei-den-helder\/\" \/>\n<meta property=\"og:locale\" content=\"de_DE\" \/>\n<meta property=\"og:type\" content=\"article\" \/>\n<meta property=\"og:title\" content=\"Ontdek bloemen, vogels en vlinders in Nollen-Zuid bij Den Helder\" \/>\n<meta property=\"og:description\" content=\"Struin zaterdag 6 juli met de natuurgids van Landschap Noord-Holland door Nollen-Zuid, voorheen saai bollenland, nu een aanwinst voor het landschap, met bijzondere zilte planten.\" \/>\n<meta property=\"og:url\" content=\"https:\/\/denhelder.online\/de\/aktuell\/entdecken-sie-blumen-vogel-und-schmetterlinge-in-nollen-zuid-bei-den-helder\/\" \/>\n<meta property=\"og:site_name\" content=\"Den Helder Online\" \/>\n<meta property=\"article:modified_time\" content=\"2025-04-29T14:38:12+00:00\" \/>\n<meta property=\"og:image\" content=\"https:\/\/denhelder.online\/wp-content\/uploads\/2025\/04\/35464c6f-7499-4cd0-9a57-a99c4af6d02f-thumbnail_Zeeaster_Gerard_Bos_1920x1080.jpg\" \/>\n\t<meta property=\"og:image:width\" content=\"1920\" \/>\n\t<meta property=\"og:image:height\" content=\"1080\" \/>\n\t<meta property=\"og:image:type\" content=\"image\/jpeg\" \/>\n<meta name=\"twitter:card\" content=\"summary_large_image\" \/>\n<meta name=\"twitter:label1\" content=\"Gesch\u00e4tzte Lesezeit\" \/>\n\t<meta name=\"twitter:data1\" content=\"2\u00a0Minuten\" \/>\n<script type=\"application\/ld+json\" class=\"yoast-schema-graph\">{\"@context\":\"https:\\\/\\\/schema.org\",\"@graph\":[{\"@type\":\"WebPage\",\"@id\":\"https:\\\/\\\/denhelder.online\\\/actueel\\\/ontdek-bloemen-vogels-en-vlinders-in-nollen-zuid-bij-den-helder\\\/\",\"url\":\"https:\\\/\\\/denhelder.online\\\/actueel\\\/ontdek-bloemen-vogels-en-vlinders-in-nollen-zuid-bij-den-helder\\\/\",\"name\":\"Ontdek bloemen, vogels en vlinders in Nollen-Zuid bij Den Helder - Den Helder Online\",\"isPartOf\":{\"@id\":\"https:\\\/\\\/denhelder.online\\\/#website\"},\"primaryImageOfPage\":{\"@id\":\"https:\\\/\\\/denhelder.online\\\/actueel\\\/ontdek-bloemen-vogels-en-vlinders-in-nollen-zuid-bij-den-helder\\\/#primaryimage\"},\"image\":{\"@id\":\"https:\\\/\\\/denhelder.online\\\/actueel\\\/ontdek-bloemen-vogels-en-vlinders-in-nollen-zuid-bij-den-helder\\\/#primaryimage\"},\"thumbnailUrl\":\"https:\\\/\\\/denhelder.online\\\/wp-content\\\/uploads\\\/2025\\\/04\\\/35464c6f-7499-4cd0-9a57-a99c4af6d02f-thumbnail_Zeeaster_Gerard_Bos_1920x1080.jpg\",\"datePublished\":\"2024-02-29T15:38:03+00:00\",\"dateModified\":\"2025-04-29T14:38:12+00:00\",\"breadcrumb\":{\"@id\":\"https:\\\/\\\/denhelder.online\\\/actueel\\\/ontdek-bloemen-vogels-en-vlinders-in-nollen-zuid-bij-den-helder\\\/#breadcrumb\"},\"inLanguage\":\"de\",\"potentialAction\":[{\"@type\":\"ReadAction\",\"target\":[\"https:\\\/\\\/denhelder.online\\\/actueel\\\/ontdek-bloemen-vogels-en-vlinders-in-nollen-zuid-bij-den-helder\\\/\"]}]},{\"@type\":\"ImageObject\",\"inLanguage\":\"de\",\"@id\":\"https:\\\/\\\/denhelder.online\\\/actueel\\\/ontdek-bloemen-vogels-en-vlinders-in-nollen-zuid-bij-den-helder\\\/#primaryimage\",\"url\":\"https:\\\/\\\/denhelder.online\\\/wp-content\\\/uploads\\\/2025\\\/04\\\/35464c6f-7499-4cd0-9a57-a99c4af6d02f-thumbnail_Zeeaster_Gerard_Bos_1920x1080.jpg\",\"contentUrl\":\"https:\\\/\\\/denhelder.online\\\/wp-content\\\/uploads\\\/2025\\\/04\\\/35464c6f-7499-4cd0-9a57-a99c4af6d02f-thumbnail_Zeeaster_Gerard_Bos_1920x1080.jpg\",\"width\":1920,\"height\":1080,\"caption\":\"Fauna in de grafelijkheidsduinen in Den Helder met roze plantjes en water\"},{\"@type\":\"BreadcrumbList\",\"@id\":\"https:\\\/\\\/denhelder.online\\\/actueel\\\/ontdek-bloemen-vogels-en-vlinders-in-nollen-zuid-bij-den-helder\\\/#breadcrumb\",\"itemListElement\":[{\"@type\":\"ListItem\",\"position\":1,\"name\":\"Home\",\"item\":\"https:\\\/\\\/denhelder.online\\\/\"},{\"@type\":\"ListItem\",\"position\":2,\"name\":\"Actueel\",\"item\":\"https:\\\/\\\/denhelder.online\\\/en\\\/current\\\/\"},{\"@type\":\"ListItem\",\"position\":3,\"name\":\"Ontdek bloemen, vogels en vlinders in Nollen-Zuid bij Den Helder\"}]},{\"@type\":\"WebSite\",\"@id\":\"https:\\\/\\\/denhelder.online\\\/#website\",\"url\":\"https:\\\/\\\/denhelder.online\\\/\",\"name\":\"Den Helder Online\",\"description\":\"Beleef Den Helder\",\"publisher\":{\"@id\":\"https:\\\/\\\/denhelder.online\\\/#organization\"},\"potentialAction\":[{\"@type\":\"SearchAction\",\"target\":{\"@type\":\"EntryPoint\",\"urlTemplate\":\"https:\\\/\\\/denhelder.online\\\/?s={search_term_string}\"},\"query-input\":{\"@type\":\"PropertyValueSpecification\",\"valueRequired\":true,\"valueName\":\"search_term_string\"}}],\"inLanguage\":\"de\"},{\"@type\":\"Organization\",\"@id\":\"https:\\\/\\\/denhelder.online\\\/#organization\",\"name\":\"Den Helder Online\",\"url\":\"https:\\\/\\\/denhelder.online\\\/\",\"logo\":{\"@type\":\"ImageObject\",\"inLanguage\":\"de\",\"@id\":\"https:\\\/\\\/denhelder.online\\\/#\\\/schema\\\/logo\\\/image\\\/\",\"url\":\"https:\\\/\\\/denhelder.online\\\/wp-content\\\/uploads\\\/2021\\\/12\\\/DitIsDH-Logo-26-tagline.svg\",\"contentUrl\":\"https:\\\/\\\/denhelder.online\\\/wp-content\\\/uploads\\\/2021\\\/12\\\/DitIsDH-Logo-26-tagline.svg\",\"width\":1717.0999999999999,\"height\":934.89999999999998,\"caption\":\"Den Helder Online\"},\"image\":{\"@id\":\"https:\\\/\\\/denhelder.online\\\/#\\\/schema\\\/logo\\\/image\\\/\"}}]}<\/script>\n<!-- \/ Yoast SEO Premium plugin. -->","yoast_head_json":{"title":"Entdecken Sie Blumen, V\u00f6gel und Schmetterlinge in Nollen-Zuid bei Den Helder - Den Helder Online","robots":{"index":"index","follow":"follow","max-snippet":"max-snippet:-1","max-image-preview":"max-image-preview:large","max-video-preview":"max-video-preview:-1"},"canonical":"https:\/\/denhelder.online\/de\/aktuell\/entdecken-sie-blumen-vogel-und-schmetterlinge-in-nollen-zuid-bei-den-helder\/","og_locale":"de_DE","og_type":"article","og_title":"Ontdek bloemen, vogels en vlinders in Nollen-Zuid bij Den Helder","og_description":"Struin zaterdag 6 juli met de natuurgids van Landschap Noord-Holland door Nollen-Zuid, voorheen saai bollenland, nu een aanwinst voor het landschap, met bijzondere zilte planten.","og_url":"https:\/\/denhelder.online\/de\/aktuell\/entdecken-sie-blumen-vogel-und-schmetterlinge-in-nollen-zuid-bei-den-helder\/","og_site_name":"Den Helder Online","article_modified_time":"2025-04-29T14:38:12+00:00","og_image":[{"width":1920,"height":1080,"url":"https:\/\/denhelder.online\/wp-content\/uploads\/2025\/04\/35464c6f-7499-4cd0-9a57-a99c4af6d02f-thumbnail_Zeeaster_Gerard_Bos_1920x1080.jpg","type":"image\/jpeg"}],"twitter_card":"summary_large_image","twitter_misc":{"Gesch\u00e4tzte Lesezeit":"2\u00a0Minuten"},"schema":{"@context":"https:\/\/schema.org","@graph":[{"@type":"WebPage","@id":"https:\/\/denhelder.online\/actueel\/ontdek-bloemen-vogels-en-vlinders-in-nollen-zuid-bij-den-helder\/","url":"https:\/\/denhelder.online\/actueel\/ontdek-bloemen-vogels-en-vlinders-in-nollen-zuid-bij-den-helder\/","name":"Entdecken Sie Blumen, V\u00f6gel und Schmetterlinge in Nollen-Zuid bei Den Helder - Den Helder Online","isPartOf":{"@id":"https:\/\/denhelder.online\/#website"},"primaryImageOfPage":{"@id":"https:\/\/denhelder.online\/actueel\/ontdek-bloemen-vogels-en-vlinders-in-nollen-zuid-bij-den-helder\/#primaryimage"},"image":{"@id":"https:\/\/denhelder.online\/actueel\/ontdek-bloemen-vogels-en-vlinders-in-nollen-zuid-bij-den-helder\/#primaryimage"},"thumbnailUrl":"https:\/\/denhelder.online\/wp-content\/uploads\/2025\/04\/35464c6f-7499-4cd0-9a57-a99c4af6d02f-thumbnail_Zeeaster_Gerard_Bos_1920x1080.jpg","datePublished":"2024-02-29T15:38:03+00:00","dateModified":"2025-04-29T14:38:12+00:00","breadcrumb":{"@id":"https:\/\/denhelder.online\/actueel\/ontdek-bloemen-vogels-en-vlinders-in-nollen-zuid-bij-den-helder\/#breadcrumb"},"inLanguage":"de","potentialAction":[{"@type":"ReadAction","target":["https:\/\/denhelder.online\/actueel\/ontdek-bloemen-vogels-en-vlinders-in-nollen-zuid-bij-den-helder\/"]}]},{"@type":"ImageObject","inLanguage":"de","@id":"https:\/\/denhelder.online\/actueel\/ontdek-bloemen-vogels-en-vlinders-in-nollen-zuid-bij-den-helder\/#primaryimage","url":"https:\/\/denhelder.online\/wp-content\/uploads\/2025\/04\/35464c6f-7499-4cd0-9a57-a99c4af6d02f-thumbnail_Zeeaster_Gerard_Bos_1920x1080.jpg","contentUrl":"https:\/\/denhelder.online\/wp-content\/uploads\/2025\/04\/35464c6f-7499-4cd0-9a57-a99c4af6d02f-thumbnail_Zeeaster_Gerard_Bos_1920x1080.jpg","width":1920,"height":1080,"caption":"Fauna in de grafelijkheidsduinen in Den Helder met roze plantjes en water"},{"@type":"BreadcrumbList","@id":"https:\/\/denhelder.online\/actueel\/ontdek-bloemen-vogels-en-vlinders-in-nollen-zuid-bij-den-helder\/#breadcrumb","itemListElement":[{"@type":"ListItem","position":1,"name":"Home","item":"https:\/\/denhelder.online\/"},{"@type":"ListItem","position":2,"name":"Actueel","item":"https:\/\/denhelder.online\/en\/current\/"},{"@type":"ListItem","position":3,"name":"Ontdek bloemen, vogels en vlinders in Nollen-Zuid bij Den Helder"}]},{"@type":"WebSite","@id":"https:\/\/denhelder.online\/#website","url":"https:\/\/denhelder.online\/","name":"Den Helder Online","description":"Erleben Sie Den Helder","publisher":{"@id":"https:\/\/denhelder.online\/#organization"},"potentialAction":[{"@type":"SearchAction","target":{"@type":"EntryPoint","urlTemplate":"https:\/\/denhelder.online\/?s={search_term_string}"},"query-input":{"@type":"PropertyValueSpecification","valueRequired":true,"valueName":"search_term_string"}}],"inLanguage":"de"},{"@type":"Organization","@id":"https:\/\/denhelder.online\/#organization","name":"Den Helder Online","url":"https:\/\/denhelder.online\/","logo":{"@type":"ImageObject","inLanguage":"de","@id":"https:\/\/denhelder.online\/#\/schema\/logo\/image\/","url":"https:\/\/denhelder.online\/wp-content\/uploads\/2021\/12\/DitIsDH-Logo-26-tagline.svg","contentUrl":"https:\/\/denhelder.online\/wp-content\/uploads\/2021\/12\/DitIsDH-Logo-26-tagline.svg","width":1717.0999999999999,"height":934.89999999999998,"caption":"Den Helder Online"},"image":{"@id":"https:\/\/denhelder.online\/#\/schema\/logo\/image\/"}}]}},"_links":{"self":[{"href":"https:\/\/denhelder.online\/de\/wp-json\/wp\/v2\/actueel\/10948","targetHints":{"allow":["GET"]}}],"collection":[{"href":"https:\/\/denhelder.online\/de\/wp-json\/wp\/v2\/actueel"}],"about":[{"href":"https:\/\/denhelder.online\/de\/wp-json\/wp\/v2\/types\/actueel"}],"author":[{"embeddable":true,"href":"https:\/\/denhelder.online\/de\/wp-json\/wp\/v2\/users\/4"}],"wp:featuredmedia":[{"embeddable":true,"href":"https:\/\/denhelder.online\/de\/wp-json\/wp\/v2\/media\/10949"}],"wp:attachment":[{"href":"https:\/\/denhelder.online\/de\/wp-json\/wp\/v2\/media?parent=10948"}],"wp:term":[{"taxonomy":"doelgroep","embeddable":true,"href":"https:\/\/denhelder.online\/de\/wp-json\/wp\/v2\/doelgroep?post=10948"}],"curies":[{"name":"wp","href":"https:\/\/api.w.org\/{rel}","templated":true}]}}