{"id":10950,"date":"2024-02-29T16:39:06","date_gmt":"2024-02-29T15:39:06","guid":{"rendered":"https:\/\/denhelder.online\/?post_type=actueel&#038;p=10950"},"modified":"2025-04-29T16:39:58","modified_gmt":"2025-04-29T14:39:58","slug":"liander-starkt-das-stromnetz-in-der-gemeinde-den-helder","status":"publish","type":"actueel","link":"https:\/\/denhelder.online\/de\/actueel\/liander-versterkt-het-stroomnet-in-de-gemeente-den-helder\/","title":{"rendered":"Liander st\u00e4rkt das Stromnetz in der Gemeinde Den Helder"},"content":{"rendered":"<p>Ab Fr\u00fchjahr 2025 wird Liander in den kommenden Jahren in verschiedenen Teilen des Landes die Stromnetze \u00fcbernehmen.<br \/>\nGemeinde Den Helder. Liander beginnt mit der St\u00e4rkung des Stromnetzes in Julianadorp.<br \/>\nOsten. Weitere Stadtteile und Bezirke folgen sp\u00e4ter.<\/p>\n<p>Mit Lianders Ansatz wird das gesamte Stromnetz in der Region gleichzeitig angegangen. Das bedeutet, dass<br \/>\nweniger Unannehmlichkeiten f\u00fcr die Anwohner. In Julianadorp Oost, neu<br \/>\nEs werden Umspannwerke gebaut und Liander verlegt neue Kabel. Dadurch wird das Stromnetz leistungsf\u00e4higer.<br \/>\nund kann es auch in Zukunft den steigenden Strombedarf decken?.<\/p>\n<p><strong>Ein zuverl\u00e4ssiges Stromnetz<\/strong><br \/>\nDie Niederlande wachsen und ver\u00e4ndern sich. Wir verbrauchen immer mehr Strom und erzeugen ihn selbst.<br \/>\neinschlie\u00dflich der Beleuchtung und Heizung unserer Wohnungen, des elektrischen Kochens und des Aufladens von<br \/>\nAutos. Dies f\u00fchrt zu einer \u00dcberlastung des Stromnetzes. Um auch in Zukunft Strom aus der Steckdose beziehen zu k\u00f6nnen,<br \/>\nLiander verbessert das Stromnetz in den gesamten Niederlanden.<\/p>\n<p><strong>Alle Den Helder-Z\u00fcge<\/strong><br \/>\nIn den n\u00e4chsten f\u00fcnfzehn Jahren wird Liander auch das Stromnetz in allen Stadtteilen und Vierteln der Gemeinde Den \u00fcbernehmen.<br \/>\nGanz klar. Das Viertel, in dem Liander in den n\u00e4chsten zwei Jahren mit dem Nachbarschaftsansatz arbeiten wird, ist das<br \/>\n\u00d6stliche Seite von Julianadorp und Kruiszwin 1 bis 5. Dies ist auf die Kapazit\u00e4t und das Alter der<br \/>\nNiederspannungsnetz. Der Zeitplan f\u00fcr Den Helder nach 2025 ist noch nicht bekannt.<\/p>\n<p><strong>Liander informiert die Bewohner<\/strong><br \/>\nLiander informiert die Anwohner \u00fcber die Pl\u00e4ne f\u00fcr das gesamte Viertel. W\u00e4hrend der Verbesserung des<br \/>\nAnwohner k\u00f6nnen mit Beeintr\u00e4chtigungen rechnen. An manchen Stellen werden Gehwege oder Stra\u00dfen f\u00fcr \u2026 ge\u00f6ffnet.<br \/>\nVerlegung der Kabel. Wenn die neuen Kabel oder ein Umspannwerk in Betrieb genommen werden.<br \/>\nEs kann zu einem mehrst\u00fcndigen Stromausfall kommen. Liander wird dies rechtzeitig ank\u00fcndigen. Liander wird pr\u00fcfen, ob dies der Fall ist.<br \/>\ngemeinsam mit der Gemeinde, in der zus\u00e4tzliche Umspannwerke ben\u00f6tigt werden, wo diese errichtet werden k\u00f6nnen und wie sie realisiert werden k\u00f6nnen<br \/>\nDie Aktivit\u00e4ten k\u00f6nnen mit allen anderen Aktivit\u00e4ten kombiniert werden.<\/p>\n<p>Stadtr\u00e4tin Petra Bais (Wohnungsbau) freut sich \u00fcber Lianders bevorstehenden Baubeginn: \u201eDas beobachten wir bei Neubauprojekten.\u201c<br \/>\nOder bei Genehmigungsantr\u00e4gen von Unternehmern sto\u00dfen wir an die Grenzen des Netzwerks.<br \/>\nDiese Erweiterung ist notwendig und h\u00f6chst w\u00fcnschenswert.\u201d Nachhaltigkeitsstadtrat Peter van Diepen f\u00fcgt hinzu:<br \/>\n,\u201eDie Zukunft ist in vielerlei Hinsicht elektrischer. Diese Erweiterung stellt sicher, dass unsere Gemeinde<br \/>\n\u201dausreichende Energie f\u00fcr die weitere Nachhaltigkeit von Den Helder.\u201c<\/p>\n<p><strong>Weitere Informationen<\/strong><br \/>\nM\u00f6chten Sie mehr Informationen \u00fcber das Nachbarschaftskonzept oder Umspannwerke? Dann schauen Sie sich Folgendes an:<br \/>\n<a href=\"https:\/\/www.liander.nl\/buurtaanpak\" target=\"_blank\" rel=\"noopener\">www.liander.nl\/buurtaanpak<\/a><\/p>\n<p>Bevor die Arbeiten in dem Gebiet beginnen, erhalten die Anwohner Informationen von Liander per Post.<\/p>","protected":false},"excerpt":{"rendered":"<p>Ab Fr\u00fchjahr 2025 wird Liander in den kommenden Jahren in verschiedenen Teilen des Landes die Stromnetze \u00fcbernehmen.<br \/>\nGemeinde Den Helder. Liander beginnt mit der St\u00e4rkung des Stromnetzes in Julianadorp.<br \/>\nOsten. Weitere Stadtteile und Bezirke folgen sp\u00e4ter.<\/p>","protected":false},"author":4,"featured_media":10951,"template":"","doelgroep":[6027,6028],"class_list":["post-10950","actueel","type-actueel","status-publish","has-post-thumbnail","hentry","elementor_library_category-cultuur","doelgroep-inwoner","doelgroep-inwoner-regio"],"yoast_head":"<!-- This site is optimized with the Yoast SEO Premium plugin v24.7 (Yoast SEO v27.5) - https:\/\/yoast.com\/product\/yoast-seo-premium-wordpress\/ -->\n<title>Liander versterkt het stroomnet in de gemeente Den Helder - Den Helder Online<\/title>\n<meta name=\"robots\" content=\"index, follow, max-snippet:-1, max-image-preview:large, max-video-preview:-1\" \/>\n<link rel=\"canonical\" href=\"https:\/\/denhelder.online\/de\/aktuell\/liander-starkt-das-stromnetz-in-der-gemeinde-den-helder\/\" \/>\n<meta property=\"og:locale\" content=\"de_DE\" \/>\n<meta property=\"og:type\" content=\"article\" \/>\n<meta property=\"og:title\" content=\"Liander versterkt het stroomnet in de gemeente Den Helder\" \/>\n<meta property=\"og:description\" content=\"Vanaf voorjaar 2025 pakt Liander de komende jaren het stroomnet in verschillende delen in de gemeente Den Helder aan. Liander start met het versterken van het stroomnet in Julianadorp Oost. Andere wijken en buurten volgen later.\" \/>\n<meta property=\"og:url\" content=\"https:\/\/denhelder.online\/de\/aktuell\/liander-starkt-das-stromnetz-in-der-gemeinde-den-helder\/\" \/>\n<meta property=\"og:site_name\" content=\"Den Helder Online\" \/>\n<meta property=\"article:modified_time\" content=\"2025-04-29T14:39:58+00:00\" \/>\n<meta property=\"og:image\" content=\"https:\/\/denhelder.online\/wp-content\/uploads\/2024\/02\/2ea827d0-af75-4f8b-b2a6-da797facbc6a-Den-Helder-haven-FJ0T6820_1920x1080.jpg\" \/>\n\t<meta property=\"og:image:width\" content=\"1920\" \/>\n\t<meta property=\"og:image:height\" content=\"1080\" \/>\n\t<meta property=\"og:image:type\" content=\"image\/jpeg\" \/>\n<meta name=\"twitter:card\" content=\"summary_large_image\" \/>\n<meta name=\"twitter:label1\" content=\"Gesch\u00e4tzte Lesezeit\" \/>\n\t<meta name=\"twitter:data1\" content=\"2\u00a0Minuten\" \/>\n<script type=\"application\/ld+json\" class=\"yoast-schema-graph\">{\"@context\":\"https:\\\/\\\/schema.org\",\"@graph\":[{\"@type\":\"WebPage\",\"@id\":\"https:\\\/\\\/denhelder.online\\\/actueel\\\/liander-versterkt-het-stroomnet-in-de-gemeente-den-helder\\\/\",\"url\":\"https:\\\/\\\/denhelder.online\\\/actueel\\\/liander-versterkt-het-stroomnet-in-de-gemeente-den-helder\\\/\",\"name\":\"Liander versterkt het stroomnet in de gemeente Den Helder - Den Helder Online\",\"isPartOf\":{\"@id\":\"https:\\\/\\\/denhelder.online\\\/#website\"},\"primaryImageOfPage\":{\"@id\":\"https:\\\/\\\/denhelder.online\\\/actueel\\\/liander-versterkt-het-stroomnet-in-de-gemeente-den-helder\\\/#primaryimage\"},\"image\":{\"@id\":\"https:\\\/\\\/denhelder.online\\\/actueel\\\/liander-versterkt-het-stroomnet-in-de-gemeente-den-helder\\\/#primaryimage\"},\"thumbnailUrl\":\"https:\\\/\\\/denhelder.online\\\/wp-content\\\/uploads\\\/2024\\\/02\\\/2ea827d0-af75-4f8b-b2a6-da797facbc6a-Den-Helder-haven-FJ0T6820_1920x1080.jpg\",\"datePublished\":\"2024-02-29T15:39:06+00:00\",\"dateModified\":\"2025-04-29T14:39:58+00:00\",\"breadcrumb\":{\"@id\":\"https:\\\/\\\/denhelder.online\\\/actueel\\\/liander-versterkt-het-stroomnet-in-de-gemeente-den-helder\\\/#breadcrumb\"},\"inLanguage\":\"de\",\"potentialAction\":[{\"@type\":\"ReadAction\",\"target\":[\"https:\\\/\\\/denhelder.online\\\/actueel\\\/liander-versterkt-het-stroomnet-in-de-gemeente-den-helder\\\/\"]}]},{\"@type\":\"ImageObject\",\"inLanguage\":\"de\",\"@id\":\"https:\\\/\\\/denhelder.online\\\/actueel\\\/liander-versterkt-het-stroomnet-in-de-gemeente-den-helder\\\/#primaryimage\",\"url\":\"https:\\\/\\\/denhelder.online\\\/wp-content\\\/uploads\\\/2024\\\/02\\\/2ea827d0-af75-4f8b-b2a6-da797facbc6a-Den-Helder-haven-FJ0T6820_1920x1080.jpg\",\"contentUrl\":\"https:\\\/\\\/denhelder.online\\\/wp-content\\\/uploads\\\/2024\\\/02\\\/2ea827d0-af75-4f8b-b2a6-da797facbc6a-Den-Helder-haven-FJ0T6820_1920x1080.jpg\",\"width\":1920,\"height\":1080,\"caption\":\"Luchtfoto Haven van Den Helder\"},{\"@type\":\"BreadcrumbList\",\"@id\":\"https:\\\/\\\/denhelder.online\\\/actueel\\\/liander-versterkt-het-stroomnet-in-de-gemeente-den-helder\\\/#breadcrumb\",\"itemListElement\":[{\"@type\":\"ListItem\",\"position\":1,\"name\":\"Home\",\"item\":\"https:\\\/\\\/denhelder.online\\\/\"},{\"@type\":\"ListItem\",\"position\":2,\"name\":\"Actueel\",\"item\":\"https:\\\/\\\/denhelder.online\\\/en\\\/current\\\/\"},{\"@type\":\"ListItem\",\"position\":3,\"name\":\"Liander versterkt het stroomnet in de gemeente Den Helder\"}]},{\"@type\":\"WebSite\",\"@id\":\"https:\\\/\\\/denhelder.online\\\/#website\",\"url\":\"https:\\\/\\\/denhelder.online\\\/\",\"name\":\"Den Helder Online\",\"description\":\"Beleef Den Helder\",\"publisher\":{\"@id\":\"https:\\\/\\\/denhelder.online\\\/#organization\"},\"potentialAction\":[{\"@type\":\"SearchAction\",\"target\":{\"@type\":\"EntryPoint\",\"urlTemplate\":\"https:\\\/\\\/denhelder.online\\\/?s={search_term_string}\"},\"query-input\":{\"@type\":\"PropertyValueSpecification\",\"valueRequired\":true,\"valueName\":\"search_term_string\"}}],\"inLanguage\":\"de\"},{\"@type\":\"Organization\",\"@id\":\"https:\\\/\\\/denhelder.online\\\/#organization\",\"name\":\"Den Helder Online\",\"url\":\"https:\\\/\\\/denhelder.online\\\/\",\"logo\":{\"@type\":\"ImageObject\",\"inLanguage\":\"de\",\"@id\":\"https:\\\/\\\/denhelder.online\\\/#\\\/schema\\\/logo\\\/image\\\/\",\"url\":\"https:\\\/\\\/denhelder.online\\\/wp-content\\\/uploads\\\/2021\\\/12\\\/DitIsDH-Logo-26-tagline.svg\",\"contentUrl\":\"https:\\\/\\\/denhelder.online\\\/wp-content\\\/uploads\\\/2021\\\/12\\\/DitIsDH-Logo-26-tagline.svg\",\"width\":1717.0999999999999,\"height\":934.89999999999998,\"caption\":\"Den Helder Online\"},\"image\":{\"@id\":\"https:\\\/\\\/denhelder.online\\\/#\\\/schema\\\/logo\\\/image\\\/\"}}]}<\/script>\n<!-- \/ Yoast SEO Premium plugin. -->","yoast_head_json":{"title":"Liander st\u00e4rkt das Stromnetz in der Gemeinde Den Helder - Den Helder Online","robots":{"index":"index","follow":"follow","max-snippet":"max-snippet:-1","max-image-preview":"max-image-preview:large","max-video-preview":"max-video-preview:-1"},"canonical":"https:\/\/denhelder.online\/de\/aktuell\/liander-starkt-das-stromnetz-in-der-gemeinde-den-helder\/","og_locale":"de_DE","og_type":"article","og_title":"Liander versterkt het stroomnet in de gemeente Den Helder","og_description":"Vanaf voorjaar 2025 pakt Liander de komende jaren het stroomnet in verschillende delen in de gemeente Den Helder aan. Liander start met het versterken van het stroomnet in Julianadorp Oost. Andere wijken en buurten volgen later.","og_url":"https:\/\/denhelder.online\/de\/aktuell\/liander-starkt-das-stromnetz-in-der-gemeinde-den-helder\/","og_site_name":"Den Helder Online","article_modified_time":"2025-04-29T14:39:58+00:00","og_image":[{"width":1920,"height":1080,"url":"https:\/\/denhelder.online\/wp-content\/uploads\/2024\/02\/2ea827d0-af75-4f8b-b2a6-da797facbc6a-Den-Helder-haven-FJ0T6820_1920x1080.jpg","type":"image\/jpeg"}],"twitter_card":"summary_large_image","twitter_misc":{"Gesch\u00e4tzte Lesezeit":"2\u00a0Minuten"},"schema":{"@context":"https:\/\/schema.org","@graph":[{"@type":"WebPage","@id":"https:\/\/denhelder.online\/actueel\/liander-versterkt-het-stroomnet-in-de-gemeente-den-helder\/","url":"https:\/\/denhelder.online\/actueel\/liander-versterkt-het-stroomnet-in-de-gemeente-den-helder\/","name":"Liander st\u00e4rkt das Stromnetz in der Gemeinde Den Helder - Den Helder Online","isPartOf":{"@id":"https:\/\/denhelder.online\/#website"},"primaryImageOfPage":{"@id":"https:\/\/denhelder.online\/actueel\/liander-versterkt-het-stroomnet-in-de-gemeente-den-helder\/#primaryimage"},"image":{"@id":"https:\/\/denhelder.online\/actueel\/liander-versterkt-het-stroomnet-in-de-gemeente-den-helder\/#primaryimage"},"thumbnailUrl":"https:\/\/denhelder.online\/wp-content\/uploads\/2024\/02\/2ea827d0-af75-4f8b-b2a6-da797facbc6a-Den-Helder-haven-FJ0T6820_1920x1080.jpg","datePublished":"2024-02-29T15:39:06+00:00","dateModified":"2025-04-29T14:39:58+00:00","breadcrumb":{"@id":"https:\/\/denhelder.online\/actueel\/liander-versterkt-het-stroomnet-in-de-gemeente-den-helder\/#breadcrumb"},"inLanguage":"de","potentialAction":[{"@type":"ReadAction","target":["https:\/\/denhelder.online\/actueel\/liander-versterkt-het-stroomnet-in-de-gemeente-den-helder\/"]}]},{"@type":"ImageObject","inLanguage":"de","@id":"https:\/\/denhelder.online\/actueel\/liander-versterkt-het-stroomnet-in-de-gemeente-den-helder\/#primaryimage","url":"https:\/\/denhelder.online\/wp-content\/uploads\/2024\/02\/2ea827d0-af75-4f8b-b2a6-da797facbc6a-Den-Helder-haven-FJ0T6820_1920x1080.jpg","contentUrl":"https:\/\/denhelder.online\/wp-content\/uploads\/2024\/02\/2ea827d0-af75-4f8b-b2a6-da797facbc6a-Den-Helder-haven-FJ0T6820_1920x1080.jpg","width":1920,"height":1080,"caption":"Luchtfoto Haven van Den Helder"},{"@type":"BreadcrumbList","@id":"https:\/\/denhelder.online\/actueel\/liander-versterkt-het-stroomnet-in-de-gemeente-den-helder\/#breadcrumb","itemListElement":[{"@type":"ListItem","position":1,"name":"Home","item":"https:\/\/denhelder.online\/"},{"@type":"ListItem","position":2,"name":"Actueel","item":"https:\/\/denhelder.online\/en\/current\/"},{"@type":"ListItem","position":3,"name":"Liander versterkt het stroomnet in de gemeente Den Helder"}]},{"@type":"WebSite","@id":"https:\/\/denhelder.online\/#website","url":"https:\/\/denhelder.online\/","name":"Den Helder Online","description":"Erleben Sie Den Helder","publisher":{"@id":"https:\/\/denhelder.online\/#organization"},"potentialAction":[{"@type":"SearchAction","target":{"@type":"EntryPoint","urlTemplate":"https:\/\/denhelder.online\/?s={search_term_string}"},"query-input":{"@type":"PropertyValueSpecification","valueRequired":true,"valueName":"search_term_string"}}],"inLanguage":"de"},{"@type":"Organization","@id":"https:\/\/denhelder.online\/#organization","name":"Den Helder Online","url":"https:\/\/denhelder.online\/","logo":{"@type":"ImageObject","inLanguage":"de","@id":"https:\/\/denhelder.online\/#\/schema\/logo\/image\/","url":"https:\/\/denhelder.online\/wp-content\/uploads\/2021\/12\/DitIsDH-Logo-26-tagline.svg","contentUrl":"https:\/\/denhelder.online\/wp-content\/uploads\/2021\/12\/DitIsDH-Logo-26-tagline.svg","width":1717.0999999999999,"height":934.89999999999998,"caption":"Den Helder Online"},"image":{"@id":"https:\/\/denhelder.online\/#\/schema\/logo\/image\/"}}]}},"_links":{"self":[{"href":"https:\/\/denhelder.online\/de\/wp-json\/wp\/v2\/actueel\/10950","targetHints":{"allow":["GET"]}}],"collection":[{"href":"https:\/\/denhelder.online\/de\/wp-json\/wp\/v2\/actueel"}],"about":[{"href":"https:\/\/denhelder.online\/de\/wp-json\/wp\/v2\/types\/actueel"}],"author":[{"embeddable":true,"href":"https:\/\/denhelder.online\/de\/wp-json\/wp\/v2\/users\/4"}],"wp:featuredmedia":[{"embeddable":true,"href":"https:\/\/denhelder.online\/de\/wp-json\/wp\/v2\/media\/10951"}],"wp:attachment":[{"href":"https:\/\/denhelder.online\/de\/wp-json\/wp\/v2\/media?parent=10950"}],"wp:term":[{"taxonomy":"doelgroep","embeddable":true,"href":"https:\/\/denhelder.online\/de\/wp-json\/wp\/v2\/doelgroep?post=10950"}],"curies":[{"name":"wp","href":"https:\/\/api.w.org\/{rel}","templated":true}]}}