{"id":10952,"date":"2024-02-29T16:41:10","date_gmt":"2024-02-29T15:41:10","guid":{"rendered":"https:\/\/denhelder.online\/?post_type=actueel&#038;p=10952"},"modified":"2025-04-29T16:41:22","modified_gmt":"2025-04-29T14:41:22","slug":"kustenbusfahrplan","status":"publish","type":"actueel","link":"https:\/\/denhelder.online\/de\/actueel\/dienstregeling-kustbus\/","title":{"rendered":"K\u00fcstenbusfahrplan"},"content":{"rendered":"<p>Die Gemeinden Den Helder und Schagen haben sich zusammengeschlossen, um sicherzustellen, dass der Kustbus auch diesen Sommer zwischen Petten und Den Helder verkehrt. Der Kustbus f\u00e4hrt von Anfang Juli bis September, und die Fahrt ist kostenlos.<\/p>\n<p><strong>Zeitplan<\/strong><\/p>\n<p>Den Fahrplan finden Sie unter\u00a0<a href=\"http:\/\/www.kustbus.nl\" target=\"_new\" rel=\"noreferrer\">www.kustbus.nl<\/a>\u00a0und an den verschiedenen Haltestellenschildern. Der Fahrplan wird auch in die Reise-App 9292 eingetragen. Der Bus ist barrierefrei und bietet Platz f\u00fcr Rollstuhlfahrer und Kinderwagen. Er verf\u00fcgt \u00fcber 40 Steh- und 40 Sitzpl\u00e4tze.<\/p>","protected":false},"excerpt":{"rendered":"<p>Die Gemeinden Den Helder und Schagen haben sich zusammengeschlossen, um sicherzustellen, dass der Kustbus auch diesen Sommer zwischen Petten und Den Helder verkehrt. Der Kustbus f\u00e4hrt von Anfang Juli bis September, und die Fahrt ist kostenlos.<\/p>","protected":false},"author":4,"featured_media":10953,"template":"","doelgroep":[6027,6028],"class_list":["post-10952","actueel","type-actueel","status-publish","has-post-thumbnail","hentry","elementor_library_category-cultuur","doelgroep-inwoner","doelgroep-inwoner-regio"],"yoast_head":"<!-- This site is optimized with the Yoast SEO Premium plugin v24.7 (Yoast SEO v27.5) - https:\/\/yoast.com\/product\/yoast-seo-premium-wordpress\/ -->\n<title>Dienstregeling Kustbus - Den Helder Online<\/title>\n<meta name=\"robots\" content=\"index, follow, max-snippet:-1, max-image-preview:large, max-video-preview:-1\" \/>\n<link rel=\"canonical\" href=\"https:\/\/denhelder.online\/de\/aktuell\/kustenbusfahrplan\/\" \/>\n<meta property=\"og:locale\" content=\"de_DE\" \/>\n<meta property=\"og:type\" content=\"article\" \/>\n<meta property=\"og:title\" content=\"Dienstregeling Kustbus\" \/>\n<meta property=\"og:description\" content=\"De gemeenten Den Helder en Schagen hebben de handen ineengeslagen om ervoor te zorgen dat ook deze zomer de Kustbus rijdt tussen Petten en Den Helder. De Kustbus rijdt van begin juli tot september en reizigers hoeven geen kaartje te kopen, de busrit is gratis.\" \/>\n<meta property=\"og:url\" content=\"https:\/\/denhelder.online\/de\/aktuell\/kustenbusfahrplan\/\" \/>\n<meta property=\"og:site_name\" content=\"Den Helder Online\" \/>\n<meta property=\"article:modified_time\" content=\"2025-04-29T14:41:22+00:00\" \/>\n<meta property=\"og:image\" content=\"https:\/\/denhelder.online\/wp-content\/uploads\/2025\/04\/2822628c-2832-4732-9a45-b29b23701069-448825105_903522405124454_1601773748688649370_n_1920x1080.jpg\" \/>\n\t<meta property=\"og:image:width\" content=\"1920\" \/>\n\t<meta property=\"og:image:height\" content=\"1080\" \/>\n\t<meta property=\"og:image:type\" content=\"image\/jpeg\" \/>\n<meta name=\"twitter:card\" content=\"summary_large_image\" \/>\n<meta name=\"twitter:label1\" content=\"Gesch\u00e4tzte Lesezeit\" \/>\n\t<meta name=\"twitter:data1\" content=\"1\u00a0Minute\" \/>\n<script type=\"application\/ld+json\" class=\"yoast-schema-graph\">{\"@context\":\"https:\\\/\\\/schema.org\",\"@graph\":[{\"@type\":\"WebPage\",\"@id\":\"https:\\\/\\\/denhelder.online\\\/actueel\\\/dienstregeling-kustbus\\\/\",\"url\":\"https:\\\/\\\/denhelder.online\\\/actueel\\\/dienstregeling-kustbus\\\/\",\"name\":\"Dienstregeling Kustbus - Den Helder Online\",\"isPartOf\":{\"@id\":\"https:\\\/\\\/denhelder.online\\\/#website\"},\"primaryImageOfPage\":{\"@id\":\"https:\\\/\\\/denhelder.online\\\/actueel\\\/dienstregeling-kustbus\\\/#primaryimage\"},\"image\":{\"@id\":\"https:\\\/\\\/denhelder.online\\\/actueel\\\/dienstregeling-kustbus\\\/#primaryimage\"},\"thumbnailUrl\":\"https:\\\/\\\/denhelder.online\\\/wp-content\\\/uploads\\\/2025\\\/04\\\/2822628c-2832-4732-9a45-b29b23701069-448825105_903522405124454_1601773748688649370_n_1920x1080.jpg\",\"datePublished\":\"2024-02-29T15:41:10+00:00\",\"dateModified\":\"2025-04-29T14:41:22+00:00\",\"breadcrumb\":{\"@id\":\"https:\\\/\\\/denhelder.online\\\/actueel\\\/dienstregeling-kustbus\\\/#breadcrumb\"},\"inLanguage\":\"de\",\"potentialAction\":[{\"@type\":\"ReadAction\",\"target\":[\"https:\\\/\\\/denhelder.online\\\/actueel\\\/dienstregeling-kustbus\\\/\"]}]},{\"@type\":\"ImageObject\",\"inLanguage\":\"de\",\"@id\":\"https:\\\/\\\/denhelder.online\\\/actueel\\\/dienstregeling-kustbus\\\/#primaryimage\",\"url\":\"https:\\\/\\\/denhelder.online\\\/wp-content\\\/uploads\\\/2025\\\/04\\\/2822628c-2832-4732-9a45-b29b23701069-448825105_903522405124454_1601773748688649370_n_1920x1080.jpg\",\"contentUrl\":\"https:\\\/\\\/denhelder.online\\\/wp-content\\\/uploads\\\/2025\\\/04\\\/2822628c-2832-4732-9a45-b29b23701069-448825105_903522405124454_1601773748688649370_n_1920x1080.jpg\",\"width\":1920,\"height\":1080,\"caption\":\"Kustbus vanaf Den Helder die bij het land van Fluwel staat\"},{\"@type\":\"BreadcrumbList\",\"@id\":\"https:\\\/\\\/denhelder.online\\\/actueel\\\/dienstregeling-kustbus\\\/#breadcrumb\",\"itemListElement\":[{\"@type\":\"ListItem\",\"position\":1,\"name\":\"Home\",\"item\":\"https:\\\/\\\/denhelder.online\\\/\"},{\"@type\":\"ListItem\",\"position\":2,\"name\":\"Actueel\",\"item\":\"https:\\\/\\\/denhelder.online\\\/en\\\/current\\\/\"},{\"@type\":\"ListItem\",\"position\":3,\"name\":\"Dienstregeling Kustbus\"}]},{\"@type\":\"WebSite\",\"@id\":\"https:\\\/\\\/denhelder.online\\\/#website\",\"url\":\"https:\\\/\\\/denhelder.online\\\/\",\"name\":\"Den Helder Online\",\"description\":\"Beleef Den Helder\",\"publisher\":{\"@id\":\"https:\\\/\\\/denhelder.online\\\/#organization\"},\"potentialAction\":[{\"@type\":\"SearchAction\",\"target\":{\"@type\":\"EntryPoint\",\"urlTemplate\":\"https:\\\/\\\/denhelder.online\\\/?s={search_term_string}\"},\"query-input\":{\"@type\":\"PropertyValueSpecification\",\"valueRequired\":true,\"valueName\":\"search_term_string\"}}],\"inLanguage\":\"de\"},{\"@type\":\"Organization\",\"@id\":\"https:\\\/\\\/denhelder.online\\\/#organization\",\"name\":\"Den Helder Online\",\"url\":\"https:\\\/\\\/denhelder.online\\\/\",\"logo\":{\"@type\":\"ImageObject\",\"inLanguage\":\"de\",\"@id\":\"https:\\\/\\\/denhelder.online\\\/#\\\/schema\\\/logo\\\/image\\\/\",\"url\":\"https:\\\/\\\/denhelder.online\\\/wp-content\\\/uploads\\\/2021\\\/12\\\/DitIsDH-Logo-26-tagline.svg\",\"contentUrl\":\"https:\\\/\\\/denhelder.online\\\/wp-content\\\/uploads\\\/2021\\\/12\\\/DitIsDH-Logo-26-tagline.svg\",\"width\":1717.0999999999999,\"height\":934.89999999999998,\"caption\":\"Den Helder Online\"},\"image\":{\"@id\":\"https:\\\/\\\/denhelder.online\\\/#\\\/schema\\\/logo\\\/image\\\/\"}}]}<\/script>\n<!-- \/ Yoast SEO Premium plugin. -->","yoast_head_json":{"title":"Fahrplan der K\u00fcstenbusse - Den Helder Online","robots":{"index":"index","follow":"follow","max-snippet":"max-snippet:-1","max-image-preview":"max-image-preview:large","max-video-preview":"max-video-preview:-1"},"canonical":"https:\/\/denhelder.online\/de\/aktuell\/kustenbusfahrplan\/","og_locale":"de_DE","og_type":"article","og_title":"Dienstregeling Kustbus","og_description":"De gemeenten Den Helder en Schagen hebben de handen ineengeslagen om ervoor te zorgen dat ook deze zomer de Kustbus rijdt tussen Petten en Den Helder. De Kustbus rijdt van begin juli tot september en reizigers hoeven geen kaartje te kopen, de busrit is gratis.","og_url":"https:\/\/denhelder.online\/de\/aktuell\/kustenbusfahrplan\/","og_site_name":"Den Helder Online","article_modified_time":"2025-04-29T14:41:22+00:00","og_image":[{"width":1920,"height":1080,"url":"https:\/\/denhelder.online\/wp-content\/uploads\/2025\/04\/2822628c-2832-4732-9a45-b29b23701069-448825105_903522405124454_1601773748688649370_n_1920x1080.jpg","type":"image\/jpeg"}],"twitter_card":"summary_large_image","twitter_misc":{"Gesch\u00e4tzte Lesezeit":"1\u00a0Minute"},"schema":{"@context":"https:\/\/schema.org","@graph":[{"@type":"WebPage","@id":"https:\/\/denhelder.online\/actueel\/dienstregeling-kustbus\/","url":"https:\/\/denhelder.online\/actueel\/dienstregeling-kustbus\/","name":"Fahrplan der K\u00fcstenbusse - Den Helder Online","isPartOf":{"@id":"https:\/\/denhelder.online\/#website"},"primaryImageOfPage":{"@id":"https:\/\/denhelder.online\/actueel\/dienstregeling-kustbus\/#primaryimage"},"image":{"@id":"https:\/\/denhelder.online\/actueel\/dienstregeling-kustbus\/#primaryimage"},"thumbnailUrl":"https:\/\/denhelder.online\/wp-content\/uploads\/2025\/04\/2822628c-2832-4732-9a45-b29b23701069-448825105_903522405124454_1601773748688649370_n_1920x1080.jpg","datePublished":"2024-02-29T15:41:10+00:00","dateModified":"2025-04-29T14:41:22+00:00","breadcrumb":{"@id":"https:\/\/denhelder.online\/actueel\/dienstregeling-kustbus\/#breadcrumb"},"inLanguage":"de","potentialAction":[{"@type":"ReadAction","target":["https:\/\/denhelder.online\/actueel\/dienstregeling-kustbus\/"]}]},{"@type":"ImageObject","inLanguage":"de","@id":"https:\/\/denhelder.online\/actueel\/dienstregeling-kustbus\/#primaryimage","url":"https:\/\/denhelder.online\/wp-content\/uploads\/2025\/04\/2822628c-2832-4732-9a45-b29b23701069-448825105_903522405124454_1601773748688649370_n_1920x1080.jpg","contentUrl":"https:\/\/denhelder.online\/wp-content\/uploads\/2025\/04\/2822628c-2832-4732-9a45-b29b23701069-448825105_903522405124454_1601773748688649370_n_1920x1080.jpg","width":1920,"height":1080,"caption":"Kustbus vanaf Den Helder die bij het land van Fluwel staat"},{"@type":"BreadcrumbList","@id":"https:\/\/denhelder.online\/actueel\/dienstregeling-kustbus\/#breadcrumb","itemListElement":[{"@type":"ListItem","position":1,"name":"Home","item":"https:\/\/denhelder.online\/"},{"@type":"ListItem","position":2,"name":"Actueel","item":"https:\/\/denhelder.online\/en\/current\/"},{"@type":"ListItem","position":3,"name":"Dienstregeling Kustbus"}]},{"@type":"WebSite","@id":"https:\/\/denhelder.online\/#website","url":"https:\/\/denhelder.online\/","name":"Den Helder Online","description":"Erleben Sie Den Helder","publisher":{"@id":"https:\/\/denhelder.online\/#organization"},"potentialAction":[{"@type":"SearchAction","target":{"@type":"EntryPoint","urlTemplate":"https:\/\/denhelder.online\/?s={search_term_string}"},"query-input":{"@type":"PropertyValueSpecification","valueRequired":true,"valueName":"search_term_string"}}],"inLanguage":"de"},{"@type":"Organization","@id":"https:\/\/denhelder.online\/#organization","name":"Den Helder Online","url":"https:\/\/denhelder.online\/","logo":{"@type":"ImageObject","inLanguage":"de","@id":"https:\/\/denhelder.online\/#\/schema\/logo\/image\/","url":"https:\/\/denhelder.online\/wp-content\/uploads\/2021\/12\/DitIsDH-Logo-26-tagline.svg","contentUrl":"https:\/\/denhelder.online\/wp-content\/uploads\/2021\/12\/DitIsDH-Logo-26-tagline.svg","width":1717.0999999999999,"height":934.89999999999998,"caption":"Den Helder Online"},"image":{"@id":"https:\/\/denhelder.online\/#\/schema\/logo\/image\/"}}]}},"_links":{"self":[{"href":"https:\/\/denhelder.online\/de\/wp-json\/wp\/v2\/actueel\/10952","targetHints":{"allow":["GET"]}}],"collection":[{"href":"https:\/\/denhelder.online\/de\/wp-json\/wp\/v2\/actueel"}],"about":[{"href":"https:\/\/denhelder.online\/de\/wp-json\/wp\/v2\/types\/actueel"}],"author":[{"embeddable":true,"href":"https:\/\/denhelder.online\/de\/wp-json\/wp\/v2\/users\/4"}],"wp:featuredmedia":[{"embeddable":true,"href":"https:\/\/denhelder.online\/de\/wp-json\/wp\/v2\/media\/10953"}],"wp:attachment":[{"href":"https:\/\/denhelder.online\/de\/wp-json\/wp\/v2\/media?parent=10952"}],"wp:term":[{"taxonomy":"doelgroep","embeddable":true,"href":"https:\/\/denhelder.online\/de\/wp-json\/wp\/v2\/doelgroep?post=10952"}],"curies":[{"name":"wp","href":"https:\/\/api.w.org\/{rel}","templated":true}]}}