{"id":10954,"date":"2024-02-29T16:42:56","date_gmt":"2024-02-29T15:42:56","guid":{"rendered":"https:\/\/denhelder.online\/?post_type=actueel&#038;p=10954"},"modified":"2025-04-29T16:43:05","modified_gmt":"2025-04-29T14:43:05","slug":"erster-elektrischer-strandrollstuhl-in-den-helder","status":"publish","type":"actueel","link":"https:\/\/denhelder.online\/de\/actueel\/eerste-elektrische-strandrolstoel-in-den-helder\/","title":{"rendered":"Erster elektrischer Strandrollstuhl in Den Helder"},"content":{"rendered":"<p>Eine Premiere f\u00fcr den Den Helder: Der erste elektrische Den Helder wurde am Freitag am Strand von Duinoord zu Wasser gelassen.<br \/>\nDer Strandrollstuhl wird in Betrieb genommen. Der Rollstuhl steht im Beachclub Citadel bis Ende September zur Verf\u00fcgung.<br \/>\nist auf Anfrage erh\u00e4ltlich. Nach September wird die dreimonatige Probezeit \u00fcberpr\u00fcft.<br \/>\nDie Entwicklung wird fortgesetzt. Die Anschaffung des Elektrorollstuhls wird durch eine Kooperation erm\u00f6glicht.<br \/>\nzwischen der Gemeinde, der Noordkop Beach Exploitation Foundation (SSN) und dem Beach Club Citadel.<br \/>\nDie feierliche Er\u00f6ffnung fand unter den wachsamen Augen der Stadtr\u00e4tin f\u00fcr Inklusion, Tessa Augustijn, statt.,<br \/>\nSSN-Strandmanager Eric den Boer und Jan und Margreet Dronkers, die Besitzer des Beachclubs<br \/>\nZitadelle.<\/p>\n<p>Strand besser zug\u00e4nglich<\/p>\n<p>Stadtrat Augustijn freut sich \u00fcber diesen Meilenstein: \u201cMit der Einf\u00fchrung dieses elektrischen Strandrollstuhls,<br \/>\nWir gestalten den Strand noch zug\u00e4nglicher f\u00fcr alle. Wir hoffen, dass diese Testphase erfolgreich verlaufen wird.<br \/>\nFortschritte erzielen, und dass wir in Zukunft mehr dieser Rollst\u00fchle anbieten k\u00f6nnen.\u201d<\/p>\n<p>Ein gro\u00dfer Schritt nach vorn<\/p>\n<p>Eric den Boer von SSN betont die Wichtigkeit des elektrischen Strandrollstuhls: \u201cDas ist ein gro\u00dfer Schritt<br \/>\nFortschritte bei der Schaffung eines f\u00fcr alle zug\u00e4nglichen Zugangs zu unseren wundersch\u00f6nen Str\u00e4nden. Wir sind neugierig auf die<br \/>\nNutzererfahrungen und sind offen f\u00fcr Feedback, um diesen Service weiter zu verbessern.\u201d<br \/>\nFalls der elektrische Strandrollstuhl unerwartet ausf\u00e4llt und zur\u00fcckgeholt werden muss, wird die SSN dies veranlassen.<\/p>\n<p>Ein Tag am Strand f\u00fcr alle<\/p>\n<p>Der Beachclub Citadel verwaltet und lagert Rollst\u00fchle. Citadel nimmt auch Reservierungen entgegen.<br \/>\nDer elektrische Strandrollstuhl kann telefonisch unter 0223-621143 reserviert werden und ist<br \/>\nVerf\u00fcgbar w\u00e4hrend der \u00d6ffnungszeiten des Strandclubs. Die Inhaber Jan und Margreet Dronkers erkl\u00e4ren<br \/>\nWarum sie gerne an der Initiative teilnehmen: \u2018Wir bei Citadel finden es wichtig, dass jeder daran teilhaben kann.\u2019<br \/>\nUnabh\u00e4ngig von ihren k\u00f6rperlichen F\u00e4higkeiten k\u00f6nnen alle Menschen einen Tag am Strand genie\u00dfen. Mit dem elektrischen Strandrollstuhl hoffen wir, dass dies m\u00f6glich wird.<br \/>\nWir k\u00f6nnen noch mehr Besuchern einen wundersch\u00f6nen Tag am Strand bieten.\u201d<\/p>\n<p>Zus\u00e4tzlicher Komfort<\/p>\n<p>Auf der Zitadelle war bereits ein Strandrollstuhl im Einsatz. Dieser wird durch eine elektrische Version ersetzt.<br \/>\nDies bietet zus\u00e4tzlichen Komfort f\u00fcr Menschen mit Behinderungen. Zus\u00e4tzlich zum Strandrollstuhl im Beachclub Citadel<br \/>\nAu\u00dferdem gibt es einen Strandrollstuhl am Zandloper und einen weiteren am Strandzugang Julianadorp.<\/p>","protected":false},"excerpt":{"rendered":"<p>Eine Premiere f\u00fcr den Den Helder: Der erste elektrische Den Helder wurde am Freitag am Strand von Duinoord zu Wasser gelassen.<br \/>\nDer Strandrollstuhl wird in Betrieb genommen. Der Rollstuhl steht im Beachclub Citadel bis Ende September zur Verf\u00fcgung.<br \/>\nis op reservering beschikbaar.<\/p>","protected":false},"author":4,"featured_media":10955,"template":"","doelgroep":[6027,6028,6029],"class_list":["post-10954","actueel","type-actueel","status-publish","has-post-thumbnail","hentry","elementor_library_category-activiteiten","elementor_library_category-cultuur","doelgroep-inwoner","doelgroep-inwoner-regio","doelgroep-toerist"],"yoast_head":"<!-- This site is optimized with the Yoast SEO Premium plugin v24.7 (Yoast SEO v27.5) - https:\/\/yoast.com\/product\/yoast-seo-premium-wordpress\/ -->\n<title>Eerste elektrische strandrolstoel in Den Helder - Den Helder Online<\/title>\n<meta name=\"robots\" content=\"index, follow, max-snippet:-1, max-image-preview:large, max-video-preview:-1\" \/>\n<link rel=\"canonical\" href=\"https:\/\/denhelder.online\/de\/aktuell\/erster-elektrischer-strandrollstuhl-in-den-helder\/\" \/>\n<meta property=\"og:locale\" content=\"de_DE\" \/>\n<meta property=\"og:type\" content=\"article\" \/>\n<meta property=\"og:title\" content=\"Eerste elektrische strandrolstoel in Den Helder\" \/>\n<meta property=\"og:description\" content=\"Een primeur voor Den Helder: op het strand bij Duinoord is vrijdag de eerste elektrische strandrolstoel in gebruik genomen. De rolstoel staat tot eind september bij Beachclub Citadel en is op reservering beschikbaar.\" \/>\n<meta property=\"og:url\" content=\"https:\/\/denhelder.online\/de\/aktuell\/erster-elektrischer-strandrollstuhl-in-den-helder\/\" \/>\n<meta property=\"og:site_name\" content=\"Den Helder Online\" \/>\n<meta property=\"article:modified_time\" content=\"2025-04-29T14:43:05+00:00\" \/>\n<meta property=\"og:image\" content=\"https:\/\/denhelder.online\/wp-content\/uploads\/2025\/04\/8814138d-1e16-4b12-9f02-62b3bf0310a1-Foto_elektrische_rolstoel_1920x1080.jpg\" \/>\n\t<meta property=\"og:image:width\" content=\"1920\" \/>\n\t<meta property=\"og:image:height\" content=\"1080\" \/>\n\t<meta property=\"og:image:type\" content=\"image\/jpeg\" \/>\n<meta name=\"twitter:card\" content=\"summary_large_image\" \/>\n<meta name=\"twitter:label1\" content=\"Gesch\u00e4tzte Lesezeit\" \/>\n\t<meta name=\"twitter:data1\" content=\"2\u00a0Minuten\" \/>\n<script type=\"application\/ld+json\" class=\"yoast-schema-graph\">{\"@context\":\"https:\\\/\\\/schema.org\",\"@graph\":[{\"@type\":\"WebPage\",\"@id\":\"https:\\\/\\\/denhelder.online\\\/actueel\\\/eerste-elektrische-strandrolstoel-in-den-helder\\\/\",\"url\":\"https:\\\/\\\/denhelder.online\\\/actueel\\\/eerste-elektrische-strandrolstoel-in-den-helder\\\/\",\"name\":\"Eerste elektrische strandrolstoel in Den Helder - Den Helder Online\",\"isPartOf\":{\"@id\":\"https:\\\/\\\/denhelder.online\\\/#website\"},\"primaryImageOfPage\":{\"@id\":\"https:\\\/\\\/denhelder.online\\\/actueel\\\/eerste-elektrische-strandrolstoel-in-den-helder\\\/#primaryimage\"},\"image\":{\"@id\":\"https:\\\/\\\/denhelder.online\\\/actueel\\\/eerste-elektrische-strandrolstoel-in-den-helder\\\/#primaryimage\"},\"thumbnailUrl\":\"https:\\\/\\\/denhelder.online\\\/wp-content\\\/uploads\\\/2025\\\/04\\\/8814138d-1e16-4b12-9f02-62b3bf0310a1-Foto_elektrische_rolstoel_1920x1080.jpg\",\"datePublished\":\"2024-02-29T15:42:56+00:00\",\"dateModified\":\"2025-04-29T14:43:05+00:00\",\"breadcrumb\":{\"@id\":\"https:\\\/\\\/denhelder.online\\\/actueel\\\/eerste-elektrische-strandrolstoel-in-den-helder\\\/#breadcrumb\"},\"inLanguage\":\"de\",\"potentialAction\":[{\"@type\":\"ReadAction\",\"target\":[\"https:\\\/\\\/denhelder.online\\\/actueel\\\/eerste-elektrische-strandrolstoel-in-den-helder\\\/\"]}]},{\"@type\":\"ImageObject\",\"inLanguage\":\"de\",\"@id\":\"https:\\\/\\\/denhelder.online\\\/actueel\\\/eerste-elektrische-strandrolstoel-in-den-helder\\\/#primaryimage\",\"url\":\"https:\\\/\\\/denhelder.online\\\/wp-content\\\/uploads\\\/2025\\\/04\\\/8814138d-1e16-4b12-9f02-62b3bf0310a1-Foto_elektrische_rolstoel_1920x1080.jpg\",\"contentUrl\":\"https:\\\/\\\/denhelder.online\\\/wp-content\\\/uploads\\\/2025\\\/04\\\/8814138d-1e16-4b12-9f02-62b3bf0310a1-Foto_elektrische_rolstoel_1920x1080.jpg\",\"width\":1920,\"height\":1080,\"caption\":\"Strandrolstoel bij Beachclub Citadel op het strand.\"},{\"@type\":\"BreadcrumbList\",\"@id\":\"https:\\\/\\\/denhelder.online\\\/actueel\\\/eerste-elektrische-strandrolstoel-in-den-helder\\\/#breadcrumb\",\"itemListElement\":[{\"@type\":\"ListItem\",\"position\":1,\"name\":\"Home\",\"item\":\"https:\\\/\\\/denhelder.online\\\/\"},{\"@type\":\"ListItem\",\"position\":2,\"name\":\"Actueel\",\"item\":\"https:\\\/\\\/denhelder.online\\\/en\\\/current\\\/\"},{\"@type\":\"ListItem\",\"position\":3,\"name\":\"Eerste elektrische strandrolstoel in Den Helder\"}]},{\"@type\":\"WebSite\",\"@id\":\"https:\\\/\\\/denhelder.online\\\/#website\",\"url\":\"https:\\\/\\\/denhelder.online\\\/\",\"name\":\"Den Helder Online\",\"description\":\"Beleef Den Helder\",\"publisher\":{\"@id\":\"https:\\\/\\\/denhelder.online\\\/#organization\"},\"potentialAction\":[{\"@type\":\"SearchAction\",\"target\":{\"@type\":\"EntryPoint\",\"urlTemplate\":\"https:\\\/\\\/denhelder.online\\\/?s={search_term_string}\"},\"query-input\":{\"@type\":\"PropertyValueSpecification\",\"valueRequired\":true,\"valueName\":\"search_term_string\"}}],\"inLanguage\":\"de\"},{\"@type\":\"Organization\",\"@id\":\"https:\\\/\\\/denhelder.online\\\/#organization\",\"name\":\"Den Helder Online\",\"url\":\"https:\\\/\\\/denhelder.online\\\/\",\"logo\":{\"@type\":\"ImageObject\",\"inLanguage\":\"de\",\"@id\":\"https:\\\/\\\/denhelder.online\\\/#\\\/schema\\\/logo\\\/image\\\/\",\"url\":\"https:\\\/\\\/denhelder.online\\\/wp-content\\\/uploads\\\/2021\\\/12\\\/DitIsDH-Logo-26-tagline.svg\",\"contentUrl\":\"https:\\\/\\\/denhelder.online\\\/wp-content\\\/uploads\\\/2021\\\/12\\\/DitIsDH-Logo-26-tagline.svg\",\"width\":1717.0999999999999,\"height\":934.89999999999998,\"caption\":\"Den Helder Online\"},\"image\":{\"@id\":\"https:\\\/\\\/denhelder.online\\\/#\\\/schema\\\/logo\\\/image\\\/\"}}]}<\/script>\n<!-- \/ Yoast SEO Premium plugin. -->","yoast_head_json":{"title":"Erster elektrischer Strandrollstuhl in Den Helder - Den Helder Online","robots":{"index":"index","follow":"follow","max-snippet":"max-snippet:-1","max-image-preview":"max-image-preview:large","max-video-preview":"max-video-preview:-1"},"canonical":"https:\/\/denhelder.online\/de\/aktuell\/erster-elektrischer-strandrollstuhl-in-den-helder\/","og_locale":"de_DE","og_type":"article","og_title":"Eerste elektrische strandrolstoel in Den Helder","og_description":"Een primeur voor Den Helder: op het strand bij Duinoord is vrijdag de eerste elektrische strandrolstoel in gebruik genomen. De rolstoel staat tot eind september bij Beachclub Citadel en is op reservering beschikbaar.","og_url":"https:\/\/denhelder.online\/de\/aktuell\/erster-elektrischer-strandrollstuhl-in-den-helder\/","og_site_name":"Den Helder Online","article_modified_time":"2025-04-29T14:43:05+00:00","og_image":[{"width":1920,"height":1080,"url":"https:\/\/denhelder.online\/wp-content\/uploads\/2025\/04\/8814138d-1e16-4b12-9f02-62b3bf0310a1-Foto_elektrische_rolstoel_1920x1080.jpg","type":"image\/jpeg"}],"twitter_card":"summary_large_image","twitter_misc":{"Gesch\u00e4tzte Lesezeit":"2\u00a0Minuten"},"schema":{"@context":"https:\/\/schema.org","@graph":[{"@type":"WebPage","@id":"https:\/\/denhelder.online\/actueel\/eerste-elektrische-strandrolstoel-in-den-helder\/","url":"https:\/\/denhelder.online\/actueel\/eerste-elektrische-strandrolstoel-in-den-helder\/","name":"Erster elektrischer Strandrollstuhl in Den Helder - Den Helder Online","isPartOf":{"@id":"https:\/\/denhelder.online\/#website"},"primaryImageOfPage":{"@id":"https:\/\/denhelder.online\/actueel\/eerste-elektrische-strandrolstoel-in-den-helder\/#primaryimage"},"image":{"@id":"https:\/\/denhelder.online\/actueel\/eerste-elektrische-strandrolstoel-in-den-helder\/#primaryimage"},"thumbnailUrl":"https:\/\/denhelder.online\/wp-content\/uploads\/2025\/04\/8814138d-1e16-4b12-9f02-62b3bf0310a1-Foto_elektrische_rolstoel_1920x1080.jpg","datePublished":"2024-02-29T15:42:56+00:00","dateModified":"2025-04-29T14:43:05+00:00","breadcrumb":{"@id":"https:\/\/denhelder.online\/actueel\/eerste-elektrische-strandrolstoel-in-den-helder\/#breadcrumb"},"inLanguage":"de","potentialAction":[{"@type":"ReadAction","target":["https:\/\/denhelder.online\/actueel\/eerste-elektrische-strandrolstoel-in-den-helder\/"]}]},{"@type":"ImageObject","inLanguage":"de","@id":"https:\/\/denhelder.online\/actueel\/eerste-elektrische-strandrolstoel-in-den-helder\/#primaryimage","url":"https:\/\/denhelder.online\/wp-content\/uploads\/2025\/04\/8814138d-1e16-4b12-9f02-62b3bf0310a1-Foto_elektrische_rolstoel_1920x1080.jpg","contentUrl":"https:\/\/denhelder.online\/wp-content\/uploads\/2025\/04\/8814138d-1e16-4b12-9f02-62b3bf0310a1-Foto_elektrische_rolstoel_1920x1080.jpg","width":1920,"height":1080,"caption":"Strandrolstoel bij Beachclub Citadel op het strand."},{"@type":"BreadcrumbList","@id":"https:\/\/denhelder.online\/actueel\/eerste-elektrische-strandrolstoel-in-den-helder\/#breadcrumb","itemListElement":[{"@type":"ListItem","position":1,"name":"Home","item":"https:\/\/denhelder.online\/"},{"@type":"ListItem","position":2,"name":"Actueel","item":"https:\/\/denhelder.online\/en\/current\/"},{"@type":"ListItem","position":3,"name":"Eerste elektrische strandrolstoel in Den Helder"}]},{"@type":"WebSite","@id":"https:\/\/denhelder.online\/#website","url":"https:\/\/denhelder.online\/","name":"Den Helder Online","description":"Erleben Sie Den Helder","publisher":{"@id":"https:\/\/denhelder.online\/#organization"},"potentialAction":[{"@type":"SearchAction","target":{"@type":"EntryPoint","urlTemplate":"https:\/\/denhelder.online\/?s={search_term_string}"},"query-input":{"@type":"PropertyValueSpecification","valueRequired":true,"valueName":"search_term_string"}}],"inLanguage":"de"},{"@type":"Organization","@id":"https:\/\/denhelder.online\/#organization","name":"Den Helder Online","url":"https:\/\/denhelder.online\/","logo":{"@type":"ImageObject","inLanguage":"de","@id":"https:\/\/denhelder.online\/#\/schema\/logo\/image\/","url":"https:\/\/denhelder.online\/wp-content\/uploads\/2021\/12\/DitIsDH-Logo-26-tagline.svg","contentUrl":"https:\/\/denhelder.online\/wp-content\/uploads\/2021\/12\/DitIsDH-Logo-26-tagline.svg","width":1717.0999999999999,"height":934.89999999999998,"caption":"Den Helder Online"},"image":{"@id":"https:\/\/denhelder.online\/#\/schema\/logo\/image\/"}}]}},"_links":{"self":[{"href":"https:\/\/denhelder.online\/de\/wp-json\/wp\/v2\/actueel\/10954","targetHints":{"allow":["GET"]}}],"collection":[{"href":"https:\/\/denhelder.online\/de\/wp-json\/wp\/v2\/actueel"}],"about":[{"href":"https:\/\/denhelder.online\/de\/wp-json\/wp\/v2\/types\/actueel"}],"author":[{"embeddable":true,"href":"https:\/\/denhelder.online\/de\/wp-json\/wp\/v2\/users\/4"}],"wp:featuredmedia":[{"embeddable":true,"href":"https:\/\/denhelder.online\/de\/wp-json\/wp\/v2\/media\/10955"}],"wp:attachment":[{"href":"https:\/\/denhelder.online\/de\/wp-json\/wp\/v2\/media?parent=10954"}],"wp:term":[{"taxonomy":"doelgroep","embeddable":true,"href":"https:\/\/denhelder.online\/de\/wp-json\/wp\/v2\/doelgroep?post=10954"}],"curies":[{"name":"wp","href":"https:\/\/api.w.org\/{rel}","templated":true}]}}