{"id":10962,"date":"2024-03-30T09:59:51","date_gmt":"2024-03-30T08:59:51","guid":{"rendered":"https:\/\/denhelder.online\/?post_type=actueel&#038;p=10962"},"modified":"2025-04-30T10:00:02","modified_gmt":"2025-04-30T08:00:02","slug":"der-erste-schritt-hin-zu-einem-klimaresistenten-stadtzentrum-wurde-unternommen","status":"publish","type":"actueel","link":"https:\/\/denhelder.online\/de\/actueel\/eerste-stap-naar-klimaatbestendige-binnenstad-is-gezet\/","title":{"rendered":"Der erste Schritt hin zu einem klimaresistenten Stadtzentrum wurde unternommen."},"content":{"rendered":"<p>Stadtr\u00e4tin Petra Bais hat am Mittwoch den Bau der Regenwasserkanalisation in der Beatrixstraat offiziell abgeschlossen. Das neue System leitet Regenwasser schneller in den Kanal ab und verringert so das Hochwasserrisiko bei Starkregen deutlich. \u201cDer erste Schritt zur Klimaanpassung der Innenstadt ist getan\u201d, sagte Bais. Gemeinsam mit Projektleiter Bart van der Willik und der Jugendfeuerwehr, die mit ihrer Ausr\u00fcstung einen Starkregen simulierten, demonstrierte sie, wie das verspr\u00fchte Wasser schnell im Boden versickert.<\/p>\n<div>\u201cEs ist entscheidend, dass die Regenwasserkanalisation in der Beatrixstraat nun fertiggestellt ist\u201d, betonte die Stadtr\u00e4tin. \u201cAufgrund des Klimawandels m\u00fcssen wir mit st\u00e4rkeren Regenf\u00e4llen rechnen. Trotzdem m\u00fcssen sich Anwohner und Gewerbetreibende darauf verlassen k\u00f6nnen, dass ihr Wasser abflie\u00dft.\u201c Sie bezog sich dabei auf den extremen Starkregen im Jahr 2020, der erhebliche Beeintr\u00e4chtigungen im Einkaufsviertel verursachte. Da Untersuchungen gezeigt haben, dass das \u00dcberschwemmungsrisiko in der Beatrixstraat und Umgebung h\u00f6her ist als in anderen Stadtteilen, hat die Stadtverwaltung dem Bau der neuen Kanalisation Priorit\u00e4t einger\u00e4umt.<\/div>\n<div><\/div>\n<div>Verbesserung des gesamten Viertels<\/div>\n<div>Die Stadtverwaltung wird im gesamten Stadtzentrum Klimaschutzma\u00dfnahmen umsetzen. Zudem werden umfangreiche Instandhaltungsarbeiten durchgef\u00fchrt. Das Abwassersystem im Stadtzentrum und im Stadtteil Oostsloot wird erneuert und verbessert. Alle Stra\u00dfen erhalten ein neues Abwassersystem und ein neues Regenwassersystem. Dar\u00fcber hinaus werden m\u00f6glichst viele Dachrinnen an das Regenwassersystem angeschlossen. Dies beschleunigt nicht nur die Regenwasserableitung, sondern ist auch nachhaltiger, da das relativ saubere Wasser nicht mehr durch eine Kl\u00e4ranlage geleitet werden muss.<\/div>\n<div><\/div>\n<div>Bereit f\u00fcr die Zukunft<\/div>\n<div>Neben dem Bau eines neuen Abwassersystems werden auch die \u00f6ffentlichen R\u00e4ume saniert. So werden beispielsweise die Stra\u00dfen so umgestaltet, dass Regenwasser bei Starkregen vor\u00fcbergehend auf der Fahrbahn aufgefangen wird. Zus\u00e4tzlich wird die Begr\u00fcnung verst\u00e4rkt, da dies ebenfalls zur Wasserspeicherung beitr\u00e4gt. Dadurch werden die gesamte Innenstadt und das Viertel Oostslootbuurt zukunftsf\u00e4hig gemacht. N\u00e4chste Schritte: Die ersten Arbeiten an der Koningstraat beginnen im Oktober. Die Vorbereitungen f\u00fcr die Sanierung der Keizerstraat, der Oostslootstraat und der Umgebung laufen bereits. Weitere Informationen zu den Pl\u00e4nen f\u00fcr das Gebiet finden Sie unter www.denhelder.nl\/oostslootbuurt.<\/div>","protected":false},"excerpt":{"rendered":"<p>Stadtr\u00e4tin Petra Bais hat am Mittwoch den Bau des Regenwasserkanals in der Beatrixstraat offiziell abgeschlossen. Das neue Kanalsystem leitet Regenwasser schneller in den Kanal ab und verringert so das Hochwasserrisiko bei Starkregen deutlich.<\/p>","protected":false},"author":4,"featured_media":10963,"template":"","doelgroep":[6027,6028],"class_list":["post-10962","actueel","type-actueel","status-publish","has-post-thumbnail","hentry","elementor_library_category-activiteiten","elementor_library_category-wonen","doelgroep-inwoner","doelgroep-inwoner-regio"],"yoast_head":"<!-- This site is optimized with the Yoast SEO Premium plugin v24.7 (Yoast SEO v27.5) - https:\/\/yoast.com\/product\/yoast-seo-premium-wordpress\/ -->\n<title>Eerste stap naar klimaatbestendige binnenstad is gezet - Den Helder Online<\/title>\n<meta name=\"robots\" content=\"index, follow, max-snippet:-1, max-image-preview:large, max-video-preview:-1\" \/>\n<link rel=\"canonical\" href=\"https:\/\/denhelder.online\/de\/aktuell\/der-erste-schritt-hin-zu-einem-klimaresistenten-stadtzentrum-wurde-unternommen\/\" \/>\n<meta property=\"og:locale\" content=\"de_DE\" \/>\n<meta property=\"og:type\" content=\"article\" \/>\n<meta property=\"og:title\" content=\"Eerste stap naar klimaatbestendige binnenstad is gezet\" \/>\n<meta property=\"og:description\" content=\"Wethouder Petra Bais heeft woensdag de werkzaamheden voor de aanleg van het regenwaterriool in de Beatrixstraat officieel afgesloten. Het nieuwe riool voert regenwater sneller af naar de gracht. De kans op wateroverlast bij fikse regenbuien is daardoor veel kleiner.\" \/>\n<meta property=\"og:url\" content=\"https:\/\/denhelder.online\/de\/aktuell\/der-erste-schritt-hin-zu-einem-klimaresistenten-stadtzentrum-wurde-unternommen\/\" \/>\n<meta property=\"og:site_name\" content=\"Den Helder Online\" \/>\n<meta property=\"article:modified_time\" content=\"2025-04-30T08:00:02+00:00\" \/>\n<meta property=\"og:image\" content=\"https:\/\/denhelder.online\/wp-content\/uploads\/2025\/04\/48306efa-e8ac-4d2b-8d31-9b8c8a33db9c-jeugdbrandweer_1920x1080.jpg\" \/>\n\t<meta property=\"og:image:width\" content=\"1920\" \/>\n\t<meta property=\"og:image:height\" content=\"1080\" \/>\n\t<meta property=\"og:image:type\" content=\"image\/jpeg\" \/>\n<meta name=\"twitter:card\" content=\"summary_large_image\" \/>\n<meta name=\"twitter:label1\" content=\"Gesch\u00e4tzte Lesezeit\" \/>\n\t<meta name=\"twitter:data1\" content=\"2\u00a0Minuten\" \/>\n<script type=\"application\/ld+json\" class=\"yoast-schema-graph\">{\"@context\":\"https:\\\/\\\/schema.org\",\"@graph\":[{\"@type\":\"WebPage\",\"@id\":\"https:\\\/\\\/denhelder.online\\\/actueel\\\/eerste-stap-naar-klimaatbestendige-binnenstad-is-gezet\\\/\",\"url\":\"https:\\\/\\\/denhelder.online\\\/actueel\\\/eerste-stap-naar-klimaatbestendige-binnenstad-is-gezet\\\/\",\"name\":\"Eerste stap naar klimaatbestendige binnenstad is gezet - Den Helder Online\",\"isPartOf\":{\"@id\":\"https:\\\/\\\/denhelder.online\\\/#website\"},\"primaryImageOfPage\":{\"@id\":\"https:\\\/\\\/denhelder.online\\\/actueel\\\/eerste-stap-naar-klimaatbestendige-binnenstad-is-gezet\\\/#primaryimage\"},\"image\":{\"@id\":\"https:\\\/\\\/denhelder.online\\\/actueel\\\/eerste-stap-naar-klimaatbestendige-binnenstad-is-gezet\\\/#primaryimage\"},\"thumbnailUrl\":\"https:\\\/\\\/denhelder.online\\\/wp-content\\\/uploads\\\/2025\\\/04\\\/48306efa-e8ac-4d2b-8d31-9b8c8a33db9c-jeugdbrandweer_1920x1080.jpg\",\"datePublished\":\"2024-03-30T08:59:51+00:00\",\"dateModified\":\"2025-04-30T08:00:02+00:00\",\"breadcrumb\":{\"@id\":\"https:\\\/\\\/denhelder.online\\\/actueel\\\/eerste-stap-naar-klimaatbestendige-binnenstad-is-gezet\\\/#breadcrumb\"},\"inLanguage\":\"de\",\"potentialAction\":[{\"@type\":\"ReadAction\",\"target\":[\"https:\\\/\\\/denhelder.online\\\/actueel\\\/eerste-stap-naar-klimaatbestendige-binnenstad-is-gezet\\\/\"]}]},{\"@type\":\"ImageObject\",\"inLanguage\":\"de\",\"@id\":\"https:\\\/\\\/denhelder.online\\\/actueel\\\/eerste-stap-naar-klimaatbestendige-binnenstad-is-gezet\\\/#primaryimage\",\"url\":\"https:\\\/\\\/denhelder.online\\\/wp-content\\\/uploads\\\/2025\\\/04\\\/48306efa-e8ac-4d2b-8d31-9b8c8a33db9c-jeugdbrandweer_1920x1080.jpg\",\"contentUrl\":\"https:\\\/\\\/denhelder.online\\\/wp-content\\\/uploads\\\/2025\\\/04\\\/48306efa-e8ac-4d2b-8d31-9b8c8a33db9c-jeugdbrandweer_1920x1080.jpg\",\"width\":1920,\"height\":1080,\"caption\":\"Wethouder Bais bij de Jeugdbrandweer in de Beatrixstaat\"},{\"@type\":\"BreadcrumbList\",\"@id\":\"https:\\\/\\\/denhelder.online\\\/actueel\\\/eerste-stap-naar-klimaatbestendige-binnenstad-is-gezet\\\/#breadcrumb\",\"itemListElement\":[{\"@type\":\"ListItem\",\"position\":1,\"name\":\"Home\",\"item\":\"https:\\\/\\\/denhelder.online\\\/\"},{\"@type\":\"ListItem\",\"position\":2,\"name\":\"Actueel\",\"item\":\"https:\\\/\\\/denhelder.online\\\/en\\\/current\\\/\"},{\"@type\":\"ListItem\",\"position\":3,\"name\":\"Eerste stap naar klimaatbestendige binnenstad is gezet\"}]},{\"@type\":\"WebSite\",\"@id\":\"https:\\\/\\\/denhelder.online\\\/#website\",\"url\":\"https:\\\/\\\/denhelder.online\\\/\",\"name\":\"Den Helder Online\",\"description\":\"Beleef Den Helder\",\"publisher\":{\"@id\":\"https:\\\/\\\/denhelder.online\\\/#organization\"},\"potentialAction\":[{\"@type\":\"SearchAction\",\"target\":{\"@type\":\"EntryPoint\",\"urlTemplate\":\"https:\\\/\\\/denhelder.online\\\/?s={search_term_string}\"},\"query-input\":{\"@type\":\"PropertyValueSpecification\",\"valueRequired\":true,\"valueName\":\"search_term_string\"}}],\"inLanguage\":\"de\"},{\"@type\":\"Organization\",\"@id\":\"https:\\\/\\\/denhelder.online\\\/#organization\",\"name\":\"Den Helder Online\",\"url\":\"https:\\\/\\\/denhelder.online\\\/\",\"logo\":{\"@type\":\"ImageObject\",\"inLanguage\":\"de\",\"@id\":\"https:\\\/\\\/denhelder.online\\\/#\\\/schema\\\/logo\\\/image\\\/\",\"url\":\"https:\\\/\\\/denhelder.online\\\/wp-content\\\/uploads\\\/2021\\\/12\\\/DitIsDH-Logo-26-tagline.svg\",\"contentUrl\":\"https:\\\/\\\/denhelder.online\\\/wp-content\\\/uploads\\\/2021\\\/12\\\/DitIsDH-Logo-26-tagline.svg\",\"width\":1717.0999999999999,\"height\":934.89999999999998,\"caption\":\"Den Helder Online\"},\"image\":{\"@id\":\"https:\\\/\\\/denhelder.online\\\/#\\\/schema\\\/logo\\\/image\\\/\"}}]}<\/script>\n<!-- \/ Yoast SEO Premium plugin. -->","yoast_head_json":{"title":"Erster Schritt hin zu einer klimaresistenten Innenstadt getan \u2013 Den Helder Online","robots":{"index":"index","follow":"follow","max-snippet":"max-snippet:-1","max-image-preview":"max-image-preview:large","max-video-preview":"max-video-preview:-1"},"canonical":"https:\/\/denhelder.online\/de\/aktuell\/der-erste-schritt-hin-zu-einem-klimaresistenten-stadtzentrum-wurde-unternommen\/","og_locale":"de_DE","og_type":"article","og_title":"Eerste stap naar klimaatbestendige binnenstad is gezet","og_description":"Wethouder Petra Bais heeft woensdag de werkzaamheden voor de aanleg van het regenwaterriool in de Beatrixstraat officieel afgesloten. Het nieuwe riool voert regenwater sneller af naar de gracht. De kans op wateroverlast bij fikse regenbuien is daardoor veel kleiner.","og_url":"https:\/\/denhelder.online\/de\/aktuell\/der-erste-schritt-hin-zu-einem-klimaresistenten-stadtzentrum-wurde-unternommen\/","og_site_name":"Den Helder Online","article_modified_time":"2025-04-30T08:00:02+00:00","og_image":[{"width":1920,"height":1080,"url":"https:\/\/denhelder.online\/wp-content\/uploads\/2025\/04\/48306efa-e8ac-4d2b-8d31-9b8c8a33db9c-jeugdbrandweer_1920x1080.jpg","type":"image\/jpeg"}],"twitter_card":"summary_large_image","twitter_misc":{"Gesch\u00e4tzte Lesezeit":"2\u00a0Minuten"},"schema":{"@context":"https:\/\/schema.org","@graph":[{"@type":"WebPage","@id":"https:\/\/denhelder.online\/actueel\/eerste-stap-naar-klimaatbestendige-binnenstad-is-gezet\/","url":"https:\/\/denhelder.online\/actueel\/eerste-stap-naar-klimaatbestendige-binnenstad-is-gezet\/","name":"Erster Schritt hin zu einer klimaresistenten Innenstadt getan \u2013 Den Helder Online","isPartOf":{"@id":"https:\/\/denhelder.online\/#website"},"primaryImageOfPage":{"@id":"https:\/\/denhelder.online\/actueel\/eerste-stap-naar-klimaatbestendige-binnenstad-is-gezet\/#primaryimage"},"image":{"@id":"https:\/\/denhelder.online\/actueel\/eerste-stap-naar-klimaatbestendige-binnenstad-is-gezet\/#primaryimage"},"thumbnailUrl":"https:\/\/denhelder.online\/wp-content\/uploads\/2025\/04\/48306efa-e8ac-4d2b-8d31-9b8c8a33db9c-jeugdbrandweer_1920x1080.jpg","datePublished":"2024-03-30T08:59:51+00:00","dateModified":"2025-04-30T08:00:02+00:00","breadcrumb":{"@id":"https:\/\/denhelder.online\/actueel\/eerste-stap-naar-klimaatbestendige-binnenstad-is-gezet\/#breadcrumb"},"inLanguage":"de","potentialAction":[{"@type":"ReadAction","target":["https:\/\/denhelder.online\/actueel\/eerste-stap-naar-klimaatbestendige-binnenstad-is-gezet\/"]}]},{"@type":"ImageObject","inLanguage":"de","@id":"https:\/\/denhelder.online\/actueel\/eerste-stap-naar-klimaatbestendige-binnenstad-is-gezet\/#primaryimage","url":"https:\/\/denhelder.online\/wp-content\/uploads\/2025\/04\/48306efa-e8ac-4d2b-8d31-9b8c8a33db9c-jeugdbrandweer_1920x1080.jpg","contentUrl":"https:\/\/denhelder.online\/wp-content\/uploads\/2025\/04\/48306efa-e8ac-4d2b-8d31-9b8c8a33db9c-jeugdbrandweer_1920x1080.jpg","width":1920,"height":1080,"caption":"Wethouder Bais bij de Jeugdbrandweer in de Beatrixstaat"},{"@type":"BreadcrumbList","@id":"https:\/\/denhelder.online\/actueel\/eerste-stap-naar-klimaatbestendige-binnenstad-is-gezet\/#breadcrumb","itemListElement":[{"@type":"ListItem","position":1,"name":"Home","item":"https:\/\/denhelder.online\/"},{"@type":"ListItem","position":2,"name":"Actueel","item":"https:\/\/denhelder.online\/en\/current\/"},{"@type":"ListItem","position":3,"name":"Eerste stap naar klimaatbestendige binnenstad is gezet"}]},{"@type":"WebSite","@id":"https:\/\/denhelder.online\/#website","url":"https:\/\/denhelder.online\/","name":"Den Helder Online","description":"Erleben Sie Den Helder","publisher":{"@id":"https:\/\/denhelder.online\/#organization"},"potentialAction":[{"@type":"SearchAction","target":{"@type":"EntryPoint","urlTemplate":"https:\/\/denhelder.online\/?s={search_term_string}"},"query-input":{"@type":"PropertyValueSpecification","valueRequired":true,"valueName":"search_term_string"}}],"inLanguage":"de"},{"@type":"Organization","@id":"https:\/\/denhelder.online\/#organization","name":"Den Helder Online","url":"https:\/\/denhelder.online\/","logo":{"@type":"ImageObject","inLanguage":"de","@id":"https:\/\/denhelder.online\/#\/schema\/logo\/image\/","url":"https:\/\/denhelder.online\/wp-content\/uploads\/2021\/12\/DitIsDH-Logo-26-tagline.svg","contentUrl":"https:\/\/denhelder.online\/wp-content\/uploads\/2021\/12\/DitIsDH-Logo-26-tagline.svg","width":1717.0999999999999,"height":934.89999999999998,"caption":"Den Helder Online"},"image":{"@id":"https:\/\/denhelder.online\/#\/schema\/logo\/image\/"}}]}},"_links":{"self":[{"href":"https:\/\/denhelder.online\/de\/wp-json\/wp\/v2\/actueel\/10962","targetHints":{"allow":["GET"]}}],"collection":[{"href":"https:\/\/denhelder.online\/de\/wp-json\/wp\/v2\/actueel"}],"about":[{"href":"https:\/\/denhelder.online\/de\/wp-json\/wp\/v2\/types\/actueel"}],"author":[{"embeddable":true,"href":"https:\/\/denhelder.online\/de\/wp-json\/wp\/v2\/users\/4"}],"wp:featuredmedia":[{"embeddable":true,"href":"https:\/\/denhelder.online\/de\/wp-json\/wp\/v2\/media\/10963"}],"wp:attachment":[{"href":"https:\/\/denhelder.online\/de\/wp-json\/wp\/v2\/media?parent=10962"}],"wp:term":[{"taxonomy":"doelgroep","embeddable":true,"href":"https:\/\/denhelder.online\/de\/wp-json\/wp\/v2\/doelgroep?post=10962"}],"curies":[{"name":"wp","href":"https:\/\/api.w.org\/{rel}","templated":true}]}}