{"id":10966,"date":"2024-03-30T10:08:18","date_gmt":"2024-03-30T09:08:18","guid":{"rendered":"https:\/\/denhelder.online\/?post_type=actueel&#038;p=10966"},"modified":"2025-04-30T10:08:32","modified_gmt":"2025-04-30T08:08:32","slug":"neue-mobilitatszentren-starken-nachhaltigen-verkehr-und-barrierefreiheit","status":"publish","type":"actueel","link":"https:\/\/denhelder.online\/de\/actueel\/nieuwe-mobipunt-hubs-versterken-duurzaam-vervoer-en-bereikbaarheid\/","title":{"rendered":"Neue Mobilit\u00e4tszentren st\u00e4rken nachhaltigen Verkehr und Barrierefreiheit"},"content":{"rendered":"<div class=\"col-sm-12\">\n<p>An den NS-Bahnh\u00f6fen in Schagen und Den Helder sowie am TESO-Terminal in Den Helder k\u00f6nnen Reisende nun leichter erkennen, welche Ein- und Ausstiegsm\u00f6glichkeiten zur Verf\u00fcgung stehen, beispielsweise zu (Leih-)Fahrr\u00e4dern, Autos, Bussen und Z\u00fcgen. Am 13. September 2024 enth\u00fcllten die Stadtr\u00e4te Hans Heddes (Gemeinde Schagen) und Mark Versteeg (Gemeinde Hollands Kroon) im Beisein des Provinzratsmitglieds Jeroen Olthof (Provinz Nordholland) und der F\u00e4hrgesellschaft TESO drei neue Informationskioske f\u00fcr die \u2018Mobipunt Hubs\u2019.<\/p>\n<div><\/div>\n<div>Durch die Installation von Informationskiosken an den Mobipunt-Hubs schlie\u00dfen sich diese dem landesweiten und nationalen Netzwerk von Mobilit\u00e4tsknotenpunkten an. Ein Mobipunt-Hub dient als Einstiegs- oder Umsteigepunkt in der N\u00e4he von Haltestellen des \u00f6ffentlichen Nahverkehrs und bietet Zugang zu Angeboten der geteilten Mobilit\u00e4t wie Leihfahrr\u00e4dern, E-Scootern und Carsharing. Reisende mit \u00f6ffentlichen Verkehrsmitteln oder anderen geteilten Verkehrsmitteln erreichen ihr Ziel bequem \u00fcber das nationale Netzwerk der Mobilit\u00e4tsknotenpunkte. Stadtrat Hans Heddes betonte die Bedeutung guter Erreichbarkeit f\u00fcr die Gemeinde Schagen. \u201cMit den neuen Informationskiosken an den Mobipunt-Hubs f\u00f6rdern wir die Nutzung des \u00f6ffentlichen Nahverkehrs und erleichtern allen den Wechsel zwischen verschiedenen Verkehrsmitteln. Ich denke, heute ist ein guter Zeitpunkt, dar\u00fcber nachzudenken\u201d, sagte Stadtrat Hans Heddes (Gemeinde Schagen). Stadtrat Mark Versteeg (Gemeinde Hollands Kroon) erkl\u00e4rte, dass das neue Corporate Design der Mobipunt-Hubs zu einer besseren Sichtbarkeit beitr\u00e4gt. \u201cDas gew\u00e4hrleistet eine bessere Nutzung, und dar\u00fcber freue ich mich! Denn das ist notwendig; die Nutzung gemeinsamer Verkehrsmittel ist zwar schon weit verbreitet, aber es gibt noch Verbesserungspotenzial.\u201d<\/div>\n<div><\/div>\n<div>Der unmittelbare Grund f\u00fcr die Installation der neuen Mobipunt-Informationskioske sind die nationalen Vereinbarungen zum Erscheinungsbild und Design von Mobilit\u00e4tsknotenpunkten. Mit den neuen Informationskiosken entsprechen die Mobipunt-Knotenpunkte den neuen nationalen (CROW) Richtlinien. Das bedeutet, dass Reisende, egal ob sie in Kop van Noord-Holland oder in Zeeland nach einem Leihfahrrad oder -auto suchen, \u00fcberall gleich informiert werden. Provinzialdirektor Jeroen Olthof: \u201cIn Noord-Holland arbeiten wir an einem landesweiten Netz von Mobilit\u00e4tsknotenpunkten, das von den Anwohnern bis hin zu den verschiedenen St\u00e4dten und Regionen reicht. Dies haben wir in der Hub-Strategie Noord-Holland dargelegt. Mit der Umgestaltung der Mobipunt-Knotenpunkte an diesen Stationen ist dies nun auch in Kop sichtbar. Und das ist ein wichtiger Schritt.\u201d Dank der neuen Informationskioske haben die Mobipunt-Knotenpunkte nun das gleiche, wiedererkennbare Erscheinungsbild wie die Mobilit\u00e4tsknotenpunkte im Rest des Landes. Und Mobipunt demonstriert dies nicht nur im \u00f6ffentlichen Raum. Die Website von Mobipunten erh\u00e4lt einen neuen Namen und ein neues Design. Wachstum durch Zusammenarbeit. Die bestehenden Mobipunten an gr\u00f6\u00dferen Verkehrsknotenpunkten wie Bahnh\u00f6fen und Busbahnh\u00f6fen werden bereits gut genutzt. Das neue Design soll ihnen zus\u00e4tzlichen Schwung verleihen. Mobipunten stellte jedoch auch fest, dass die Nutzungszahlen an einigen Standorten zu niedrig waren und kaum Wachstumspotenzial bestand. Diese Standorte werden daher geschlossen. In Zusammenarbeit mit Stadtteil- und Gemeinder\u00e4ten wird Mobipunten neue M\u00f6glichkeiten ausloten. Zudem wird ein unternehmerischer Ansatz verfolgt, der die Zusammenarbeit mit gr\u00f6\u00dferen Unternehmen und Institutionen f\u00f6rdert, und Partnerschaften mit regionalen \u00d6PNV-Anbietern werden geschlossen. So will Mobipunten die Nachfrage besser decken und sein Angebot erweitern. Qualit\u00e4t und Zuverl\u00e4ssigkeit der Mitfahrdienste werden kontinuierlich \u00fcberwacht und verbessert. \u00dcber Mobipunten bv: Die Mobipunten BV wurde 2021 gegr\u00fcndet, um die Lebensqualit\u00e4t und die Erreichbarkeit in der Region Kop van Noord-Holland zu verbessern. Das Unternehmen engagiert sich f\u00fcr umweltfreundlicheres Reisen und einen m\u00f6glichst einfachen \u00dcbergang zwischen verschiedenen Verkehrsmitteln.<\/div>\n<\/div>","protected":false},"excerpt":{"rendered":"<p>An den NS-Bahnh\u00f6fen in Schagen und Den Helder sowie am TESO-Terminal in Den Helder k\u00f6nnen Reisende nun leichter erkennen, welche Ein- und Ausstiegsm\u00f6glichkeiten zur Verf\u00fcgung stehen, beispielsweise zu (Leih-)Fahrr\u00e4dern, Autos, Bussen und Z\u00fcgen. Am 13. September 2024 enth\u00fcllten die Stadtr\u00e4te Hans Heddes (Gemeinde Schagen) und Mark Versteeg (Gemeinde Hollands Kroon) im Beisein des Provinzratsmitglieds Jeroen Olthof (Provinz Nordholland) und der F\u00e4hrgesellschaft TESO drei neue Informationskioske f\u00fcr die \u2018Mobipunt Hubs\u2019.<\/p>","protected":false},"author":4,"featured_media":10967,"template":"","doelgroep":[6027,6028],"class_list":["post-10966","actueel","type-actueel","status-publish","has-post-thumbnail","hentry","elementor_library_category-activiteiten","doelgroep-inwoner","doelgroep-inwoner-regio"],"yoast_head":"<!-- This site is optimized with the Yoast SEO Premium plugin v24.7 (Yoast SEO v27.5) - https:\/\/yoast.com\/product\/yoast-seo-premium-wordpress\/ -->\n<title>Nieuwe Mobipunt Hubs versterken duurzaam vervoer en bereikbaarheid - Den Helder Online<\/title>\n<meta name=\"robots\" content=\"index, follow, max-snippet:-1, max-image-preview:large, max-video-preview:-1\" \/>\n<link rel=\"canonical\" href=\"https:\/\/denhelder.online\/de\/aktuell\/neue-mobilitatszentren-starken-nachhaltigen-verkehr-und-barrierefreiheit\/\" \/>\n<meta property=\"og:locale\" content=\"de_DE\" \/>\n<meta property=\"og:type\" content=\"article\" \/>\n<meta property=\"og:title\" content=\"Nieuwe Mobipunt Hubs versterken duurzaam vervoer en bereikbaarheid\" \/>\n<meta property=\"og:description\" content=\"Op de NS-stations van Schagen en Den Helder en bij de TESO-terminal in Den Helder kunnen reizigers voortgaan makkelijker zien welke op- en overstapmogelijkheden er zijn naar bijvoorbeeld (deel)fiets, - auto, bus en trein. Op 13 september 2024 onthulden de wethouders Hans Heddes (gemeente Schagen) en Mark Versteeg (gemeente Hollands Kroon), in aanwezigheid van gedeputeerde Jeroen Olthof (provincie Noord-Holland) en de veerdienst TESO, drie nieuwe informatiezuilen van de \u2018Mobipunt Hubs\u2019.\" \/>\n<meta property=\"og:url\" content=\"https:\/\/denhelder.online\/de\/aktuell\/neue-mobilitatszentren-starken-nachhaltigen-verkehr-und-barrierefreiheit\/\" \/>\n<meta property=\"og:site_name\" content=\"Den Helder Online\" \/>\n<meta property=\"article:modified_time\" content=\"2025-04-30T08:08:32+00:00\" \/>\n<meta property=\"og:image\" content=\"https:\/\/denhelder.online\/wp-content\/uploads\/2025\/04\/0ac6ac6a-195a-4ad8-a9b1-7abd30a40c76-thumbnail_Mobi-Hub-PVA08638_kopie_1920x1080.jpg\" \/>\n\t<meta property=\"og:image:width\" content=\"1920\" \/>\n\t<meta property=\"og:image:height\" content=\"1080\" \/>\n\t<meta property=\"og:image:type\" content=\"image\/jpeg\" \/>\n<meta name=\"twitter:card\" content=\"summary_large_image\" \/>\n<meta name=\"twitter:label1\" content=\"Gesch\u00e4tzte Lesezeit\" \/>\n\t<meta name=\"twitter:data1\" content=\"3\u00a0Minuten\" \/>\n<script type=\"application\/ld+json\" class=\"yoast-schema-graph\">{\"@context\":\"https:\\\/\\\/schema.org\",\"@graph\":[{\"@type\":\"WebPage\",\"@id\":\"https:\\\/\\\/denhelder.online\\\/actueel\\\/nieuwe-mobipunt-hubs-versterken-duurzaam-vervoer-en-bereikbaarheid\\\/\",\"url\":\"https:\\\/\\\/denhelder.online\\\/actueel\\\/nieuwe-mobipunt-hubs-versterken-duurzaam-vervoer-en-bereikbaarheid\\\/\",\"name\":\"Nieuwe Mobipunt Hubs versterken duurzaam vervoer en bereikbaarheid - Den Helder Online\",\"isPartOf\":{\"@id\":\"https:\\\/\\\/denhelder.online\\\/#website\"},\"primaryImageOfPage\":{\"@id\":\"https:\\\/\\\/denhelder.online\\\/actueel\\\/nieuwe-mobipunt-hubs-versterken-duurzaam-vervoer-en-bereikbaarheid\\\/#primaryimage\"},\"image\":{\"@id\":\"https:\\\/\\\/denhelder.online\\\/actueel\\\/nieuwe-mobipunt-hubs-versterken-duurzaam-vervoer-en-bereikbaarheid\\\/#primaryimage\"},\"thumbnailUrl\":\"https:\\\/\\\/denhelder.online\\\/wp-content\\\/uploads\\\/2025\\\/04\\\/0ac6ac6a-195a-4ad8-a9b1-7abd30a40c76-thumbnail_Mobi-Hub-PVA08638_kopie_1920x1080.jpg\",\"datePublished\":\"2024-03-30T09:08:18+00:00\",\"dateModified\":\"2025-04-30T08:08:32+00:00\",\"breadcrumb\":{\"@id\":\"https:\\\/\\\/denhelder.online\\\/actueel\\\/nieuwe-mobipunt-hubs-versterken-duurzaam-vervoer-en-bereikbaarheid\\\/#breadcrumb\"},\"inLanguage\":\"de\",\"potentialAction\":[{\"@type\":\"ReadAction\",\"target\":[\"https:\\\/\\\/denhelder.online\\\/actueel\\\/nieuwe-mobipunt-hubs-versterken-duurzaam-vervoer-en-bereikbaarheid\\\/\"]}]},{\"@type\":\"ImageObject\",\"inLanguage\":\"de\",\"@id\":\"https:\\\/\\\/denhelder.online\\\/actueel\\\/nieuwe-mobipunt-hubs-versterken-duurzaam-vervoer-en-bereikbaarheid\\\/#primaryimage\",\"url\":\"https:\\\/\\\/denhelder.online\\\/wp-content\\\/uploads\\\/2025\\\/04\\\/0ac6ac6a-195a-4ad8-a9b1-7abd30a40c76-thumbnail_Mobi-Hub-PVA08638_kopie_1920x1080.jpg\",\"contentUrl\":\"https:\\\/\\\/denhelder.online\\\/wp-content\\\/uploads\\\/2025\\\/04\\\/0ac6ac6a-195a-4ad8-a9b1-7abd30a40c76-thumbnail_Mobi-Hub-PVA08638_kopie_1920x1080.jpg\",\"width\":1920,\"height\":1080,\"caption\":\"Mobipunt bij Teso haven Den Helder waar je informatie kan vinden over het transport\"},{\"@type\":\"BreadcrumbList\",\"@id\":\"https:\\\/\\\/denhelder.online\\\/actueel\\\/nieuwe-mobipunt-hubs-versterken-duurzaam-vervoer-en-bereikbaarheid\\\/#breadcrumb\",\"itemListElement\":[{\"@type\":\"ListItem\",\"position\":1,\"name\":\"Home\",\"item\":\"https:\\\/\\\/denhelder.online\\\/\"},{\"@type\":\"ListItem\",\"position\":2,\"name\":\"Actueel\",\"item\":\"https:\\\/\\\/denhelder.online\\\/en\\\/current\\\/\"},{\"@type\":\"ListItem\",\"position\":3,\"name\":\"Nieuwe Mobipunt Hubs versterken duurzaam vervoer en bereikbaarheid\"}]},{\"@type\":\"WebSite\",\"@id\":\"https:\\\/\\\/denhelder.online\\\/#website\",\"url\":\"https:\\\/\\\/denhelder.online\\\/\",\"name\":\"Den Helder Online\",\"description\":\"Beleef Den Helder\",\"publisher\":{\"@id\":\"https:\\\/\\\/denhelder.online\\\/#organization\"},\"potentialAction\":[{\"@type\":\"SearchAction\",\"target\":{\"@type\":\"EntryPoint\",\"urlTemplate\":\"https:\\\/\\\/denhelder.online\\\/?s={search_term_string}\"},\"query-input\":{\"@type\":\"PropertyValueSpecification\",\"valueRequired\":true,\"valueName\":\"search_term_string\"}}],\"inLanguage\":\"de\"},{\"@type\":\"Organization\",\"@id\":\"https:\\\/\\\/denhelder.online\\\/#organization\",\"name\":\"Den Helder Online\",\"url\":\"https:\\\/\\\/denhelder.online\\\/\",\"logo\":{\"@type\":\"ImageObject\",\"inLanguage\":\"de\",\"@id\":\"https:\\\/\\\/denhelder.online\\\/#\\\/schema\\\/logo\\\/image\\\/\",\"url\":\"https:\\\/\\\/denhelder.online\\\/wp-content\\\/uploads\\\/2021\\\/12\\\/DitIsDH-Logo-26-tagline.svg\",\"contentUrl\":\"https:\\\/\\\/denhelder.online\\\/wp-content\\\/uploads\\\/2021\\\/12\\\/DitIsDH-Logo-26-tagline.svg\",\"width\":1717.0999999999999,\"height\":934.89999999999998,\"caption\":\"Den Helder Online\"},\"image\":{\"@id\":\"https:\\\/\\\/denhelder.online\\\/#\\\/schema\\\/logo\\\/image\\\/\"}}]}<\/script>\n<!-- \/ Yoast SEO Premium plugin. -->","yoast_head_json":{"title":"Neue Mobilit\u00e4tszentren st\u00e4rken nachhaltigen Verkehr und Barrierefreiheit \u2013 Den Helder Online","robots":{"index":"index","follow":"follow","max-snippet":"max-snippet:-1","max-image-preview":"max-image-preview:large","max-video-preview":"max-video-preview:-1"},"canonical":"https:\/\/denhelder.online\/de\/aktuell\/neue-mobilitatszentren-starken-nachhaltigen-verkehr-und-barrierefreiheit\/","og_locale":"de_DE","og_type":"article","og_title":"Nieuwe Mobipunt Hubs versterken duurzaam vervoer en bereikbaarheid","og_description":"Op de NS-stations van Schagen en Den Helder en bij de TESO-terminal in Den Helder kunnen reizigers voortgaan makkelijker zien welke op- en overstapmogelijkheden er zijn naar bijvoorbeeld (deel)fiets, - auto, bus en trein. Op 13 september 2024 onthulden de wethouders Hans Heddes (gemeente Schagen) en Mark Versteeg (gemeente Hollands Kroon), in aanwezigheid van gedeputeerde Jeroen Olthof (provincie Noord-Holland) en de veerdienst TESO, drie nieuwe informatiezuilen van de \u2018Mobipunt Hubs\u2019.","og_url":"https:\/\/denhelder.online\/de\/aktuell\/neue-mobilitatszentren-starken-nachhaltigen-verkehr-und-barrierefreiheit\/","og_site_name":"Den Helder Online","article_modified_time":"2025-04-30T08:08:32+00:00","og_image":[{"width":1920,"height":1080,"url":"https:\/\/denhelder.online\/wp-content\/uploads\/2025\/04\/0ac6ac6a-195a-4ad8-a9b1-7abd30a40c76-thumbnail_Mobi-Hub-PVA08638_kopie_1920x1080.jpg","type":"image\/jpeg"}],"twitter_card":"summary_large_image","twitter_misc":{"Gesch\u00e4tzte Lesezeit":"3\u00a0Minuten"},"schema":{"@context":"https:\/\/schema.org","@graph":[{"@type":"WebPage","@id":"https:\/\/denhelder.online\/actueel\/nieuwe-mobipunt-hubs-versterken-duurzaam-vervoer-en-bereikbaarheid\/","url":"https:\/\/denhelder.online\/actueel\/nieuwe-mobipunt-hubs-versterken-duurzaam-vervoer-en-bereikbaarheid\/","name":"Neue Mobilit\u00e4tszentren st\u00e4rken nachhaltigen Verkehr und Barrierefreiheit \u2013 Den Helder Online","isPartOf":{"@id":"https:\/\/denhelder.online\/#website"},"primaryImageOfPage":{"@id":"https:\/\/denhelder.online\/actueel\/nieuwe-mobipunt-hubs-versterken-duurzaam-vervoer-en-bereikbaarheid\/#primaryimage"},"image":{"@id":"https:\/\/denhelder.online\/actueel\/nieuwe-mobipunt-hubs-versterken-duurzaam-vervoer-en-bereikbaarheid\/#primaryimage"},"thumbnailUrl":"https:\/\/denhelder.online\/wp-content\/uploads\/2025\/04\/0ac6ac6a-195a-4ad8-a9b1-7abd30a40c76-thumbnail_Mobi-Hub-PVA08638_kopie_1920x1080.jpg","datePublished":"2024-03-30T09:08:18+00:00","dateModified":"2025-04-30T08:08:32+00:00","breadcrumb":{"@id":"https:\/\/denhelder.online\/actueel\/nieuwe-mobipunt-hubs-versterken-duurzaam-vervoer-en-bereikbaarheid\/#breadcrumb"},"inLanguage":"de","potentialAction":[{"@type":"ReadAction","target":["https:\/\/denhelder.online\/actueel\/nieuwe-mobipunt-hubs-versterken-duurzaam-vervoer-en-bereikbaarheid\/"]}]},{"@type":"ImageObject","inLanguage":"de","@id":"https:\/\/denhelder.online\/actueel\/nieuwe-mobipunt-hubs-versterken-duurzaam-vervoer-en-bereikbaarheid\/#primaryimage","url":"https:\/\/denhelder.online\/wp-content\/uploads\/2025\/04\/0ac6ac6a-195a-4ad8-a9b1-7abd30a40c76-thumbnail_Mobi-Hub-PVA08638_kopie_1920x1080.jpg","contentUrl":"https:\/\/denhelder.online\/wp-content\/uploads\/2025\/04\/0ac6ac6a-195a-4ad8-a9b1-7abd30a40c76-thumbnail_Mobi-Hub-PVA08638_kopie_1920x1080.jpg","width":1920,"height":1080,"caption":"Mobipunt bij Teso haven Den Helder waar je informatie kan vinden over het transport"},{"@type":"BreadcrumbList","@id":"https:\/\/denhelder.online\/actueel\/nieuwe-mobipunt-hubs-versterken-duurzaam-vervoer-en-bereikbaarheid\/#breadcrumb","itemListElement":[{"@type":"ListItem","position":1,"name":"Home","item":"https:\/\/denhelder.online\/"},{"@type":"ListItem","position":2,"name":"Actueel","item":"https:\/\/denhelder.online\/en\/current\/"},{"@type":"ListItem","position":3,"name":"Nieuwe Mobipunt Hubs versterken duurzaam vervoer en bereikbaarheid"}]},{"@type":"WebSite","@id":"https:\/\/denhelder.online\/#website","url":"https:\/\/denhelder.online\/","name":"Den Helder Online","description":"Erleben Sie Den Helder","publisher":{"@id":"https:\/\/denhelder.online\/#organization"},"potentialAction":[{"@type":"SearchAction","target":{"@type":"EntryPoint","urlTemplate":"https:\/\/denhelder.online\/?s={search_term_string}"},"query-input":{"@type":"PropertyValueSpecification","valueRequired":true,"valueName":"search_term_string"}}],"inLanguage":"de"},{"@type":"Organization","@id":"https:\/\/denhelder.online\/#organization","name":"Den Helder Online","url":"https:\/\/denhelder.online\/","logo":{"@type":"ImageObject","inLanguage":"de","@id":"https:\/\/denhelder.online\/#\/schema\/logo\/image\/","url":"https:\/\/denhelder.online\/wp-content\/uploads\/2021\/12\/DitIsDH-Logo-26-tagline.svg","contentUrl":"https:\/\/denhelder.online\/wp-content\/uploads\/2021\/12\/DitIsDH-Logo-26-tagline.svg","width":1717.0999999999999,"height":934.89999999999998,"caption":"Den Helder Online"},"image":{"@id":"https:\/\/denhelder.online\/#\/schema\/logo\/image\/"}}]}},"_links":{"self":[{"href":"https:\/\/denhelder.online\/de\/wp-json\/wp\/v2\/actueel\/10966","targetHints":{"allow":["GET"]}}],"collection":[{"href":"https:\/\/denhelder.online\/de\/wp-json\/wp\/v2\/actueel"}],"about":[{"href":"https:\/\/denhelder.online\/de\/wp-json\/wp\/v2\/types\/actueel"}],"author":[{"embeddable":true,"href":"https:\/\/denhelder.online\/de\/wp-json\/wp\/v2\/users\/4"}],"wp:featuredmedia":[{"embeddable":true,"href":"https:\/\/denhelder.online\/de\/wp-json\/wp\/v2\/media\/10967"}],"wp:attachment":[{"href":"https:\/\/denhelder.online\/de\/wp-json\/wp\/v2\/media?parent=10966"}],"wp:term":[{"taxonomy":"doelgroep","embeddable":true,"href":"https:\/\/denhelder.online\/de\/wp-json\/wp\/v2\/doelgroep?post=10966"}],"curies":[{"name":"wp","href":"https:\/\/api.w.org\/{rel}","templated":true}]}}