{"id":10968,"date":"2024-03-30T10:10:33","date_gmt":"2024-03-30T09:10:33","guid":{"rendered":"https:\/\/denhelder.online\/?post_type=actueel&#038;p=10968"},"modified":"2025-04-30T10:10:44","modified_gmt":"2025-04-30T08:10:44","slug":"gemeinsam-feiern-wir-80-jahre-freiheit","status":"publish","type":"actueel","link":"https:\/\/denhelder.online\/de\/actueel\/samen-vieren-we-80-jaar-vrijheid\/","title":{"rendered":"Gemeinsam feiern wir 80 Jahre Freiheit"},"content":{"rendered":"<p>In den Jahren 2024 und 2025 wird landesweit des Endes des Zweiten Weltkriegs vor 80 Jahren gedacht.<\/p>\n<div>Den Helder litt schwer unter der Gewalt des Krieges. Heute ist die K\u00f6niglich Niederl\u00e4ndische Marine an verschiedenen Standorten in unserer Stadt aktiv, um Frieden und Sicherheit zu f\u00f6rdern. Begriffe wie Krieg und Freiheit sind eng mit dieser Stadt verbunden, und die Gemeinde Den Helder hat sich, wie viele andere Gemeinden in den Niederlanden, diesem Themenjahr verschrieben und hofft, die Einwohner zu inspirieren, dieses Thema in zahlreichen Aktivit\u00e4ten und Veranstaltungen zum Ausdruck zu bringen. Zur Unterst\u00fctzung der Organisatoren steht ein Koordinator f\u00fcr \u201e80 Jahre Freiheit\u201c zur Verf\u00fcgung, der ihnen in verschiedenen Bereichen behilflich ist, unter anderem durch Beratung, Vermittlung und finanzielle Unterst\u00fctzung.<\/div>\n<div><\/div>\n<div>Organisationsaktivit\u00e4ten<\/div>\n<div>Um dieses Themenjahr zu einem Erfolg zu machen, ruft die Gemeinde Den Helder Organisatoren (gro\u00dfe wie kleine) dazu auf, zwischen April 2025 und September 2025 Aktivit\u00e4ten rund um dieses Thema zu entwickeln und durchzuf\u00fchren. Alle Aktivit\u00e4ten werden durch \u00d6ffentlichkeitsarbeit unterst\u00fctzt: Bildmaterial wird zur Verf\u00fcgung gestellt, und alle damit verbundenen Aktivit\u00e4ten werden auf verschiedenen Plattformen innerhalb der Gemeinde Den Helder und der Provinz ver\u00f6ffentlicht.<\/div>\n<div><\/div>\n<div>Sie k\u00f6nnen auch einen Kostenzuschuss f\u00fcr Ihre Aktivit\u00e4t\/Veranstaltung beantragen. Die Gemeinde Den Helder stellt 60.000 \u20ac zur Verf\u00fcgung, um Organisatoren bei der Gestaltung ansprechender und\/oder eindrucksvoller Themenveranstaltungen zu unterst\u00fctzen. Die Teilnahmebedingungen finden Sie unter www.80jaarvrijheiddenhelder.nl. Dort ist auch das Anmeldeformular verf\u00fcgbar. Antr\u00e4ge, die die Voraussetzungen erf\u00fcllen, k\u00f6nnen bis zum 16. November eingereicht werden. Ob Ihre Aktivit\u00e4t oder Veranstaltung einen Zuschuss erh\u00e4lt, wird Anfang Dezember bekannt gegeben. Wenn Sie Hilfe bei der Umsetzung Ihrer Idee ben\u00f6tigen, wenden Sie sich bitte an Petra Clowting, Koordinatorin von \u201e80 Jahre Freiheit\u201c. Die Kontaktdaten finden Sie auf der Website.<\/div>\n<div><\/div>\n<div>Auftaktthema: 80 Jahre Freiheit<\/div>\n<div>Beim Auftakttreffen zum Themenjahr herrschte gro\u00dfe Begeisterung f\u00fcr die gemeinsame Umsetzung. Ideen wie ein Befreiungsfestival, Ausstellungen, Konzerte, M\u00e4rkte, Jugenddebatten, Bildungsprogramme und vieles mehr entstanden. Neben zahlreichen Ideen wurde auch Unterst\u00fctzung in Form von R\u00e4umlichkeiten und Ressourcen bereitgestellt, sodass trotz des begrenzten Budgets viele tolle Aktivit\u00e4ten realisiert werden konnten. Kontaktieren Sie gerne den Koordinator, um sich \u00fcber die M\u00f6glichkeiten zu informieren.<\/div>\n<div>Werden auch Sie ein Botschafter der Freiheit? Wir w\u00fcrden Ihre Veranstaltung gerne in unseren Kalender aufnehmen!<\/div>","protected":false},"excerpt":{"rendered":"<p>In den Jahren 2024 und 2025 wird landesweit des Endes des Zweiten Weltkriegs vor 80 Jahren gedacht.<\/p>","protected":false},"author":4,"featured_media":10969,"template":"","doelgroep":[6027,6028],"class_list":["post-10968","actueel","type-actueel","status-publish","has-post-thumbnail","hentry","elementor_library_category-activiteiten","doelgroep-inwoner","doelgroep-inwoner-regio"],"yoast_head":"<!-- This site is optimized with the Yoast SEO Premium plugin v24.7 (Yoast SEO v27.5) - https:\/\/yoast.com\/product\/yoast-seo-premium-wordpress\/ -->\n<title>Samen vieren we 80 jaar Vrijheid - Den Helder Online<\/title>\n<meta name=\"robots\" content=\"index, follow, max-snippet:-1, max-image-preview:large, max-video-preview:-1\" \/>\n<link rel=\"canonical\" href=\"https:\/\/denhelder.online\/de\/aktuell\/gemeinsam-feiern-wir-80-jahre-freiheit\/\" \/>\n<meta property=\"og:locale\" content=\"de_DE\" \/>\n<meta property=\"og:type\" content=\"article\" \/>\n<meta property=\"og:title\" content=\"Samen vieren we 80 jaar Vrijheid\" \/>\n<meta property=\"og:description\" content=\"In 2024 en 2025 wordt nationaal het be\u00ebindigen van de Tweede Wereldoorlog, 80 jaar geleden, herdacht.\" \/>\n<meta property=\"og:url\" content=\"https:\/\/denhelder.online\/de\/aktuell\/gemeinsam-feiern-wir-80-jahre-freiheit\/\" \/>\n<meta property=\"og:site_name\" content=\"Den Helder Online\" \/>\n<meta property=\"article:modified_time\" content=\"2025-04-30T08:10:44+00:00\" \/>\n<meta property=\"og:image\" content=\"https:\/\/denhelder.online\/wp-content\/uploads\/2025\/04\/81c86474-f06f-4d3f-a800-90fbea43a51d-thumbnail_Visual_persbericht_1920x1080-1024x576.png\" \/>\n\t<meta property=\"og:image:width\" content=\"1024\" \/>\n\t<meta property=\"og:image:height\" content=\"576\" \/>\n\t<meta property=\"og:image:type\" content=\"image\/png\" \/>\n<meta name=\"twitter:card\" content=\"summary_large_image\" \/>\n<meta name=\"twitter:label1\" content=\"Gesch\u00e4tzte Lesezeit\" \/>\n\t<meta name=\"twitter:data1\" content=\"3\u00a0Minuten\" \/>\n<script type=\"application\/ld+json\" class=\"yoast-schema-graph\">{\"@context\":\"https:\\\/\\\/schema.org\",\"@graph\":[{\"@type\":\"WebPage\",\"@id\":\"https:\\\/\\\/denhelder.online\\\/actueel\\\/samen-vieren-we-80-jaar-vrijheid\\\/\",\"url\":\"https:\\\/\\\/denhelder.online\\\/actueel\\\/samen-vieren-we-80-jaar-vrijheid\\\/\",\"name\":\"Samen vieren we 80 jaar Vrijheid - Den Helder Online\",\"isPartOf\":{\"@id\":\"https:\\\/\\\/denhelder.online\\\/#website\"},\"primaryImageOfPage\":{\"@id\":\"https:\\\/\\\/denhelder.online\\\/actueel\\\/samen-vieren-we-80-jaar-vrijheid\\\/#primaryimage\"},\"image\":{\"@id\":\"https:\\\/\\\/denhelder.online\\\/actueel\\\/samen-vieren-we-80-jaar-vrijheid\\\/#primaryimage\"},\"thumbnailUrl\":\"https:\\\/\\\/denhelder.online\\\/wp-content\\\/uploads\\\/2025\\\/04\\\/81c86474-f06f-4d3f-a800-90fbea43a51d-thumbnail_Visual_persbericht_1920x1080.png\",\"datePublished\":\"2024-03-30T09:10:33+00:00\",\"dateModified\":\"2025-04-30T08:10:44+00:00\",\"breadcrumb\":{\"@id\":\"https:\\\/\\\/denhelder.online\\\/actueel\\\/samen-vieren-we-80-jaar-vrijheid\\\/#breadcrumb\"},\"inLanguage\":\"de\",\"potentialAction\":[{\"@type\":\"ReadAction\",\"target\":[\"https:\\\/\\\/denhelder.online\\\/actueel\\\/samen-vieren-we-80-jaar-vrijheid\\\/\"]}]},{\"@type\":\"ImageObject\",\"inLanguage\":\"de\",\"@id\":\"https:\\\/\\\/denhelder.online\\\/actueel\\\/samen-vieren-we-80-jaar-vrijheid\\\/#primaryimage\",\"url\":\"https:\\\/\\\/denhelder.online\\\/wp-content\\\/uploads\\\/2025\\\/04\\\/81c86474-f06f-4d3f-a800-90fbea43a51d-thumbnail_Visual_persbericht_1920x1080.png\",\"contentUrl\":\"https:\\\/\\\/denhelder.online\\\/wp-content\\\/uploads\\\/2025\\\/04\\\/81c86474-f06f-4d3f-a800-90fbea43a51d-thumbnail_Visual_persbericht_1920x1080.png\",\"width\":1920,\"height\":1080,\"caption\":\"Logo 80 jaar vrijheid Den Helder met kranslegging\"},{\"@type\":\"BreadcrumbList\",\"@id\":\"https:\\\/\\\/denhelder.online\\\/actueel\\\/samen-vieren-we-80-jaar-vrijheid\\\/#breadcrumb\",\"itemListElement\":[{\"@type\":\"ListItem\",\"position\":1,\"name\":\"Home\",\"item\":\"https:\\\/\\\/denhelder.online\\\/\"},{\"@type\":\"ListItem\",\"position\":2,\"name\":\"Actueel\",\"item\":\"https:\\\/\\\/denhelder.online\\\/en\\\/current\\\/\"},{\"@type\":\"ListItem\",\"position\":3,\"name\":\"Samen vieren we 80 jaar Vrijheid\"}]},{\"@type\":\"WebSite\",\"@id\":\"https:\\\/\\\/denhelder.online\\\/#website\",\"url\":\"https:\\\/\\\/denhelder.online\\\/\",\"name\":\"Den Helder Online\",\"description\":\"Beleef Den Helder\",\"publisher\":{\"@id\":\"https:\\\/\\\/denhelder.online\\\/#organization\"},\"potentialAction\":[{\"@type\":\"SearchAction\",\"target\":{\"@type\":\"EntryPoint\",\"urlTemplate\":\"https:\\\/\\\/denhelder.online\\\/?s={search_term_string}\"},\"query-input\":{\"@type\":\"PropertyValueSpecification\",\"valueRequired\":true,\"valueName\":\"search_term_string\"}}],\"inLanguage\":\"de\"},{\"@type\":\"Organization\",\"@id\":\"https:\\\/\\\/denhelder.online\\\/#organization\",\"name\":\"Den Helder Online\",\"url\":\"https:\\\/\\\/denhelder.online\\\/\",\"logo\":{\"@type\":\"ImageObject\",\"inLanguage\":\"de\",\"@id\":\"https:\\\/\\\/denhelder.online\\\/#\\\/schema\\\/logo\\\/image\\\/\",\"url\":\"https:\\\/\\\/denhelder.online\\\/wp-content\\\/uploads\\\/2021\\\/12\\\/DitIsDH-Logo-26-tagline.svg\",\"contentUrl\":\"https:\\\/\\\/denhelder.online\\\/wp-content\\\/uploads\\\/2021\\\/12\\\/DitIsDH-Logo-26-tagline.svg\",\"width\":1717.0999999999999,\"height\":934.89999999999998,\"caption\":\"Den Helder Online\"},\"image\":{\"@id\":\"https:\\\/\\\/denhelder.online\\\/#\\\/schema\\\/logo\\\/image\\\/\"}}]}<\/script>\n<!-- \/ Yoast SEO Premium plugin. -->","yoast_head_json":{"title":"Gemeinsam feiern wir 80 Jahre Freiheit \u2013 Den Helder Online","robots":{"index":"index","follow":"follow","max-snippet":"max-snippet:-1","max-image-preview":"max-image-preview:large","max-video-preview":"max-video-preview:-1"},"canonical":"https:\/\/denhelder.online\/de\/aktuell\/gemeinsam-feiern-wir-80-jahre-freiheit\/","og_locale":"de_DE","og_type":"article","og_title":"Samen vieren we 80 jaar Vrijheid","og_description":"In 2024 en 2025 wordt nationaal het be\u00ebindigen van de Tweede Wereldoorlog, 80 jaar geleden, herdacht.","og_url":"https:\/\/denhelder.online\/de\/aktuell\/gemeinsam-feiern-wir-80-jahre-freiheit\/","og_site_name":"Den Helder Online","article_modified_time":"2025-04-30T08:10:44+00:00","og_image":[{"width":1024,"height":576,"url":"https:\/\/denhelder.online\/wp-content\/uploads\/2025\/04\/81c86474-f06f-4d3f-a800-90fbea43a51d-thumbnail_Visual_persbericht_1920x1080-1024x576.png","type":"image\/png"}],"twitter_card":"summary_large_image","twitter_misc":{"Gesch\u00e4tzte Lesezeit":"3\u00a0Minuten"},"schema":{"@context":"https:\/\/schema.org","@graph":[{"@type":"WebPage","@id":"https:\/\/denhelder.online\/actueel\/samen-vieren-we-80-jaar-vrijheid\/","url":"https:\/\/denhelder.online\/actueel\/samen-vieren-we-80-jaar-vrijheid\/","name":"Gemeinsam feiern wir 80 Jahre Freiheit \u2013 Den Helder Online","isPartOf":{"@id":"https:\/\/denhelder.online\/#website"},"primaryImageOfPage":{"@id":"https:\/\/denhelder.online\/actueel\/samen-vieren-we-80-jaar-vrijheid\/#primaryimage"},"image":{"@id":"https:\/\/denhelder.online\/actueel\/samen-vieren-we-80-jaar-vrijheid\/#primaryimage"},"thumbnailUrl":"https:\/\/denhelder.online\/wp-content\/uploads\/2025\/04\/81c86474-f06f-4d3f-a800-90fbea43a51d-thumbnail_Visual_persbericht_1920x1080.png","datePublished":"2024-03-30T09:10:33+00:00","dateModified":"2025-04-30T08:10:44+00:00","breadcrumb":{"@id":"https:\/\/denhelder.online\/actueel\/samen-vieren-we-80-jaar-vrijheid\/#breadcrumb"},"inLanguage":"de","potentialAction":[{"@type":"ReadAction","target":["https:\/\/denhelder.online\/actueel\/samen-vieren-we-80-jaar-vrijheid\/"]}]},{"@type":"ImageObject","inLanguage":"de","@id":"https:\/\/denhelder.online\/actueel\/samen-vieren-we-80-jaar-vrijheid\/#primaryimage","url":"https:\/\/denhelder.online\/wp-content\/uploads\/2025\/04\/81c86474-f06f-4d3f-a800-90fbea43a51d-thumbnail_Visual_persbericht_1920x1080.png","contentUrl":"https:\/\/denhelder.online\/wp-content\/uploads\/2025\/04\/81c86474-f06f-4d3f-a800-90fbea43a51d-thumbnail_Visual_persbericht_1920x1080.png","width":1920,"height":1080,"caption":"Logo 80 jaar vrijheid Den Helder met kranslegging"},{"@type":"BreadcrumbList","@id":"https:\/\/denhelder.online\/actueel\/samen-vieren-we-80-jaar-vrijheid\/#breadcrumb","itemListElement":[{"@type":"ListItem","position":1,"name":"Home","item":"https:\/\/denhelder.online\/"},{"@type":"ListItem","position":2,"name":"Actueel","item":"https:\/\/denhelder.online\/en\/current\/"},{"@type":"ListItem","position":3,"name":"Samen vieren we 80 jaar Vrijheid"}]},{"@type":"WebSite","@id":"https:\/\/denhelder.online\/#website","url":"https:\/\/denhelder.online\/","name":"Den Helder Online","description":"Erleben Sie Den Helder","publisher":{"@id":"https:\/\/denhelder.online\/#organization"},"potentialAction":[{"@type":"SearchAction","target":{"@type":"EntryPoint","urlTemplate":"https:\/\/denhelder.online\/?s={search_term_string}"},"query-input":{"@type":"PropertyValueSpecification","valueRequired":true,"valueName":"search_term_string"}}],"inLanguage":"de"},{"@type":"Organization","@id":"https:\/\/denhelder.online\/#organization","name":"Den Helder Online","url":"https:\/\/denhelder.online\/","logo":{"@type":"ImageObject","inLanguage":"de","@id":"https:\/\/denhelder.online\/#\/schema\/logo\/image\/","url":"https:\/\/denhelder.online\/wp-content\/uploads\/2021\/12\/DitIsDH-Logo-26-tagline.svg","contentUrl":"https:\/\/denhelder.online\/wp-content\/uploads\/2021\/12\/DitIsDH-Logo-26-tagline.svg","width":1717.0999999999999,"height":934.89999999999998,"caption":"Den Helder Online"},"image":{"@id":"https:\/\/denhelder.online\/#\/schema\/logo\/image\/"}}]}},"_links":{"self":[{"href":"https:\/\/denhelder.online\/de\/wp-json\/wp\/v2\/actueel\/10968","targetHints":{"allow":["GET"]}}],"collection":[{"href":"https:\/\/denhelder.online\/de\/wp-json\/wp\/v2\/actueel"}],"about":[{"href":"https:\/\/denhelder.online\/de\/wp-json\/wp\/v2\/types\/actueel"}],"author":[{"embeddable":true,"href":"https:\/\/denhelder.online\/de\/wp-json\/wp\/v2\/users\/4"}],"wp:featuredmedia":[{"embeddable":true,"href":"https:\/\/denhelder.online\/de\/wp-json\/wp\/v2\/media\/10969"}],"wp:attachment":[{"href":"https:\/\/denhelder.online\/de\/wp-json\/wp\/v2\/media?parent=10968"}],"wp:term":[{"taxonomy":"doelgroep","embeddable":true,"href":"https:\/\/denhelder.online\/de\/wp-json\/wp\/v2\/doelgroep?post=10968"}],"curies":[{"name":"wp","href":"https:\/\/api.w.org\/{rel}","templated":true}]}}