{"id":10986,"date":"2024-04-30T10:27:44","date_gmt":"2024-04-30T08:27:44","guid":{"rendered":"https:\/\/denhelder.online\/?post_type=actueel&#038;p=10986"},"modified":"2025-04-30T10:28:25","modified_gmt":"2025-04-30T08:28:25","slug":"die-hell-hervorgehobenen-in-der-wanderzeitschrift-tevoet","status":"publish","type":"actueel","link":"https:\/\/denhelder.online\/de\/actueel\/den-helder-uitgelicht-bij-wandelmagazine-tevoet\/","title":{"rendered":"Den Helder wurde im Wandermagazin TeVoet vorgestellt!"},"content":{"rendered":"<p>Wir sind stolz darauf, dass Den Helder k\u00fcrzlich in der Wanderzeitschrift vorgestellt wurde.\u00a0<em>Zu Fu\u00df<\/em>. Der Artikel hebt die Kombination aus Natur und Kultur hervor, die unsere Stadt bietet, von weitl\u00e4ufigen K\u00fcstenlinien und D\u00fcnenlandschaften bis hin zu historischen Sehensw\u00fcrdigkeiten wie Willemsoord.<\/p>\n<p>Mit abwechslungsreichen Wanderwegen durch die Stadt und die umliegende Landschaft ist Den Helder das ideale Reiseziel f\u00fcr alle, die aktive Outdoor-Aktivit\u00e4ten lieben.<\/p>\n<p>Lesen Sie den vollst\u00e4ndigen Artikel\u00a0<a href=\"https:\/\/tevoetonline.nl\/meer\/wandelinspiratie-in-europa\/nederland\/ontdek-den-helder-stoere-stad-aan-zee\" target=\"\">Hier!<\/a><\/p>\n<p>&nbsp;<\/p>","protected":false},"excerpt":{"rendered":"<p>Wir sind stolz darauf, dass Den Helder k\u00fcrzlich im Wandermagazin TeVoet vorgestellt wurde. Der Artikel hebt die gelungene Verbindung von Natur und Kultur hervor, die unsere Stadt bietet \u2013 von weitl\u00e4ufigen K\u00fcsten und D\u00fcnenlandschaften bis hin zu historischen Sehensw\u00fcrdigkeiten wie Willemsoord.<\/p>","protected":false},"author":4,"featured_media":10987,"template":"","doelgroep":[6027],"class_list":["post-10986","actueel","type-actueel","status-publish","has-post-thumbnail","hentry","elementor_library_category-cultuur","doelgroep-inwoner"],"yoast_head":"<!-- This site is optimized with the Yoast SEO Premium plugin v24.7 (Yoast SEO v27.5) - https:\/\/yoast.com\/product\/yoast-seo-premium-wordpress\/ -->\n<title>Den Helder uitgelicht bij wandelmagazine TeVoet! - Den Helder Online<\/title>\n<meta name=\"robots\" content=\"index, follow, max-snippet:-1, max-image-preview:large, max-video-preview:-1\" \/>\n<link rel=\"canonical\" href=\"https:\/\/denhelder.online\/de\/aktuell\/die-hell-hervorgehobenen-in-der-wanderzeitschrift-tevoet\/\" \/>\n<meta property=\"og:locale\" content=\"de_DE\" \/>\n<meta property=\"og:type\" content=\"article\" \/>\n<meta property=\"og:title\" content=\"Den Helder uitgelicht bij wandelmagazine TeVoet!\" \/>\n<meta property=\"og:description\" content=\"We zijn trots dat Den Helder onlangs is uitgelicht in het wandelmagazine\u00a0TeVoet. Het artikel benadrukt de combinatie van natuur en cultuur die onze stad biedt, van uitgestrekte kustlijnen en duinlandschappen tot historische bezienswaardigheden zoals Willemsoord.\" \/>\n<meta property=\"og:url\" content=\"https:\/\/denhelder.online\/de\/aktuell\/die-hell-hervorgehobenen-in-der-wanderzeitschrift-tevoet\/\" \/>\n<meta property=\"og:site_name\" content=\"Den Helder Online\" \/>\n<meta property=\"article:modified_time\" content=\"2025-04-30T08:28:25+00:00\" \/>\n<meta property=\"og:image\" content=\"https:\/\/denhelder.online\/wp-content\/uploads\/2025\/04\/e02bdbc2-03bc-4e0a-ad71-371562344f17-hoe_organiseer_je_een_evenement_1_1920x1080.jpg\" \/>\n\t<meta property=\"og:image:width\" content=\"1920\" \/>\n\t<meta property=\"og:image:height\" content=\"1080\" \/>\n\t<meta property=\"og:image:type\" content=\"image\/jpeg\" \/>\n<meta name=\"twitter:card\" content=\"summary_large_image\" \/>\n<meta name=\"twitter:label1\" content=\"Gesch\u00e4tzte Lesezeit\" \/>\n\t<meta name=\"twitter:data1\" content=\"1\u00a0Minute\" \/>\n<script type=\"application\/ld+json\" class=\"yoast-schema-graph\">{\"@context\":\"https:\\\/\\\/schema.org\",\"@graph\":[{\"@type\":\"WebPage\",\"@id\":\"https:\\\/\\\/denhelder.online\\\/actueel\\\/den-helder-uitgelicht-bij-wandelmagazine-tevoet\\\/\",\"url\":\"https:\\\/\\\/denhelder.online\\\/actueel\\\/den-helder-uitgelicht-bij-wandelmagazine-tevoet\\\/\",\"name\":\"Den Helder uitgelicht bij wandelmagazine TeVoet! - Den Helder Online\",\"isPartOf\":{\"@id\":\"https:\\\/\\\/denhelder.online\\\/#website\"},\"primaryImageOfPage\":{\"@id\":\"https:\\\/\\\/denhelder.online\\\/actueel\\\/den-helder-uitgelicht-bij-wandelmagazine-tevoet\\\/#primaryimage\"},\"image\":{\"@id\":\"https:\\\/\\\/denhelder.online\\\/actueel\\\/den-helder-uitgelicht-bij-wandelmagazine-tevoet\\\/#primaryimage\"},\"thumbnailUrl\":\"https:\\\/\\\/denhelder.online\\\/wp-content\\\/uploads\\\/2025\\\/04\\\/e02bdbc2-03bc-4e0a-ad71-371562344f17-hoe_organiseer_je_een_evenement_1_1920x1080.jpg\",\"datePublished\":\"2024-04-30T08:27:44+00:00\",\"dateModified\":\"2025-04-30T08:28:25+00:00\",\"breadcrumb\":{\"@id\":\"https:\\\/\\\/denhelder.online\\\/actueel\\\/den-helder-uitgelicht-bij-wandelmagazine-tevoet\\\/#breadcrumb\"},\"inLanguage\":\"de\",\"potentialAction\":[{\"@type\":\"ReadAction\",\"target\":[\"https:\\\/\\\/denhelder.online\\\/actueel\\\/den-helder-uitgelicht-bij-wandelmagazine-tevoet\\\/\"]}]},{\"@type\":\"ImageObject\",\"inLanguage\":\"de\",\"@id\":\"https:\\\/\\\/denhelder.online\\\/actueel\\\/den-helder-uitgelicht-bij-wandelmagazine-tevoet\\\/#primaryimage\",\"url\":\"https:\\\/\\\/denhelder.online\\\/wp-content\\\/uploads\\\/2025\\\/04\\\/e02bdbc2-03bc-4e0a-ad71-371562344f17-hoe_organiseer_je_een_evenement_1_1920x1080.jpg\",\"contentUrl\":\"https:\\\/\\\/denhelder.online\\\/wp-content\\\/uploads\\\/2025\\\/04\\\/e02bdbc2-03bc-4e0a-ad71-371562344f17-hoe_organiseer_je_een_evenement_1_1920x1080.jpg\",\"width\":1920,\"height\":1080,\"caption\":\"Uitgave Wandelmagazine TeVoet van citymarekting Den Helder\"},{\"@type\":\"BreadcrumbList\",\"@id\":\"https:\\\/\\\/denhelder.online\\\/actueel\\\/den-helder-uitgelicht-bij-wandelmagazine-tevoet\\\/#breadcrumb\",\"itemListElement\":[{\"@type\":\"ListItem\",\"position\":1,\"name\":\"Home\",\"item\":\"https:\\\/\\\/denhelder.online\\\/\"},{\"@type\":\"ListItem\",\"position\":2,\"name\":\"Actueel\",\"item\":\"https:\\\/\\\/denhelder.online\\\/en\\\/current\\\/\"},{\"@type\":\"ListItem\",\"position\":3,\"name\":\"Den Helder uitgelicht bij wandelmagazine TeVoet!\"}]},{\"@type\":\"WebSite\",\"@id\":\"https:\\\/\\\/denhelder.online\\\/#website\",\"url\":\"https:\\\/\\\/denhelder.online\\\/\",\"name\":\"Den Helder Online\",\"description\":\"Beleef Den Helder\",\"publisher\":{\"@id\":\"https:\\\/\\\/denhelder.online\\\/#organization\"},\"potentialAction\":[{\"@type\":\"SearchAction\",\"target\":{\"@type\":\"EntryPoint\",\"urlTemplate\":\"https:\\\/\\\/denhelder.online\\\/?s={search_term_string}\"},\"query-input\":{\"@type\":\"PropertyValueSpecification\",\"valueRequired\":true,\"valueName\":\"search_term_string\"}}],\"inLanguage\":\"de\"},{\"@type\":\"Organization\",\"@id\":\"https:\\\/\\\/denhelder.online\\\/#organization\",\"name\":\"Den Helder Online\",\"url\":\"https:\\\/\\\/denhelder.online\\\/\",\"logo\":{\"@type\":\"ImageObject\",\"inLanguage\":\"de\",\"@id\":\"https:\\\/\\\/denhelder.online\\\/#\\\/schema\\\/logo\\\/image\\\/\",\"url\":\"https:\\\/\\\/denhelder.online\\\/wp-content\\\/uploads\\\/2021\\\/12\\\/DitIsDH-Logo-26-tagline.svg\",\"contentUrl\":\"https:\\\/\\\/denhelder.online\\\/wp-content\\\/uploads\\\/2021\\\/12\\\/DitIsDH-Logo-26-tagline.svg\",\"width\":1717.0999999999999,\"height\":934.89999999999998,\"caption\":\"Den Helder Online\"},\"image\":{\"@id\":\"https:\\\/\\\/denhelder.online\\\/#\\\/schema\\\/logo\\\/image\\\/\"}}]}<\/script>\n<!-- \/ Yoast SEO Premium plugin. -->","yoast_head_json":{"title":"Den Helder im Wandermagazin TeVoet! vorgestellt! \u2013 Den Helder Online","robots":{"index":"index","follow":"follow","max-snippet":"max-snippet:-1","max-image-preview":"max-image-preview:large","max-video-preview":"max-video-preview:-1"},"canonical":"https:\/\/denhelder.online\/de\/aktuell\/die-hell-hervorgehobenen-in-der-wanderzeitschrift-tevoet\/","og_locale":"de_DE","og_type":"article","og_title":"Den Helder uitgelicht bij wandelmagazine TeVoet!","og_description":"We zijn trots dat Den Helder onlangs is uitgelicht in het wandelmagazine\u00a0TeVoet. Het artikel benadrukt de combinatie van natuur en cultuur die onze stad biedt, van uitgestrekte kustlijnen en duinlandschappen tot historische bezienswaardigheden zoals Willemsoord.","og_url":"https:\/\/denhelder.online\/de\/aktuell\/die-hell-hervorgehobenen-in-der-wanderzeitschrift-tevoet\/","og_site_name":"Den Helder Online","article_modified_time":"2025-04-30T08:28:25+00:00","og_image":[{"width":1920,"height":1080,"url":"https:\/\/denhelder.online\/wp-content\/uploads\/2025\/04\/e02bdbc2-03bc-4e0a-ad71-371562344f17-hoe_organiseer_je_een_evenement_1_1920x1080.jpg","type":"image\/jpeg"}],"twitter_card":"summary_large_image","twitter_misc":{"Gesch\u00e4tzte Lesezeit":"1\u00a0Minute"},"schema":{"@context":"https:\/\/schema.org","@graph":[{"@type":"WebPage","@id":"https:\/\/denhelder.online\/actueel\/den-helder-uitgelicht-bij-wandelmagazine-tevoet\/","url":"https:\/\/denhelder.online\/actueel\/den-helder-uitgelicht-bij-wandelmagazine-tevoet\/","name":"Den Helder im Wandermagazin TeVoet! vorgestellt! \u2013 Den Helder Online","isPartOf":{"@id":"https:\/\/denhelder.online\/#website"},"primaryImageOfPage":{"@id":"https:\/\/denhelder.online\/actueel\/den-helder-uitgelicht-bij-wandelmagazine-tevoet\/#primaryimage"},"image":{"@id":"https:\/\/denhelder.online\/actueel\/den-helder-uitgelicht-bij-wandelmagazine-tevoet\/#primaryimage"},"thumbnailUrl":"https:\/\/denhelder.online\/wp-content\/uploads\/2025\/04\/e02bdbc2-03bc-4e0a-ad71-371562344f17-hoe_organiseer_je_een_evenement_1_1920x1080.jpg","datePublished":"2024-04-30T08:27:44+00:00","dateModified":"2025-04-30T08:28:25+00:00","breadcrumb":{"@id":"https:\/\/denhelder.online\/actueel\/den-helder-uitgelicht-bij-wandelmagazine-tevoet\/#breadcrumb"},"inLanguage":"de","potentialAction":[{"@type":"ReadAction","target":["https:\/\/denhelder.online\/actueel\/den-helder-uitgelicht-bij-wandelmagazine-tevoet\/"]}]},{"@type":"ImageObject","inLanguage":"de","@id":"https:\/\/denhelder.online\/actueel\/den-helder-uitgelicht-bij-wandelmagazine-tevoet\/#primaryimage","url":"https:\/\/denhelder.online\/wp-content\/uploads\/2025\/04\/e02bdbc2-03bc-4e0a-ad71-371562344f17-hoe_organiseer_je_een_evenement_1_1920x1080.jpg","contentUrl":"https:\/\/denhelder.online\/wp-content\/uploads\/2025\/04\/e02bdbc2-03bc-4e0a-ad71-371562344f17-hoe_organiseer_je_een_evenement_1_1920x1080.jpg","width":1920,"height":1080,"caption":"Uitgave Wandelmagazine TeVoet van citymarekting Den Helder"},{"@type":"BreadcrumbList","@id":"https:\/\/denhelder.online\/actueel\/den-helder-uitgelicht-bij-wandelmagazine-tevoet\/#breadcrumb","itemListElement":[{"@type":"ListItem","position":1,"name":"Home","item":"https:\/\/denhelder.online\/"},{"@type":"ListItem","position":2,"name":"Actueel","item":"https:\/\/denhelder.online\/en\/current\/"},{"@type":"ListItem","position":3,"name":"Den Helder uitgelicht bij wandelmagazine TeVoet!"}]},{"@type":"WebSite","@id":"https:\/\/denhelder.online\/#website","url":"https:\/\/denhelder.online\/","name":"Den Helder Online","description":"Erleben Sie Den Helder","publisher":{"@id":"https:\/\/denhelder.online\/#organization"},"potentialAction":[{"@type":"SearchAction","target":{"@type":"EntryPoint","urlTemplate":"https:\/\/denhelder.online\/?s={search_term_string}"},"query-input":{"@type":"PropertyValueSpecification","valueRequired":true,"valueName":"search_term_string"}}],"inLanguage":"de"},{"@type":"Organization","@id":"https:\/\/denhelder.online\/#organization","name":"Den Helder Online","url":"https:\/\/denhelder.online\/","logo":{"@type":"ImageObject","inLanguage":"de","@id":"https:\/\/denhelder.online\/#\/schema\/logo\/image\/","url":"https:\/\/denhelder.online\/wp-content\/uploads\/2021\/12\/DitIsDH-Logo-26-tagline.svg","contentUrl":"https:\/\/denhelder.online\/wp-content\/uploads\/2021\/12\/DitIsDH-Logo-26-tagline.svg","width":1717.0999999999999,"height":934.89999999999998,"caption":"Den Helder Online"},"image":{"@id":"https:\/\/denhelder.online\/#\/schema\/logo\/image\/"}}]}},"_links":{"self":[{"href":"https:\/\/denhelder.online\/de\/wp-json\/wp\/v2\/actueel\/10986","targetHints":{"allow":["GET"]}}],"collection":[{"href":"https:\/\/denhelder.online\/de\/wp-json\/wp\/v2\/actueel"}],"about":[{"href":"https:\/\/denhelder.online\/de\/wp-json\/wp\/v2\/types\/actueel"}],"author":[{"embeddable":true,"href":"https:\/\/denhelder.online\/de\/wp-json\/wp\/v2\/users\/4"}],"wp:featuredmedia":[{"embeddable":true,"href":"https:\/\/denhelder.online\/de\/wp-json\/wp\/v2\/media\/10987"}],"wp:attachment":[{"href":"https:\/\/denhelder.online\/de\/wp-json\/wp\/v2\/media?parent=10986"}],"wp:term":[{"taxonomy":"doelgroep","embeddable":true,"href":"https:\/\/denhelder.online\/de\/wp-json\/wp\/v2\/doelgroep?post=10986"}],"curies":[{"name":"wp","href":"https:\/\/api.w.org\/{rel}","templated":true}]}}