{"id":10988,"date":"2024-04-30T10:29:43","date_gmt":"2024-04-30T08:29:43","guid":{"rendered":"https:\/\/denhelder.online\/?post_type=actueel&#038;p=10988"},"modified":"2025-04-30T10:29:54","modified_gmt":"2025-04-30T08:29:54","slug":"besucherrekord-am-tag-der-offenen-denkmaler-den-helder","status":"publish","type":"actueel","link":"https:\/\/denhelder.online\/de\/actueel\/recordaantal-bezoekers-voor-open-monumentendag-den-helder\/","title":{"rendered":"Rekordzahl an Besuchern am Tag der offenen Denkm\u00e4ler Den Helder!"},"content":{"rendered":"<p>Am vergangenen Wochenende lockte der Tag der offenen Denkm\u00e4ler eine Rekordzahl an Besuchern zu unserem wundersch\u00f6nen historischen Erbe. Mit fast 5.800 Besuchen wurde der bisherige Rekord aus dem Jahr 2021 deutlich \u00fcbertroffen!<\/p>\n<p>Das diesj\u00e4hrige Motto \u2018Erbe von Routen, Netzwerken und Verbindungen\u2019 inspirierte einzigartige Kooperationen zwischen Denkm\u00e4lern und Kultureinrichtungen. Besucher konnten Auff\u00fchrungen auf dem Feuerschiff Texel, Ausstellungen in der Willem-Frederik-Karel-Freimaurerloge und eine Ausstellung der Molenstichting (M\u00fchlenstiftung) in einer Kirche genie\u00dfen.<\/p>\n<p>Dank des herrlichen Wetters und der fantastischen historischen Tour gab es einen stetigen Besucherstrom zu den Denkm\u00e4lern, darunter auch zur HNLMS Bonaire in Willemsoord.<\/p>\n<p>Wir freuen uns schon jetzt auf das n\u00e4chste Jahr, den 13. und 14. September 2025!<\/p>\n<p>&nbsp;<\/p>","protected":false},"excerpt":{"rendered":"<p>Am vergangenen Wochenende lockte der Tag der offenen Denkm\u00e4ler eine Rekordzahl an Besuchern zu unserem wundersch\u00f6nen historischen Erbe. Mit fast 5.800 Besuchen wurde der bisherige Rekord aus dem Jahr 2021 deutlich \u00fcbertroffen!<\/p>","protected":false},"author":4,"featured_media":10989,"template":"","doelgroep":[6027],"class_list":["post-10988","actueel","type-actueel","status-publish","has-post-thumbnail","hentry","elementor_library_category-activiteiten","doelgroep-inwoner"],"yoast_head":"<!-- This site is optimized with the Yoast SEO Premium plugin v24.7 (Yoast SEO v27.5) - https:\/\/yoast.com\/product\/yoast-seo-premium-wordpress\/ -->\n<title>Recordaantal bezoekers voor Open Monumentendag Den Helder! - Den Helder Online<\/title>\n<meta name=\"robots\" content=\"index, follow, max-snippet:-1, max-image-preview:large, max-video-preview:-1\" \/>\n<link rel=\"canonical\" href=\"https:\/\/denhelder.online\/de\/aktuell\/besucherrekord-am-tag-der-offenen-denkmaler-den-helder\/\" \/>\n<meta property=\"og:locale\" content=\"de_DE\" \/>\n<meta property=\"og:type\" content=\"article\" \/>\n<meta property=\"og:title\" content=\"Recordaantal bezoekers voor Open Monumentendag Den Helder!\" \/>\n<meta property=\"og:description\" content=\"Vorig weekend trok Open Monumentendag een recordaantal bezoekers aan voor ons prachtige historische erfgoed. Met bijna 5800 bezoeken is het vorige record uit 2021 ruimschoots overtroffen!\" \/>\n<meta property=\"og:url\" content=\"https:\/\/denhelder.online\/de\/aktuell\/besucherrekord-am-tag-der-offenen-denkmaler-den-helder\/\" \/>\n<meta property=\"og:site_name\" content=\"Den Helder Online\" \/>\n<meta property=\"article:modified_time\" content=\"2025-04-30T08:29:54+00:00\" \/>\n<meta property=\"og:image\" content=\"https:\/\/denhelder.online\/wp-content\/uploads\/2025\/04\/80fb069d-aeb4-42c5-b870-8f9329745dc0-Historisch_Weekend_1920x1080.jpg\" \/>\n\t<meta property=\"og:image:width\" content=\"1920\" \/>\n\t<meta property=\"og:image:height\" content=\"1080\" \/>\n\t<meta property=\"og:image:type\" content=\"image\/jpeg\" \/>\n<meta name=\"twitter:card\" content=\"summary_large_image\" \/>\n<meta name=\"twitter:label1\" content=\"Gesch\u00e4tzte Lesezeit\" \/>\n\t<meta name=\"twitter:data1\" content=\"1\u00a0Minute\" \/>\n<script type=\"application\/ld+json\" class=\"yoast-schema-graph\">{\"@context\":\"https:\\\/\\\/schema.org\",\"@graph\":[{\"@type\":\"WebPage\",\"@id\":\"https:\\\/\\\/denhelder.online\\\/actueel\\\/recordaantal-bezoekers-voor-open-monumentendag-den-helder\\\/\",\"url\":\"https:\\\/\\\/denhelder.online\\\/actueel\\\/recordaantal-bezoekers-voor-open-monumentendag-den-helder\\\/\",\"name\":\"Recordaantal bezoekers voor Open Monumentendag Den Helder! - Den Helder Online\",\"isPartOf\":{\"@id\":\"https:\\\/\\\/denhelder.online\\\/#website\"},\"primaryImageOfPage\":{\"@id\":\"https:\\\/\\\/denhelder.online\\\/actueel\\\/recordaantal-bezoekers-voor-open-monumentendag-den-helder\\\/#primaryimage\"},\"image\":{\"@id\":\"https:\\\/\\\/denhelder.online\\\/actueel\\\/recordaantal-bezoekers-voor-open-monumentendag-den-helder\\\/#primaryimage\"},\"thumbnailUrl\":\"https:\\\/\\\/denhelder.online\\\/wp-content\\\/uploads\\\/2025\\\/04\\\/80fb069d-aeb4-42c5-b870-8f9329745dc0-Historisch_Weekend_1920x1080.jpg\",\"datePublished\":\"2024-04-30T08:29:43+00:00\",\"dateModified\":\"2025-04-30T08:29:54+00:00\",\"breadcrumb\":{\"@id\":\"https:\\\/\\\/denhelder.online\\\/actueel\\\/recordaantal-bezoekers-voor-open-monumentendag-den-helder\\\/#breadcrumb\"},\"inLanguage\":\"de\",\"potentialAction\":[{\"@type\":\"ReadAction\",\"target\":[\"https:\\\/\\\/denhelder.online\\\/actueel\\\/recordaantal-bezoekers-voor-open-monumentendag-den-helder\\\/\"]}]},{\"@type\":\"ImageObject\",\"inLanguage\":\"de\",\"@id\":\"https:\\\/\\\/denhelder.online\\\/actueel\\\/recordaantal-bezoekers-voor-open-monumentendag-den-helder\\\/#primaryimage\",\"url\":\"https:\\\/\\\/denhelder.online\\\/wp-content\\\/uploads\\\/2025\\\/04\\\/80fb069d-aeb4-42c5-b870-8f9329745dc0-Historisch_Weekend_1920x1080.jpg\",\"contentUrl\":\"https:\\\/\\\/denhelder.online\\\/wp-content\\\/uploads\\\/2025\\\/04\\\/80fb069d-aeb4-42c5-b870-8f9329745dc0-Historisch_Weekend_1920x1080.jpg\",\"width\":1920,\"height\":1080,\"caption\":\"Historische Rondrit tijdens de Open Monumentendag met op de achtergrond schip van de Bonaire\"},{\"@type\":\"BreadcrumbList\",\"@id\":\"https:\\\/\\\/denhelder.online\\\/actueel\\\/recordaantal-bezoekers-voor-open-monumentendag-den-helder\\\/#breadcrumb\",\"itemListElement\":[{\"@type\":\"ListItem\",\"position\":1,\"name\":\"Home\",\"item\":\"https:\\\/\\\/denhelder.online\\\/\"},{\"@type\":\"ListItem\",\"position\":2,\"name\":\"Actueel\",\"item\":\"https:\\\/\\\/denhelder.online\\\/en\\\/current\\\/\"},{\"@type\":\"ListItem\",\"position\":3,\"name\":\"Recordaantal bezoekers voor Open Monumentendag Den Helder!\"}]},{\"@type\":\"WebSite\",\"@id\":\"https:\\\/\\\/denhelder.online\\\/#website\",\"url\":\"https:\\\/\\\/denhelder.online\\\/\",\"name\":\"Den Helder Online\",\"description\":\"Beleef Den Helder\",\"publisher\":{\"@id\":\"https:\\\/\\\/denhelder.online\\\/#organization\"},\"potentialAction\":[{\"@type\":\"SearchAction\",\"target\":{\"@type\":\"EntryPoint\",\"urlTemplate\":\"https:\\\/\\\/denhelder.online\\\/?s={search_term_string}\"},\"query-input\":{\"@type\":\"PropertyValueSpecification\",\"valueRequired\":true,\"valueName\":\"search_term_string\"}}],\"inLanguage\":\"de\"},{\"@type\":\"Organization\",\"@id\":\"https:\\\/\\\/denhelder.online\\\/#organization\",\"name\":\"Den Helder Online\",\"url\":\"https:\\\/\\\/denhelder.online\\\/\",\"logo\":{\"@type\":\"ImageObject\",\"inLanguage\":\"de\",\"@id\":\"https:\\\/\\\/denhelder.online\\\/#\\\/schema\\\/logo\\\/image\\\/\",\"url\":\"https:\\\/\\\/denhelder.online\\\/wp-content\\\/uploads\\\/2021\\\/12\\\/DitIsDH-Logo-26-tagline.svg\",\"contentUrl\":\"https:\\\/\\\/denhelder.online\\\/wp-content\\\/uploads\\\/2021\\\/12\\\/DitIsDH-Logo-26-tagline.svg\",\"width\":1717.0999999999999,\"height\":934.89999999999998,\"caption\":\"Den Helder Online\"},\"image\":{\"@id\":\"https:\\\/\\\/denhelder.online\\\/#\\\/schema\\\/logo\\\/image\\\/\"}}]}<\/script>\n<!-- \/ Yoast SEO Premium plugin. -->","yoast_head_json":{"title":"Besucherrekord beim Tag der offenen Denkm\u00e4ler Den Helder! - Den Helder Online","robots":{"index":"index","follow":"follow","max-snippet":"max-snippet:-1","max-image-preview":"max-image-preview:large","max-video-preview":"max-video-preview:-1"},"canonical":"https:\/\/denhelder.online\/de\/aktuell\/besucherrekord-am-tag-der-offenen-denkmaler-den-helder\/","og_locale":"de_DE","og_type":"article","og_title":"Recordaantal bezoekers voor Open Monumentendag Den Helder!","og_description":"Vorig weekend trok Open Monumentendag een recordaantal bezoekers aan voor ons prachtige historische erfgoed. Met bijna 5800 bezoeken is het vorige record uit 2021 ruimschoots overtroffen!","og_url":"https:\/\/denhelder.online\/de\/aktuell\/besucherrekord-am-tag-der-offenen-denkmaler-den-helder\/","og_site_name":"Den Helder Online","article_modified_time":"2025-04-30T08:29:54+00:00","og_image":[{"width":1920,"height":1080,"url":"https:\/\/denhelder.online\/wp-content\/uploads\/2025\/04\/80fb069d-aeb4-42c5-b870-8f9329745dc0-Historisch_Weekend_1920x1080.jpg","type":"image\/jpeg"}],"twitter_card":"summary_large_image","twitter_misc":{"Gesch\u00e4tzte Lesezeit":"1\u00a0Minute"},"schema":{"@context":"https:\/\/schema.org","@graph":[{"@type":"WebPage","@id":"https:\/\/denhelder.online\/actueel\/recordaantal-bezoekers-voor-open-monumentendag-den-helder\/","url":"https:\/\/denhelder.online\/actueel\/recordaantal-bezoekers-voor-open-monumentendag-den-helder\/","name":"Besucherrekord beim Tag der offenen Denkm\u00e4ler Den Helder! - Den Helder Online","isPartOf":{"@id":"https:\/\/denhelder.online\/#website"},"primaryImageOfPage":{"@id":"https:\/\/denhelder.online\/actueel\/recordaantal-bezoekers-voor-open-monumentendag-den-helder\/#primaryimage"},"image":{"@id":"https:\/\/denhelder.online\/actueel\/recordaantal-bezoekers-voor-open-monumentendag-den-helder\/#primaryimage"},"thumbnailUrl":"https:\/\/denhelder.online\/wp-content\/uploads\/2025\/04\/80fb069d-aeb4-42c5-b870-8f9329745dc0-Historisch_Weekend_1920x1080.jpg","datePublished":"2024-04-30T08:29:43+00:00","dateModified":"2025-04-30T08:29:54+00:00","breadcrumb":{"@id":"https:\/\/denhelder.online\/actueel\/recordaantal-bezoekers-voor-open-monumentendag-den-helder\/#breadcrumb"},"inLanguage":"de","potentialAction":[{"@type":"ReadAction","target":["https:\/\/denhelder.online\/actueel\/recordaantal-bezoekers-voor-open-monumentendag-den-helder\/"]}]},{"@type":"ImageObject","inLanguage":"de","@id":"https:\/\/denhelder.online\/actueel\/recordaantal-bezoekers-voor-open-monumentendag-den-helder\/#primaryimage","url":"https:\/\/denhelder.online\/wp-content\/uploads\/2025\/04\/80fb069d-aeb4-42c5-b870-8f9329745dc0-Historisch_Weekend_1920x1080.jpg","contentUrl":"https:\/\/denhelder.online\/wp-content\/uploads\/2025\/04\/80fb069d-aeb4-42c5-b870-8f9329745dc0-Historisch_Weekend_1920x1080.jpg","width":1920,"height":1080,"caption":"Historische Rondrit tijdens de Open Monumentendag met op de achtergrond schip van de Bonaire"},{"@type":"BreadcrumbList","@id":"https:\/\/denhelder.online\/actueel\/recordaantal-bezoekers-voor-open-monumentendag-den-helder\/#breadcrumb","itemListElement":[{"@type":"ListItem","position":1,"name":"Home","item":"https:\/\/denhelder.online\/"},{"@type":"ListItem","position":2,"name":"Actueel","item":"https:\/\/denhelder.online\/en\/current\/"},{"@type":"ListItem","position":3,"name":"Recordaantal bezoekers voor Open Monumentendag Den Helder!"}]},{"@type":"WebSite","@id":"https:\/\/denhelder.online\/#website","url":"https:\/\/denhelder.online\/","name":"Den Helder Online","description":"Erleben Sie Den Helder","publisher":{"@id":"https:\/\/denhelder.online\/#organization"},"potentialAction":[{"@type":"SearchAction","target":{"@type":"EntryPoint","urlTemplate":"https:\/\/denhelder.online\/?s={search_term_string}"},"query-input":{"@type":"PropertyValueSpecification","valueRequired":true,"valueName":"search_term_string"}}],"inLanguage":"de"},{"@type":"Organization","@id":"https:\/\/denhelder.online\/#organization","name":"Den Helder Online","url":"https:\/\/denhelder.online\/","logo":{"@type":"ImageObject","inLanguage":"de","@id":"https:\/\/denhelder.online\/#\/schema\/logo\/image\/","url":"https:\/\/denhelder.online\/wp-content\/uploads\/2021\/12\/DitIsDH-Logo-26-tagline.svg","contentUrl":"https:\/\/denhelder.online\/wp-content\/uploads\/2021\/12\/DitIsDH-Logo-26-tagline.svg","width":1717.0999999999999,"height":934.89999999999998,"caption":"Den Helder Online"},"image":{"@id":"https:\/\/denhelder.online\/#\/schema\/logo\/image\/"}}]}},"_links":{"self":[{"href":"https:\/\/denhelder.online\/de\/wp-json\/wp\/v2\/actueel\/10988","targetHints":{"allow":["GET"]}}],"collection":[{"href":"https:\/\/denhelder.online\/de\/wp-json\/wp\/v2\/actueel"}],"about":[{"href":"https:\/\/denhelder.online\/de\/wp-json\/wp\/v2\/types\/actueel"}],"author":[{"embeddable":true,"href":"https:\/\/denhelder.online\/de\/wp-json\/wp\/v2\/users\/4"}],"wp:featuredmedia":[{"embeddable":true,"href":"https:\/\/denhelder.online\/de\/wp-json\/wp\/v2\/media\/10989"}],"wp:attachment":[{"href":"https:\/\/denhelder.online\/de\/wp-json\/wp\/v2\/media?parent=10988"}],"wp:term":[{"taxonomy":"doelgroep","embeddable":true,"href":"https:\/\/denhelder.online\/de\/wp-json\/wp\/v2\/doelgroep?post=10988"}],"curies":[{"name":"wp","href":"https:\/\/api.w.org\/{rel}","templated":true}]}}