{"id":11001,"date":"2024-05-30T10:43:10","date_gmt":"2024-05-30T08:43:10","guid":{"rendered":"https:\/\/denhelder.online\/?post_type=actueel&#038;p=11001"},"modified":"2025-04-30T10:43:19","modified_gmt":"2025-04-30T08:43:19","slug":"die-erste-auflage-der-mehrradtour-in-den-helder-war-ein-groser-erfolg","status":"publish","type":"actueel","link":"https:\/\/denhelder.online\/de\/actueel\/eerste-editie-van-de-meerwielentocht-in-den-helder-was-een-groot-succes\/","title":{"rendered":"Die erste Ausgabe der Meerwielentocht in Den Helder war ein gro\u00dfer Erfolg."},"content":{"rendered":"<p>Obwohl der Sommer vorbei und der Herbst l\u00e4ngst da ist, lie\u00dfen sich die Teilnehmer der ersten Meerwielentocht nicht davon abhalten, sich auf den Weg zu machen. Warm eingepackt bestiegen sie voller Begeisterung ihre Meerwieler und begaben sich auf ein wunderbares Abenteuer. Das Team Sportservice Noordkop, Mitveranstalter der Veranstaltung, ist stolz auf die gelungene Premiere und freut sich auf eine Wiederholung in der Zukunft.<\/p>\n<p>Am Mittwoch, dem 2. Oktober, startete die \u201eMeerwielentocht\u201c-Tour (Mehr-R\u00e4der-Tour) am fr\u00fchen Nachmittag am Omring in Den Koogh (Den Helder). Eine bunte Gruppe, von Roller- bis Dreiradfahrern, traf sich, um die frische Luft zu genie\u00dfen und die sch\u00f6nsten Orte der Region zu erkunden. Vor Beginn der Tour \u00fcberpr\u00fcfte Pieter vom Fahrradladen Den Helder alle teilnehmenden Dreir\u00e4der.<\/p>\n<p>Wundersch\u00f6ne Strecke durch Den Helder \u201cEs war ein voller Erfolg\u201d, freut sich Remon Schoorl vom Team Sportservice Noordkop. \u201cIn einer netten Gruppe radelten wir gut zehn Kilometer durch Den Helder und sahen dabei viele sch\u00f6ne Orte.\u201d Die Route f\u00fchrte die Teilnehmer durch malerische Waldgebiete, und auch Lange Jaap war dabei. Auf halber Strecke gab es eine kurze Bewegungspause: \u201cEs ist so wichtig, die Muskeln zu dehnen und zu entspannen.\u201d Dabei wurde auch ein Gruppenfoto gemacht.<\/p>\n<p>Zum Abschluss gab es Kaffee. Nach der Fahrt kehrten alle zum Treffpunkt Omring in Den Koogh zur\u00fcck. Dort erwartete sie eine leckere Tasse Kaffee und Bananenbrot, gesponsert von Maatwerk Den Helder. Die \u201cMeerwielentocht\u201d markierte gleichzeitig den Abschluss der Begegnungswoche bei Den Helder. Diese Initiative wurde von verschiedenen Organisationen ins Leben gerufen, um der Einsamkeit in der Stadt entgegenzuwirken. \u201eNach dem Erfolg dieser \u201eMeerwielentocht\u201c hoffen wir, dass die Teilnehmer in Kontakt bleiben und ihre gemeinsame Reise fortsetzen.\u201c Obwohl der genaue Termin der n\u00e4chsten \u201eMeerwielentocht\u201c noch nicht feststeht, ist die Anmeldung bereits m\u00f6glich. Sie k\u00f6nnen sich per E-Mail an Rina Blondeau unter rblondeau@teamsportservice.nl anmelden.<\/p>","protected":false},"excerpt":{"rendered":"<p>Obwohl der Sommer vorbei und der Herbst l\u00e4ngst da ist, lie\u00dfen sich die Teilnehmer der ersten Meerwielentocht nicht davon abhalten, sich auf den Weg zu machen. Warm eingepackt bestiegen sie voller Begeisterung ihre Meerwieler und begaben sich auf ein wunderbares Abenteuer. Das Team Sportservice Noordkop, Mitveranstalter der Veranstaltung, ist stolz auf die gelungene Premiere und freut sich auf eine Wiederholung in der Zukunft.<\/p>","protected":false},"author":4,"featured_media":11002,"template":"","doelgroep":[6027,6028],"class_list":["post-11001","actueel","type-actueel","status-publish","has-post-thumbnail","hentry","elementor_library_category-activiteiten","doelgroep-inwoner","doelgroep-inwoner-regio"],"yoast_head":"<!-- This site is optimized with the Yoast SEO Premium plugin v24.7 (Yoast SEO v27.5) - https:\/\/yoast.com\/product\/yoast-seo-premium-wordpress\/ -->\n<title>EERSTE EDITIE VAN DE MEERWIELENTOCHT IN DEN HELDER WAS EEN GROOT SUCCES - Den Helder Online<\/title>\n<meta name=\"robots\" content=\"index, follow, max-snippet:-1, max-image-preview:large, max-video-preview:-1\" \/>\n<link rel=\"canonical\" href=\"https:\/\/denhelder.online\/de\/aktuell\/die-erste-auflage-der-mehrradtour-in-den-helder-war-ein-groser-erfolg\/\" \/>\n<meta property=\"og:locale\" content=\"de_DE\" \/>\n<meta property=\"og:type\" content=\"article\" \/>\n<meta property=\"og:title\" content=\"EERSTE EDITIE VAN DE MEERWIELENTOCHT IN DEN HELDER WAS EEN GROOT SUCCES\" \/>\n<meta property=\"og:description\" content=\"Hoewel de zomer voorbij is en de herfst al lang zijn intrede heeft gedaan, weerhield dat de deelnemers van de eerste editie van de Meerwielentocht niet om op pad te gaan. Met een warme jas stapten ze vol enthousiasme op hun meerwieler en beleefden ze een mooi avontuur. Team Sportservice Noordkop, medeorganisator van het evenement, is trots op deze succesvolle eerste editie en kijkt uit naar een herhaling in de toekomst.\" \/>\n<meta property=\"og:url\" content=\"https:\/\/denhelder.online\/de\/aktuell\/die-erste-auflage-der-mehrradtour-in-den-helder-war-ein-groser-erfolg\/\" \/>\n<meta property=\"og:site_name\" content=\"Den Helder Online\" \/>\n<meta property=\"article:modified_time\" content=\"2025-04-30T08:43:19+00:00\" \/>\n<meta property=\"og:image\" content=\"https:\/\/denhelder.online\/wp-content\/uploads\/2025\/04\/534ff56f-9f95-42ee-808f-359328d2f698-meerwielentocht_1920x1080.jpeg\" \/>\n\t<meta property=\"og:image:width\" content=\"1920\" \/>\n\t<meta property=\"og:image:height\" content=\"1080\" \/>\n\t<meta property=\"og:image:type\" content=\"image\/jpeg\" \/>\n<meta name=\"twitter:card\" content=\"summary_large_image\" \/>\n<meta name=\"twitter:label1\" content=\"Gesch\u00e4tzte Lesezeit\" \/>\n\t<meta name=\"twitter:data1\" content=\"2\u00a0Minuten\" \/>\n<script type=\"application\/ld+json\" class=\"yoast-schema-graph\">{\"@context\":\"https:\\\/\\\/schema.org\",\"@graph\":[{\"@type\":\"WebPage\",\"@id\":\"https:\\\/\\\/denhelder.online\\\/actueel\\\/eerste-editie-van-de-meerwielentocht-in-den-helder-was-een-groot-succes\\\/\",\"url\":\"https:\\\/\\\/denhelder.online\\\/actueel\\\/eerste-editie-van-de-meerwielentocht-in-den-helder-was-een-groot-succes\\\/\",\"name\":\"EERSTE EDITIE VAN DE MEERWIELENTOCHT IN DEN HELDER WAS EEN GROOT SUCCES - Den Helder Online\",\"isPartOf\":{\"@id\":\"https:\\\/\\\/denhelder.online\\\/#website\"},\"primaryImageOfPage\":{\"@id\":\"https:\\\/\\\/denhelder.online\\\/actueel\\\/eerste-editie-van-de-meerwielentocht-in-den-helder-was-een-groot-succes\\\/#primaryimage\"},\"image\":{\"@id\":\"https:\\\/\\\/denhelder.online\\\/actueel\\\/eerste-editie-van-de-meerwielentocht-in-den-helder-was-een-groot-succes\\\/#primaryimage\"},\"thumbnailUrl\":\"https:\\\/\\\/denhelder.online\\\/wp-content\\\/uploads\\\/2025\\\/04\\\/534ff56f-9f95-42ee-808f-359328d2f698-meerwielentocht_1920x1080.jpeg\",\"datePublished\":\"2024-05-30T08:43:10+00:00\",\"dateModified\":\"2025-04-30T08:43:19+00:00\",\"breadcrumb\":{\"@id\":\"https:\\\/\\\/denhelder.online\\\/actueel\\\/eerste-editie-van-de-meerwielentocht-in-den-helder-was-een-groot-succes\\\/#breadcrumb\"},\"inLanguage\":\"de\",\"potentialAction\":[{\"@type\":\"ReadAction\",\"target\":[\"https:\\\/\\\/denhelder.online\\\/actueel\\\/eerste-editie-van-de-meerwielentocht-in-den-helder-was-een-groot-succes\\\/\"]}]},{\"@type\":\"ImageObject\",\"inLanguage\":\"de\",\"@id\":\"https:\\\/\\\/denhelder.online\\\/actueel\\\/eerste-editie-van-de-meerwielentocht-in-den-helder-was-een-groot-succes\\\/#primaryimage\",\"url\":\"https:\\\/\\\/denhelder.online\\\/wp-content\\\/uploads\\\/2025\\\/04\\\/534ff56f-9f95-42ee-808f-359328d2f698-meerwielentocht_1920x1080.jpeg\",\"contentUrl\":\"https:\\\/\\\/denhelder.online\\\/wp-content\\\/uploads\\\/2025\\\/04\\\/534ff56f-9f95-42ee-808f-359328d2f698-meerwielentocht_1920x1080.jpeg\",\"width\":1920,\"height\":1080,\"caption\":\"Meerwielenfietstocht bij de Lange Jaap\"},{\"@type\":\"BreadcrumbList\",\"@id\":\"https:\\\/\\\/denhelder.online\\\/actueel\\\/eerste-editie-van-de-meerwielentocht-in-den-helder-was-een-groot-succes\\\/#breadcrumb\",\"itemListElement\":[{\"@type\":\"ListItem\",\"position\":1,\"name\":\"Home\",\"item\":\"https:\\\/\\\/denhelder.online\\\/\"},{\"@type\":\"ListItem\",\"position\":2,\"name\":\"Actueel\",\"item\":\"https:\\\/\\\/denhelder.online\\\/en\\\/current\\\/\"},{\"@type\":\"ListItem\",\"position\":3,\"name\":\"EERSTE EDITIE VAN DE MEERWIELENTOCHT IN DEN HELDER WAS EEN GROOT SUCCES\"}]},{\"@type\":\"WebSite\",\"@id\":\"https:\\\/\\\/denhelder.online\\\/#website\",\"url\":\"https:\\\/\\\/denhelder.online\\\/\",\"name\":\"Den Helder Online\",\"description\":\"Beleef Den Helder\",\"publisher\":{\"@id\":\"https:\\\/\\\/denhelder.online\\\/#organization\"},\"potentialAction\":[{\"@type\":\"SearchAction\",\"target\":{\"@type\":\"EntryPoint\",\"urlTemplate\":\"https:\\\/\\\/denhelder.online\\\/?s={search_term_string}\"},\"query-input\":{\"@type\":\"PropertyValueSpecification\",\"valueRequired\":true,\"valueName\":\"search_term_string\"}}],\"inLanguage\":\"de\"},{\"@type\":\"Organization\",\"@id\":\"https:\\\/\\\/denhelder.online\\\/#organization\",\"name\":\"Den Helder Online\",\"url\":\"https:\\\/\\\/denhelder.online\\\/\",\"logo\":{\"@type\":\"ImageObject\",\"inLanguage\":\"de\",\"@id\":\"https:\\\/\\\/denhelder.online\\\/#\\\/schema\\\/logo\\\/image\\\/\",\"url\":\"https:\\\/\\\/denhelder.online\\\/wp-content\\\/uploads\\\/2021\\\/12\\\/DitIsDH-Logo-26-tagline.svg\",\"contentUrl\":\"https:\\\/\\\/denhelder.online\\\/wp-content\\\/uploads\\\/2021\\\/12\\\/DitIsDH-Logo-26-tagline.svg\",\"width\":1717.0999999999999,\"height\":934.89999999999998,\"caption\":\"Den Helder Online\"},\"image\":{\"@id\":\"https:\\\/\\\/denhelder.online\\\/#\\\/schema\\\/logo\\\/image\\\/\"}}]}<\/script>\n<!-- \/ Yoast SEO Premium plugin. -->","yoast_head_json":{"title":"Die erste Ausgabe der Mehrradtour in Den Helder war ein gro\u00dfer Erfolg \u2013 Den Helder Online","robots":{"index":"index","follow":"follow","max-snippet":"max-snippet:-1","max-image-preview":"max-image-preview:large","max-video-preview":"max-video-preview:-1"},"canonical":"https:\/\/denhelder.online\/de\/aktuell\/die-erste-auflage-der-mehrradtour-in-den-helder-war-ein-groser-erfolg\/","og_locale":"de_DE","og_type":"article","og_title":"EERSTE EDITIE VAN DE MEERWIELENTOCHT IN DEN HELDER WAS EEN GROOT SUCCES","og_description":"Hoewel de zomer voorbij is en de herfst al lang zijn intrede heeft gedaan, weerhield dat de deelnemers van de eerste editie van de Meerwielentocht niet om op pad te gaan. Met een warme jas stapten ze vol enthousiasme op hun meerwieler en beleefden ze een mooi avontuur. Team Sportservice Noordkop, medeorganisator van het evenement, is trots op deze succesvolle eerste editie en kijkt uit naar een herhaling in de toekomst.","og_url":"https:\/\/denhelder.online\/de\/aktuell\/die-erste-auflage-der-mehrradtour-in-den-helder-war-ein-groser-erfolg\/","og_site_name":"Den Helder Online","article_modified_time":"2025-04-30T08:43:19+00:00","og_image":[{"width":1920,"height":1080,"url":"https:\/\/denhelder.online\/wp-content\/uploads\/2025\/04\/534ff56f-9f95-42ee-808f-359328d2f698-meerwielentocht_1920x1080.jpeg","type":"image\/jpeg"}],"twitter_card":"summary_large_image","twitter_misc":{"Gesch\u00e4tzte Lesezeit":"2\u00a0Minuten"},"schema":{"@context":"https:\/\/schema.org","@graph":[{"@type":"WebPage","@id":"https:\/\/denhelder.online\/actueel\/eerste-editie-van-de-meerwielentocht-in-den-helder-was-een-groot-succes\/","url":"https:\/\/denhelder.online\/actueel\/eerste-editie-van-de-meerwielentocht-in-den-helder-was-een-groot-succes\/","name":"Die erste Ausgabe der Mehrradtour in Den Helder war ein gro\u00dfer Erfolg \u2013 Den Helder Online","isPartOf":{"@id":"https:\/\/denhelder.online\/#website"},"primaryImageOfPage":{"@id":"https:\/\/denhelder.online\/actueel\/eerste-editie-van-de-meerwielentocht-in-den-helder-was-een-groot-succes\/#primaryimage"},"image":{"@id":"https:\/\/denhelder.online\/actueel\/eerste-editie-van-de-meerwielentocht-in-den-helder-was-een-groot-succes\/#primaryimage"},"thumbnailUrl":"https:\/\/denhelder.online\/wp-content\/uploads\/2025\/04\/534ff56f-9f95-42ee-808f-359328d2f698-meerwielentocht_1920x1080.jpeg","datePublished":"2024-05-30T08:43:10+00:00","dateModified":"2025-04-30T08:43:19+00:00","breadcrumb":{"@id":"https:\/\/denhelder.online\/actueel\/eerste-editie-van-de-meerwielentocht-in-den-helder-was-een-groot-succes\/#breadcrumb"},"inLanguage":"de","potentialAction":[{"@type":"ReadAction","target":["https:\/\/denhelder.online\/actueel\/eerste-editie-van-de-meerwielentocht-in-den-helder-was-een-groot-succes\/"]}]},{"@type":"ImageObject","inLanguage":"de","@id":"https:\/\/denhelder.online\/actueel\/eerste-editie-van-de-meerwielentocht-in-den-helder-was-een-groot-succes\/#primaryimage","url":"https:\/\/denhelder.online\/wp-content\/uploads\/2025\/04\/534ff56f-9f95-42ee-808f-359328d2f698-meerwielentocht_1920x1080.jpeg","contentUrl":"https:\/\/denhelder.online\/wp-content\/uploads\/2025\/04\/534ff56f-9f95-42ee-808f-359328d2f698-meerwielentocht_1920x1080.jpeg","width":1920,"height":1080,"caption":"Meerwielenfietstocht bij de Lange Jaap"},{"@type":"BreadcrumbList","@id":"https:\/\/denhelder.online\/actueel\/eerste-editie-van-de-meerwielentocht-in-den-helder-was-een-groot-succes\/#breadcrumb","itemListElement":[{"@type":"ListItem","position":1,"name":"Home","item":"https:\/\/denhelder.online\/"},{"@type":"ListItem","position":2,"name":"Actueel","item":"https:\/\/denhelder.online\/en\/current\/"},{"@type":"ListItem","position":3,"name":"EERSTE EDITIE VAN DE MEERWIELENTOCHT IN DEN HELDER WAS EEN GROOT SUCCES"}]},{"@type":"WebSite","@id":"https:\/\/denhelder.online\/#website","url":"https:\/\/denhelder.online\/","name":"Den Helder Online","description":"Erleben Sie Den Helder","publisher":{"@id":"https:\/\/denhelder.online\/#organization"},"potentialAction":[{"@type":"SearchAction","target":{"@type":"EntryPoint","urlTemplate":"https:\/\/denhelder.online\/?s={search_term_string}"},"query-input":{"@type":"PropertyValueSpecification","valueRequired":true,"valueName":"search_term_string"}}],"inLanguage":"de"},{"@type":"Organization","@id":"https:\/\/denhelder.online\/#organization","name":"Den Helder Online","url":"https:\/\/denhelder.online\/","logo":{"@type":"ImageObject","inLanguage":"de","@id":"https:\/\/denhelder.online\/#\/schema\/logo\/image\/","url":"https:\/\/denhelder.online\/wp-content\/uploads\/2021\/12\/DitIsDH-Logo-26-tagline.svg","contentUrl":"https:\/\/denhelder.online\/wp-content\/uploads\/2021\/12\/DitIsDH-Logo-26-tagline.svg","width":1717.0999999999999,"height":934.89999999999998,"caption":"Den Helder Online"},"image":{"@id":"https:\/\/denhelder.online\/#\/schema\/logo\/image\/"}}]}},"_links":{"self":[{"href":"https:\/\/denhelder.online\/de\/wp-json\/wp\/v2\/actueel\/11001","targetHints":{"allow":["GET"]}}],"collection":[{"href":"https:\/\/denhelder.online\/de\/wp-json\/wp\/v2\/actueel"}],"about":[{"href":"https:\/\/denhelder.online\/de\/wp-json\/wp\/v2\/types\/actueel"}],"author":[{"embeddable":true,"href":"https:\/\/denhelder.online\/de\/wp-json\/wp\/v2\/users\/4"}],"wp:featuredmedia":[{"embeddable":true,"href":"https:\/\/denhelder.online\/de\/wp-json\/wp\/v2\/media\/11002"}],"wp:attachment":[{"href":"https:\/\/denhelder.online\/de\/wp-json\/wp\/v2\/media?parent=11001"}],"wp:term":[{"taxonomy":"doelgroep","embeddable":true,"href":"https:\/\/denhelder.online\/de\/wp-json\/wp\/v2\/doelgroep?post=11001"}],"curies":[{"name":"wp","href":"https:\/\/api.w.org\/{rel}","templated":true}]}}