{"id":11007,"date":"2024-05-30T10:48:55","date_gmt":"2024-05-30T08:48:55","guid":{"rendered":"https:\/\/denhelder.online\/?post_type=actueel&#038;p=11007"},"modified":"2025-04-30T10:49:30","modified_gmt":"2025-04-30T08:49:30","slug":"ein-teil-des-offentlichen-raums-des-rathauses-steht-fur-nichtkommerzielle-aktivitaten-zur-verfugung","status":"publish","type":"actueel","link":"https:\/\/denhelder.online\/de\/actueel\/deel-openbare-ruimte-van-stadhuis-beschikbaar-voor-niet-commerciele-activiteiten\/","title":{"rendered":"Ein Teil des \u00f6ffentlichen Raums im Rathaus steht f\u00fcr nichtkommerzielle Aktivit\u00e4ten zur Verf\u00fcgung."},"content":{"rendered":"<p>Die Gemeinde Den Helder stellt einen Teil des \u00f6ffentlichen Raums im Rathaus, das Kirchenschiff, f\u00fcr verschiedene Veranstaltungen zur Verf\u00fcgung. Mit der Er\u00f6ffnung des Geb\u00e4udes 66 im September 2023 ist das Interesse an der Nutzung der einzigartigen R\u00e4umlichkeiten f\u00fcr diverse Aktivit\u00e4ten wie Ausstellungen und Tagungen gestiegen.\u00a0<q>Dies tr\u00e4gt zur Verbindung zwischen der Gemeinde und den Einwohnern bei.<\/q>, sagt Stadtrat Niels Nanning.<\/p>\n<p><span style=\"font-family: -apple-system, BlinkMacSystemFont, 'Segoe UI', Roboto, 'Helvetica Neue', Arial, 'Noto Sans', sans-serif, 'Apple Color Emoji', 'Segoe UI Emoji', 'Segoe UI Symbol', 'Noto Color Emoji';\">Das Kirchenschiff<\/span><\/p>\n<p>Die Gemeinde Den Helder betont, wie wichtig es ist, das Mittelschiff lokalen Organisationen und Anwohnern zur Verf\u00fcgung zu stellen, deren Ziel nicht die Gewinnerzielung ist. Diese Initiativen m\u00fcssen den Bestimmungen des Markt- und Regierungsgesetzes entsprechen, was unter anderem bedeutet, dass kommerzielle Aktivit\u00e4ten nicht zul\u00e4ssig sind.<\/p>\n<h2>M\u00f6glichkeiten<\/h2>\n<p>Stadtrat Niels Nanning:\u00a0<q>Das Rathaus ist ein einzigartiger Ort im maritimen Herzen unserer Gemeinde. Es bietet einen wunderbaren Raum f\u00fcr kulturelle und gesellschaftliche Veranstaltungen. Indem wir diesen Raum zur Verf\u00fcgung stellen, erm\u00f6glichen wir den Einwohnern und Organisationen, zusammenzukommen, Wissen auszutauschen und ihrer Kreativit\u00e4t im historischen Veranstaltungsgebiet von Willemsoord freien Lauf zu lassen.<\/q><\/p>\n<h2>Nutzungsbedingungen<\/h2>\n<p>F\u00fcr die Organisation von Aktivit\u00e4ten im Kirchenschiff gelten verschiedene Regeln und Vorschriften. Diese sind in einem Dokument festgehalten, um sicherzustellen, dass jede Aktivit\u00e4t sicher und ordnungsgem\u00e4\u00df abl\u00e4uft und sowohl Organisatoren als auch Besucher ein angenehmes Erlebnis haben.<\/p>\n<p><q>Es ist wichtig, dass sich jeder, der diesen Raum nutzt, der Verantwortung bewusst ist, die mit der Organisation von Aktivit\u00e4ten an einem \u00f6ffentlichen Ort einhergeht.,<\/q>\u00a0Nanning betont.\u00a0<q>Das Kirchenschiff ist ein besonderer Ort, und gemeinsam sorgen wir daf\u00fcr, dass es ein Ort bleibt, an dem sich die Bewohner mit Stolz versammeln k\u00f6nnen.<\/q><\/p>\n<h2>Geplante Aktivit\u00e4ten<\/h2>\n<p>Einige Beispiele f\u00fcr Aktivit\u00e4ten, die in den kommenden Monaten im Kirchenschiff geplant sind:<\/p>\n<ul>\n<li>Schiffsmesse: Ausstellung kleiner Boote im Vorfeld der EOC Traditional Ships Fair<\/li>\n<li>Ausstellung \u2018Waterworks \u2013 Jan Blankens Traum\u2019<\/li>\n<li>Ausstellung \u00fcber die K\u00fcste der Bewohner von Esd\u00e9g\u00e9-Reigersdaal<\/li>\n<\/ul>\n<p>Interessierte k\u00f6nnen eine E-Mail senden an\u00a0<a href=\"mailto:activiteiten@denhelder.nl\">activiteiten@denhelder.nl<\/a>. Nach einer Probezeit bis Januar 2025 erfolgt eine Evaluierung.<\/p>","protected":false},"excerpt":{"rendered":"<p>De gemeente Den Helder stelt een deel van de openbare ruimte van het stadhuis, de &#8216;middenbeuk&#8217;, beschikbaar voor activiteiten. Met de ingebruikname van gebouw 66 in september 2023 is de belangstelling gegroeid om de unieke voorzieningen te benutten voor uiteenlopende activiteiten, zoals tentoonstellingen, exposities en bijeenkomsten.\u00a0Dit draagt bij aan de verbinding tussen de gemeente en de inwoners, zegt wethouder Niels Nanning.<\/p>","protected":false},"author":4,"featured_media":11008,"template":"","doelgroep":[6027,6028],"class_list":["post-11007","actueel","type-actueel","status-publish","has-post-thumbnail","hentry","elementor_library_category-activiteiten","doelgroep-inwoner","doelgroep-inwoner-regio"],"yoast_head":"<!-- This site is optimized with the Yoast SEO Premium plugin v24.7 (Yoast SEO v27.5) - https:\/\/yoast.com\/product\/yoast-seo-premium-wordpress\/ -->\n<title>Deel openbare ruimte van stadhuis beschikbaar voor niet-commerci\u00eble activiteiten - Den Helder Online<\/title>\n<meta name=\"robots\" content=\"index, follow, max-snippet:-1, max-image-preview:large, max-video-preview:-1\" \/>\n<link rel=\"canonical\" href=\"https:\/\/denhelder.online\/de\/aktuell\/ein-teil-des-offentlichen-raums-des-rathauses-steht-fur-nichtkommerzielle-aktivitaten-zur-verfugung\/\" \/>\n<meta property=\"og:locale\" content=\"de_DE\" \/>\n<meta property=\"og:type\" content=\"article\" \/>\n<meta property=\"og:title\" content=\"Deel openbare ruimte van stadhuis beschikbaar voor niet-commerci\u00eble activiteiten\" \/>\n<meta property=\"og:description\" content=\"De gemeente Den Helder stelt een deel van de openbare ruimte van het stadhuis, de &#039;middenbeuk&#039;, beschikbaar voor activiteiten. Met de ingebruikname van gebouw 66 in september 2023 is de belangstelling gegroeid om de unieke voorzieningen te benutten voor uiteenlopende activiteiten, zoals tentoonstellingen, exposities en bijeenkomsten.\u00a0Dit draagt bij aan de verbinding tussen de gemeente en de inwoners, zegt wethouder Niels Nanning.\" \/>\n<meta property=\"og:url\" content=\"https:\/\/denhelder.online\/de\/aktuell\/ein-teil-des-offentlichen-raums-des-rathauses-steht-fur-nichtkommerzielle-aktivitaten-zur-verfugung\/\" \/>\n<meta property=\"og:site_name\" content=\"Den Helder Online\" \/>\n<meta property=\"article:modified_time\" content=\"2025-04-30T08:49:30+00:00\" \/>\n<meta property=\"og:image\" content=\"https:\/\/denhelder.online\/wp-content\/uploads\/2025\/04\/e01b9597-3e4b-4dee-a547-3dd530cd46c8-deel_openbare_ruimte_van_stadhuis_1920x1080-1024x576.jpg\" \/>\n\t<meta property=\"og:image:width\" content=\"1024\" \/>\n\t<meta property=\"og:image:height\" content=\"576\" \/>\n\t<meta property=\"og:image:type\" content=\"image\/jpeg\" \/>\n<meta name=\"twitter:card\" content=\"summary_large_image\" \/>\n<meta name=\"twitter:label1\" content=\"Gesch\u00e4tzte Lesezeit\" \/>\n\t<meta name=\"twitter:data1\" content=\"2\u00a0Minuten\" \/>\n<script type=\"application\/ld+json\" class=\"yoast-schema-graph\">{\"@context\":\"https:\\\/\\\/schema.org\",\"@graph\":[{\"@type\":\"WebPage\",\"@id\":\"https:\\\/\\\/denhelder.online\\\/actueel\\\/deel-openbare-ruimte-van-stadhuis-beschikbaar-voor-niet-commerciele-activiteiten\\\/\",\"url\":\"https:\\\/\\\/denhelder.online\\\/actueel\\\/deel-openbare-ruimte-van-stadhuis-beschikbaar-voor-niet-commerciele-activiteiten\\\/\",\"name\":\"Deel openbare ruimte van stadhuis beschikbaar voor niet-commerci\u00eble activiteiten - Den Helder Online\",\"isPartOf\":{\"@id\":\"https:\\\/\\\/denhelder.online\\\/#website\"},\"primaryImageOfPage\":{\"@id\":\"https:\\\/\\\/denhelder.online\\\/actueel\\\/deel-openbare-ruimte-van-stadhuis-beschikbaar-voor-niet-commerciele-activiteiten\\\/#primaryimage\"},\"image\":{\"@id\":\"https:\\\/\\\/denhelder.online\\\/actueel\\\/deel-openbare-ruimte-van-stadhuis-beschikbaar-voor-niet-commerciele-activiteiten\\\/#primaryimage\"},\"thumbnailUrl\":\"https:\\\/\\\/denhelder.online\\\/wp-content\\\/uploads\\\/2025\\\/04\\\/e01b9597-3e4b-4dee-a547-3dd530cd46c8-deel_openbare_ruimte_van_stadhuis_1920x1080.jpg\",\"datePublished\":\"2024-05-30T08:48:55+00:00\",\"dateModified\":\"2025-04-30T08:49:30+00:00\",\"breadcrumb\":{\"@id\":\"https:\\\/\\\/denhelder.online\\\/actueel\\\/deel-openbare-ruimte-van-stadhuis-beschikbaar-voor-niet-commerciele-activiteiten\\\/#breadcrumb\"},\"inLanguage\":\"de\",\"potentialAction\":[{\"@type\":\"ReadAction\",\"target\":[\"https:\\\/\\\/denhelder.online\\\/actueel\\\/deel-openbare-ruimte-van-stadhuis-beschikbaar-voor-niet-commerciele-activiteiten\\\/\"]}]},{\"@type\":\"ImageObject\",\"inLanguage\":\"de\",\"@id\":\"https:\\\/\\\/denhelder.online\\\/actueel\\\/deel-openbare-ruimte-van-stadhuis-beschikbaar-voor-niet-commerciele-activiteiten\\\/#primaryimage\",\"url\":\"https:\\\/\\\/denhelder.online\\\/wp-content\\\/uploads\\\/2025\\\/04\\\/e01b9597-3e4b-4dee-a547-3dd530cd46c8-deel_openbare_ruimte_van_stadhuis_1920x1080.jpg\",\"contentUrl\":\"https:\\\/\\\/denhelder.online\\\/wp-content\\\/uploads\\\/2025\\\/04\\\/e01b9597-3e4b-4dee-a547-3dd530cd46c8-deel_openbare_ruimte_van_stadhuis_1920x1080.jpg\",\"width\":1920,\"height\":1080,\"caption\":\"Middenbeuk Stadhuis waar ruimte is voor exposities en tentoonstellingen\"},{\"@type\":\"BreadcrumbList\",\"@id\":\"https:\\\/\\\/denhelder.online\\\/actueel\\\/deel-openbare-ruimte-van-stadhuis-beschikbaar-voor-niet-commerciele-activiteiten\\\/#breadcrumb\",\"itemListElement\":[{\"@type\":\"ListItem\",\"position\":1,\"name\":\"Home\",\"item\":\"https:\\\/\\\/denhelder.online\\\/\"},{\"@type\":\"ListItem\",\"position\":2,\"name\":\"Actueel\",\"item\":\"https:\\\/\\\/denhelder.online\\\/en\\\/current\\\/\"},{\"@type\":\"ListItem\",\"position\":3,\"name\":\"Deel openbare ruimte van stadhuis beschikbaar voor niet-commerci\u00eble activiteiten\"}]},{\"@type\":\"WebSite\",\"@id\":\"https:\\\/\\\/denhelder.online\\\/#website\",\"url\":\"https:\\\/\\\/denhelder.online\\\/\",\"name\":\"Den Helder Online\",\"description\":\"Beleef Den Helder\",\"publisher\":{\"@id\":\"https:\\\/\\\/denhelder.online\\\/#organization\"},\"potentialAction\":[{\"@type\":\"SearchAction\",\"target\":{\"@type\":\"EntryPoint\",\"urlTemplate\":\"https:\\\/\\\/denhelder.online\\\/?s={search_term_string}\"},\"query-input\":{\"@type\":\"PropertyValueSpecification\",\"valueRequired\":true,\"valueName\":\"search_term_string\"}}],\"inLanguage\":\"de\"},{\"@type\":\"Organization\",\"@id\":\"https:\\\/\\\/denhelder.online\\\/#organization\",\"name\":\"Den Helder Online\",\"url\":\"https:\\\/\\\/denhelder.online\\\/\",\"logo\":{\"@type\":\"ImageObject\",\"inLanguage\":\"de\",\"@id\":\"https:\\\/\\\/denhelder.online\\\/#\\\/schema\\\/logo\\\/image\\\/\",\"url\":\"https:\\\/\\\/denhelder.online\\\/wp-content\\\/uploads\\\/2021\\\/12\\\/DitIsDH-Logo-26-tagline.svg\",\"contentUrl\":\"https:\\\/\\\/denhelder.online\\\/wp-content\\\/uploads\\\/2021\\\/12\\\/DitIsDH-Logo-26-tagline.svg\",\"width\":1717.0999999999999,\"height\":934.89999999999998,\"caption\":\"Den Helder Online\"},\"image\":{\"@id\":\"https:\\\/\\\/denhelder.online\\\/#\\\/schema\\\/logo\\\/image\\\/\"}}]}<\/script>\n<!-- \/ Yoast SEO Premium plugin. -->","yoast_head_json":{"title":"Ein Teil des \u00f6ffentlichen Raums im Rathaus steht f\u00fcr nichtkommerzielle Aktivit\u00e4ten zur Verf\u00fcgung \u2013 Den Helder Online","robots":{"index":"index","follow":"follow","max-snippet":"max-snippet:-1","max-image-preview":"max-image-preview:large","max-video-preview":"max-video-preview:-1"},"canonical":"https:\/\/denhelder.online\/de\/aktuell\/ein-teil-des-offentlichen-raums-des-rathauses-steht-fur-nichtkommerzielle-aktivitaten-zur-verfugung\/","og_locale":"de_DE","og_type":"article","og_title":"Deel openbare ruimte van stadhuis beschikbaar voor niet-commerci\u00eble activiteiten","og_description":"De gemeente Den Helder stelt een deel van de openbare ruimte van het stadhuis, de 'middenbeuk', beschikbaar voor activiteiten. Met de ingebruikname van gebouw 66 in september 2023 is de belangstelling gegroeid om de unieke voorzieningen te benutten voor uiteenlopende activiteiten, zoals tentoonstellingen, exposities en bijeenkomsten.\u00a0Dit draagt bij aan de verbinding tussen de gemeente en de inwoners, zegt wethouder Niels Nanning.","og_url":"https:\/\/denhelder.online\/de\/aktuell\/ein-teil-des-offentlichen-raums-des-rathauses-steht-fur-nichtkommerzielle-aktivitaten-zur-verfugung\/","og_site_name":"Den Helder Online","article_modified_time":"2025-04-30T08:49:30+00:00","og_image":[{"width":1024,"height":576,"url":"https:\/\/denhelder.online\/wp-content\/uploads\/2025\/04\/e01b9597-3e4b-4dee-a547-3dd530cd46c8-deel_openbare_ruimte_van_stadhuis_1920x1080-1024x576.jpg","type":"image\/jpeg"}],"twitter_card":"summary_large_image","twitter_misc":{"Gesch\u00e4tzte Lesezeit":"2\u00a0Minuten"},"schema":{"@context":"https:\/\/schema.org","@graph":[{"@type":"WebPage","@id":"https:\/\/denhelder.online\/actueel\/deel-openbare-ruimte-van-stadhuis-beschikbaar-voor-niet-commerciele-activiteiten\/","url":"https:\/\/denhelder.online\/actueel\/deel-openbare-ruimte-van-stadhuis-beschikbaar-voor-niet-commerciele-activiteiten\/","name":"Ein Teil des \u00f6ffentlichen Raums im Rathaus steht f\u00fcr nichtkommerzielle Aktivit\u00e4ten zur Verf\u00fcgung \u2013 Den Helder Online","isPartOf":{"@id":"https:\/\/denhelder.online\/#website"},"primaryImageOfPage":{"@id":"https:\/\/denhelder.online\/actueel\/deel-openbare-ruimte-van-stadhuis-beschikbaar-voor-niet-commerciele-activiteiten\/#primaryimage"},"image":{"@id":"https:\/\/denhelder.online\/actueel\/deel-openbare-ruimte-van-stadhuis-beschikbaar-voor-niet-commerciele-activiteiten\/#primaryimage"},"thumbnailUrl":"https:\/\/denhelder.online\/wp-content\/uploads\/2025\/04\/e01b9597-3e4b-4dee-a547-3dd530cd46c8-deel_openbare_ruimte_van_stadhuis_1920x1080.jpg","datePublished":"2024-05-30T08:48:55+00:00","dateModified":"2025-04-30T08:49:30+00:00","breadcrumb":{"@id":"https:\/\/denhelder.online\/actueel\/deel-openbare-ruimte-van-stadhuis-beschikbaar-voor-niet-commerciele-activiteiten\/#breadcrumb"},"inLanguage":"de","potentialAction":[{"@type":"ReadAction","target":["https:\/\/denhelder.online\/actueel\/deel-openbare-ruimte-van-stadhuis-beschikbaar-voor-niet-commerciele-activiteiten\/"]}]},{"@type":"ImageObject","inLanguage":"de","@id":"https:\/\/denhelder.online\/actueel\/deel-openbare-ruimte-van-stadhuis-beschikbaar-voor-niet-commerciele-activiteiten\/#primaryimage","url":"https:\/\/denhelder.online\/wp-content\/uploads\/2025\/04\/e01b9597-3e4b-4dee-a547-3dd530cd46c8-deel_openbare_ruimte_van_stadhuis_1920x1080.jpg","contentUrl":"https:\/\/denhelder.online\/wp-content\/uploads\/2025\/04\/e01b9597-3e4b-4dee-a547-3dd530cd46c8-deel_openbare_ruimte_van_stadhuis_1920x1080.jpg","width":1920,"height":1080,"caption":"Middenbeuk Stadhuis waar ruimte is voor exposities en tentoonstellingen"},{"@type":"BreadcrumbList","@id":"https:\/\/denhelder.online\/actueel\/deel-openbare-ruimte-van-stadhuis-beschikbaar-voor-niet-commerciele-activiteiten\/#breadcrumb","itemListElement":[{"@type":"ListItem","position":1,"name":"Home","item":"https:\/\/denhelder.online\/"},{"@type":"ListItem","position":2,"name":"Actueel","item":"https:\/\/denhelder.online\/en\/current\/"},{"@type":"ListItem","position":3,"name":"Deel openbare ruimte van stadhuis beschikbaar voor niet-commerci\u00eble activiteiten"}]},{"@type":"WebSite","@id":"https:\/\/denhelder.online\/#website","url":"https:\/\/denhelder.online\/","name":"Den Helder Online","description":"Erleben Sie Den Helder","publisher":{"@id":"https:\/\/denhelder.online\/#organization"},"potentialAction":[{"@type":"SearchAction","target":{"@type":"EntryPoint","urlTemplate":"https:\/\/denhelder.online\/?s={search_term_string}"},"query-input":{"@type":"PropertyValueSpecification","valueRequired":true,"valueName":"search_term_string"}}],"inLanguage":"de"},{"@type":"Organization","@id":"https:\/\/denhelder.online\/#organization","name":"Den Helder Online","url":"https:\/\/denhelder.online\/","logo":{"@type":"ImageObject","inLanguage":"de","@id":"https:\/\/denhelder.online\/#\/schema\/logo\/image\/","url":"https:\/\/denhelder.online\/wp-content\/uploads\/2021\/12\/DitIsDH-Logo-26-tagline.svg","contentUrl":"https:\/\/denhelder.online\/wp-content\/uploads\/2021\/12\/DitIsDH-Logo-26-tagline.svg","width":1717.0999999999999,"height":934.89999999999998,"caption":"Den Helder Online"},"image":{"@id":"https:\/\/denhelder.online\/#\/schema\/logo\/image\/"}}]}},"_links":{"self":[{"href":"https:\/\/denhelder.online\/de\/wp-json\/wp\/v2\/actueel\/11007","targetHints":{"allow":["GET"]}}],"collection":[{"href":"https:\/\/denhelder.online\/de\/wp-json\/wp\/v2\/actueel"}],"about":[{"href":"https:\/\/denhelder.online\/de\/wp-json\/wp\/v2\/types\/actueel"}],"author":[{"embeddable":true,"href":"https:\/\/denhelder.online\/de\/wp-json\/wp\/v2\/users\/4"}],"wp:featuredmedia":[{"embeddable":true,"href":"https:\/\/denhelder.online\/de\/wp-json\/wp\/v2\/media\/11008"}],"wp:attachment":[{"href":"https:\/\/denhelder.online\/de\/wp-json\/wp\/v2\/media?parent=11007"}],"wp:term":[{"taxonomy":"doelgroep","embeddable":true,"href":"https:\/\/denhelder.online\/de\/wp-json\/wp\/v2\/doelgroep?post=11007"}],"curies":[{"name":"wp","href":"https:\/\/api.w.org\/{rel}","templated":true}]}}