{"id":11009,"date":"2024-05-30T10:51:12","date_gmt":"2024-05-30T08:51:12","guid":{"rendered":"https:\/\/denhelder.online\/?post_type=actueel&#038;p=11009"},"modified":"2025-04-30T10:51:22","modified_gmt":"2025-04-30T08:51:22","slug":"helder-spitzensportler-werden-in-zevenskoop-geehrt","status":"publish","type":"actueel","link":"https:\/\/denhelder.online\/de\/actueel\/helderse-topsporters-worden-geeerd-in-zevenskoop\/","title":{"rendered":"HERAUSRAGENDE SPITZENATHLETEN WERDEN IN ZEVENSKOOP GEEHRT"},"content":{"rendered":"<p>DEN HELDER \u2013 Den Helder ehrt seine Spitzensportler! Jedes Jahr werden die Leistungen der besten Sportler der Region im Rahmen der Sportgala gew\u00fcrdigt, einer Initiative der Gemeinde Den Helder und des Teams Sportservice Noordkop. Die diesj\u00e4hrige Veranstaltung findet am Mittwoch, den 29. Januar 2025, im Kino Zevenskoop in Den Helder statt. Anmeldungen f\u00fcr die Spitzensportler sind \u00fcber die Website des Teams Sportservice Noordkop m\u00f6glich.<\/p>\n<p>St\u00e4dtische Sportauszeichnungen: Die Gewinner der st\u00e4dtischen Sportauszeichnungen werden im Rahmen der Sportgala bekanntgegeben. Eine Expertenjury, bestehend aus Mitgliedern des Sportverbandes, des st\u00e4dtischen Sportvereins Den Helder, des Vereins Helderse Courant und von Topsport Den Helder, w\u00e4hlt die Preistr\u00e4ger in jeder Kategorie aus den nominierten Athleten aus. Die Nominierten f\u00fcr die st\u00e4dtischen Sportauszeichnungen in den Kategorien \u201eM\u00e4nnlicher Athlet\u201c, \u201eWeiblicher Athlet\u201c, \u201eSporttalent\u201c, \u201eSportmannschaft\u201c und \u201eLebenswerk\u201c werden von ihnen nahestehenden Personen vorgeschlagen.<\/p>\n<p>Helderse-Athleten im Rampenlicht: Die Sportgala bietet den Helderse-Champions, die in der vergangenen Saison nationale und internationale Titel errungen haben, eine B\u00fchne. Sowohl Einzel- als auch Mannschaftsathleten nehmen an der renommierten Champions Parade teil, einer Parade von Spitzensportlern, die ihre sportlichen Erfolge feiern. Alle Athleten der Champions Parade erreichten Podiumspl\u00e4tze bei nationalen Meisterschaften, Europameisterschaften, Weltmeisterschaften oder Olympischen Spielen. Wie im Vorjahr wird B\u00fcrgermeister und Sportdezernent Fotigui Camara die Medaillen \u00fcberreichen.<\/p>\n<p>Festliches Programm: Die Sportgala wird erneut von Team Sportservice Noordkop im Auftrag der Gemeinde Den Helder organisiert. Der Abend bietet allen Teilnehmern ein abwechslungsreiches und festliches Programm. Dani Bankert von Team Sportservice Noordkop erkl\u00e4rt begeistert: \u201cWir m\u00f6chten Sportlern die B\u00fchne bieten, die sie verdienen. Die Den Helder-Sportgala ist daf\u00fcr eine wunderbare Plattform. Wir freuen uns darauf, sie alle wieder ins Rampenlicht zu r\u00fccken!\u201d<\/p>\n<p>Beginn, Dresscode und Fragen: Ein festlicher Abend verlangt nach passendem Dresscode. Dieses Jahr lautet er \u201cCasual Chic\u201d. Das Kino Zevenskoop \u00f6ffnet um 19:00 Uhr. Das Programm endet sp\u00e4testens um 21:15 Uhr. Im Anschluss besteht die M\u00f6glichkeit zum Austausch. Tickets sind ab dem 1. Januar kostenlos auf der Website von Team Sportservice Noordkop erh\u00e4ltlich. Leistungssportler k\u00f6nnen sich bis zum 1. Dezember 2024 anmelden. Weitere Informationen erhalten Sie bei Team Sportservice unter 088-2037350 oder dbankert@teamsportservice.nl.<\/p>","protected":false},"excerpt":{"rendered":"<p>Den Helder ehrt seine Spitzensportler! Jedes Jahr werden die Leistungen der besten Sportler der Region bei der Sportgala gew\u00fcrdigt, einer Initiative der Gemeinde Den Helder und des Teams Sportservice Noordkop. Die diesj\u00e4hrige Veranstaltung findet am Mittwoch, den 29. Januar 2025, im Kino Zevenskoop in Den Helder statt. Die Anmeldung f\u00fcr die Spitzensportler erfolgt \u00fcber die Website des Teams Sportservice Noordkop.<\/p>","protected":false},"author":4,"featured_media":11010,"template":"","doelgroep":[6027,6028],"class_list":["post-11009","actueel","type-actueel","status-publish","has-post-thumbnail","hentry","elementor_library_category-activiteiten","doelgroep-inwoner","doelgroep-inwoner-regio"],"yoast_head":"<!-- This site is optimized with the Yoast SEO Premium plugin v24.7 (Yoast SEO v27.5) - https:\/\/yoast.com\/product\/yoast-seo-premium-wordpress\/ -->\n<title>HELDERSE TOPSPORTERS WORDEN GE\u00cbERD IN ZEVENSKOOP - Den Helder Online<\/title>\n<meta name=\"robots\" content=\"index, follow, max-snippet:-1, max-image-preview:large, max-video-preview:-1\" \/>\n<link rel=\"canonical\" href=\"https:\/\/denhelder.online\/de\/aktuell\/helder-spitzensportler-werden-in-zevenskoop-geehrt\/\" \/>\n<meta property=\"og:locale\" content=\"de_DE\" \/>\n<meta property=\"og:type\" content=\"article\" \/>\n<meta property=\"og:title\" content=\"HELDERSE TOPSPORTERS WORDEN GE\u00cbERD IN ZEVENSKOOP\" \/>\n<meta property=\"og:description\" content=\"Den Helder eert haar topsporters! Elk jaar staan de prestaties van lokale topsporters centraal tijdens het Sportgala, een initiatief van de gemeente Den Helder en Team Sportservice Noordkop. Het feestelijke evenement vindt deze keer plaats op woensdag 29 januari 2025 in Cinema Zevenskoop in Den Helder. Inschrijving van de topsporters verloopt via de website van Team Sportservice Noordkop.\" \/>\n<meta property=\"og:url\" content=\"https:\/\/denhelder.online\/de\/aktuell\/helder-spitzensportler-werden-in-zevenskoop-geehrt\/\" \/>\n<meta property=\"og:site_name\" content=\"Den Helder Online\" \/>\n<meta property=\"article:modified_time\" content=\"2025-04-30T08:51:22+00:00\" \/>\n<meta property=\"og:image\" content=\"https:\/\/denhelder.online\/wp-content\/uploads\/2025\/04\/06203068-2093-4bb1-9af2-9e93ef51b07c-thumbnail_Foto_Persbericht_Helderse_topsporters_worden_geeerd_in_Zevenskoop_1920x1080.jpg\" \/>\n\t<meta property=\"og:image:width\" content=\"1920\" \/>\n\t<meta property=\"og:image:height\" content=\"1080\" \/>\n\t<meta property=\"og:image:type\" content=\"image\/jpeg\" \/>\n<meta name=\"twitter:card\" content=\"summary_large_image\" \/>\n<meta name=\"twitter:label1\" content=\"Gesch\u00e4tzte Lesezeit\" \/>\n\t<meta name=\"twitter:data1\" content=\"2\u00a0Minuten\" \/>\n<script type=\"application\/ld+json\" class=\"yoast-schema-graph\">{\"@context\":\"https:\\\/\\\/schema.org\",\"@graph\":[{\"@type\":\"WebPage\",\"@id\":\"https:\\\/\\\/denhelder.online\\\/actueel\\\/helderse-topsporters-worden-geeerd-in-zevenskoop\\\/\",\"url\":\"https:\\\/\\\/denhelder.online\\\/actueel\\\/helderse-topsporters-worden-geeerd-in-zevenskoop\\\/\",\"name\":\"HELDERSE TOPSPORTERS WORDEN GE\u00cbERD IN ZEVENSKOOP - Den Helder Online\",\"isPartOf\":{\"@id\":\"https:\\\/\\\/denhelder.online\\\/#website\"},\"primaryImageOfPage\":{\"@id\":\"https:\\\/\\\/denhelder.online\\\/actueel\\\/helderse-topsporters-worden-geeerd-in-zevenskoop\\\/#primaryimage\"},\"image\":{\"@id\":\"https:\\\/\\\/denhelder.online\\\/actueel\\\/helderse-topsporters-worden-geeerd-in-zevenskoop\\\/#primaryimage\"},\"thumbnailUrl\":\"https:\\\/\\\/denhelder.online\\\/wp-content\\\/uploads\\\/2025\\\/04\\\/06203068-2093-4bb1-9af2-9e93ef51b07c-thumbnail_Foto_Persbericht_Helderse_topsporters_worden_geeerd_in_Zevenskoop_1920x1080.jpg\",\"datePublished\":\"2024-05-30T08:51:12+00:00\",\"dateModified\":\"2025-04-30T08:51:22+00:00\",\"breadcrumb\":{\"@id\":\"https:\\\/\\\/denhelder.online\\\/actueel\\\/helderse-topsporters-worden-geeerd-in-zevenskoop\\\/#breadcrumb\"},\"inLanguage\":\"de\",\"potentialAction\":[{\"@type\":\"ReadAction\",\"target\":[\"https:\\\/\\\/denhelder.online\\\/actueel\\\/helderse-topsporters-worden-geeerd-in-zevenskoop\\\/\"]}]},{\"@type\":\"ImageObject\",\"inLanguage\":\"de\",\"@id\":\"https:\\\/\\\/denhelder.online\\\/actueel\\\/helderse-topsporters-worden-geeerd-in-zevenskoop\\\/#primaryimage\",\"url\":\"https:\\\/\\\/denhelder.online\\\/wp-content\\\/uploads\\\/2025\\\/04\\\/06203068-2093-4bb1-9af2-9e93ef51b07c-thumbnail_Foto_Persbericht_Helderse_topsporters_worden_geeerd_in_Zevenskoop_1920x1080.jpg\",\"contentUrl\":\"https:\\\/\\\/denhelder.online\\\/wp-content\\\/uploads\\\/2025\\\/04\\\/06203068-2093-4bb1-9af2-9e93ef51b07c-thumbnail_Foto_Persbericht_Helderse_topsporters_worden_geeerd_in_Zevenskoop_1920x1080.jpg\",\"width\":1920,\"height\":1080,\"caption\":\"Sportgala Den Helder waar alle sporters worden gehuldigd in de Zevenskoop\"},{\"@type\":\"BreadcrumbList\",\"@id\":\"https:\\\/\\\/denhelder.online\\\/actueel\\\/helderse-topsporters-worden-geeerd-in-zevenskoop\\\/#breadcrumb\",\"itemListElement\":[{\"@type\":\"ListItem\",\"position\":1,\"name\":\"Home\",\"item\":\"https:\\\/\\\/denhelder.online\\\/\"},{\"@type\":\"ListItem\",\"position\":2,\"name\":\"Actueel\",\"item\":\"https:\\\/\\\/denhelder.online\\\/en\\\/current\\\/\"},{\"@type\":\"ListItem\",\"position\":3,\"name\":\"HELDERSE TOPSPORTERS WORDEN GE\u00cbERD IN ZEVENSKOOP\"}]},{\"@type\":\"WebSite\",\"@id\":\"https:\\\/\\\/denhelder.online\\\/#website\",\"url\":\"https:\\\/\\\/denhelder.online\\\/\",\"name\":\"Den Helder Online\",\"description\":\"Beleef Den Helder\",\"publisher\":{\"@id\":\"https:\\\/\\\/denhelder.online\\\/#organization\"},\"potentialAction\":[{\"@type\":\"SearchAction\",\"target\":{\"@type\":\"EntryPoint\",\"urlTemplate\":\"https:\\\/\\\/denhelder.online\\\/?s={search_term_string}\"},\"query-input\":{\"@type\":\"PropertyValueSpecification\",\"valueRequired\":true,\"valueName\":\"search_term_string\"}}],\"inLanguage\":\"de\"},{\"@type\":\"Organization\",\"@id\":\"https:\\\/\\\/denhelder.online\\\/#organization\",\"name\":\"Den Helder Online\",\"url\":\"https:\\\/\\\/denhelder.online\\\/\",\"logo\":{\"@type\":\"ImageObject\",\"inLanguage\":\"de\",\"@id\":\"https:\\\/\\\/denhelder.online\\\/#\\\/schema\\\/logo\\\/image\\\/\",\"url\":\"https:\\\/\\\/denhelder.online\\\/wp-content\\\/uploads\\\/2021\\\/12\\\/DitIsDH-Logo-26-tagline.svg\",\"contentUrl\":\"https:\\\/\\\/denhelder.online\\\/wp-content\\\/uploads\\\/2021\\\/12\\\/DitIsDH-Logo-26-tagline.svg\",\"width\":1717.0999999999999,\"height\":934.89999999999998,\"caption\":\"Den Helder Online\"},\"image\":{\"@id\":\"https:\\\/\\\/denhelder.online\\\/#\\\/schema\\\/logo\\\/image\\\/\"}}]}<\/script>\n<!-- \/ Yoast SEO Premium plugin. -->","yoast_head_json":{"title":"HERAUSRAGENDE SPORTLER WERDEN IN ZEVENSKOOP GEEHRT - Den Helder Online","robots":{"index":"index","follow":"follow","max-snippet":"max-snippet:-1","max-image-preview":"max-image-preview:large","max-video-preview":"max-video-preview:-1"},"canonical":"https:\/\/denhelder.online\/de\/aktuell\/helder-spitzensportler-werden-in-zevenskoop-geehrt\/","og_locale":"de_DE","og_type":"article","og_title":"HELDERSE TOPSPORTERS WORDEN GE\u00cbERD IN ZEVENSKOOP","og_description":"Den Helder eert haar topsporters! Elk jaar staan de prestaties van lokale topsporters centraal tijdens het Sportgala, een initiatief van de gemeente Den Helder en Team Sportservice Noordkop. Het feestelijke evenement vindt deze keer plaats op woensdag 29 januari 2025 in Cinema Zevenskoop in Den Helder. Inschrijving van de topsporters verloopt via de website van Team Sportservice Noordkop.","og_url":"https:\/\/denhelder.online\/de\/aktuell\/helder-spitzensportler-werden-in-zevenskoop-geehrt\/","og_site_name":"Den Helder Online","article_modified_time":"2025-04-30T08:51:22+00:00","og_image":[{"width":1920,"height":1080,"url":"https:\/\/denhelder.online\/wp-content\/uploads\/2025\/04\/06203068-2093-4bb1-9af2-9e93ef51b07c-thumbnail_Foto_Persbericht_Helderse_topsporters_worden_geeerd_in_Zevenskoop_1920x1080.jpg","type":"image\/jpeg"}],"twitter_card":"summary_large_image","twitter_misc":{"Gesch\u00e4tzte Lesezeit":"2\u00a0Minuten"},"schema":{"@context":"https:\/\/schema.org","@graph":[{"@type":"WebPage","@id":"https:\/\/denhelder.online\/actueel\/helderse-topsporters-worden-geeerd-in-zevenskoop\/","url":"https:\/\/denhelder.online\/actueel\/helderse-topsporters-worden-geeerd-in-zevenskoop\/","name":"HERAUSRAGENDE SPORTLER WERDEN IN ZEVENSKOOP GEEHRT - Den Helder Online","isPartOf":{"@id":"https:\/\/denhelder.online\/#website"},"primaryImageOfPage":{"@id":"https:\/\/denhelder.online\/actueel\/helderse-topsporters-worden-geeerd-in-zevenskoop\/#primaryimage"},"image":{"@id":"https:\/\/denhelder.online\/actueel\/helderse-topsporters-worden-geeerd-in-zevenskoop\/#primaryimage"},"thumbnailUrl":"https:\/\/denhelder.online\/wp-content\/uploads\/2025\/04\/06203068-2093-4bb1-9af2-9e93ef51b07c-thumbnail_Foto_Persbericht_Helderse_topsporters_worden_geeerd_in_Zevenskoop_1920x1080.jpg","datePublished":"2024-05-30T08:51:12+00:00","dateModified":"2025-04-30T08:51:22+00:00","breadcrumb":{"@id":"https:\/\/denhelder.online\/actueel\/helderse-topsporters-worden-geeerd-in-zevenskoop\/#breadcrumb"},"inLanguage":"de","potentialAction":[{"@type":"ReadAction","target":["https:\/\/denhelder.online\/actueel\/helderse-topsporters-worden-geeerd-in-zevenskoop\/"]}]},{"@type":"ImageObject","inLanguage":"de","@id":"https:\/\/denhelder.online\/actueel\/helderse-topsporters-worden-geeerd-in-zevenskoop\/#primaryimage","url":"https:\/\/denhelder.online\/wp-content\/uploads\/2025\/04\/06203068-2093-4bb1-9af2-9e93ef51b07c-thumbnail_Foto_Persbericht_Helderse_topsporters_worden_geeerd_in_Zevenskoop_1920x1080.jpg","contentUrl":"https:\/\/denhelder.online\/wp-content\/uploads\/2025\/04\/06203068-2093-4bb1-9af2-9e93ef51b07c-thumbnail_Foto_Persbericht_Helderse_topsporters_worden_geeerd_in_Zevenskoop_1920x1080.jpg","width":1920,"height":1080,"caption":"Sportgala Den Helder waar alle sporters worden gehuldigd in de Zevenskoop"},{"@type":"BreadcrumbList","@id":"https:\/\/denhelder.online\/actueel\/helderse-topsporters-worden-geeerd-in-zevenskoop\/#breadcrumb","itemListElement":[{"@type":"ListItem","position":1,"name":"Home","item":"https:\/\/denhelder.online\/"},{"@type":"ListItem","position":2,"name":"Actueel","item":"https:\/\/denhelder.online\/en\/current\/"},{"@type":"ListItem","position":3,"name":"HELDERSE TOPSPORTERS WORDEN GE\u00cbERD IN ZEVENSKOOP"}]},{"@type":"WebSite","@id":"https:\/\/denhelder.online\/#website","url":"https:\/\/denhelder.online\/","name":"Den Helder Online","description":"Erleben Sie Den Helder","publisher":{"@id":"https:\/\/denhelder.online\/#organization"},"potentialAction":[{"@type":"SearchAction","target":{"@type":"EntryPoint","urlTemplate":"https:\/\/denhelder.online\/?s={search_term_string}"},"query-input":{"@type":"PropertyValueSpecification","valueRequired":true,"valueName":"search_term_string"}}],"inLanguage":"de"},{"@type":"Organization","@id":"https:\/\/denhelder.online\/#organization","name":"Den Helder Online","url":"https:\/\/denhelder.online\/","logo":{"@type":"ImageObject","inLanguage":"de","@id":"https:\/\/denhelder.online\/#\/schema\/logo\/image\/","url":"https:\/\/denhelder.online\/wp-content\/uploads\/2021\/12\/DitIsDH-Logo-26-tagline.svg","contentUrl":"https:\/\/denhelder.online\/wp-content\/uploads\/2021\/12\/DitIsDH-Logo-26-tagline.svg","width":1717.0999999999999,"height":934.89999999999998,"caption":"Den Helder Online"},"image":{"@id":"https:\/\/denhelder.online\/#\/schema\/logo\/image\/"}}]}},"_links":{"self":[{"href":"https:\/\/denhelder.online\/de\/wp-json\/wp\/v2\/actueel\/11009","targetHints":{"allow":["GET"]}}],"collection":[{"href":"https:\/\/denhelder.online\/de\/wp-json\/wp\/v2\/actueel"}],"about":[{"href":"https:\/\/denhelder.online\/de\/wp-json\/wp\/v2\/types\/actueel"}],"author":[{"embeddable":true,"href":"https:\/\/denhelder.online\/de\/wp-json\/wp\/v2\/users\/4"}],"wp:featuredmedia":[{"embeddable":true,"href":"https:\/\/denhelder.online\/de\/wp-json\/wp\/v2\/media\/11010"}],"wp:attachment":[{"href":"https:\/\/denhelder.online\/de\/wp-json\/wp\/v2\/media?parent=11009"}],"wp:term":[{"taxonomy":"doelgroep","embeddable":true,"href":"https:\/\/denhelder.online\/de\/wp-json\/wp\/v2\/doelgroep?post=11009"}],"curies":[{"name":"wp","href":"https:\/\/api.w.org\/{rel}","templated":true}]}}