{"id":11015,"date":"2024-05-30T10:56:43","date_gmt":"2024-05-30T08:56:43","guid":{"rendered":"https:\/\/denhelder.online\/?post_type=actueel&#038;p=11015"},"modified":"2025-04-30T10:57:10","modified_gmt":"2025-04-30T08:57:10","slug":"das-helderse-tal-beherbergt-dank-einer-neuen-subvention-das-weltnaturerbe-wattenmeer","status":"publish","type":"actueel","link":"https:\/\/denhelder.online\/de\/actueel\/de-helderse-vallei-gastheer-van-werelderfgoed-de-waddenzee-dankzij-nieuwe-subsidie\/","title":{"rendered":"Das Helderse-Tal beherbergt dank einer neuen F\u00f6rderung das Weltnaturerbe Wattenmeer."},"content":{"rendered":"<p>Das Helderse-Tal ist nun offiziell \u2018Gastgeber des Wattenmeeres\u2019. Das bedeutet, dass wir als Besucherzentrum mit f\u00fcnf anderen Wattenmeerzentren* und der Wattenmeer-Vereinigung an einem gemeinsamen Bildungsprogramm zusammenarbeiten, das den einzigartigen Wert der Wattenmeerregion hervorhebt.<\/p>\n<p>Was genau beinhaltet das? Im Rahmen dieser Partnerschaft koordinieren die Wattenmeerzentren ihre Ausstellungen, Kurse und Aktivit\u00e4ten. So vermitteln wir ein einheitliches und verst\u00e4ndliches Bild des Wattenmeeres. Wir stellen au\u00dferdem sicher, dass Guides und Botschafter Zugang zu relevanten Schulungen und Materialien haben. Dar\u00fcber hinaus schlie\u00dfen sich die Wattenmeerzentren der Internationalen Wattenmeerschule (IWSS) an, einem internationalen Bildungsprogramm, das eng mit Partnern in D\u00e4nemark und Deutschland zusammenarbeitet. Dies gew\u00e4hrleistet ein international anerkanntes und aktuelles Curriculum, das Besucher f\u00fcr das Weltnaturerbe Wattenmeer begeistert und informiert.<\/p>\n<p>F\u00f6rderung bewilligt: Die Zusammenarbeit im Rahmen des Hosting-Programms wird durch eine F\u00f6rderung des Wattenfonds sowie der Provinzen Nordholland, Friesland und Groningen erm\u00f6glicht. Das Helderse-Tal ist Teil der \u00fcbergeordneten Organisation hinter diesem Programm und wird sich in den kommenden Jahren daf\u00fcr einsetzen, die Geschichte des Wattenmeers Besuchern aus den Niederlanden und dem Ausland n\u00e4herzubringen.<\/p>\n<p>Katelijne van Spronsen, Direktorin von De Helderse Vallei, ist stolz auf die Anerkennung: \u201cDiese F\u00f6rderung erm\u00f6glicht es uns, das Bewusstsein f\u00fcr das Wattenmeer mit noch gr\u00f6\u00dferem Fokus und in enger Zusammenarbeit zu st\u00e4rken. Ich bin unglaublich stolz darauf, dass wir als Zentrum dazu beitragen k\u00f6nnen und freue mich darauf, unsere Besucher von De Den Helder zu inspirieren, ihren Teil zum Schutz dieses wundersch\u00f6nen Weltkulturerbes beizutragen.\u201d<\/p>\n<p>Gegenseitige Zusammenarbeit ist unerl\u00e4sslich.<\/p>\n<p>In den kommenden vier Jahren werden sich verschiedene weitere Arbeitspakete auf die Zusammenarbeit zwischen Naturschutzbeh\u00f6rden, Regierungsstellen und anderen Organisationen und Projekten konzentrieren, darunter auch auf einen geeigneten Verhaltenskodex f\u00fcr Besucher dieses Gebiets. Dar\u00fcber hinaus werden Tourismusorganisationen f\u00fcr eine ausgewogene Besucherverteilung sorgen, um gef\u00e4hrdete Gebiete zu sch\u00fctzen und die (positiven) Auswirkungen der Besucher zu messen.<\/p>\n<p>Folgende Partner sind am Hospitality-Programm beteiligt:<\/p>\n<p>Wattenmeer-Managementkollektiv, Wirtschaftsf\u00f6rderung Groningen, Nationaler Verband f\u00fcr den Schutz des Wattenmeeres, Watteninseln-Kooperation, Ameland Museums Foundation, City Marketing Den Helder Foundation, The Helderse Valley Foundation, Marketing Groningen Foundation, Merk Frysl\u00e2n Foundation (federf\u00fchrende Organisation), MuzeeAquarium Delfzijl Foundation, NHL Stenden University of Applied Sciences Foundation, Texel Museum Foundation (einschlie\u00dflich Ecomare), Tonnenloods Terschelling Foundation, Wattenmeer-Welterbezentrum-Stiftung und Verband der Wattenmeergemeinden.<\/p>\n<p>*5 Besucherzentren im Wattenmeergebiet: Amelander Museums Foundation, MuzeeAquarium Delfzijl Foundation, Texels Museum Foundation (einschlie\u00dflich Ecomare), Tonnenloods Terschelling Foundation und Stiftung Wattenmeer-Welterbezentrum<\/p>","protected":false},"excerpt":{"rendered":"<p>Das Helderse-Tal ist nun offiziell \u2018Gastgeber des Wattenmeeres\u2019. Das bedeutet, dass wir als Besucherzentrum mit f\u00fcnf anderen Wattenmeerzentren* und der Wattenmeer-Vereinigung an einem gemeinsamen Bildungsprogramm zusammenarbeiten, das den einzigartigen Wert der Wattenmeerregion hervorhebt.<\/p>","protected":false},"author":4,"featured_media":11016,"template":"","doelgroep":[6027,6028],"class_list":["post-11015","actueel","type-actueel","status-publish","has-post-thumbnail","hentry","elementor_library_category-activiteiten","doelgroep-inwoner","doelgroep-inwoner-regio"],"yoast_head":"<!-- This site is optimized with the Yoast SEO Premium plugin v24.7 (Yoast SEO v27.5) - https:\/\/yoast.com\/product\/yoast-seo-premium-wordpress\/ -->\n<title>De Helderse Vallei gastheer van werelderfgoed de Waddenzee dankzij nieuwe subsidie - Den Helder Online<\/title>\n<meta name=\"robots\" content=\"index, follow, max-snippet:-1, max-image-preview:large, max-video-preview:-1\" \/>\n<link rel=\"canonical\" href=\"https:\/\/denhelder.online\/de\/aktuell\/das-helderse-tal-beherbergt-dank-einer-neuen-subvention-das-weltnaturerbe-wattenmeer\/\" \/>\n<meta property=\"og:locale\" content=\"de_DE\" \/>\n<meta property=\"og:type\" content=\"article\" \/>\n<meta property=\"og:title\" content=\"De Helderse Vallei gastheer van werelderfgoed de Waddenzee dankzij nieuwe subsidie\" \/>\n<meta property=\"og:description\" content=\"De Helderse Vallei is nu officieel \u2018Gastheer van de Waddenzee\u2019. Dit betekent dat we als bezoekerscentrum samenwerken met vijf andere Waddencentra* en de Waddenvereniging aan een gezamenlijk educatief programma dat de unieke waarde van het Waddengebied onder de aandacht brengt.\" \/>\n<meta property=\"og:url\" content=\"https:\/\/denhelder.online\/de\/aktuell\/das-helderse-tal-beherbergt-dank-einer-neuen-subvention-das-weltnaturerbe-wattenmeer\/\" \/>\n<meta property=\"og:site_name\" content=\"Den Helder Online\" \/>\n<meta property=\"article:modified_time\" content=\"2025-04-30T08:57:10+00:00\" \/>\n<meta property=\"og:image\" content=\"https:\/\/denhelder.online\/wp-content\/uploads\/2025\/04\/c2c8e41c-8200-4fbf-9dd2-c6f594ebb181-thumbnail_Publiekshal_Wad_1920x1080.jpg\" \/>\n\t<meta property=\"og:image:width\" content=\"1920\" \/>\n\t<meta property=\"og:image:height\" content=\"1080\" \/>\n\t<meta property=\"og:image:type\" content=\"image\/jpeg\" \/>\n<meta name=\"twitter:card\" content=\"summary_large_image\" \/>\n<meta name=\"twitter:label1\" content=\"Gesch\u00e4tzte Lesezeit\" \/>\n\t<meta name=\"twitter:data1\" content=\"3\u00a0Minuten\" \/>\n<script type=\"application\/ld+json\" class=\"yoast-schema-graph\">{\"@context\":\"https:\\\/\\\/schema.org\",\"@graph\":[{\"@type\":\"WebPage\",\"@id\":\"https:\\\/\\\/denhelder.online\\\/actueel\\\/de-helderse-vallei-gastheer-van-werelderfgoed-de-waddenzee-dankzij-nieuwe-subsidie\\\/\",\"url\":\"https:\\\/\\\/denhelder.online\\\/actueel\\\/de-helderse-vallei-gastheer-van-werelderfgoed-de-waddenzee-dankzij-nieuwe-subsidie\\\/\",\"name\":\"De Helderse Vallei gastheer van werelderfgoed de Waddenzee dankzij nieuwe subsidie - Den Helder Online\",\"isPartOf\":{\"@id\":\"https:\\\/\\\/denhelder.online\\\/#website\"},\"primaryImageOfPage\":{\"@id\":\"https:\\\/\\\/denhelder.online\\\/actueel\\\/de-helderse-vallei-gastheer-van-werelderfgoed-de-waddenzee-dankzij-nieuwe-subsidie\\\/#primaryimage\"},\"image\":{\"@id\":\"https:\\\/\\\/denhelder.online\\\/actueel\\\/de-helderse-vallei-gastheer-van-werelderfgoed-de-waddenzee-dankzij-nieuwe-subsidie\\\/#primaryimage\"},\"thumbnailUrl\":\"https:\\\/\\\/denhelder.online\\\/wp-content\\\/uploads\\\/2025\\\/04\\\/c2c8e41c-8200-4fbf-9dd2-c6f594ebb181-thumbnail_Publiekshal_Wad_1920x1080.jpg\",\"datePublished\":\"2024-05-30T08:56:43+00:00\",\"dateModified\":\"2025-04-30T08:57:10+00:00\",\"breadcrumb\":{\"@id\":\"https:\\\/\\\/denhelder.online\\\/actueel\\\/de-helderse-vallei-gastheer-van-werelderfgoed-de-waddenzee-dankzij-nieuwe-subsidie\\\/#breadcrumb\"},\"inLanguage\":\"de\",\"potentialAction\":[{\"@type\":\"ReadAction\",\"target\":[\"https:\\\/\\\/denhelder.online\\\/actueel\\\/de-helderse-vallei-gastheer-van-werelderfgoed-de-waddenzee-dankzij-nieuwe-subsidie\\\/\"]}]},{\"@type\":\"ImageObject\",\"inLanguage\":\"de\",\"@id\":\"https:\\\/\\\/denhelder.online\\\/actueel\\\/de-helderse-vallei-gastheer-van-werelderfgoed-de-waddenzee-dankzij-nieuwe-subsidie\\\/#primaryimage\",\"url\":\"https:\\\/\\\/denhelder.online\\\/wp-content\\\/uploads\\\/2025\\\/04\\\/c2c8e41c-8200-4fbf-9dd2-c6f594ebb181-thumbnail_Publiekshal_Wad_1920x1080.jpg\",\"contentUrl\":\"https:\\\/\\\/denhelder.online\\\/wp-content\\\/uploads\\\/2025\\\/04\\\/c2c8e41c-8200-4fbf-9dd2-c6f594ebb181-thumbnail_Publiekshal_Wad_1920x1080.jpg\",\"width\":1920,\"height\":1080,\"caption\":\"Jongen bij bezoekerscentrum van de Helderse Vallei\"},{\"@type\":\"BreadcrumbList\",\"@id\":\"https:\\\/\\\/denhelder.online\\\/actueel\\\/de-helderse-vallei-gastheer-van-werelderfgoed-de-waddenzee-dankzij-nieuwe-subsidie\\\/#breadcrumb\",\"itemListElement\":[{\"@type\":\"ListItem\",\"position\":1,\"name\":\"Home\",\"item\":\"https:\\\/\\\/denhelder.online\\\/\"},{\"@type\":\"ListItem\",\"position\":2,\"name\":\"Actueel\",\"item\":\"https:\\\/\\\/denhelder.online\\\/en\\\/current\\\/\"},{\"@type\":\"ListItem\",\"position\":3,\"name\":\"De Helderse Vallei gastheer van werelderfgoed de Waddenzee dankzij nieuwe subsidie\"}]},{\"@type\":\"WebSite\",\"@id\":\"https:\\\/\\\/denhelder.online\\\/#website\",\"url\":\"https:\\\/\\\/denhelder.online\\\/\",\"name\":\"Den Helder Online\",\"description\":\"Beleef Den Helder\",\"publisher\":{\"@id\":\"https:\\\/\\\/denhelder.online\\\/#organization\"},\"potentialAction\":[{\"@type\":\"SearchAction\",\"target\":{\"@type\":\"EntryPoint\",\"urlTemplate\":\"https:\\\/\\\/denhelder.online\\\/?s={search_term_string}\"},\"query-input\":{\"@type\":\"PropertyValueSpecification\",\"valueRequired\":true,\"valueName\":\"search_term_string\"}}],\"inLanguage\":\"de\"},{\"@type\":\"Organization\",\"@id\":\"https:\\\/\\\/denhelder.online\\\/#organization\",\"name\":\"Den Helder Online\",\"url\":\"https:\\\/\\\/denhelder.online\\\/\",\"logo\":{\"@type\":\"ImageObject\",\"inLanguage\":\"de\",\"@id\":\"https:\\\/\\\/denhelder.online\\\/#\\\/schema\\\/logo\\\/image\\\/\",\"url\":\"https:\\\/\\\/denhelder.online\\\/wp-content\\\/uploads\\\/2021\\\/12\\\/DitIsDH-Logo-26-tagline.svg\",\"contentUrl\":\"https:\\\/\\\/denhelder.online\\\/wp-content\\\/uploads\\\/2021\\\/12\\\/DitIsDH-Logo-26-tagline.svg\",\"width\":1717.0999999999999,\"height\":934.89999999999998,\"caption\":\"Den Helder Online\"},\"image\":{\"@id\":\"https:\\\/\\\/denhelder.online\\\/#\\\/schema\\\/logo\\\/image\\\/\"}}]}<\/script>\n<!-- \/ Yoast SEO Premium plugin. -->","yoast_head_json":{"title":"Das Helderse-Tal beherbergt dank einer neuen F\u00f6rderung das Weltnaturerbe Wattenmeer \u2013 Den Helder Online","robots":{"index":"index","follow":"follow","max-snippet":"max-snippet:-1","max-image-preview":"max-image-preview:large","max-video-preview":"max-video-preview:-1"},"canonical":"https:\/\/denhelder.online\/de\/aktuell\/das-helderse-tal-beherbergt-dank-einer-neuen-subvention-das-weltnaturerbe-wattenmeer\/","og_locale":"de_DE","og_type":"article","og_title":"De Helderse Vallei gastheer van werelderfgoed de Waddenzee dankzij nieuwe subsidie","og_description":"De Helderse Vallei is nu officieel \u2018Gastheer van de Waddenzee\u2019. Dit betekent dat we als bezoekerscentrum samenwerken met vijf andere Waddencentra* en de Waddenvereniging aan een gezamenlijk educatief programma dat de unieke waarde van het Waddengebied onder de aandacht brengt.","og_url":"https:\/\/denhelder.online\/de\/aktuell\/das-helderse-tal-beherbergt-dank-einer-neuen-subvention-das-weltnaturerbe-wattenmeer\/","og_site_name":"Den Helder Online","article_modified_time":"2025-04-30T08:57:10+00:00","og_image":[{"width":1920,"height":1080,"url":"https:\/\/denhelder.online\/wp-content\/uploads\/2025\/04\/c2c8e41c-8200-4fbf-9dd2-c6f594ebb181-thumbnail_Publiekshal_Wad_1920x1080.jpg","type":"image\/jpeg"}],"twitter_card":"summary_large_image","twitter_misc":{"Gesch\u00e4tzte Lesezeit":"3\u00a0Minuten"},"schema":{"@context":"https:\/\/schema.org","@graph":[{"@type":"WebPage","@id":"https:\/\/denhelder.online\/actueel\/de-helderse-vallei-gastheer-van-werelderfgoed-de-waddenzee-dankzij-nieuwe-subsidie\/","url":"https:\/\/denhelder.online\/actueel\/de-helderse-vallei-gastheer-van-werelderfgoed-de-waddenzee-dankzij-nieuwe-subsidie\/","name":"Das Helderse-Tal beherbergt dank einer neuen F\u00f6rderung das Weltnaturerbe Wattenmeer \u2013 Den Helder Online","isPartOf":{"@id":"https:\/\/denhelder.online\/#website"},"primaryImageOfPage":{"@id":"https:\/\/denhelder.online\/actueel\/de-helderse-vallei-gastheer-van-werelderfgoed-de-waddenzee-dankzij-nieuwe-subsidie\/#primaryimage"},"image":{"@id":"https:\/\/denhelder.online\/actueel\/de-helderse-vallei-gastheer-van-werelderfgoed-de-waddenzee-dankzij-nieuwe-subsidie\/#primaryimage"},"thumbnailUrl":"https:\/\/denhelder.online\/wp-content\/uploads\/2025\/04\/c2c8e41c-8200-4fbf-9dd2-c6f594ebb181-thumbnail_Publiekshal_Wad_1920x1080.jpg","datePublished":"2024-05-30T08:56:43+00:00","dateModified":"2025-04-30T08:57:10+00:00","breadcrumb":{"@id":"https:\/\/denhelder.online\/actueel\/de-helderse-vallei-gastheer-van-werelderfgoed-de-waddenzee-dankzij-nieuwe-subsidie\/#breadcrumb"},"inLanguage":"de","potentialAction":[{"@type":"ReadAction","target":["https:\/\/denhelder.online\/actueel\/de-helderse-vallei-gastheer-van-werelderfgoed-de-waddenzee-dankzij-nieuwe-subsidie\/"]}]},{"@type":"ImageObject","inLanguage":"de","@id":"https:\/\/denhelder.online\/actueel\/de-helderse-vallei-gastheer-van-werelderfgoed-de-waddenzee-dankzij-nieuwe-subsidie\/#primaryimage","url":"https:\/\/denhelder.online\/wp-content\/uploads\/2025\/04\/c2c8e41c-8200-4fbf-9dd2-c6f594ebb181-thumbnail_Publiekshal_Wad_1920x1080.jpg","contentUrl":"https:\/\/denhelder.online\/wp-content\/uploads\/2025\/04\/c2c8e41c-8200-4fbf-9dd2-c6f594ebb181-thumbnail_Publiekshal_Wad_1920x1080.jpg","width":1920,"height":1080,"caption":"Jongen bij bezoekerscentrum van de Helderse Vallei"},{"@type":"BreadcrumbList","@id":"https:\/\/denhelder.online\/actueel\/de-helderse-vallei-gastheer-van-werelderfgoed-de-waddenzee-dankzij-nieuwe-subsidie\/#breadcrumb","itemListElement":[{"@type":"ListItem","position":1,"name":"Home","item":"https:\/\/denhelder.online\/"},{"@type":"ListItem","position":2,"name":"Actueel","item":"https:\/\/denhelder.online\/en\/current\/"},{"@type":"ListItem","position":3,"name":"De Helderse Vallei gastheer van werelderfgoed de Waddenzee dankzij nieuwe subsidie"}]},{"@type":"WebSite","@id":"https:\/\/denhelder.online\/#website","url":"https:\/\/denhelder.online\/","name":"Den Helder Online","description":"Erleben Sie Den Helder","publisher":{"@id":"https:\/\/denhelder.online\/#organization"},"potentialAction":[{"@type":"SearchAction","target":{"@type":"EntryPoint","urlTemplate":"https:\/\/denhelder.online\/?s={search_term_string}"},"query-input":{"@type":"PropertyValueSpecification","valueRequired":true,"valueName":"search_term_string"}}],"inLanguage":"de"},{"@type":"Organization","@id":"https:\/\/denhelder.online\/#organization","name":"Den Helder Online","url":"https:\/\/denhelder.online\/","logo":{"@type":"ImageObject","inLanguage":"de","@id":"https:\/\/denhelder.online\/#\/schema\/logo\/image\/","url":"https:\/\/denhelder.online\/wp-content\/uploads\/2021\/12\/DitIsDH-Logo-26-tagline.svg","contentUrl":"https:\/\/denhelder.online\/wp-content\/uploads\/2021\/12\/DitIsDH-Logo-26-tagline.svg","width":1717.0999999999999,"height":934.89999999999998,"caption":"Den Helder Online"},"image":{"@id":"https:\/\/denhelder.online\/#\/schema\/logo\/image\/"}}]}},"_links":{"self":[{"href":"https:\/\/denhelder.online\/de\/wp-json\/wp\/v2\/actueel\/11015","targetHints":{"allow":["GET"]}}],"collection":[{"href":"https:\/\/denhelder.online\/de\/wp-json\/wp\/v2\/actueel"}],"about":[{"href":"https:\/\/denhelder.online\/de\/wp-json\/wp\/v2\/types\/actueel"}],"author":[{"embeddable":true,"href":"https:\/\/denhelder.online\/de\/wp-json\/wp\/v2\/users\/4"}],"wp:featuredmedia":[{"embeddable":true,"href":"https:\/\/denhelder.online\/de\/wp-json\/wp\/v2\/media\/11016"}],"wp:attachment":[{"href":"https:\/\/denhelder.online\/de\/wp-json\/wp\/v2\/media?parent=11015"}],"wp:term":[{"taxonomy":"doelgroep","embeddable":true,"href":"https:\/\/denhelder.online\/de\/wp-json\/wp\/v2\/doelgroep?post=11015"}],"curies":[{"name":"wp","href":"https:\/\/api.w.org\/{rel}","templated":true}]}}