{"id":11017,"date":"2024-05-30T10:58:33","date_gmt":"2024-05-30T08:58:33","guid":{"rendered":"https:\/\/denhelder.online\/?post_type=actueel&#038;p=11017"},"modified":"2025-04-30T10:58:47","modified_gmt":"2025-04-30T08:58:47","slug":"konig-besucht-neue-hohle","status":"publish","type":"actueel","link":"https:\/\/denhelder.online\/de\/actueel\/koning-bezoekt-nieuw-den-helder\/","title":{"rendered":"K\u00f6nig besucht New Den Helder"},"content":{"rendered":"<p><strong>Seine Majest\u00e4t der K\u00f6nig wird Nieuw Den am Mittwochnachmittag, dem 20. November, besuchen.<\/strong><br \/>\n<strong>Klar. Der Besuch konzentriert sich auf die Herausforderungen eines Stadtviertels in einer Gro\u00dfstadt, mit<\/strong><br \/>\n<strong>Fokus auf Lebensqualit\u00e4t, Gemeinschaftsleben, Sicherheit und Solidarit\u00e4t.<\/strong><\/p>\n<p>Die Gemeinde Den Helder hat insgesamt mehr als 56.000 Einwohner, die in der Stadt Den Helder leben.,<br \/>\nJulianadorp und Huisduinen. Das Viertel Nieuw Den Helder hat \u00fcber 12.000 Einwohner. Das Viertel wurde erbaut<br \/>\nAb 1950 entstanden H\u00e4user und Wohnungen auf kleineren Grundst\u00fccken. Nach einer Phase des Niedergangs stieg die Arbeitslosigkeit.<br \/>\nAufgrund der Kriminalit\u00e4t in der Nachbarschaft wurden mehrere Wohnh\u00e4user abgerissen und ger\u00e4umige H\u00e4user in einer gr\u00fcnen Oase errichtet.<br \/>\nDamals wurde auch ein neues Einkaufszentrum errichtet.<\/p>\n<p><strong>Gemeindezentrum MFC West End<\/strong><br \/>\nB\u00fcrgermeister Jan de Boer empf\u00e4ngt den K\u00f6nig im MFC West End Gemeindezentrum, das ausschlie\u00dflich von Freiwilligen betrieben wird.<br \/>\nwird von der Nachbarschaft aus organisiert. Die Freiwilligen begegnen den Anwohnern mit einer einladenden Haltung und<br \/>\nDas Gemeindezentrum organisiert Aktivit\u00e4ten wie gemeinsames Essen, Billard, Stuhl-Yoga, Kartenspiele und Bingo.<br \/>\nKing unterh\u00e4lt sich mit Besuchern am Billardtisch dar\u00fcber, was das Gemeindezentrum ihnen bedeutet.<br \/>\nH\u00f6ren Sie sich auch die Geschichte von Kwen Katuk an, einer Familien- und Jugendtrainerin, die sich mit<br \/>\nGef\u00e4hrdete junge Menschen durch Erfahrungen aus ihrer eigenen Jugend in Nieuw Den Helder. Mit dem Tanzprojekt Magic<br \/>\nMoves gibt jungen Menschen ihre eigene St\u00e4rke zur\u00fcck.<\/p>\n<p><strong>D\u00fcnenpark<\/strong><br \/>\nDer K\u00f6nig besucht daraufhin ein Haus in Duinpark. Er spricht mit den Bewohnern und einigen<br \/>\nNachbarn \u00fcber die st\u00e4dtebaulichen Ver\u00e4nderungen in diesem Teil der Nachbarschaft, der nun auch ger\u00e4umige H\u00e4user aufweist<br \/>\nGr\u00fcne Umgebung. Die Bewohner reflektieren \u00fcber die Lebensqualit\u00e4t in Vergangenheit und Gegenwart und \u00fcber die Herausforderungen, die sich ihnen stellen.<br \/>\nSind.<\/p>\n<p><strong>Einkaufszentrum Duinpassage<\/strong><br \/>\nIm Einkaufszentrum Duinpassage besucht der K\u00f6nig Unternehmer, die dort seit Jahrzehnten ans\u00e4ssig sind.<br \/>\nBei Toko Suave und dem Friseur Johan Rep dreht sich das Gespr\u00e4ch darum, wie es Ihnen in den letzten Jahren ergangen ist.<br \/>\nUnternehmer k\u00f6nnen in New Den Helder arbeiten.<\/p>\n<p><strong>FC Den Helder<\/strong><br \/>\nSchlie\u00dflich besucht der K\u00f6nig den Fu\u00dfballverein FC Den Helder. Er beobachtet die Trainingseinheiten der Fu\u00dfballmannschaft.<br \/>\nEr spricht mit Jugendlichen und den Trainern und Freiwilligen des Vereins. Der Schwerpunkt liegt auf der sozialen Rolle des Vereins.,<br \/>\nDies umfasst mehr als nur die Organisation von Sportveranstaltungen. Sie erkl\u00e4ren, wie sie mit Kindern aus Familien umgehen.<br \/>\nohne finanzielle Mittel oder mit Problemen im Elternhaus. Hinzu kommt, dass immer mehr Kinder aus den<br \/>\nIn der N\u00e4he des Vereins befindet sich ein Asylbewerberzentrum. Im Gespr\u00e4ch geht es darum, wie der FC Den Helder mit Gruppen zusammenarbeitet.<br \/>\nverbindet einander.<\/p>","protected":false},"excerpt":{"rendered":"<p>Seine Majest\u00e4t der K\u00f6nig wird Nieuw Den am Mittwochnachmittag, dem 20. November, besuchen.<br \/>\nKlar. Der Besuch konzentriert sich auf die Herausforderungen eines Stadtviertels in einer Gro\u00dfstadt, mit<br \/>\nFokus auf Lebensqualit\u00e4t, Gemeinschaftsleben, Sicherheit und Solidarit\u00e4t.<\/p>","protected":false},"author":4,"featured_media":11018,"template":"","doelgroep":[6027,6028],"class_list":["post-11017","actueel","type-actueel","status-publish","has-post-thumbnail","hentry","elementor_library_category-activiteiten","doelgroep-inwoner","doelgroep-inwoner-regio"],"yoast_head":"<!-- This site is optimized with the Yoast SEO Premium plugin v24.7 (Yoast SEO v27.5) - https:\/\/yoast.com\/product\/yoast-seo-premium-wordpress\/ -->\n<title>Koning bezoekt Nieuw Den Helder - Den Helder Online<\/title>\n<meta name=\"robots\" content=\"index, follow, max-snippet:-1, max-image-preview:large, max-video-preview:-1\" \/>\n<link rel=\"canonical\" href=\"https:\/\/denhelder.online\/de\/aktuell\/konig-besucht-neue-hohle\/\" \/>\n<meta property=\"og:locale\" content=\"de_DE\" \/>\n<meta property=\"og:type\" content=\"article\" \/>\n<meta property=\"og:title\" content=\"Koning bezoekt Nieuw Den Helder\" \/>\n<meta property=\"og:description\" content=\"Zijne Majesteit de Koning brengt woensdagmiddag 20 november een bezoek aan Nieuw Den Helder. Het bezoek staat in het teken van de uitdagingen van een wijk in een grote stad, met aandacht voor leefbaarheid, verenigingsleven, veiligheid en saamhorigheid.\" \/>\n<meta property=\"og:url\" content=\"https:\/\/denhelder.online\/de\/aktuell\/konig-besucht-neue-hohle\/\" \/>\n<meta property=\"og:site_name\" content=\"Den Helder Online\" \/>\n<meta property=\"article:modified_time\" content=\"2025-04-30T08:58:47+00:00\" \/>\n<meta property=\"og:image\" content=\"https:\/\/denhelder.online\/wp-content\/uploads\/2025\/04\/38e5bd7d-f9d6-4a88-8f60-ea719be3e127-Koning_Willem_Alexander_1920x1080.jpg\" \/>\n\t<meta property=\"og:image:width\" content=\"1920\" \/>\n\t<meta property=\"og:image:height\" content=\"1080\" \/>\n\t<meta property=\"og:image:type\" content=\"image\/jpeg\" \/>\n<meta name=\"twitter:card\" content=\"summary_large_image\" \/>\n<meta name=\"twitter:label1\" content=\"Gesch\u00e4tzte Lesezeit\" \/>\n\t<meta name=\"twitter:data1\" content=\"3\u00a0Minuten\" \/>\n<script type=\"application\/ld+json\" class=\"yoast-schema-graph\">{\"@context\":\"https:\\\/\\\/schema.org\",\"@graph\":[{\"@type\":\"WebPage\",\"@id\":\"https:\\\/\\\/denhelder.online\\\/actueel\\\/koning-bezoekt-nieuw-den-helder\\\/\",\"url\":\"https:\\\/\\\/denhelder.online\\\/actueel\\\/koning-bezoekt-nieuw-den-helder\\\/\",\"name\":\"Koning bezoekt Nieuw Den Helder - Den Helder Online\",\"isPartOf\":{\"@id\":\"https:\\\/\\\/denhelder.online\\\/#website\"},\"primaryImageOfPage\":{\"@id\":\"https:\\\/\\\/denhelder.online\\\/actueel\\\/koning-bezoekt-nieuw-den-helder\\\/#primaryimage\"},\"image\":{\"@id\":\"https:\\\/\\\/denhelder.online\\\/actueel\\\/koning-bezoekt-nieuw-den-helder\\\/#primaryimage\"},\"thumbnailUrl\":\"https:\\\/\\\/denhelder.online\\\/wp-content\\\/uploads\\\/2025\\\/04\\\/38e5bd7d-f9d6-4a88-8f60-ea719be3e127-Koning_Willem_Alexander_1920x1080.jpg\",\"datePublished\":\"2024-05-30T08:58:33+00:00\",\"dateModified\":\"2025-04-30T08:58:47+00:00\",\"breadcrumb\":{\"@id\":\"https:\\\/\\\/denhelder.online\\\/actueel\\\/koning-bezoekt-nieuw-den-helder\\\/#breadcrumb\"},\"inLanguage\":\"de\",\"potentialAction\":[{\"@type\":\"ReadAction\",\"target\":[\"https:\\\/\\\/denhelder.online\\\/actueel\\\/koning-bezoekt-nieuw-den-helder\\\/\"]}]},{\"@type\":\"ImageObject\",\"inLanguage\":\"de\",\"@id\":\"https:\\\/\\\/denhelder.online\\\/actueel\\\/koning-bezoekt-nieuw-den-helder\\\/#primaryimage\",\"url\":\"https:\\\/\\\/denhelder.online\\\/wp-content\\\/uploads\\\/2025\\\/04\\\/38e5bd7d-f9d6-4a88-8f60-ea719be3e127-Koning_Willem_Alexander_1920x1080.jpg\",\"contentUrl\":\"https:\\\/\\\/denhelder.online\\\/wp-content\\\/uploads\\\/2025\\\/04\\\/38e5bd7d-f9d6-4a88-8f60-ea719be3e127-Koning_Willem_Alexander_1920x1080.jpg\",\"width\":1920,\"height\":1080,\"caption\":\"Foto van Koning Willem Alexander\"},{\"@type\":\"BreadcrumbList\",\"@id\":\"https:\\\/\\\/denhelder.online\\\/actueel\\\/koning-bezoekt-nieuw-den-helder\\\/#breadcrumb\",\"itemListElement\":[{\"@type\":\"ListItem\",\"position\":1,\"name\":\"Home\",\"item\":\"https:\\\/\\\/denhelder.online\\\/\"},{\"@type\":\"ListItem\",\"position\":2,\"name\":\"Actueel\",\"item\":\"https:\\\/\\\/denhelder.online\\\/en\\\/current\\\/\"},{\"@type\":\"ListItem\",\"position\":3,\"name\":\"Koning bezoekt Nieuw Den Helder\"}]},{\"@type\":\"WebSite\",\"@id\":\"https:\\\/\\\/denhelder.online\\\/#website\",\"url\":\"https:\\\/\\\/denhelder.online\\\/\",\"name\":\"Den Helder Online\",\"description\":\"Beleef Den Helder\",\"publisher\":{\"@id\":\"https:\\\/\\\/denhelder.online\\\/#organization\"},\"potentialAction\":[{\"@type\":\"SearchAction\",\"target\":{\"@type\":\"EntryPoint\",\"urlTemplate\":\"https:\\\/\\\/denhelder.online\\\/?s={search_term_string}\"},\"query-input\":{\"@type\":\"PropertyValueSpecification\",\"valueRequired\":true,\"valueName\":\"search_term_string\"}}],\"inLanguage\":\"de\"},{\"@type\":\"Organization\",\"@id\":\"https:\\\/\\\/denhelder.online\\\/#organization\",\"name\":\"Den Helder Online\",\"url\":\"https:\\\/\\\/denhelder.online\\\/\",\"logo\":{\"@type\":\"ImageObject\",\"inLanguage\":\"de\",\"@id\":\"https:\\\/\\\/denhelder.online\\\/#\\\/schema\\\/logo\\\/image\\\/\",\"url\":\"https:\\\/\\\/denhelder.online\\\/wp-content\\\/uploads\\\/2021\\\/12\\\/DitIsDH-Logo-26-tagline.svg\",\"contentUrl\":\"https:\\\/\\\/denhelder.online\\\/wp-content\\\/uploads\\\/2021\\\/12\\\/DitIsDH-Logo-26-tagline.svg\",\"width\":1717.0999999999999,\"height\":934.89999999999998,\"caption\":\"Den Helder Online\"},\"image\":{\"@id\":\"https:\\\/\\\/denhelder.online\\\/#\\\/schema\\\/logo\\\/image\\\/\"}}]}<\/script>\n<!-- \/ Yoast SEO Premium plugin. -->","yoast_head_json":{"title":"King besucht New Den Helder - Den Helder Online","robots":{"index":"index","follow":"follow","max-snippet":"max-snippet:-1","max-image-preview":"max-image-preview:large","max-video-preview":"max-video-preview:-1"},"canonical":"https:\/\/denhelder.online\/de\/aktuell\/konig-besucht-neue-hohle\/","og_locale":"de_DE","og_type":"article","og_title":"Koning bezoekt Nieuw Den Helder","og_description":"Zijne Majesteit de Koning brengt woensdagmiddag 20 november een bezoek aan Nieuw Den Helder. Het bezoek staat in het teken van de uitdagingen van een wijk in een grote stad, met aandacht voor leefbaarheid, verenigingsleven, veiligheid en saamhorigheid.","og_url":"https:\/\/denhelder.online\/de\/aktuell\/konig-besucht-neue-hohle\/","og_site_name":"Den Helder Online","article_modified_time":"2025-04-30T08:58:47+00:00","og_image":[{"width":1920,"height":1080,"url":"https:\/\/denhelder.online\/wp-content\/uploads\/2025\/04\/38e5bd7d-f9d6-4a88-8f60-ea719be3e127-Koning_Willem_Alexander_1920x1080.jpg","type":"image\/jpeg"}],"twitter_card":"summary_large_image","twitter_misc":{"Gesch\u00e4tzte Lesezeit":"3\u00a0Minuten"},"schema":{"@context":"https:\/\/schema.org","@graph":[{"@type":"WebPage","@id":"https:\/\/denhelder.online\/actueel\/koning-bezoekt-nieuw-den-helder\/","url":"https:\/\/denhelder.online\/actueel\/koning-bezoekt-nieuw-den-helder\/","name":"King besucht New Den Helder - Den Helder Online","isPartOf":{"@id":"https:\/\/denhelder.online\/#website"},"primaryImageOfPage":{"@id":"https:\/\/denhelder.online\/actueel\/koning-bezoekt-nieuw-den-helder\/#primaryimage"},"image":{"@id":"https:\/\/denhelder.online\/actueel\/koning-bezoekt-nieuw-den-helder\/#primaryimage"},"thumbnailUrl":"https:\/\/denhelder.online\/wp-content\/uploads\/2025\/04\/38e5bd7d-f9d6-4a88-8f60-ea719be3e127-Koning_Willem_Alexander_1920x1080.jpg","datePublished":"2024-05-30T08:58:33+00:00","dateModified":"2025-04-30T08:58:47+00:00","breadcrumb":{"@id":"https:\/\/denhelder.online\/actueel\/koning-bezoekt-nieuw-den-helder\/#breadcrumb"},"inLanguage":"de","potentialAction":[{"@type":"ReadAction","target":["https:\/\/denhelder.online\/actueel\/koning-bezoekt-nieuw-den-helder\/"]}]},{"@type":"ImageObject","inLanguage":"de","@id":"https:\/\/denhelder.online\/actueel\/koning-bezoekt-nieuw-den-helder\/#primaryimage","url":"https:\/\/denhelder.online\/wp-content\/uploads\/2025\/04\/38e5bd7d-f9d6-4a88-8f60-ea719be3e127-Koning_Willem_Alexander_1920x1080.jpg","contentUrl":"https:\/\/denhelder.online\/wp-content\/uploads\/2025\/04\/38e5bd7d-f9d6-4a88-8f60-ea719be3e127-Koning_Willem_Alexander_1920x1080.jpg","width":1920,"height":1080,"caption":"Foto van Koning Willem Alexander"},{"@type":"BreadcrumbList","@id":"https:\/\/denhelder.online\/actueel\/koning-bezoekt-nieuw-den-helder\/#breadcrumb","itemListElement":[{"@type":"ListItem","position":1,"name":"Home","item":"https:\/\/denhelder.online\/"},{"@type":"ListItem","position":2,"name":"Actueel","item":"https:\/\/denhelder.online\/en\/current\/"},{"@type":"ListItem","position":3,"name":"Koning bezoekt Nieuw Den Helder"}]},{"@type":"WebSite","@id":"https:\/\/denhelder.online\/#website","url":"https:\/\/denhelder.online\/","name":"Den Helder Online","description":"Erleben Sie Den Helder","publisher":{"@id":"https:\/\/denhelder.online\/#organization"},"potentialAction":[{"@type":"SearchAction","target":{"@type":"EntryPoint","urlTemplate":"https:\/\/denhelder.online\/?s={search_term_string}"},"query-input":{"@type":"PropertyValueSpecification","valueRequired":true,"valueName":"search_term_string"}}],"inLanguage":"de"},{"@type":"Organization","@id":"https:\/\/denhelder.online\/#organization","name":"Den Helder Online","url":"https:\/\/denhelder.online\/","logo":{"@type":"ImageObject","inLanguage":"de","@id":"https:\/\/denhelder.online\/#\/schema\/logo\/image\/","url":"https:\/\/denhelder.online\/wp-content\/uploads\/2021\/12\/DitIsDH-Logo-26-tagline.svg","contentUrl":"https:\/\/denhelder.online\/wp-content\/uploads\/2021\/12\/DitIsDH-Logo-26-tagline.svg","width":1717.0999999999999,"height":934.89999999999998,"caption":"Den Helder Online"},"image":{"@id":"https:\/\/denhelder.online\/#\/schema\/logo\/image\/"}}]}},"_links":{"self":[{"href":"https:\/\/denhelder.online\/de\/wp-json\/wp\/v2\/actueel\/11017","targetHints":{"allow":["GET"]}}],"collection":[{"href":"https:\/\/denhelder.online\/de\/wp-json\/wp\/v2\/actueel"}],"about":[{"href":"https:\/\/denhelder.online\/de\/wp-json\/wp\/v2\/types\/actueel"}],"author":[{"embeddable":true,"href":"https:\/\/denhelder.online\/de\/wp-json\/wp\/v2\/users\/4"}],"wp:featuredmedia":[{"embeddable":true,"href":"https:\/\/denhelder.online\/de\/wp-json\/wp\/v2\/media\/11018"}],"wp:attachment":[{"href":"https:\/\/denhelder.online\/de\/wp-json\/wp\/v2\/media?parent=11017"}],"wp:term":[{"taxonomy":"doelgroep","embeddable":true,"href":"https:\/\/denhelder.online\/de\/wp-json\/wp\/v2\/doelgroep?post=11017"}],"curies":[{"name":"wp","href":"https:\/\/api.w.org\/{rel}","templated":true}]}}