{"id":11019,"date":"2024-05-30T11:00:11","date_gmt":"2024-05-30T09:00:11","guid":{"rendered":"https:\/\/denhelder.online\/?post_type=actueel&#038;p=11019"},"modified":"2025-04-30T11:00:19","modified_gmt":"2025-04-30T09:00:19","slug":"lass-dich-wahrend-der-nationalen-klimawoche-von-inspirierenden-klimahelden-anregen","status":"publish","type":"actueel","link":"https:\/\/denhelder.online\/de\/actueel\/laat-u-inspireren-door-helderse-klimaathelden-tijdens-de-nationale-klimaatweek\/","title":{"rendered":"Lass dich w\u00e4hrend der Nationalen Klimawoche von den Klimahelden von Helderse inspirieren."},"content":{"rendered":"<p><strong>Die vierte Ausgabe der Nationalen Klimawoche findet vom 11. bis 17. November 2024 statt. W\u00e4hrend der Klimawoche wird Klimab\u00fcrgermeister Friso van der Meulen gemeinsam mit der Gemeinde die verf\u00fcgbaren Klimainitiativen vorstellen.<\/strong><\/p>\n<p><strong>Programm der Klimawoche<\/strong><\/p>\n<p>W\u00e4hrend der Nationalen Klimawoche organisieren wir bei Den Helder verschiedene inspirierende Aktivit\u00e4ten. Das Programm finden Sie unten.<\/p>\n<p>Nistk\u00e4sten f\u00fcr Haussperlinge. Die Einweihung findet am Montag, den 11. November um 9:00 Uhr im Helderse-Tal durch Klimab\u00fcrgermeister Friso van der Meulen, Stadtrat f\u00fcr Nachhaltigkeit Peter van Diepen und Kinderb\u00fcrgermeister Jip de Jong statt. Im Anschluss an die Einweihung nimmt die Gruppe 8 der Grundschule De Rank an einem Workshop mit Rejoez zum Bemalen von Nistk\u00e4sten f\u00fcr Haussperlinge teil.<\/p>\n<p>Lassen Sie sich im FUNdament inspirieren und informieren. Am Mittwoch, den 13. November, finden zwischen 10:00 und 16:00 Uhr im FUNdament in der Dintelstraat 153 verschiedene Aktivit\u00e4ten statt. Besuchen Sie den mobilen Showroom des Duurzaam Bouwloket (Stand f\u00fcr nachhaltiges Bauen). Dort erfahren Sie Schritt f\u00fcr Schritt, welche Energiesparma\u00dfnahmen es gibt, um Ihr Zuhause nachhaltiger zu gestalten. Energie- und Heizungsexperten erkl\u00e4ren Ihnen kleine und gro\u00dfe Ma\u00dfnahmen, die den Wohnkomfort erh\u00f6hen und Energie sparen. St\u00f6bern Sie au\u00dferdem im Reparaturcaf\u00e9, pfl\u00fccken Sie einen Herbststrau\u00df und schauen Sie in der N\u00e4hwerkstatt vorbei. Besuchen Sie auch eines der nahegelegenen Tiny Houses. Dort sehen Sie, welche Klima- und Energiesparma\u00dfnahmen bereits umgesetzt wurden. M\u00f6chten Sie das Tiny House besichtigen? Bitte melden Sie sich vorab unter [Website-Adresse fehlt] an.\u00a0<a href=\"https:\/\/www.denhelder.nl\/Onderwerpen\/Wonen_en_omgeving\/Duurzaamheid\/Duurzaamheid\/Klimaatweek_2024\/Aanmelden_voor_bezoek_aan_tiny_house?utm_source=Rx.Front&amp;utm_medium=redirect&amp;utm_campaign=aanmeldentinyhouse\" target=\"\">www.denhelder.nl\/aanmeldentinyhouse<\/a>.<\/p>\n<p><strong>Gratis-Gartenpflanzenpaket im Tausch gegen Ihre Fliesen<\/strong><\/p>\n<p>Am Freitag, dem 15. November, endet die Klimawoche im Helderse Valley zeitgleich mit der Meisterschaft im Fliesenwenden. Wenn Sie Fliesen aus Ihrem Garten abgeben, erhalten Sie ein kostenloses Gartenpflanzenpaket. Die Anmeldung hierf\u00fcr ist vom 1. bis 8. November m\u00f6glich.\u00a0<a href=\"https:\/\/www.deheldersevallei.nl\/\" target=\"\">www.deheldersevallei.nl<\/a>. Sie k\u00f6nnen Ihre Fliesen vom 15. November bis Sonntag, den 17. November, an die Helderse Vallei zur\u00fcckgeben und erhalten im Gegenzug ein kostenloses Gartenpflanzenpaket.<\/p>\n<p><strong>Gemeinsam f\u00fcr ein besseres Klima<\/strong><\/p>\n<p>W\u00e4hrend der Nationalen Klimawoche pr\u00e4sentieren Unternehmen, Regierungen und B\u00fcrger ihre Klimaschutzbem\u00fchungen auf vielf\u00e4ltige Weise. Das Ziel? M\u00f6glichst viele Niederl\u00e4nder zu inspirieren, sich f\u00fcr die Reduzierung von CO\u2082-Emissionen einzusetzen. Auch wir machen unsere Stimme h\u00f6rbar. Stadtrat f\u00fcr Nachhaltigkeit, Peter van Diepen: \u201cDie Nationale Klimawoche hilft uns, das Bewusstsein f\u00fcr den Klimawandel zu sch\u00e4rfen. Jeder kann durch kleine Schritte einen Beitrag zum Klimaschutz leisten. W\u00e4hrend der Klimawoche k\u00f6nnen Sie sehen, was Sie tun k\u00f6nnen.\u201d<\/p>","protected":false},"excerpt":{"rendered":"<p>Die vierte Ausgabe der Nationalen Klimawoche findet vom 11. bis 17. November 2024 statt. W\u00e4hrend der Klimawoche wird Klimab\u00fcrgermeister Friso van der Meulen gemeinsam mit der Gemeinde die verf\u00fcgbaren Klimainitiativen vorstellen.<\/p>","protected":false},"author":4,"featured_media":11020,"template":"","doelgroep":[6027,6028],"class_list":["post-11019","actueel","type-actueel","status-publish","has-post-thumbnail","hentry","elementor_library_category-activiteiten","doelgroep-inwoner","doelgroep-inwoner-regio"],"yoast_head":"<!-- This site is optimized with the Yoast SEO Premium plugin v24.7 (Yoast SEO v27.5) - https:\/\/yoast.com\/product\/yoast-seo-premium-wordpress\/ -->\n<title>Laat u inspireren door Helderse klimaathelden tijdens de Nationale Klimaatweek - Den Helder Online<\/title>\n<meta name=\"robots\" content=\"index, follow, max-snippet:-1, max-image-preview:large, max-video-preview:-1\" \/>\n<link rel=\"canonical\" href=\"https:\/\/denhelder.online\/de\/aktuell\/lass-dich-wahrend-der-nationalen-klimawoche-von-inspirierenden-klimahelden-anregen\/\" \/>\n<meta property=\"og:locale\" content=\"de_DE\" \/>\n<meta property=\"og:type\" content=\"article\" \/>\n<meta property=\"og:title\" content=\"Laat u inspireren door Helderse klimaathelden tijdens de Nationale Klimaatweek\" \/>\n<meta property=\"og:description\" content=\"Van 11 november tot en met 17 november 2024 is de vierde editie van de Nationale Klimaatweek. In de Klimaatweek laat klimaatburgemeester Friso van der Meulen, samen met de gemeente, zien welke klimaatinitiatieven er zijn.\" \/>\n<meta property=\"og:url\" content=\"https:\/\/denhelder.online\/de\/aktuell\/lass-dich-wahrend-der-nationalen-klimawoche-von-inspirierenden-klimahelden-anregen\/\" \/>\n<meta property=\"og:site_name\" content=\"Den Helder Online\" \/>\n<meta property=\"article:modified_time\" content=\"2025-04-30T09:00:19+00:00\" \/>\n<meta property=\"og:image\" content=\"https:\/\/denhelder.online\/wp-content\/uploads\/2025\/04\/d658b0cf-1984-40c1-88e5-f90bb42a0ca8-44.Afb_.Nationale_Klimaatweek_Logo_FC_RGB_1920x1080.jpg\" \/>\n\t<meta property=\"og:image:width\" content=\"1920\" \/>\n\t<meta property=\"og:image:height\" content=\"1080\" \/>\n\t<meta property=\"og:image:type\" content=\"image\/jpeg\" \/>\n<meta name=\"twitter:card\" content=\"summary_large_image\" \/>\n<meta name=\"twitter:label1\" content=\"Gesch\u00e4tzte Lesezeit\" \/>\n\t<meta name=\"twitter:data1\" content=\"3\u00a0Minuten\" \/>\n<script type=\"application\/ld+json\" class=\"yoast-schema-graph\">{\"@context\":\"https:\\\/\\\/schema.org\",\"@graph\":[{\"@type\":\"WebPage\",\"@id\":\"https:\\\/\\\/denhelder.online\\\/actueel\\\/laat-u-inspireren-door-helderse-klimaathelden-tijdens-de-nationale-klimaatweek\\\/\",\"url\":\"https:\\\/\\\/denhelder.online\\\/actueel\\\/laat-u-inspireren-door-helderse-klimaathelden-tijdens-de-nationale-klimaatweek\\\/\",\"name\":\"Laat u inspireren door Helderse klimaathelden tijdens de Nationale Klimaatweek - Den Helder Online\",\"isPartOf\":{\"@id\":\"https:\\\/\\\/denhelder.online\\\/#website\"},\"primaryImageOfPage\":{\"@id\":\"https:\\\/\\\/denhelder.online\\\/actueel\\\/laat-u-inspireren-door-helderse-klimaathelden-tijdens-de-nationale-klimaatweek\\\/#primaryimage\"},\"image\":{\"@id\":\"https:\\\/\\\/denhelder.online\\\/actueel\\\/laat-u-inspireren-door-helderse-klimaathelden-tijdens-de-nationale-klimaatweek\\\/#primaryimage\"},\"thumbnailUrl\":\"https:\\\/\\\/denhelder.online\\\/wp-content\\\/uploads\\\/2025\\\/04\\\/d658b0cf-1984-40c1-88e5-f90bb42a0ca8-44.Afb_.Nationale_Klimaatweek_Logo_FC_RGB_1920x1080.jpg\",\"datePublished\":\"2024-05-30T09:00:11+00:00\",\"dateModified\":\"2025-04-30T09:00:19+00:00\",\"breadcrumb\":{\"@id\":\"https:\\\/\\\/denhelder.online\\\/actueel\\\/laat-u-inspireren-door-helderse-klimaathelden-tijdens-de-nationale-klimaatweek\\\/#breadcrumb\"},\"inLanguage\":\"de\",\"potentialAction\":[{\"@type\":\"ReadAction\",\"target\":[\"https:\\\/\\\/denhelder.online\\\/actueel\\\/laat-u-inspireren-door-helderse-klimaathelden-tijdens-de-nationale-klimaatweek\\\/\"]}]},{\"@type\":\"ImageObject\",\"inLanguage\":\"de\",\"@id\":\"https:\\\/\\\/denhelder.online\\\/actueel\\\/laat-u-inspireren-door-helderse-klimaathelden-tijdens-de-nationale-klimaatweek\\\/#primaryimage\",\"url\":\"https:\\\/\\\/denhelder.online\\\/wp-content\\\/uploads\\\/2025\\\/04\\\/d658b0cf-1984-40c1-88e5-f90bb42a0ca8-44.Afb_.Nationale_Klimaatweek_Logo_FC_RGB_1920x1080.jpg\",\"contentUrl\":\"https:\\\/\\\/denhelder.online\\\/wp-content\\\/uploads\\\/2025\\\/04\\\/d658b0cf-1984-40c1-88e5-f90bb42a0ca8-44.Afb_.Nationale_Klimaatweek_Logo_FC_RGB_1920x1080.jpg\",\"width\":1920,\"height\":1080,\"caption\":\"Logo Nationale Klimaatweek\"},{\"@type\":\"BreadcrumbList\",\"@id\":\"https:\\\/\\\/denhelder.online\\\/actueel\\\/laat-u-inspireren-door-helderse-klimaathelden-tijdens-de-nationale-klimaatweek\\\/#breadcrumb\",\"itemListElement\":[{\"@type\":\"ListItem\",\"position\":1,\"name\":\"Home\",\"item\":\"https:\\\/\\\/denhelder.online\\\/\"},{\"@type\":\"ListItem\",\"position\":2,\"name\":\"Actueel\",\"item\":\"https:\\\/\\\/denhelder.online\\\/en\\\/current\\\/\"},{\"@type\":\"ListItem\",\"position\":3,\"name\":\"Laat u inspireren door Helderse klimaathelden tijdens de Nationale Klimaatweek\"}]},{\"@type\":\"WebSite\",\"@id\":\"https:\\\/\\\/denhelder.online\\\/#website\",\"url\":\"https:\\\/\\\/denhelder.online\\\/\",\"name\":\"Den Helder Online\",\"description\":\"Beleef Den Helder\",\"publisher\":{\"@id\":\"https:\\\/\\\/denhelder.online\\\/#organization\"},\"potentialAction\":[{\"@type\":\"SearchAction\",\"target\":{\"@type\":\"EntryPoint\",\"urlTemplate\":\"https:\\\/\\\/denhelder.online\\\/?s={search_term_string}\"},\"query-input\":{\"@type\":\"PropertyValueSpecification\",\"valueRequired\":true,\"valueName\":\"search_term_string\"}}],\"inLanguage\":\"de\"},{\"@type\":\"Organization\",\"@id\":\"https:\\\/\\\/denhelder.online\\\/#organization\",\"name\":\"Den Helder Online\",\"url\":\"https:\\\/\\\/denhelder.online\\\/\",\"logo\":{\"@type\":\"ImageObject\",\"inLanguage\":\"de\",\"@id\":\"https:\\\/\\\/denhelder.online\\\/#\\\/schema\\\/logo\\\/image\\\/\",\"url\":\"https:\\\/\\\/denhelder.online\\\/wp-content\\\/uploads\\\/2021\\\/12\\\/DitIsDH-Logo-26-tagline.svg\",\"contentUrl\":\"https:\\\/\\\/denhelder.online\\\/wp-content\\\/uploads\\\/2021\\\/12\\\/DitIsDH-Logo-26-tagline.svg\",\"width\":1717.0999999999999,\"height\":934.89999999999998,\"caption\":\"Den Helder Online\"},\"image\":{\"@id\":\"https:\\\/\\\/denhelder.online\\\/#\\\/schema\\\/logo\\\/image\\\/\"}}]}<\/script>\n<!-- \/ Yoast SEO Premium plugin. -->","yoast_head_json":{"title":"Lass dich w\u00e4hrend der Nationalen Klimawoche von den Klimahelden von Helderse inspirieren \u2013 Den Helder Online","robots":{"index":"index","follow":"follow","max-snippet":"max-snippet:-1","max-image-preview":"max-image-preview:large","max-video-preview":"max-video-preview:-1"},"canonical":"https:\/\/denhelder.online\/de\/aktuell\/lass-dich-wahrend-der-nationalen-klimawoche-von-inspirierenden-klimahelden-anregen\/","og_locale":"de_DE","og_type":"article","og_title":"Laat u inspireren door Helderse klimaathelden tijdens de Nationale Klimaatweek","og_description":"Van 11 november tot en met 17 november 2024 is de vierde editie van de Nationale Klimaatweek. In de Klimaatweek laat klimaatburgemeester Friso van der Meulen, samen met de gemeente, zien welke klimaatinitiatieven er zijn.","og_url":"https:\/\/denhelder.online\/de\/aktuell\/lass-dich-wahrend-der-nationalen-klimawoche-von-inspirierenden-klimahelden-anregen\/","og_site_name":"Den Helder Online","article_modified_time":"2025-04-30T09:00:19+00:00","og_image":[{"width":1920,"height":1080,"url":"https:\/\/denhelder.online\/wp-content\/uploads\/2025\/04\/d658b0cf-1984-40c1-88e5-f90bb42a0ca8-44.Afb_.Nationale_Klimaatweek_Logo_FC_RGB_1920x1080.jpg","type":"image\/jpeg"}],"twitter_card":"summary_large_image","twitter_misc":{"Gesch\u00e4tzte Lesezeit":"3\u00a0Minuten"},"schema":{"@context":"https:\/\/schema.org","@graph":[{"@type":"WebPage","@id":"https:\/\/denhelder.online\/actueel\/laat-u-inspireren-door-helderse-klimaathelden-tijdens-de-nationale-klimaatweek\/","url":"https:\/\/denhelder.online\/actueel\/laat-u-inspireren-door-helderse-klimaathelden-tijdens-de-nationale-klimaatweek\/","name":"Lass dich w\u00e4hrend der Nationalen Klimawoche von den Klimahelden von Helderse inspirieren \u2013 Den Helder Online","isPartOf":{"@id":"https:\/\/denhelder.online\/#website"},"primaryImageOfPage":{"@id":"https:\/\/denhelder.online\/actueel\/laat-u-inspireren-door-helderse-klimaathelden-tijdens-de-nationale-klimaatweek\/#primaryimage"},"image":{"@id":"https:\/\/denhelder.online\/actueel\/laat-u-inspireren-door-helderse-klimaathelden-tijdens-de-nationale-klimaatweek\/#primaryimage"},"thumbnailUrl":"https:\/\/denhelder.online\/wp-content\/uploads\/2025\/04\/d658b0cf-1984-40c1-88e5-f90bb42a0ca8-44.Afb_.Nationale_Klimaatweek_Logo_FC_RGB_1920x1080.jpg","datePublished":"2024-05-30T09:00:11+00:00","dateModified":"2025-04-30T09:00:19+00:00","breadcrumb":{"@id":"https:\/\/denhelder.online\/actueel\/laat-u-inspireren-door-helderse-klimaathelden-tijdens-de-nationale-klimaatweek\/#breadcrumb"},"inLanguage":"de","potentialAction":[{"@type":"ReadAction","target":["https:\/\/denhelder.online\/actueel\/laat-u-inspireren-door-helderse-klimaathelden-tijdens-de-nationale-klimaatweek\/"]}]},{"@type":"ImageObject","inLanguage":"de","@id":"https:\/\/denhelder.online\/actueel\/laat-u-inspireren-door-helderse-klimaathelden-tijdens-de-nationale-klimaatweek\/#primaryimage","url":"https:\/\/denhelder.online\/wp-content\/uploads\/2025\/04\/d658b0cf-1984-40c1-88e5-f90bb42a0ca8-44.Afb_.Nationale_Klimaatweek_Logo_FC_RGB_1920x1080.jpg","contentUrl":"https:\/\/denhelder.online\/wp-content\/uploads\/2025\/04\/d658b0cf-1984-40c1-88e5-f90bb42a0ca8-44.Afb_.Nationale_Klimaatweek_Logo_FC_RGB_1920x1080.jpg","width":1920,"height":1080,"caption":"Logo Nationale Klimaatweek"},{"@type":"BreadcrumbList","@id":"https:\/\/denhelder.online\/actueel\/laat-u-inspireren-door-helderse-klimaathelden-tijdens-de-nationale-klimaatweek\/#breadcrumb","itemListElement":[{"@type":"ListItem","position":1,"name":"Home","item":"https:\/\/denhelder.online\/"},{"@type":"ListItem","position":2,"name":"Actueel","item":"https:\/\/denhelder.online\/en\/current\/"},{"@type":"ListItem","position":3,"name":"Laat u inspireren door Helderse klimaathelden tijdens de Nationale Klimaatweek"}]},{"@type":"WebSite","@id":"https:\/\/denhelder.online\/#website","url":"https:\/\/denhelder.online\/","name":"Den Helder Online","description":"Erleben Sie Den Helder","publisher":{"@id":"https:\/\/denhelder.online\/#organization"},"potentialAction":[{"@type":"SearchAction","target":{"@type":"EntryPoint","urlTemplate":"https:\/\/denhelder.online\/?s={search_term_string}"},"query-input":{"@type":"PropertyValueSpecification","valueRequired":true,"valueName":"search_term_string"}}],"inLanguage":"de"},{"@type":"Organization","@id":"https:\/\/denhelder.online\/#organization","name":"Den Helder Online","url":"https:\/\/denhelder.online\/","logo":{"@type":"ImageObject","inLanguage":"de","@id":"https:\/\/denhelder.online\/#\/schema\/logo\/image\/","url":"https:\/\/denhelder.online\/wp-content\/uploads\/2021\/12\/DitIsDH-Logo-26-tagline.svg","contentUrl":"https:\/\/denhelder.online\/wp-content\/uploads\/2021\/12\/DitIsDH-Logo-26-tagline.svg","width":1717.0999999999999,"height":934.89999999999998,"caption":"Den Helder Online"},"image":{"@id":"https:\/\/denhelder.online\/#\/schema\/logo\/image\/"}}]}},"_links":{"self":[{"href":"https:\/\/denhelder.online\/de\/wp-json\/wp\/v2\/actueel\/11019","targetHints":{"allow":["GET"]}}],"collection":[{"href":"https:\/\/denhelder.online\/de\/wp-json\/wp\/v2\/actueel"}],"about":[{"href":"https:\/\/denhelder.online\/de\/wp-json\/wp\/v2\/types\/actueel"}],"author":[{"embeddable":true,"href":"https:\/\/denhelder.online\/de\/wp-json\/wp\/v2\/users\/4"}],"wp:featuredmedia":[{"embeddable":true,"href":"https:\/\/denhelder.online\/de\/wp-json\/wp\/v2\/media\/11020"}],"wp:attachment":[{"href":"https:\/\/denhelder.online\/de\/wp-json\/wp\/v2\/media?parent=11019"}],"wp:term":[{"taxonomy":"doelgroep","embeddable":true,"href":"https:\/\/denhelder.online\/de\/wp-json\/wp\/v2\/doelgroep?post=11019"}],"curies":[{"name":"wp","href":"https:\/\/api.w.org\/{rel}","templated":true}]}}