{"id":11021,"date":"2024-05-30T11:05:30","date_gmt":"2024-05-30T09:05:30","guid":{"rendered":"https:\/\/denhelder.online\/?post_type=actueel&#038;p=11021"},"modified":"2025-04-30T11:05:39","modified_gmt":"2025-04-30T09:05:39","slug":"die-gemeinde-den-helder-organisiert-eine-einkaufsaktion-fur-energiesparmasnahmen","status":"publish","type":"actueel","link":"https:\/\/denhelder.online\/de\/actueel\/gemeente-den-helder-organiseert-inkoopactie-voor-energiebesparende-maatregelen\/","title":{"rendered":"Die Gemeinde Den Helder organisiert eine Einkaufskampagne f\u00fcr Energiesparma\u00dfnahmen"},"content":{"rendered":"<p><strong>Die Gemeinde Den Helder m\u00f6chte die Nachhaltigkeit von Wohngeb\u00e4uden aktiv f\u00f6rdern. Deshalb<\/strong><br \/>\n<strong>Die Gemeinde organisiert, genau wie im Fr\u00fchjahr, eine Kaufaktion f\u00fcr Energiesparprodukte.<\/strong><br \/>\n<strong>Ma\u00dfnahmen.<\/strong><\/p>\n<p>In Zusammenarbeit mit der Organisation Winst uit je woning bietet die Gemeinde Den Helder ein<br \/>\nKaufaktion f\u00fcr Energiesparma\u00dfnahmen. Diese Kaufaktion bietet Hausbesitzern die M\u00f6glichkeit,<br \/>\nOption zur Auswahl von Isolierglas, Hohlwandd\u00e4mmung und Fu\u00dfbodend\u00e4mmung zu einem g\u00fcnstigen Preis.,<br \/>\nDachd\u00e4mmung, Solarpaneele und\/oder eine W\u00e4rmepumpe. Die Kaufkampagne richtet sich an sogenannte<br \/>\nebenerdige Wohnungen und daher nicht f\u00fcr Wohnungseigent\u00fcmer gedacht. Teilnehmer<br \/>\nSie erhalten unverbindliche, individuelle Angebote. Und wir stellen sicher, dass die Auftragnehmer strenge Anforderungen erf\u00fcllen.<br \/>\nDie Voraussetzungen m\u00fcssen erf\u00fcllt sein. Die Anmeldung ist bis zum 19. Januar 2025 m\u00f6glich.<\/p>\n<p><strong>\u00dcber die Linie<\/strong><br \/>\nStadtrat Peter van Diepen, zust\u00e4ndig f\u00fcr Nachhaltigkeit, ermutigt die Einwohner, dies zu nutzen.<br \/>\nEinkaufsaktion: \u201cIch freue mich, dass die Gemeinde Den Helder diese Einkaufsaktion auch in diesem Jahr wieder organisiert.\u201c.<br \/>\nNachhaltigkeit ist etwas, f\u00fcr das wir alle eine gemeinsame Verantwortung tragen. Und jeder noch so kleine Beitrag hilft.<br \/>\nDiese Kaufkampagne kann Hausbesitzern dabei helfen, ihre H\u00e4user nachhaltiger zu gestalten.<br \/>\nInformieren Sie sich und profitieren Sie von den g\u00fcnstigen Preisen f\u00fcr Energiesparma\u00dfnahmen.\u201d<\/p>\n<p><strong>Online-Informationsabend<\/strong><br \/>\nAm Dienstagabend, dem 26. November, findet um 19:30 Uhr ein Online-Informationsabend statt.<br \/>\nIm Laufe des Abends werden alle Informationen zur Kaufaktion und zum Energiesparen bereitgestellt.<br \/>\nMa\u00dfnahmen und eine m\u00f6gliche F\u00f6rderung. Sie k\u00f6nnen sich anmelden \u00fcber\u00a0<a href=\"\/de\/www.winstuitjewoning.nl\/\" target=\"\">ww<\/a><a style=\"font-size: 1rem; background-color: #ffffff;\" href=\"\/de\/www.winstuitjewoning.nl\/\" target=\"\">w.winstuitjewoning.nl<\/a><a style=\"font-size: 1rem; background-color: #ffffff;\" href=\"https:\/\/winstuitjewoning.nl\/\" target=\"\">.<\/a><\/p>\n<p><strong>Um zu fragen<\/strong><br \/>\nFragen zur Einkaufskampagne k\u00f6nnen \u00fcber den Service Desk von Winst uit je woning gestellt werden.<br \/>\n023-5836936. Sie k\u00f6nnen sich bis zum 19. Januar 2025 unverbindlich f\u00fcr die Aktion anmelden \u00fcber<br \/>\n<a href=\"https:\/\/winstuitjewoning.nl\/\">www.winstuitjewoning.nl\/<\/a><\/p>","protected":false},"excerpt":{"rendered":"<p>Die Gemeinde Den Helder m\u00f6chte die Nachhaltigkeit von Wohngeb\u00e4uden aktiv f\u00f6rdern. Deshalb<br \/>\nDie Gemeinde organisiert, genau wie im Fr\u00fchjahr, eine Kaufaktion f\u00fcr Energiesparprodukte.<br \/>\nMa\u00dfnahmen.<\/p>","protected":false},"author":4,"featured_media":11022,"template":"","doelgroep":[6027,6028],"class_list":["post-11021","actueel","type-actueel","status-publish","has-post-thumbnail","hentry","elementor_library_category-activiteiten","doelgroep-inwoner","doelgroep-inwoner-regio"],"yoast_head":"<!-- This site is optimized with the Yoast SEO Premium plugin v24.7 (Yoast SEO v27.5) - https:\/\/yoast.com\/product\/yoast-seo-premium-wordpress\/ -->\n<title>Gemeente Den Helder organiseert inkoopactie voor energiebesparende maatregelen - Den Helder Online<\/title>\n<meta name=\"robots\" content=\"index, follow, max-snippet:-1, max-image-preview:large, max-video-preview:-1\" \/>\n<link rel=\"canonical\" href=\"https:\/\/denhelder.online\/de\/aktuell\/die-gemeinde-den-helder-organisiert-eine-einkaufsaktion-fur-energiesparmasnahmen\/\" \/>\n<meta property=\"og:locale\" content=\"de_DE\" \/>\n<meta property=\"og:type\" content=\"article\" \/>\n<meta property=\"og:title\" content=\"Gemeente Den Helder organiseert inkoopactie voor energiebesparende maatregelen\" \/>\n<meta property=\"og:description\" content=\"De gemeente Den Helder wil het verduurzamen van woningen actief stimuleren. Daarom organiseert de gemeente, net als dit voorjaar, een inkoopactie voor energiebesparende maatregelen.\" \/>\n<meta property=\"og:url\" content=\"https:\/\/denhelder.online\/de\/aktuell\/die-gemeinde-den-helder-organisiert-eine-einkaufsaktion-fur-energiesparmasnahmen\/\" \/>\n<meta property=\"og:site_name\" content=\"Den Helder Online\" \/>\n<meta property=\"article:modified_time\" content=\"2025-04-30T09:05:39+00:00\" \/>\n<meta property=\"og:image\" content=\"https:\/\/denhelder.online\/wp-content\/uploads\/2025\/04\/233c0164-cf05-4500-a665-34768f32e9a0-gemeente_Den_Helder_1920x1080.jpg\" \/>\n\t<meta property=\"og:image:width\" content=\"1920\" \/>\n\t<meta property=\"og:image:height\" content=\"1080\" \/>\n\t<meta property=\"og:image:type\" content=\"image\/jpeg\" \/>\n<meta name=\"twitter:card\" content=\"summary_large_image\" \/>\n<meta name=\"twitter:label1\" content=\"Gesch\u00e4tzte Lesezeit\" \/>\n\t<meta name=\"twitter:data1\" content=\"2\u00a0Minuten\" \/>\n<script type=\"application\/ld+json\" class=\"yoast-schema-graph\">{\"@context\":\"https:\\\/\\\/schema.org\",\"@graph\":[{\"@type\":\"WebPage\",\"@id\":\"https:\\\/\\\/denhelder.online\\\/actueel\\\/gemeente-den-helder-organiseert-inkoopactie-voor-energiebesparende-maatregelen\\\/\",\"url\":\"https:\\\/\\\/denhelder.online\\\/actueel\\\/gemeente-den-helder-organiseert-inkoopactie-voor-energiebesparende-maatregelen\\\/\",\"name\":\"Gemeente Den Helder organiseert inkoopactie voor energiebesparende maatregelen - Den Helder Online\",\"isPartOf\":{\"@id\":\"https:\\\/\\\/denhelder.online\\\/#website\"},\"primaryImageOfPage\":{\"@id\":\"https:\\\/\\\/denhelder.online\\\/actueel\\\/gemeente-den-helder-organiseert-inkoopactie-voor-energiebesparende-maatregelen\\\/#primaryimage\"},\"image\":{\"@id\":\"https:\\\/\\\/denhelder.online\\\/actueel\\\/gemeente-den-helder-organiseert-inkoopactie-voor-energiebesparende-maatregelen\\\/#primaryimage\"},\"thumbnailUrl\":\"https:\\\/\\\/denhelder.online\\\/wp-content\\\/uploads\\\/2025\\\/04\\\/233c0164-cf05-4500-a665-34768f32e9a0-gemeente_Den_Helder_1920x1080.jpg\",\"datePublished\":\"2024-05-30T09:05:30+00:00\",\"dateModified\":\"2025-04-30T09:05:39+00:00\",\"breadcrumb\":{\"@id\":\"https:\\\/\\\/denhelder.online\\\/actueel\\\/gemeente-den-helder-organiseert-inkoopactie-voor-energiebesparende-maatregelen\\\/#breadcrumb\"},\"inLanguage\":\"de\",\"potentialAction\":[{\"@type\":\"ReadAction\",\"target\":[\"https:\\\/\\\/denhelder.online\\\/actueel\\\/gemeente-den-helder-organiseert-inkoopactie-voor-energiebesparende-maatregelen\\\/\"]}]},{\"@type\":\"ImageObject\",\"inLanguage\":\"de\",\"@id\":\"https:\\\/\\\/denhelder.online\\\/actueel\\\/gemeente-den-helder-organiseert-inkoopactie-voor-energiebesparende-maatregelen\\\/#primaryimage\",\"url\":\"https:\\\/\\\/denhelder.online\\\/wp-content\\\/uploads\\\/2025\\\/04\\\/233c0164-cf05-4500-a665-34768f32e9a0-gemeente_Den_Helder_1920x1080.jpg\",\"contentUrl\":\"https:\\\/\\\/denhelder.online\\\/wp-content\\\/uploads\\\/2025\\\/04\\\/233c0164-cf05-4500-a665-34768f32e9a0-gemeente_Den_Helder_1920x1080.jpg\",\"width\":1920,\"height\":1080,\"caption\":\"Logo Gemeente Den Helder\"},{\"@type\":\"BreadcrumbList\",\"@id\":\"https:\\\/\\\/denhelder.online\\\/actueel\\\/gemeente-den-helder-organiseert-inkoopactie-voor-energiebesparende-maatregelen\\\/#breadcrumb\",\"itemListElement\":[{\"@type\":\"ListItem\",\"position\":1,\"name\":\"Home\",\"item\":\"https:\\\/\\\/denhelder.online\\\/\"},{\"@type\":\"ListItem\",\"position\":2,\"name\":\"Actueel\",\"item\":\"https:\\\/\\\/denhelder.online\\\/en\\\/current\\\/\"},{\"@type\":\"ListItem\",\"position\":3,\"name\":\"Gemeente Den Helder organiseert inkoopactie voor energiebesparende maatregelen\"}]},{\"@type\":\"WebSite\",\"@id\":\"https:\\\/\\\/denhelder.online\\\/#website\",\"url\":\"https:\\\/\\\/denhelder.online\\\/\",\"name\":\"Den Helder Online\",\"description\":\"Beleef Den Helder\",\"publisher\":{\"@id\":\"https:\\\/\\\/denhelder.online\\\/#organization\"},\"potentialAction\":[{\"@type\":\"SearchAction\",\"target\":{\"@type\":\"EntryPoint\",\"urlTemplate\":\"https:\\\/\\\/denhelder.online\\\/?s={search_term_string}\"},\"query-input\":{\"@type\":\"PropertyValueSpecification\",\"valueRequired\":true,\"valueName\":\"search_term_string\"}}],\"inLanguage\":\"de\"},{\"@type\":\"Organization\",\"@id\":\"https:\\\/\\\/denhelder.online\\\/#organization\",\"name\":\"Den Helder Online\",\"url\":\"https:\\\/\\\/denhelder.online\\\/\",\"logo\":{\"@type\":\"ImageObject\",\"inLanguage\":\"de\",\"@id\":\"https:\\\/\\\/denhelder.online\\\/#\\\/schema\\\/logo\\\/image\\\/\",\"url\":\"https:\\\/\\\/denhelder.online\\\/wp-content\\\/uploads\\\/2021\\\/12\\\/DitIsDH-Logo-26-tagline.svg\",\"contentUrl\":\"https:\\\/\\\/denhelder.online\\\/wp-content\\\/uploads\\\/2021\\\/12\\\/DitIsDH-Logo-26-tagline.svg\",\"width\":1717.0999999999999,\"height\":934.89999999999998,\"caption\":\"Den Helder Online\"},\"image\":{\"@id\":\"https:\\\/\\\/denhelder.online\\\/#\\\/schema\\\/logo\\\/image\\\/\"}}]}<\/script>\n<!-- \/ Yoast SEO Premium plugin. -->","yoast_head_json":{"title":"Die Gemeinde Den Helder organisiert eine Einkaufsaktion f\u00fcr Energiesparma\u00dfnahmen \u2013 Den Helder Online","robots":{"index":"index","follow":"follow","max-snippet":"max-snippet:-1","max-image-preview":"max-image-preview:large","max-video-preview":"max-video-preview:-1"},"canonical":"https:\/\/denhelder.online\/de\/aktuell\/die-gemeinde-den-helder-organisiert-eine-einkaufsaktion-fur-energiesparmasnahmen\/","og_locale":"de_DE","og_type":"article","og_title":"Gemeente Den Helder organiseert inkoopactie voor energiebesparende maatregelen","og_description":"De gemeente Den Helder wil het verduurzamen van woningen actief stimuleren. Daarom organiseert de gemeente, net als dit voorjaar, een inkoopactie voor energiebesparende maatregelen.","og_url":"https:\/\/denhelder.online\/de\/aktuell\/die-gemeinde-den-helder-organisiert-eine-einkaufsaktion-fur-energiesparmasnahmen\/","og_site_name":"Den Helder Online","article_modified_time":"2025-04-30T09:05:39+00:00","og_image":[{"width":1920,"height":1080,"url":"https:\/\/denhelder.online\/wp-content\/uploads\/2025\/04\/233c0164-cf05-4500-a665-34768f32e9a0-gemeente_Den_Helder_1920x1080.jpg","type":"image\/jpeg"}],"twitter_card":"summary_large_image","twitter_misc":{"Gesch\u00e4tzte Lesezeit":"2\u00a0Minuten"},"schema":{"@context":"https:\/\/schema.org","@graph":[{"@type":"WebPage","@id":"https:\/\/denhelder.online\/actueel\/gemeente-den-helder-organiseert-inkoopactie-voor-energiebesparende-maatregelen\/","url":"https:\/\/denhelder.online\/actueel\/gemeente-den-helder-organiseert-inkoopactie-voor-energiebesparende-maatregelen\/","name":"Die Gemeinde Den Helder organisiert eine Einkaufsaktion f\u00fcr Energiesparma\u00dfnahmen \u2013 Den Helder Online","isPartOf":{"@id":"https:\/\/denhelder.online\/#website"},"primaryImageOfPage":{"@id":"https:\/\/denhelder.online\/actueel\/gemeente-den-helder-organiseert-inkoopactie-voor-energiebesparende-maatregelen\/#primaryimage"},"image":{"@id":"https:\/\/denhelder.online\/actueel\/gemeente-den-helder-organiseert-inkoopactie-voor-energiebesparende-maatregelen\/#primaryimage"},"thumbnailUrl":"https:\/\/denhelder.online\/wp-content\/uploads\/2025\/04\/233c0164-cf05-4500-a665-34768f32e9a0-gemeente_Den_Helder_1920x1080.jpg","datePublished":"2024-05-30T09:05:30+00:00","dateModified":"2025-04-30T09:05:39+00:00","breadcrumb":{"@id":"https:\/\/denhelder.online\/actueel\/gemeente-den-helder-organiseert-inkoopactie-voor-energiebesparende-maatregelen\/#breadcrumb"},"inLanguage":"de","potentialAction":[{"@type":"ReadAction","target":["https:\/\/denhelder.online\/actueel\/gemeente-den-helder-organiseert-inkoopactie-voor-energiebesparende-maatregelen\/"]}]},{"@type":"ImageObject","inLanguage":"de","@id":"https:\/\/denhelder.online\/actueel\/gemeente-den-helder-organiseert-inkoopactie-voor-energiebesparende-maatregelen\/#primaryimage","url":"https:\/\/denhelder.online\/wp-content\/uploads\/2025\/04\/233c0164-cf05-4500-a665-34768f32e9a0-gemeente_Den_Helder_1920x1080.jpg","contentUrl":"https:\/\/denhelder.online\/wp-content\/uploads\/2025\/04\/233c0164-cf05-4500-a665-34768f32e9a0-gemeente_Den_Helder_1920x1080.jpg","width":1920,"height":1080,"caption":"Logo Gemeente Den Helder"},{"@type":"BreadcrumbList","@id":"https:\/\/denhelder.online\/actueel\/gemeente-den-helder-organiseert-inkoopactie-voor-energiebesparende-maatregelen\/#breadcrumb","itemListElement":[{"@type":"ListItem","position":1,"name":"Home","item":"https:\/\/denhelder.online\/"},{"@type":"ListItem","position":2,"name":"Actueel","item":"https:\/\/denhelder.online\/en\/current\/"},{"@type":"ListItem","position":3,"name":"Gemeente Den Helder organiseert inkoopactie voor energiebesparende maatregelen"}]},{"@type":"WebSite","@id":"https:\/\/denhelder.online\/#website","url":"https:\/\/denhelder.online\/","name":"Den Helder Online","description":"Erleben Sie Den Helder","publisher":{"@id":"https:\/\/denhelder.online\/#organization"},"potentialAction":[{"@type":"SearchAction","target":{"@type":"EntryPoint","urlTemplate":"https:\/\/denhelder.online\/?s={search_term_string}"},"query-input":{"@type":"PropertyValueSpecification","valueRequired":true,"valueName":"search_term_string"}}],"inLanguage":"de"},{"@type":"Organization","@id":"https:\/\/denhelder.online\/#organization","name":"Den Helder Online","url":"https:\/\/denhelder.online\/","logo":{"@type":"ImageObject","inLanguage":"de","@id":"https:\/\/denhelder.online\/#\/schema\/logo\/image\/","url":"https:\/\/denhelder.online\/wp-content\/uploads\/2021\/12\/DitIsDH-Logo-26-tagline.svg","contentUrl":"https:\/\/denhelder.online\/wp-content\/uploads\/2021\/12\/DitIsDH-Logo-26-tagline.svg","width":1717.0999999999999,"height":934.89999999999998,"caption":"Den Helder Online"},"image":{"@id":"https:\/\/denhelder.online\/#\/schema\/logo\/image\/"}}]}},"_links":{"self":[{"href":"https:\/\/denhelder.online\/de\/wp-json\/wp\/v2\/actueel\/11021","targetHints":{"allow":["GET"]}}],"collection":[{"href":"https:\/\/denhelder.online\/de\/wp-json\/wp\/v2\/actueel"}],"about":[{"href":"https:\/\/denhelder.online\/de\/wp-json\/wp\/v2\/types\/actueel"}],"author":[{"embeddable":true,"href":"https:\/\/denhelder.online\/de\/wp-json\/wp\/v2\/users\/4"}],"wp:featuredmedia":[{"embeddable":true,"href":"https:\/\/denhelder.online\/de\/wp-json\/wp\/v2\/media\/11022"}],"wp:attachment":[{"href":"https:\/\/denhelder.online\/de\/wp-json\/wp\/v2\/media?parent=11021"}],"wp:term":[{"taxonomy":"doelgroep","embeddable":true,"href":"https:\/\/denhelder.online\/de\/wp-json\/wp\/v2\/doelgroep?post=11021"}],"curies":[{"name":"wp","href":"https:\/\/api.w.org\/{rel}","templated":true}]}}