{"id":11029,"date":"2024-06-30T11:18:32","date_gmt":"2024-06-30T09:18:32","guid":{"rendered":"https:\/\/denhelder.online\/?post_type=actueel&#038;p=11029"},"modified":"2025-04-30T11:18:43","modified_gmt":"2025-04-30T09:18:43","slug":"gesundheitsmarkt-in-nieuw-den-helder-besucht-von-130-einwohnern","status":"publish","type":"actueel","link":"https:\/\/denhelder.online\/de\/actueel\/gezondheidsmarkt-in-nieuw-den-helder-door-130-inwoners-bezocht\/","title":{"rendered":"Der Gesundheitsmarkt in New Den Helder wurde von 130 Einwohnern besucht."},"content":{"rendered":"<p><strong>Am 9. November besuchten 130 G\u00e4ste den Gesundheitsmarkt in Nieuw Den Helder. Sie informierten sich und nahmen an verschiedenen Sport- und Bewegungsangeboten teil. Das Gemeindezentrum &#039;t Wijkhuis, in dem der Gesundheitsmarkt stattfand, bot eine angenehme Atmosph\u00e4re, die zu vielen positiven Gespr\u00e4chen anregte. Von den 130 Besuchern lie\u00dfen sich 105 impfen.<\/strong><\/p>\n<p>Der Gesundheitsmarkt war so gut besucht, dass es an den Teststationen, an denen die Gesundheitsdaten der Besucher erfasst wurden, zu Wartezeiten kam. Marijke de Wijs von Positief Gezond in Nieuw Den Helder sah darin eine gute Gelegenheit f\u00fcr das n\u00e4chste Mal: \u201cDie gro\u00dfe Resonanz zeigt, dass es in der Nachbarschaft eine hohe Nachfrage nach solchen Initiativen gibt. N\u00e4chstes Mal werden wir die Kapazit\u00e4ten erweitern, um solche Situationen zu vermeiden.\u201d<\/p>\n<p><strong>Sondersitzung<\/strong><\/p>\n<p>Eine Besucherin namens Riekkie dankte Marijke f\u00fcr die positive Ver\u00e4nderung in ihrem Leben. Gesundheitliche Probleme wie Instabilit\u00e4t und Osteoporose hatten sie ihrer Selbstst\u00e4ndigkeit beraubt. Dank Programmen wie \u2018Im Gleichgewicht\u2019, \u2018Kognitives Training\u2019 und Radsportaktivit\u00e4ten gewann sie ihre Unabh\u00e4ngigkeit zur\u00fcck. Riekkie f\u00e4hrt nun j\u00e4hrlich 2.000 Kilometer Rad und 1.500 Kilometer zu Fu\u00df. \u201cIch hatte G\u00e4nsehaut. Diese Geschichte hat mich sehr ber\u00fchrt\u201d, sagte Marijke. Solche Erlebnisse zeigen, wie Initiativen, die Gesundheit und soziale Kontakte f\u00f6rdern, das Leben der Anwohner nachhaltig ver\u00e4ndern.<\/p>\n<p><strong>Weiter geht es mit der n\u00e4chsten Ausgabe.<\/strong><\/p>\n<p>Nach ihrem Besuch f\u00fcllten die Besucher des Gesundheitsmarktes Frageb\u00f6gen aus, um ihre W\u00fcnsche und Bed\u00fcrfnisse zu \u00e4u\u00dfern. Dies gab \u201cPositiv Gesund in New Den Helder\u201d Einblicke in die W\u00fcnsche der Bewohner bez\u00fcglich eines Gesundheitsmarktes. Themen wie Bewegung und Sport, gesunde Ern\u00e4hrung, verst\u00e4rkter Kontakt zu den Bewohnern und psychische Gesundheit kamen dabei zur Sprache. Das Feedback aus der Umfrage wird genutzt, um weitere Ma\u00dfnahmen f\u00fcr die Bewohner zu planen. \u201eDer Gesundheitsmarkt hat uns viel \u00fcber die W\u00fcnsche und Bed\u00fcrfnisse der Bewohner von New Den Helder gelehrt. Wir freuen uns darauf, diese W\u00fcnsche und Bed\u00fcrfnisse in konkrete Ma\u00dfnahmen umzusetzen\u201c, sagt Marijke.<\/p>","protected":false},"excerpt":{"rendered":"<p>Am 9. November besuchten 130 G\u00e4ste den Gesundheitsmarkt in Nieuw Den Helder. Sie informierten sich und nahmen an verschiedenen Sport- und Bewegungsangeboten teil. Das Gemeindezentrum &#039;t Wijkhuis, in dem der Gesundheitsmarkt stattfand, bot eine angenehme Atmosph\u00e4re, die zu vielen positiven Gespr\u00e4chen anregte. Von den 130 Besuchern lie\u00dfen sich 105 impfen.<\/p>","protected":false},"author":4,"featured_media":11030,"template":"","doelgroep":[6027],"class_list":["post-11029","actueel","type-actueel","status-publish","has-post-thumbnail","hentry","elementor_library_category-activiteiten","doelgroep-inwoner"],"yoast_head":"<!-- This site is optimized with the Yoast SEO Premium plugin v24.7 (Yoast SEO v27.5) - https:\/\/yoast.com\/product\/yoast-seo-premium-wordpress\/ -->\n<title>Gezondheidsmarkt in Nieuw Den Helder door 130 inwoners bezocht - Den Helder Online<\/title>\n<meta name=\"robots\" content=\"index, follow, max-snippet:-1, max-image-preview:large, max-video-preview:-1\" \/>\n<link rel=\"canonical\" href=\"https:\/\/denhelder.online\/de\/aktuell\/gesundheitsmarkt-in-nieuw-den-helder-besucht-von-130-einwohnern\/\" \/>\n<meta property=\"og:locale\" content=\"de_DE\" \/>\n<meta property=\"og:type\" content=\"article\" \/>\n<meta property=\"og:title\" content=\"Gezondheidsmarkt in Nieuw Den Helder door 130 inwoners bezocht\" \/>\n<meta property=\"og:description\" content=\"130 bezoekers bezochten op 9 november de Gezondheidsmarkt in Nieuw Den Helder. Ze lieten zich informeren en namen deel aan verschillende sport- en beweegactiviteiten. In MFC \u2019t Wijkhuis, waar de Gezondheidsmarkt werd gehouden, hing een fijne sfeer die leidde tot allerlei positieve gesprekken. Van de 130 bezoekers hebben 105 zich aangemeld voor de prikpunten.\" \/>\n<meta property=\"og:url\" content=\"https:\/\/denhelder.online\/de\/aktuell\/gesundheitsmarkt-in-nieuw-den-helder-besucht-von-130-einwohnern\/\" \/>\n<meta property=\"og:site_name\" content=\"Den Helder Online\" \/>\n<meta property=\"article:modified_time\" content=\"2025-04-30T09:18:43+00:00\" \/>\n<meta property=\"og:image\" content=\"https:\/\/denhelder.online\/wp-content\/uploads\/2025\/04\/69de71ca-437c-45b8-b4e2-338f368e9bfb-Foto_Persbericht_Succes_Gezondheidsmarkt_Nieuw_Den_Helder_9_nov_2024_1920x1080.jpg\" \/>\n\t<meta property=\"og:image:width\" content=\"1920\" \/>\n\t<meta property=\"og:image:height\" content=\"1080\" \/>\n\t<meta property=\"og:image:type\" content=\"image\/jpeg\" \/>\n<meta name=\"twitter:card\" content=\"summary_large_image\" \/>\n<meta name=\"twitter:label1\" content=\"Gesch\u00e4tzte Lesezeit\" \/>\n\t<meta name=\"twitter:data1\" content=\"2\u00a0Minuten\" \/>\n<script type=\"application\/ld+json\" class=\"yoast-schema-graph\">{\"@context\":\"https:\\\/\\\/schema.org\",\"@graph\":[{\"@type\":\"WebPage\",\"@id\":\"https:\\\/\\\/denhelder.online\\\/actueel\\\/gezondheidsmarkt-in-nieuw-den-helder-door-130-inwoners-bezocht\\\/\",\"url\":\"https:\\\/\\\/denhelder.online\\\/actueel\\\/gezondheidsmarkt-in-nieuw-den-helder-door-130-inwoners-bezocht\\\/\",\"name\":\"Gezondheidsmarkt in Nieuw Den Helder door 130 inwoners bezocht - Den Helder Online\",\"isPartOf\":{\"@id\":\"https:\\\/\\\/denhelder.online\\\/#website\"},\"primaryImageOfPage\":{\"@id\":\"https:\\\/\\\/denhelder.online\\\/actueel\\\/gezondheidsmarkt-in-nieuw-den-helder-door-130-inwoners-bezocht\\\/#primaryimage\"},\"image\":{\"@id\":\"https:\\\/\\\/denhelder.online\\\/actueel\\\/gezondheidsmarkt-in-nieuw-den-helder-door-130-inwoners-bezocht\\\/#primaryimage\"},\"thumbnailUrl\":\"https:\\\/\\\/denhelder.online\\\/wp-content\\\/uploads\\\/2025\\\/04\\\/69de71ca-437c-45b8-b4e2-338f368e9bfb-Foto_Persbericht_Succes_Gezondheidsmarkt_Nieuw_Den_Helder_9_nov_2024_1920x1080.jpg\",\"datePublished\":\"2024-06-30T09:18:32+00:00\",\"dateModified\":\"2025-04-30T09:18:43+00:00\",\"breadcrumb\":{\"@id\":\"https:\\\/\\\/denhelder.online\\\/actueel\\\/gezondheidsmarkt-in-nieuw-den-helder-door-130-inwoners-bezocht\\\/#breadcrumb\"},\"inLanguage\":\"de\",\"potentialAction\":[{\"@type\":\"ReadAction\",\"target\":[\"https:\\\/\\\/denhelder.online\\\/actueel\\\/gezondheidsmarkt-in-nieuw-den-helder-door-130-inwoners-bezocht\\\/\"]}]},{\"@type\":\"ImageObject\",\"inLanguage\":\"de\",\"@id\":\"https:\\\/\\\/denhelder.online\\\/actueel\\\/gezondheidsmarkt-in-nieuw-den-helder-door-130-inwoners-bezocht\\\/#primaryimage\",\"url\":\"https:\\\/\\\/denhelder.online\\\/wp-content\\\/uploads\\\/2025\\\/04\\\/69de71ca-437c-45b8-b4e2-338f368e9bfb-Foto_Persbericht_Succes_Gezondheidsmarkt_Nieuw_Den_Helder_9_nov_2024_1920x1080.jpg\",\"contentUrl\":\"https:\\\/\\\/denhelder.online\\\/wp-content\\\/uploads\\\/2025\\\/04\\\/69de71ca-437c-45b8-b4e2-338f368e9bfb-Foto_Persbericht_Succes_Gezondheidsmarkt_Nieuw_Den_Helder_9_nov_2024_1920x1080.jpg\",\"width\":1920,\"height\":1080,\"caption\":\"Man bezoekt de gezondheidsmarkt in Nieuw Den Helder in het wijkhuis\"},{\"@type\":\"BreadcrumbList\",\"@id\":\"https:\\\/\\\/denhelder.online\\\/actueel\\\/gezondheidsmarkt-in-nieuw-den-helder-door-130-inwoners-bezocht\\\/#breadcrumb\",\"itemListElement\":[{\"@type\":\"ListItem\",\"position\":1,\"name\":\"Home\",\"item\":\"https:\\\/\\\/denhelder.online\\\/\"},{\"@type\":\"ListItem\",\"position\":2,\"name\":\"Actueel\",\"item\":\"https:\\\/\\\/denhelder.online\\\/en\\\/current\\\/\"},{\"@type\":\"ListItem\",\"position\":3,\"name\":\"Gezondheidsmarkt in Nieuw Den Helder door 130 inwoners bezocht\"}]},{\"@type\":\"WebSite\",\"@id\":\"https:\\\/\\\/denhelder.online\\\/#website\",\"url\":\"https:\\\/\\\/denhelder.online\\\/\",\"name\":\"Den Helder Online\",\"description\":\"Beleef Den Helder\",\"publisher\":{\"@id\":\"https:\\\/\\\/denhelder.online\\\/#organization\"},\"potentialAction\":[{\"@type\":\"SearchAction\",\"target\":{\"@type\":\"EntryPoint\",\"urlTemplate\":\"https:\\\/\\\/denhelder.online\\\/?s={search_term_string}\"},\"query-input\":{\"@type\":\"PropertyValueSpecification\",\"valueRequired\":true,\"valueName\":\"search_term_string\"}}],\"inLanguage\":\"de\"},{\"@type\":\"Organization\",\"@id\":\"https:\\\/\\\/denhelder.online\\\/#organization\",\"name\":\"Den Helder Online\",\"url\":\"https:\\\/\\\/denhelder.online\\\/\",\"logo\":{\"@type\":\"ImageObject\",\"inLanguage\":\"de\",\"@id\":\"https:\\\/\\\/denhelder.online\\\/#\\\/schema\\\/logo\\\/image\\\/\",\"url\":\"https:\\\/\\\/denhelder.online\\\/wp-content\\\/uploads\\\/2021\\\/12\\\/DitIsDH-Logo-26-tagline.svg\",\"contentUrl\":\"https:\\\/\\\/denhelder.online\\\/wp-content\\\/uploads\\\/2021\\\/12\\\/DitIsDH-Logo-26-tagline.svg\",\"width\":1717.0999999999999,\"height\":934.89999999999998,\"caption\":\"Den Helder Online\"},\"image\":{\"@id\":\"https:\\\/\\\/denhelder.online\\\/#\\\/schema\\\/logo\\\/image\\\/\"}}]}<\/script>\n<!-- \/ Yoast SEO Premium plugin. -->","yoast_head_json":{"title":"Der Gesundheitsmarkt in New Den Helder wurde von 130 Einwohnern besucht \u2013 Den Helder Online","robots":{"index":"index","follow":"follow","max-snippet":"max-snippet:-1","max-image-preview":"max-image-preview:large","max-video-preview":"max-video-preview:-1"},"canonical":"https:\/\/denhelder.online\/de\/aktuell\/gesundheitsmarkt-in-nieuw-den-helder-besucht-von-130-einwohnern\/","og_locale":"de_DE","og_type":"article","og_title":"Gezondheidsmarkt in Nieuw Den Helder door 130 inwoners bezocht","og_description":"130 bezoekers bezochten op 9 november de Gezondheidsmarkt in Nieuw Den Helder. Ze lieten zich informeren en namen deel aan verschillende sport- en beweegactiviteiten. In MFC \u2019t Wijkhuis, waar de Gezondheidsmarkt werd gehouden, hing een fijne sfeer die leidde tot allerlei positieve gesprekken. Van de 130 bezoekers hebben 105 zich aangemeld voor de prikpunten.","og_url":"https:\/\/denhelder.online\/de\/aktuell\/gesundheitsmarkt-in-nieuw-den-helder-besucht-von-130-einwohnern\/","og_site_name":"Den Helder Online","article_modified_time":"2025-04-30T09:18:43+00:00","og_image":[{"width":1920,"height":1080,"url":"https:\/\/denhelder.online\/wp-content\/uploads\/2025\/04\/69de71ca-437c-45b8-b4e2-338f368e9bfb-Foto_Persbericht_Succes_Gezondheidsmarkt_Nieuw_Den_Helder_9_nov_2024_1920x1080.jpg","type":"image\/jpeg"}],"twitter_card":"summary_large_image","twitter_misc":{"Gesch\u00e4tzte Lesezeit":"2\u00a0Minuten"},"schema":{"@context":"https:\/\/schema.org","@graph":[{"@type":"WebPage","@id":"https:\/\/denhelder.online\/actueel\/gezondheidsmarkt-in-nieuw-den-helder-door-130-inwoners-bezocht\/","url":"https:\/\/denhelder.online\/actueel\/gezondheidsmarkt-in-nieuw-den-helder-door-130-inwoners-bezocht\/","name":"Der Gesundheitsmarkt in New Den Helder wurde von 130 Einwohnern besucht \u2013 Den Helder Online","isPartOf":{"@id":"https:\/\/denhelder.online\/#website"},"primaryImageOfPage":{"@id":"https:\/\/denhelder.online\/actueel\/gezondheidsmarkt-in-nieuw-den-helder-door-130-inwoners-bezocht\/#primaryimage"},"image":{"@id":"https:\/\/denhelder.online\/actueel\/gezondheidsmarkt-in-nieuw-den-helder-door-130-inwoners-bezocht\/#primaryimage"},"thumbnailUrl":"https:\/\/denhelder.online\/wp-content\/uploads\/2025\/04\/69de71ca-437c-45b8-b4e2-338f368e9bfb-Foto_Persbericht_Succes_Gezondheidsmarkt_Nieuw_Den_Helder_9_nov_2024_1920x1080.jpg","datePublished":"2024-06-30T09:18:32+00:00","dateModified":"2025-04-30T09:18:43+00:00","breadcrumb":{"@id":"https:\/\/denhelder.online\/actueel\/gezondheidsmarkt-in-nieuw-den-helder-door-130-inwoners-bezocht\/#breadcrumb"},"inLanguage":"de","potentialAction":[{"@type":"ReadAction","target":["https:\/\/denhelder.online\/actueel\/gezondheidsmarkt-in-nieuw-den-helder-door-130-inwoners-bezocht\/"]}]},{"@type":"ImageObject","inLanguage":"de","@id":"https:\/\/denhelder.online\/actueel\/gezondheidsmarkt-in-nieuw-den-helder-door-130-inwoners-bezocht\/#primaryimage","url":"https:\/\/denhelder.online\/wp-content\/uploads\/2025\/04\/69de71ca-437c-45b8-b4e2-338f368e9bfb-Foto_Persbericht_Succes_Gezondheidsmarkt_Nieuw_Den_Helder_9_nov_2024_1920x1080.jpg","contentUrl":"https:\/\/denhelder.online\/wp-content\/uploads\/2025\/04\/69de71ca-437c-45b8-b4e2-338f368e9bfb-Foto_Persbericht_Succes_Gezondheidsmarkt_Nieuw_Den_Helder_9_nov_2024_1920x1080.jpg","width":1920,"height":1080,"caption":"Man bezoekt de gezondheidsmarkt in Nieuw Den Helder in het wijkhuis"},{"@type":"BreadcrumbList","@id":"https:\/\/denhelder.online\/actueel\/gezondheidsmarkt-in-nieuw-den-helder-door-130-inwoners-bezocht\/#breadcrumb","itemListElement":[{"@type":"ListItem","position":1,"name":"Home","item":"https:\/\/denhelder.online\/"},{"@type":"ListItem","position":2,"name":"Actueel","item":"https:\/\/denhelder.online\/en\/current\/"},{"@type":"ListItem","position":3,"name":"Gezondheidsmarkt in Nieuw Den Helder door 130 inwoners bezocht"}]},{"@type":"WebSite","@id":"https:\/\/denhelder.online\/#website","url":"https:\/\/denhelder.online\/","name":"Den Helder Online","description":"Erleben Sie Den Helder","publisher":{"@id":"https:\/\/denhelder.online\/#organization"},"potentialAction":[{"@type":"SearchAction","target":{"@type":"EntryPoint","urlTemplate":"https:\/\/denhelder.online\/?s={search_term_string}"},"query-input":{"@type":"PropertyValueSpecification","valueRequired":true,"valueName":"search_term_string"}}],"inLanguage":"de"},{"@type":"Organization","@id":"https:\/\/denhelder.online\/#organization","name":"Den Helder Online","url":"https:\/\/denhelder.online\/","logo":{"@type":"ImageObject","inLanguage":"de","@id":"https:\/\/denhelder.online\/#\/schema\/logo\/image\/","url":"https:\/\/denhelder.online\/wp-content\/uploads\/2021\/12\/DitIsDH-Logo-26-tagline.svg","contentUrl":"https:\/\/denhelder.online\/wp-content\/uploads\/2021\/12\/DitIsDH-Logo-26-tagline.svg","width":1717.0999999999999,"height":934.89999999999998,"caption":"Den Helder Online"},"image":{"@id":"https:\/\/denhelder.online\/#\/schema\/logo\/image\/"}}]}},"_links":{"self":[{"href":"https:\/\/denhelder.online\/de\/wp-json\/wp\/v2\/actueel\/11029","targetHints":{"allow":["GET"]}}],"collection":[{"href":"https:\/\/denhelder.online\/de\/wp-json\/wp\/v2\/actueel"}],"about":[{"href":"https:\/\/denhelder.online\/de\/wp-json\/wp\/v2\/types\/actueel"}],"author":[{"embeddable":true,"href":"https:\/\/denhelder.online\/de\/wp-json\/wp\/v2\/users\/4"}],"wp:featuredmedia":[{"embeddable":true,"href":"https:\/\/denhelder.online\/de\/wp-json\/wp\/v2\/media\/11030"}],"wp:attachment":[{"href":"https:\/\/denhelder.online\/de\/wp-json\/wp\/v2\/media?parent=11029"}],"wp:term":[{"taxonomy":"doelgroep","embeddable":true,"href":"https:\/\/denhelder.online\/de\/wp-json\/wp\/v2\/doelgroep?post=11029"}],"curies":[{"name":"wp","href":"https:\/\/api.w.org\/{rel}","templated":true}]}}