{"id":11035,"date":"2024-06-30T11:23:00","date_gmt":"2024-06-30T09:23:00","guid":{"rendered":"https:\/\/denhelder.online\/?post_type=actueel&#038;p=11035"},"modified":"2025-04-30T11:23:10","modified_gmt":"2025-04-30T09:23:10","slug":"pressemitteilung-gewerbepark-kooypunt-auf-dem-besten-weg-ein-energiezentrum-zu-werden","status":"publish","type":"actueel","link":"https:\/\/denhelder.online\/de\/actueel\/persbericht-bedrijventerrein-kooypunt-op-koers-naar-een-energiehub\/","title":{"rendered":"Pressemitteilung: Gewerbepark Kooypunt auf dem besten Weg, ein Energiezentrum zu werden"},"content":{"rendered":"<p>Am Donnerstag, dem 14. November 2024, fand im Rahmen des Green Deals Kooypunt die gut besuchte Veranstaltung \u201cUmgang mit Energieherausforderungen\u201d statt. Ziel dieser Kooperation zwischen der Gemeinde Den Helder, dem Hafen Den Helder, dem Wirtschaftsverband Den Helder und der Rabobank ist es, den Gewerbepark Kooypunt zukunftssicher zu machen und bis 2040 energieneutral zu gestalten.<\/p>\n<p>Dringlichkeit und Zusammenarbeit<\/p>\n<p>Ren\u00e9 de Visser, Vorsitzender der Kooypunt-Niederlassung des Wirtschaftsverbands Den Helder, betonte in seiner Er\u00f6ffnungsrede die Bedeutung eines nachhaltigen Ansatzes. \u201cWir m\u00fcssen den Gewerbepark Kooypunt zukunftssicher gestalten, damit Unternehmer hier weiterhin erfolgreich t\u00e4tig sein und expandieren k\u00f6nnen\u201d, erkl\u00e4rte er. Der steigende Energiebedarf aufgrund von Netzengp\u00e4ssen und der Elektrifizierung erfordere gemeinsame L\u00f6sungen. Initiativen wie eine Energiegenossenschaft k\u00f6nnten dazu beitragen und den Gewerbepark zukunftssicher und attraktiv f\u00fcr neue Unternehmen machen.<\/p>\n<p>Einblick in Energieprofile und Herausforderungen<\/p>\n<p>Projektleiter Arnold Boon pr\u00e4sentierte die Ergebnisse der umfassenden Umfrage im Gewerbegebiet. Er kontaktierte fast alle Unternehmen direkt, gab detaillierte Empfehlungen zur Nachhaltigkeit und analysierte die Netzengp\u00e4sse und Energieprobleme der Betriebe. \u201cDie Unternehmen haben bereits jetzt Probleme mit der Stromversorgung und der Einspeisung\u201d, warnte er.<\/p>\n<p>Alexander Jacobs von der New Energy Coalition pr\u00e4sentierte die Analysen der Gesamtenergieprofile, w\u00e4hrend Edwin van Stralen (Industriegebiet Westfrisia) praktische Erfahrungen und Tipps weitergab. Das gemeinsame Fazit: Ein gemeinschaftliches Vorgehen ist unerl\u00e4sslich, um die Probleme der Netz\u00fcberlastung zu l\u00f6sen, auch wenn weitere Forschung erforderlich ist.<\/p>\n<p>Boon pr\u00e4sentierte daraufhin einen konkreten Schritt-f\u00fcr-Schritt-Plan zur Bew\u00e4ltigung der Herausforderungen:<\/p>\n<p>1. Energie sparen und den Verbrauch intelligent organisieren.<\/p>\n<p>2. Die Zusammenarbeit zwischen Unternehmen f\u00f6rdern.<\/p>\n<p>3. Entwicklung kollektiver L\u00f6sungen, wie z. B. die gemeinsame Nutzung von Verm\u00f6genswerten.<\/p>\n<p>&nbsp;<\/p>\n<p>Ambitionen und Priorit\u00e4ten von Unternehmern<\/p>\n<p>In der interaktiven Online-Veranstaltung \u201eAmbitionen\u201c brachte Mari\u00eblle de Munnik (Rabobank) die Unternehmerinnen und Unternehmer aktiv in Bewegung und lie\u00df sie ihre Priorit\u00e4ten zu Themen wie Klimaanpassung, Nachhaltigkeit, Innovation und Energiewende festlegen. Diese Ergebnisse bilden die Grundlage f\u00fcr den Aktionsplan \u201eGreen Deal Kooypunt\u201c und die dazugeh\u00f6rigen Unterst\u00fctzungsangebote.<\/p>\n<p>Das Treffen markiert einen wichtigen Schritt in Kooypunts Energiewende. Dank der Zusammenarbeit zwischen den Unternehmern und den Partnern des Green Deals werden bereits praxisnahe L\u00f6sungen entwickelt. Kooypunt dient damit als Vorbild f\u00fcr andere Gewerbeparks im Rahmen von Den Helder.<\/p>","protected":false},"excerpt":{"rendered":"<p>Am Donnerstag, dem 14. November 2024, fand im Rahmen des Green Deals Kooypunt die gut besuchte Veranstaltung \u201cUmgang mit Energieherausforderungen\u201d statt. Ziel dieser Kooperation zwischen der Gemeinde Den Helder, dem Hafen Den Helder, dem Wirtschaftsverband Den Helder und der Rabobank ist es, den Gewerbepark Kooypunt zukunftssicher zu machen und bis 2040 energieneutral zu gestalten.<\/p>","protected":false},"author":4,"featured_media":11036,"template":"","doelgroep":[6027],"class_list":["post-11035","actueel","type-actueel","status-publish","has-post-thumbnail","hentry","elementor_library_category-activiteiten","doelgroep-inwoner"],"yoast_head":"<!-- This site is optimized with the Yoast SEO Premium plugin v24.7 (Yoast SEO v27.5) - https:\/\/yoast.com\/product\/yoast-seo-premium-wordpress\/ -->\n<title>Persbericht: Bedrijventerrein Kooypunt op koers naar een Energiehub - Den Helder Online<\/title>\n<meta name=\"robots\" content=\"index, follow, max-snippet:-1, max-image-preview:large, max-video-preview:-1\" \/>\n<link rel=\"canonical\" href=\"https:\/\/denhelder.online\/de\/aktuell\/pressemitteilung-gewerbepark-kooypunt-auf-dem-besten-weg-ein-energiezentrum-zu-werden\/\" \/>\n<meta property=\"og:locale\" content=\"de_DE\" \/>\n<meta property=\"og:type\" content=\"article\" \/>\n<meta property=\"og:title\" content=\"Persbericht: Bedrijventerrein Kooypunt op koers naar een Energiehub\" \/>\n<meta property=\"og:description\" content=\"Op donderdag 14 november 2024 vond de bijeenkomst \u201cOmgaan met energie-uitdagingen\u201d plaats, een drukbezocht evenement in het kader van de Green Deal Kooypunt. Deze samenwerking tussen de gemeente Den Helder, Port of Den Helder, de Ondernemersvereniging Den Helder en Rabobank heeft als doel om bedrijventerrein Kooypunt toekomstbestendig te maken om in 2040 energieneutraal te zijn.\" \/>\n<meta property=\"og:url\" content=\"https:\/\/denhelder.online\/de\/aktuell\/pressemitteilung-gewerbepark-kooypunt-auf-dem-besten-weg-ein-energiezentrum-zu-werden\/\" \/>\n<meta property=\"og:site_name\" content=\"Den Helder Online\" \/>\n<meta property=\"article:modified_time\" content=\"2025-04-30T09:23:10+00:00\" \/>\n<meta property=\"og:image\" content=\"https:\/\/denhelder.online\/wp-content\/uploads\/2025\/04\/b824c95d-000e-4881-9487-ae961adf2177-IMG-20241120-WA0000_1920x1080.jpg\" \/>\n\t<meta property=\"og:image:width\" content=\"1920\" \/>\n\t<meta property=\"og:image:height\" content=\"1080\" \/>\n\t<meta property=\"og:image:type\" content=\"image\/jpeg\" \/>\n<meta name=\"twitter:card\" content=\"summary_large_image\" \/>\n<meta name=\"twitter:label1\" content=\"Gesch\u00e4tzte Lesezeit\" \/>\n\t<meta name=\"twitter:data1\" content=\"2\u00a0Minuten\" \/>\n<script type=\"application\/ld+json\" class=\"yoast-schema-graph\">{\"@context\":\"https:\\\/\\\/schema.org\",\"@graph\":[{\"@type\":\"WebPage\",\"@id\":\"https:\\\/\\\/denhelder.online\\\/actueel\\\/persbericht-bedrijventerrein-kooypunt-op-koers-naar-een-energiehub\\\/\",\"url\":\"https:\\\/\\\/denhelder.online\\\/actueel\\\/persbericht-bedrijventerrein-kooypunt-op-koers-naar-een-energiehub\\\/\",\"name\":\"Persbericht: Bedrijventerrein Kooypunt op koers naar een Energiehub - Den Helder Online\",\"isPartOf\":{\"@id\":\"https:\\\/\\\/denhelder.online\\\/#website\"},\"primaryImageOfPage\":{\"@id\":\"https:\\\/\\\/denhelder.online\\\/actueel\\\/persbericht-bedrijventerrein-kooypunt-op-koers-naar-een-energiehub\\\/#primaryimage\"},\"image\":{\"@id\":\"https:\\\/\\\/denhelder.online\\\/actueel\\\/persbericht-bedrijventerrein-kooypunt-op-koers-naar-een-energiehub\\\/#primaryimage\"},\"thumbnailUrl\":\"https:\\\/\\\/denhelder.online\\\/wp-content\\\/uploads\\\/2025\\\/04\\\/b824c95d-000e-4881-9487-ae961adf2177-IMG-20241120-WA0000_1920x1080.jpg\",\"datePublished\":\"2024-06-30T09:23:00+00:00\",\"dateModified\":\"2025-04-30T09:23:10+00:00\",\"breadcrumb\":{\"@id\":\"https:\\\/\\\/denhelder.online\\\/actueel\\\/persbericht-bedrijventerrein-kooypunt-op-koers-naar-een-energiehub\\\/#breadcrumb\"},\"inLanguage\":\"de\",\"potentialAction\":[{\"@type\":\"ReadAction\",\"target\":[\"https:\\\/\\\/denhelder.online\\\/actueel\\\/persbericht-bedrijventerrein-kooypunt-op-koers-naar-een-energiehub\\\/\"]}]},{\"@type\":\"ImageObject\",\"inLanguage\":\"de\",\"@id\":\"https:\\\/\\\/denhelder.online\\\/actueel\\\/persbericht-bedrijventerrein-kooypunt-op-koers-naar-een-energiehub\\\/#primaryimage\",\"url\":\"https:\\\/\\\/denhelder.online\\\/wp-content\\\/uploads\\\/2025\\\/04\\\/b824c95d-000e-4881-9487-ae961adf2177-IMG-20241120-WA0000_1920x1080.jpg\",\"contentUrl\":\"https:\\\/\\\/denhelder.online\\\/wp-content\\\/uploads\\\/2025\\\/04\\\/b824c95d-000e-4881-9487-ae961adf2177-IMG-20241120-WA0000_1920x1080.jpg\",\"width\":1920,\"height\":1080,\"caption\":\"Presentatie op bedrijventerrein Kooypunt over de energiehub\"},{\"@type\":\"BreadcrumbList\",\"@id\":\"https:\\\/\\\/denhelder.online\\\/actueel\\\/persbericht-bedrijventerrein-kooypunt-op-koers-naar-een-energiehub\\\/#breadcrumb\",\"itemListElement\":[{\"@type\":\"ListItem\",\"position\":1,\"name\":\"Home\",\"item\":\"https:\\\/\\\/denhelder.online\\\/\"},{\"@type\":\"ListItem\",\"position\":2,\"name\":\"Actueel\",\"item\":\"https:\\\/\\\/denhelder.online\\\/en\\\/current\\\/\"},{\"@type\":\"ListItem\",\"position\":3,\"name\":\"Persbericht: Bedrijventerrein Kooypunt op koers naar een Energiehub\"}]},{\"@type\":\"WebSite\",\"@id\":\"https:\\\/\\\/denhelder.online\\\/#website\",\"url\":\"https:\\\/\\\/denhelder.online\\\/\",\"name\":\"Den Helder Online\",\"description\":\"Beleef Den Helder\",\"publisher\":{\"@id\":\"https:\\\/\\\/denhelder.online\\\/#organization\"},\"potentialAction\":[{\"@type\":\"SearchAction\",\"target\":{\"@type\":\"EntryPoint\",\"urlTemplate\":\"https:\\\/\\\/denhelder.online\\\/?s={search_term_string}\"},\"query-input\":{\"@type\":\"PropertyValueSpecification\",\"valueRequired\":true,\"valueName\":\"search_term_string\"}}],\"inLanguage\":\"de\"},{\"@type\":\"Organization\",\"@id\":\"https:\\\/\\\/denhelder.online\\\/#organization\",\"name\":\"Den Helder Online\",\"url\":\"https:\\\/\\\/denhelder.online\\\/\",\"logo\":{\"@type\":\"ImageObject\",\"inLanguage\":\"de\",\"@id\":\"https:\\\/\\\/denhelder.online\\\/#\\\/schema\\\/logo\\\/image\\\/\",\"url\":\"https:\\\/\\\/denhelder.online\\\/wp-content\\\/uploads\\\/2021\\\/12\\\/DitIsDH-Logo-26-tagline.svg\",\"contentUrl\":\"https:\\\/\\\/denhelder.online\\\/wp-content\\\/uploads\\\/2021\\\/12\\\/DitIsDH-Logo-26-tagline.svg\",\"width\":1717.0999999999999,\"height\":934.89999999999998,\"caption\":\"Den Helder Online\"},\"image\":{\"@id\":\"https:\\\/\\\/denhelder.online\\\/#\\\/schema\\\/logo\\\/image\\\/\"}}]}<\/script>\n<!-- \/ Yoast SEO Premium plugin. -->","yoast_head_json":{"title":"Pressemitteilung: Gewerbepark Kooypunt auf dem besten Weg, ein Energiezentrum zu werden \u2013 Den Helder Online","robots":{"index":"index","follow":"follow","max-snippet":"max-snippet:-1","max-image-preview":"max-image-preview:large","max-video-preview":"max-video-preview:-1"},"canonical":"https:\/\/denhelder.online\/de\/aktuell\/pressemitteilung-gewerbepark-kooypunt-auf-dem-besten-weg-ein-energiezentrum-zu-werden\/","og_locale":"de_DE","og_type":"article","og_title":"Persbericht: Bedrijventerrein Kooypunt op koers naar een Energiehub","og_description":"Op donderdag 14 november 2024 vond de bijeenkomst \u201cOmgaan met energie-uitdagingen\u201d plaats, een drukbezocht evenement in het kader van de Green Deal Kooypunt. Deze samenwerking tussen de gemeente Den Helder, Port of Den Helder, de Ondernemersvereniging Den Helder en Rabobank heeft als doel om bedrijventerrein Kooypunt toekomstbestendig te maken om in 2040 energieneutraal te zijn.","og_url":"https:\/\/denhelder.online\/de\/aktuell\/pressemitteilung-gewerbepark-kooypunt-auf-dem-besten-weg-ein-energiezentrum-zu-werden\/","og_site_name":"Den Helder Online","article_modified_time":"2025-04-30T09:23:10+00:00","og_image":[{"width":1920,"height":1080,"url":"https:\/\/denhelder.online\/wp-content\/uploads\/2025\/04\/b824c95d-000e-4881-9487-ae961adf2177-IMG-20241120-WA0000_1920x1080.jpg","type":"image\/jpeg"}],"twitter_card":"summary_large_image","twitter_misc":{"Gesch\u00e4tzte Lesezeit":"2\u00a0Minuten"},"schema":{"@context":"https:\/\/schema.org","@graph":[{"@type":"WebPage","@id":"https:\/\/denhelder.online\/actueel\/persbericht-bedrijventerrein-kooypunt-op-koers-naar-een-energiehub\/","url":"https:\/\/denhelder.online\/actueel\/persbericht-bedrijventerrein-kooypunt-op-koers-naar-een-energiehub\/","name":"Pressemitteilung: Gewerbepark Kooypunt auf dem besten Weg, ein Energiezentrum zu werden \u2013 Den Helder Online","isPartOf":{"@id":"https:\/\/denhelder.online\/#website"},"primaryImageOfPage":{"@id":"https:\/\/denhelder.online\/actueel\/persbericht-bedrijventerrein-kooypunt-op-koers-naar-een-energiehub\/#primaryimage"},"image":{"@id":"https:\/\/denhelder.online\/actueel\/persbericht-bedrijventerrein-kooypunt-op-koers-naar-een-energiehub\/#primaryimage"},"thumbnailUrl":"https:\/\/denhelder.online\/wp-content\/uploads\/2025\/04\/b824c95d-000e-4881-9487-ae961adf2177-IMG-20241120-WA0000_1920x1080.jpg","datePublished":"2024-06-30T09:23:00+00:00","dateModified":"2025-04-30T09:23:10+00:00","breadcrumb":{"@id":"https:\/\/denhelder.online\/actueel\/persbericht-bedrijventerrein-kooypunt-op-koers-naar-een-energiehub\/#breadcrumb"},"inLanguage":"de","potentialAction":[{"@type":"ReadAction","target":["https:\/\/denhelder.online\/actueel\/persbericht-bedrijventerrein-kooypunt-op-koers-naar-een-energiehub\/"]}]},{"@type":"ImageObject","inLanguage":"de","@id":"https:\/\/denhelder.online\/actueel\/persbericht-bedrijventerrein-kooypunt-op-koers-naar-een-energiehub\/#primaryimage","url":"https:\/\/denhelder.online\/wp-content\/uploads\/2025\/04\/b824c95d-000e-4881-9487-ae961adf2177-IMG-20241120-WA0000_1920x1080.jpg","contentUrl":"https:\/\/denhelder.online\/wp-content\/uploads\/2025\/04\/b824c95d-000e-4881-9487-ae961adf2177-IMG-20241120-WA0000_1920x1080.jpg","width":1920,"height":1080,"caption":"Presentatie op bedrijventerrein Kooypunt over de energiehub"},{"@type":"BreadcrumbList","@id":"https:\/\/denhelder.online\/actueel\/persbericht-bedrijventerrein-kooypunt-op-koers-naar-een-energiehub\/#breadcrumb","itemListElement":[{"@type":"ListItem","position":1,"name":"Home","item":"https:\/\/denhelder.online\/"},{"@type":"ListItem","position":2,"name":"Actueel","item":"https:\/\/denhelder.online\/en\/current\/"},{"@type":"ListItem","position":3,"name":"Persbericht: Bedrijventerrein Kooypunt op koers naar een Energiehub"}]},{"@type":"WebSite","@id":"https:\/\/denhelder.online\/#website","url":"https:\/\/denhelder.online\/","name":"Den Helder Online","description":"Erleben Sie Den Helder","publisher":{"@id":"https:\/\/denhelder.online\/#organization"},"potentialAction":[{"@type":"SearchAction","target":{"@type":"EntryPoint","urlTemplate":"https:\/\/denhelder.online\/?s={search_term_string}"},"query-input":{"@type":"PropertyValueSpecification","valueRequired":true,"valueName":"search_term_string"}}],"inLanguage":"de"},{"@type":"Organization","@id":"https:\/\/denhelder.online\/#organization","name":"Den Helder Online","url":"https:\/\/denhelder.online\/","logo":{"@type":"ImageObject","inLanguage":"de","@id":"https:\/\/denhelder.online\/#\/schema\/logo\/image\/","url":"https:\/\/denhelder.online\/wp-content\/uploads\/2021\/12\/DitIsDH-Logo-26-tagline.svg","contentUrl":"https:\/\/denhelder.online\/wp-content\/uploads\/2021\/12\/DitIsDH-Logo-26-tagline.svg","width":1717.0999999999999,"height":934.89999999999998,"caption":"Den Helder Online"},"image":{"@id":"https:\/\/denhelder.online\/#\/schema\/logo\/image\/"}}]}},"_links":{"self":[{"href":"https:\/\/denhelder.online\/de\/wp-json\/wp\/v2\/actueel\/11035","targetHints":{"allow":["GET"]}}],"collection":[{"href":"https:\/\/denhelder.online\/de\/wp-json\/wp\/v2\/actueel"}],"about":[{"href":"https:\/\/denhelder.online\/de\/wp-json\/wp\/v2\/types\/actueel"}],"author":[{"embeddable":true,"href":"https:\/\/denhelder.online\/de\/wp-json\/wp\/v2\/users\/4"}],"wp:featuredmedia":[{"embeddable":true,"href":"https:\/\/denhelder.online\/de\/wp-json\/wp\/v2\/media\/11036"}],"wp:attachment":[{"href":"https:\/\/denhelder.online\/de\/wp-json\/wp\/v2\/media?parent=11035"}],"wp:term":[{"taxonomy":"doelgroep","embeddable":true,"href":"https:\/\/denhelder.online\/de\/wp-json\/wp\/v2\/doelgroep?post=11035"}],"curies":[{"name":"wp","href":"https:\/\/api.w.org\/{rel}","templated":true}]}}