{"id":11037,"date":"2024-06-30T11:25:13","date_gmt":"2024-06-30T09:25:13","guid":{"rendered":"https:\/\/denhelder.online\/?post_type=actueel&#038;p=11037"},"modified":"2025-04-30T11:25:32","modified_gmt":"2025-04-30T09:25:32","slug":"wouter-hakhoff-neuer-direktor-von-willemsoord-bv-und-der-den-helder-heritage-foundation","status":"publish","type":"actueel","link":"https:\/\/denhelder.online\/de\/actueel\/wouter-hakhoff-nieuwe-directeur-bestuurder-willemsoord-bv-en-stichting-erfgoed-den-helder\/","title":{"rendered":"Wouter Hakhoff neuer Direktor und Gesch\u00e4ftsf\u00fchrer von Willemsoord BV und der Den Helder Heritage Foundation"},"content":{"rendered":"<p><strong>Nach einem erfolgreichen Jahr als Interimsdirektor wurde Wouter Hakhoff vom Aufsichtsrat zum Direktor ernannt.<\/strong><br \/>\n<strong>Der Aufsichtsrat hat einen st\u00e4ndigen Gesch\u00e4ftsf\u00fchrer der Willemsoord BV und der Stichting ernannt.<\/strong><br \/>\n<strong>Heritage Den Helder. Die Gemeinde Den Helder hat als Anteilseignerin dieser Ernennung zugestimmt.<\/strong><br \/>\n<strong>Begeisterung best\u00e4tigt.<\/strong><\/p>\n<p><strong>Freie Bahn<\/strong><br \/>\nW\u00e4hrend seiner \u00dcbergangszeit hat Hakhoff bedeutende Fortschritte mit den Organisationen erzielt.<br \/>\nSie sorgten nicht nur f\u00fcr Stabilit\u00e4t und Fokussierung, sondern wiesen auch einen klaren Weg in die Zukunft.<br \/>\nDar\u00fcber hinaus war eine seiner wichtigsten Leistungen die Wiederherstellung des Vertrauens in die<br \/>\nMitarbeiter und verschiedene Interessengruppen. Damit legte er eine solide Grundlage f\u00fcr ein gesundes<br \/>\nZukunft der Organisationen und des Kulturerbes in Den Helder.<\/p>\n<p><strong>Solides Fundament<\/strong><br \/>\nIn enger Zusammenarbeit mit der Gemeinde hat Hakhoff im vergangenen Jahr einen wichtigen Beitrag geleistet.<br \/>\ntrug zur Weiterentwicklung beider Organisationen bei. Worauf Willemsoord BV sich k\u00fcnftig st\u00e4rker konzentrieren wird<br \/>\nDie Heritage Foundation Den wird sich auf die Verwaltung, den Erhalt und die Wertsch\u00e4tzung des kulturellen Erbes konzentrieren.<br \/>\nDen Fokus klar auf die Weiterentwicklung legen. Klare Vereinbarungen \u00fcber Verantwortlichkeiten und Aufgaben.<br \/>\nUnd die Pl\u00e4ne aller am Erhalt des Kulturerbes Beteiligten sind von entscheidender Bedeutung.<br \/>\nHakhoff betont, dass diese solide Grundlage unerl\u00e4sslich ist, bevor weitere Zukunftspl\u00e4ne geschmiedet werden.<br \/>\neingef\u00fchrt. Sein transparenter Kommunikationsstil gegen\u00fcber allen Beteiligten, von Mitarbeitern bis hin zu Politikern,<br \/>\nhat breite Unterst\u00fctzung f\u00fcr diesen neuen Kurs gefunden.<\/p>\n<p><strong>Vision<\/strong><br \/>\nIn seiner Rolle als Gesch\u00e4ftsf\u00fchrer konzentriert sich Hakhoff ausdr\u00fccklich auf Menschen, Zusammenarbeit und<br \/>\nProfessionalit\u00e4t. Er betrachtet die Mitarbeiter als das Herzst\u00fcck der Organisation, w\u00e4hrend die Mieter<br \/>\nUnd die Freiwilligen sind die Seele des einzigartigen Erbes von Den Helder. Sein Ansatz ist gekennzeichnet durch<br \/>\ndurch offene Kommunikation und Vernetzung verschiedener Interessengruppen.<\/p>\n<p><strong>Zukunftsperspektive<\/strong><br \/>\n\u201cIch nehme diese Rolle mit gro\u00dfer Begeisterung und tiefem Engagement an\u201d, erkl\u00e4rt Hakhoff.<br \/>\nWenn wir in unsere Mitarbeiter investieren, investieren wir in die Zukunft unserer Organisation und in das Erbe von<br \/>\nDen Helder. Mein Hauptziel ist es, unseren Mitarbeitern den Raum und die Ressourcen zu geben, um<br \/>\nHervorragende Arbeit leisten. Unser kulturelles Erbe ist unsere lebendige Zeitmaschine, die Geschichten, Traditionen und Identit\u00e4t vermittelt.<br \/>\nSie verbindet die Generationen und verdient unseren sorgsamen Schutz und unsere Leidenschaft.\u201d<br \/>\nMit dieser Ernennung unternehmen die Organisationen einen wichtigen Schritt zur weiteren Professionalisierung.<\/p>\n<p><strong>Gemeinde Den Helder<\/strong><br \/>\nDie Gemeinde Den Helder begr\u00fc\u00dft als Anteilseignerin die Ernennung eines neuen Gesch\u00e4ftsf\u00fchrers. Stadtrat Niels Nanning: \u201cMit dieser Ernennung gehen wir gemeinsam einen wichtigen Schritt.\u201c<br \/>\nbei der Verwirklichung unserer gemeinsamen Ziele f\u00fcr die Zukunft. Wir freuen uns darauf<br \/>\n\u201deine konstruktive und fruchtbare Zusammenarbeit.\u201c<\/p>\n<p><strong>\u00dcber Wouter Hakhoff<\/strong><br \/>\nNach einer langen und erfolgreichen Karriere als Musiker (Dirigent\/Trompete) und Organisator verschiedener Veranstaltungen<br \/>\nIm Bereich der Veranstaltungen und Festivals hat sich Wouter in den letzten zehn Jahren zu einem Manager entwickelt.<br \/>\nManager im Kulturbereich und in der (nationalen) Politik. Von 2016 bis 2022 arbeitete er als<br \/>\nDirektor der Musikschule Boedijn in Hoorn. In Zusammenarbeit mit Mitarbeitern und Politikern gelang es ihm,<br \/>\nUm das Unternehmen aus einer tiefen Krise wieder auf Kurs zu bringen. Anschlie\u00dfend arbeitete er als Interimsberater.<br \/>\nund ein Pionier im Kulturbereich. Ab Januar 2024 wird er als Interimsdirektor t\u00e4tig sein.<br \/>\n(sp\u00e4ter auch Direktor) der Kulturerbeorganisationen Willemsoord BV und Stichting Erfgoed Den Helder.<br \/>\nEr ist au\u00dferdem im nationalen Vorstand von GroenLinks und verantwortlich f\u00fcr die<br \/>\nVerantwortungsbereiche Personal und Organisation, soziale Sicherheit und Organisationsentwicklung.<br \/>\nDieser vielf\u00e4ltige Hintergrund in Kultur, Politik und Organisationen hat sichergestellt, dass<br \/>\nWouter verf\u00fcgt \u00fcber einzigartige Qualit\u00e4ten und Visionen im Bereich F\u00fchrung, Zusammenarbeit und<br \/>\nOrganisationen. https:\/\/www.linkedin.com\/in\/decultuurfluisteraar-wouterhakhoff\/<br \/>\nWillemsoord BV und Heritage Foundation Den Helder<br \/>\nWillemsoord BV und Stichting Erfgoed Den Helder konzentrieren sich derzeit auf Wartung,<br \/>\nErhaltung und Verwaltung eines Teils des Kulturerbes in Den Helder. Dies umfasst einen Teil des<br \/>\nWillemsoord-Gebiet, Fort Kijkduin, Atlantic Wall Center, Fort Westoever, Fort Oostoever, a<br \/>\nTeil von Fort Dirksz Admiraal, Fort Harssens und einer Reihe von Bunkern<\/p>","protected":false},"excerpt":{"rendered":"<p>Nach einem erfolgreichen Jahr als Interimsdirektor wurde Wouter Hakhoff vom Aufsichtsrat zum Direktor ernannt.<br \/>\nDer Aufsichtsrat hat einen st\u00e4ndigen Gesch\u00e4ftsf\u00fchrer der Willemsoord BV und der Stichting ernannt.<br \/>\nHeritage Den Helder. Die Gemeinde Den Helder hat als Anteilseignerin dieser Ernennung zugestimmt.<br \/>\nBegeisterung best\u00e4tigt.<\/p>","protected":false},"author":4,"featured_media":11038,"template":"","doelgroep":[6027],"class_list":["post-11037","actueel","type-actueel","status-publish","has-post-thumbnail","hentry","elementor_library_category-activiteiten","doelgroep-inwoner"],"yoast_head":"<!-- This site is optimized with the Yoast SEO Premium plugin v24.7 (Yoast SEO v27.5) - https:\/\/yoast.com\/product\/yoast-seo-premium-wordpress\/ -->\n<title>Wouter Hakhoff nieuwe directeur-bestuurder Willemsoord BV en Stichting Erfgoed Den Helder - Den Helder Online<\/title>\n<meta name=\"robots\" content=\"index, follow, max-snippet:-1, max-image-preview:large, max-video-preview:-1\" \/>\n<link rel=\"canonical\" href=\"https:\/\/denhelder.online\/de\/aktuell\/wouter-hakhoff-neuer-direktor-von-willemsoord-bv-und-der-den-helder-heritage-foundation\/\" \/>\n<meta property=\"og:locale\" content=\"de_DE\" \/>\n<meta property=\"og:type\" content=\"article\" \/>\n<meta property=\"og:title\" content=\"Wouter Hakhoff nieuwe directeur-bestuurder Willemsoord BV en Stichting Erfgoed Den Helder\" \/>\n<meta property=\"og:description\" content=\"Na een succesvol jaar als interim-directeur is Wouter Hakhoff door de Raad van Commissarissen en Raad van Toezicht benoemd tot vast directeur-bestuurder van Willemsoord BV en Stichting Erfgoed Den Helder. De gemeente Den Helder heeft als aandeelhouder deze benoeming met enthousiasme bekrachtigd.\" \/>\n<meta property=\"og:url\" content=\"https:\/\/denhelder.online\/de\/aktuell\/wouter-hakhoff-neuer-direktor-von-willemsoord-bv-und-der-den-helder-heritage-foundation\/\" \/>\n<meta property=\"og:site_name\" content=\"Den Helder Online\" \/>\n<meta property=\"article:modified_time\" content=\"2025-04-30T09:25:32+00:00\" \/>\n<meta property=\"og:image\" content=\"https:\/\/denhelder.online\/wp-content\/uploads\/2025\/04\/ddcef983-3f45-4bc8-95b3-fc30b14a8e7c-Willemsoord_PVA_2023_nieuw_-_vrij_voor_CM_gebruik_1920x1080.jpg\" \/>\n\t<meta property=\"og:image:width\" content=\"1920\" \/>\n\t<meta property=\"og:image:height\" content=\"1080\" \/>\n\t<meta property=\"og:image:type\" content=\"image\/jpeg\" \/>\n<meta name=\"twitter:card\" content=\"summary_large_image\" \/>\n<meta name=\"twitter:label1\" content=\"Gesch\u00e4tzte Lesezeit\" \/>\n\t<meta name=\"twitter:data1\" content=\"4\u00a0Minuten\" \/>\n<script type=\"application\/ld+json\" class=\"yoast-schema-graph\">{\"@context\":\"https:\\\/\\\/schema.org\",\"@graph\":[{\"@type\":\"WebPage\",\"@id\":\"https:\\\/\\\/denhelder.online\\\/actueel\\\/wouter-hakhoff-nieuwe-directeur-bestuurder-willemsoord-bv-en-stichting-erfgoed-den-helder\\\/\",\"url\":\"https:\\\/\\\/denhelder.online\\\/actueel\\\/wouter-hakhoff-nieuwe-directeur-bestuurder-willemsoord-bv-en-stichting-erfgoed-den-helder\\\/\",\"name\":\"Wouter Hakhoff nieuwe directeur-bestuurder Willemsoord BV en Stichting Erfgoed Den Helder - Den Helder Online\",\"isPartOf\":{\"@id\":\"https:\\\/\\\/denhelder.online\\\/#website\"},\"primaryImageOfPage\":{\"@id\":\"https:\\\/\\\/denhelder.online\\\/actueel\\\/wouter-hakhoff-nieuwe-directeur-bestuurder-willemsoord-bv-en-stichting-erfgoed-den-helder\\\/#primaryimage\"},\"image\":{\"@id\":\"https:\\\/\\\/denhelder.online\\\/actueel\\\/wouter-hakhoff-nieuwe-directeur-bestuurder-willemsoord-bv-en-stichting-erfgoed-den-helder\\\/#primaryimage\"},\"thumbnailUrl\":\"https:\\\/\\\/denhelder.online\\\/wp-content\\\/uploads\\\/2025\\\/04\\\/ddcef983-3f45-4bc8-95b3-fc30b14a8e7c-Willemsoord_PVA_2023_nieuw_-_vrij_voor_CM_gebruik_1920x1080.jpg\",\"datePublished\":\"2024-06-30T09:25:13+00:00\",\"dateModified\":\"2025-04-30T09:25:32+00:00\",\"breadcrumb\":{\"@id\":\"https:\\\/\\\/denhelder.online\\\/actueel\\\/wouter-hakhoff-nieuwe-directeur-bestuurder-willemsoord-bv-en-stichting-erfgoed-den-helder\\\/#breadcrumb\"},\"inLanguage\":\"de\",\"potentialAction\":[{\"@type\":\"ReadAction\",\"target\":[\"https:\\\/\\\/denhelder.online\\\/actueel\\\/wouter-hakhoff-nieuwe-directeur-bestuurder-willemsoord-bv-en-stichting-erfgoed-den-helder\\\/\"]}]},{\"@type\":\"ImageObject\",\"inLanguage\":\"de\",\"@id\":\"https:\\\/\\\/denhelder.online\\\/actueel\\\/wouter-hakhoff-nieuwe-directeur-bestuurder-willemsoord-bv-en-stichting-erfgoed-den-helder\\\/#primaryimage\",\"url\":\"https:\\\/\\\/denhelder.online\\\/wp-content\\\/uploads\\\/2025\\\/04\\\/ddcef983-3f45-4bc8-95b3-fc30b14a8e7c-Willemsoord_PVA_2023_nieuw_-_vrij_voor_CM_gebruik_1920x1080.jpg\",\"contentUrl\":\"https:\\\/\\\/denhelder.online\\\/wp-content\\\/uploads\\\/2025\\\/04\\\/ddcef983-3f45-4bc8-95b3-fc30b14a8e7c-Willemsoord_PVA_2023_nieuw_-_vrij_voor_CM_gebruik_1920x1080.jpg\",\"width\":1920,\"height\":1080,\"caption\":\"Luchtfoto van Willemsoord met restaurant Stoom op de voorgrond\"},{\"@type\":\"BreadcrumbList\",\"@id\":\"https:\\\/\\\/denhelder.online\\\/actueel\\\/wouter-hakhoff-nieuwe-directeur-bestuurder-willemsoord-bv-en-stichting-erfgoed-den-helder\\\/#breadcrumb\",\"itemListElement\":[{\"@type\":\"ListItem\",\"position\":1,\"name\":\"Home\",\"item\":\"https:\\\/\\\/denhelder.online\\\/\"},{\"@type\":\"ListItem\",\"position\":2,\"name\":\"Actueel\",\"item\":\"https:\\\/\\\/denhelder.online\\\/en\\\/current\\\/\"},{\"@type\":\"ListItem\",\"position\":3,\"name\":\"Wouter Hakhoff nieuwe directeur-bestuurder Willemsoord BV en Stichting Erfgoed Den Helder\"}]},{\"@type\":\"WebSite\",\"@id\":\"https:\\\/\\\/denhelder.online\\\/#website\",\"url\":\"https:\\\/\\\/denhelder.online\\\/\",\"name\":\"Den Helder Online\",\"description\":\"Beleef Den Helder\",\"publisher\":{\"@id\":\"https:\\\/\\\/denhelder.online\\\/#organization\"},\"potentialAction\":[{\"@type\":\"SearchAction\",\"target\":{\"@type\":\"EntryPoint\",\"urlTemplate\":\"https:\\\/\\\/denhelder.online\\\/?s={search_term_string}\"},\"query-input\":{\"@type\":\"PropertyValueSpecification\",\"valueRequired\":true,\"valueName\":\"search_term_string\"}}],\"inLanguage\":\"de\"},{\"@type\":\"Organization\",\"@id\":\"https:\\\/\\\/denhelder.online\\\/#organization\",\"name\":\"Den Helder Online\",\"url\":\"https:\\\/\\\/denhelder.online\\\/\",\"logo\":{\"@type\":\"ImageObject\",\"inLanguage\":\"de\",\"@id\":\"https:\\\/\\\/denhelder.online\\\/#\\\/schema\\\/logo\\\/image\\\/\",\"url\":\"https:\\\/\\\/denhelder.online\\\/wp-content\\\/uploads\\\/2021\\\/12\\\/DitIsDH-Logo-26-tagline.svg\",\"contentUrl\":\"https:\\\/\\\/denhelder.online\\\/wp-content\\\/uploads\\\/2021\\\/12\\\/DitIsDH-Logo-26-tagline.svg\",\"width\":1717.0999999999999,\"height\":934.89999999999998,\"caption\":\"Den Helder Online\"},\"image\":{\"@id\":\"https:\\\/\\\/denhelder.online\\\/#\\\/schema\\\/logo\\\/image\\\/\"}}]}<\/script>\n<!-- \/ Yoast SEO Premium plugin. -->","yoast_head_json":{"title":"Wouter Hakhoff neuer Direktor und Gesch\u00e4ftsf\u00fchrer von Willemsoord BV und der Den Helder Heritage Foundation - Den Helder Online","robots":{"index":"index","follow":"follow","max-snippet":"max-snippet:-1","max-image-preview":"max-image-preview:large","max-video-preview":"max-video-preview:-1"},"canonical":"https:\/\/denhelder.online\/de\/aktuell\/wouter-hakhoff-neuer-direktor-von-willemsoord-bv-und-der-den-helder-heritage-foundation\/","og_locale":"de_DE","og_type":"article","og_title":"Wouter Hakhoff nieuwe directeur-bestuurder Willemsoord BV en Stichting Erfgoed Den Helder","og_description":"Na een succesvol jaar als interim-directeur is Wouter Hakhoff door de Raad van Commissarissen en Raad van Toezicht benoemd tot vast directeur-bestuurder van Willemsoord BV en Stichting Erfgoed Den Helder. De gemeente Den Helder heeft als aandeelhouder deze benoeming met enthousiasme bekrachtigd.","og_url":"https:\/\/denhelder.online\/de\/aktuell\/wouter-hakhoff-neuer-direktor-von-willemsoord-bv-und-der-den-helder-heritage-foundation\/","og_site_name":"Den Helder Online","article_modified_time":"2025-04-30T09:25:32+00:00","og_image":[{"width":1920,"height":1080,"url":"https:\/\/denhelder.online\/wp-content\/uploads\/2025\/04\/ddcef983-3f45-4bc8-95b3-fc30b14a8e7c-Willemsoord_PVA_2023_nieuw_-_vrij_voor_CM_gebruik_1920x1080.jpg","type":"image\/jpeg"}],"twitter_card":"summary_large_image","twitter_misc":{"Gesch\u00e4tzte Lesezeit":"4\u00a0Minuten"},"schema":{"@context":"https:\/\/schema.org","@graph":[{"@type":"WebPage","@id":"https:\/\/denhelder.online\/actueel\/wouter-hakhoff-nieuwe-directeur-bestuurder-willemsoord-bv-en-stichting-erfgoed-den-helder\/","url":"https:\/\/denhelder.online\/actueel\/wouter-hakhoff-nieuwe-directeur-bestuurder-willemsoord-bv-en-stichting-erfgoed-den-helder\/","name":"Wouter Hakhoff neuer Direktor und Gesch\u00e4ftsf\u00fchrer von Willemsoord BV und der Den Helder Heritage Foundation - Den Helder Online","isPartOf":{"@id":"https:\/\/denhelder.online\/#website"},"primaryImageOfPage":{"@id":"https:\/\/denhelder.online\/actueel\/wouter-hakhoff-nieuwe-directeur-bestuurder-willemsoord-bv-en-stichting-erfgoed-den-helder\/#primaryimage"},"image":{"@id":"https:\/\/denhelder.online\/actueel\/wouter-hakhoff-nieuwe-directeur-bestuurder-willemsoord-bv-en-stichting-erfgoed-den-helder\/#primaryimage"},"thumbnailUrl":"https:\/\/denhelder.online\/wp-content\/uploads\/2025\/04\/ddcef983-3f45-4bc8-95b3-fc30b14a8e7c-Willemsoord_PVA_2023_nieuw_-_vrij_voor_CM_gebruik_1920x1080.jpg","datePublished":"2024-06-30T09:25:13+00:00","dateModified":"2025-04-30T09:25:32+00:00","breadcrumb":{"@id":"https:\/\/denhelder.online\/actueel\/wouter-hakhoff-nieuwe-directeur-bestuurder-willemsoord-bv-en-stichting-erfgoed-den-helder\/#breadcrumb"},"inLanguage":"de","potentialAction":[{"@type":"ReadAction","target":["https:\/\/denhelder.online\/actueel\/wouter-hakhoff-nieuwe-directeur-bestuurder-willemsoord-bv-en-stichting-erfgoed-den-helder\/"]}]},{"@type":"ImageObject","inLanguage":"de","@id":"https:\/\/denhelder.online\/actueel\/wouter-hakhoff-nieuwe-directeur-bestuurder-willemsoord-bv-en-stichting-erfgoed-den-helder\/#primaryimage","url":"https:\/\/denhelder.online\/wp-content\/uploads\/2025\/04\/ddcef983-3f45-4bc8-95b3-fc30b14a8e7c-Willemsoord_PVA_2023_nieuw_-_vrij_voor_CM_gebruik_1920x1080.jpg","contentUrl":"https:\/\/denhelder.online\/wp-content\/uploads\/2025\/04\/ddcef983-3f45-4bc8-95b3-fc30b14a8e7c-Willemsoord_PVA_2023_nieuw_-_vrij_voor_CM_gebruik_1920x1080.jpg","width":1920,"height":1080,"caption":"Luchtfoto van Willemsoord met restaurant Stoom op de voorgrond"},{"@type":"BreadcrumbList","@id":"https:\/\/denhelder.online\/actueel\/wouter-hakhoff-nieuwe-directeur-bestuurder-willemsoord-bv-en-stichting-erfgoed-den-helder\/#breadcrumb","itemListElement":[{"@type":"ListItem","position":1,"name":"Home","item":"https:\/\/denhelder.online\/"},{"@type":"ListItem","position":2,"name":"Actueel","item":"https:\/\/denhelder.online\/en\/current\/"},{"@type":"ListItem","position":3,"name":"Wouter Hakhoff nieuwe directeur-bestuurder Willemsoord BV en Stichting Erfgoed Den Helder"}]},{"@type":"WebSite","@id":"https:\/\/denhelder.online\/#website","url":"https:\/\/denhelder.online\/","name":"Den Helder Online","description":"Erleben Sie Den Helder","publisher":{"@id":"https:\/\/denhelder.online\/#organization"},"potentialAction":[{"@type":"SearchAction","target":{"@type":"EntryPoint","urlTemplate":"https:\/\/denhelder.online\/?s={search_term_string}"},"query-input":{"@type":"PropertyValueSpecification","valueRequired":true,"valueName":"search_term_string"}}],"inLanguage":"de"},{"@type":"Organization","@id":"https:\/\/denhelder.online\/#organization","name":"Den Helder Online","url":"https:\/\/denhelder.online\/","logo":{"@type":"ImageObject","inLanguage":"de","@id":"https:\/\/denhelder.online\/#\/schema\/logo\/image\/","url":"https:\/\/denhelder.online\/wp-content\/uploads\/2021\/12\/DitIsDH-Logo-26-tagline.svg","contentUrl":"https:\/\/denhelder.online\/wp-content\/uploads\/2021\/12\/DitIsDH-Logo-26-tagline.svg","width":1717.0999999999999,"height":934.89999999999998,"caption":"Den Helder Online"},"image":{"@id":"https:\/\/denhelder.online\/#\/schema\/logo\/image\/"}}]}},"_links":{"self":[{"href":"https:\/\/denhelder.online\/de\/wp-json\/wp\/v2\/actueel\/11037","targetHints":{"allow":["GET"]}}],"collection":[{"href":"https:\/\/denhelder.online\/de\/wp-json\/wp\/v2\/actueel"}],"about":[{"href":"https:\/\/denhelder.online\/de\/wp-json\/wp\/v2\/types\/actueel"}],"author":[{"embeddable":true,"href":"https:\/\/denhelder.online\/de\/wp-json\/wp\/v2\/users\/4"}],"wp:featuredmedia":[{"embeddable":true,"href":"https:\/\/denhelder.online\/de\/wp-json\/wp\/v2\/media\/11038"}],"wp:attachment":[{"href":"https:\/\/denhelder.online\/de\/wp-json\/wp\/v2\/media?parent=11037"}],"wp:term":[{"taxonomy":"doelgroep","embeddable":true,"href":"https:\/\/denhelder.online\/de\/wp-json\/wp\/v2\/doelgroep?post=11037"}],"curies":[{"name":"wp","href":"https:\/\/api.w.org\/{rel}","templated":true}]}}