{"id":11041,"date":"2024-06-30T11:28:44","date_gmt":"2024-06-30T09:28:44","guid":{"rendered":"https:\/\/denhelder.online\/?post_type=actueel&#038;p=11041"},"modified":"2025-04-30T11:28:53","modified_gmt":"2025-04-30T09:28:53","slug":"bekampfung-der-verkehrsstaus-auf-texel-und-den-helder","status":"publish","type":"actueel","link":"https:\/\/denhelder.online\/de\/actueel\/aanpak-verkeersdrukte-texel-en-den-helder\/","title":{"rendered":"Bek\u00e4mpfung der Verkehrsstaus auf Texel und Den Helder"},"content":{"rendered":"<p><strong>Die Gemeinden Den Helder und Texel wollen die Verkehrsstaus in der Stadt und auf der Insel reduzieren.<\/strong><br \/>\n<strong>Zum Beispiel durch einen besseren und vielf\u00e4ltigeren \u00f6ffentlichen Nahverkehr sowie gute und sichere Radwege. Dies wird in \u2026 festgehalten.<\/strong><br \/>\n<strong>den Mobilit\u00e4tsansatz, den sie in Zusammenarbeit mit der Provinz Nordholland entwickelt haben.<\/strong><br \/>\n<strong>Der Ansatz umfasst auch Ma\u00dfnahmen, die den Verkehr im Den Helder-Netz besser verteilen sollen, und<\/strong><br \/>\n<strong>Die Parkm\u00f6glichkeiten in Den Helder und auf Texel sollen verbessert werden. Eine Reduzierung des Verkehrsaufkommens ist erforderlich.<\/strong><br \/>\n<strong>Wichtig, weil die Stadt Den Helder h\u00e4ufig unter starkem Verkehrsaufkommen leidet. Auch auf der Insel Texel ist dies der Fall.<\/strong><br \/>\n<strong>eine Zunahme des Verkehrsaufkommens durch Autos, was die Insel langfristig weniger attraktiv machen wird.<\/strong><\/p>\n<p><strong>Verkehrsdruck<\/strong><br \/>\nIn und um Den Helder sowie auf Texel nimmt die Verkehrsdichte zu. Derzeit betrifft dies haupts\u00e4chlich die<br \/>\nFeiertage wie Ostern, Christi Himmelfahrt und Pfingsten. Berechnungen zeigen, dass dies ein<br \/>\nstrukturelles Problem, teilweise bedingt durch eine Zunahme der wirtschaftlichen Aktivit\u00e4ten im zivilen Bereich und<br \/>\nMarinehafen.<\/p>\n<p><strong>L\u00f6sungsanweisungen<\/strong><br \/>\nDie Ma\u00dfnahmen lassen sich in drei L\u00f6sungsrichtungen unterteilen:<br \/>\n1. Mehr Platz f\u00fcr Alternativen zum Auto<br \/>\nZus\u00e4tzlich zu den Investitionen in den \u00f6ffentlichen Nahverkehr (durch die Bundesregierung und die Provinz) werden die drei Parteien zusammenarbeiten bei<br \/>\nBessere und sicherere Radwege und gute Fahrradabstellanlagen. So kann das Radfahren eine gr\u00f6\u00dfere Rolle spielen in<br \/>\nPendler- und Freizeitverkehr. Dies gilt f\u00fcr Texel und Den Helder. Beide wollen au\u00dferdem<br \/>\nDie Gemeinde f\u00fchrt verst\u00e4rkt gemeinsame Verkehrsmittel ein, damit Autos m\u00f6glichst au\u00dferhalb der Stadt und der D\u00f6rfer bleiben.<br \/>\n2. Verteilung der Verkehrsstr\u00f6me<br \/>\nDurch die Verteilung des Verkehrs auf Den Helder wird es im Zentrum von Den Helder weniger stark frequentiert sein.<br \/>\nDies umfasst den Verkehr in Richtung Hafen und Royal Navy sowie den Verkehr in Richtung Texel.<br \/>\nUm diese Verteilung zu erreichen, ist die Ravelijn-Br\u00fccke \u00fcber Het Nieuwe Diep notwendig und die<br \/>\nDie Moorman-Br\u00fccke wird verlegt.<br \/>\n3. Gute Parkm\u00f6glichkeiten f\u00fcr Besucher und Nutzer<br \/>\nBessere Parkm\u00f6glichkeiten sollten im Stadtzentrum, rund um den F\u00e4hrhafen und auf Texel zur Verf\u00fcgung stehen.<br \/>\nAnwohner und Besucher. Ziel ist es, dass Anwohner und ihre Besucher unkompliziert in der N\u00e4he parken k\u00f6nnen.<br \/>\nihr Zuhause. Urlauber m\u00fcssen sich an einem guten und sicheren Ort au\u00dferhalb des Zentrums von Den Helder aufhalten und<br \/>\nAuf Texel besteht die M\u00f6glichkeit, au\u00dferhalb der D\u00f6rfer zu parken.<\/p>\n<p>Die beiden Gemeinden und die Provinz wollen mit Unternehmern auf Texel und in<br \/>\nDen Helder.<\/p>\n<p><strong>Zusammenarbeit<\/strong><br \/>\nDer Mobilit\u00e4tsansatz wurde nach eineinhalb Jahren intensiver Zusammenarbeit auf Verwaltungs- und Managementebene entwickelt.<br \/>\nEbene.<br \/>\nCees Hooischuur, Gemeinderat der Gemeinde Texel: \u201cWir sind uns bewusst, dass ein Teil der<br \/>\nDie Verkehrsprobleme auf dem Festland werden durch den Verkehr von Texel verursacht. Deshalb wollen auch wir unseren Beitrag leisten.<br \/>\n\u201dzur L\u00f6sung beitragen.\u201c<br \/>\nMartin Zuiddam, Gemeinderat der Gemeinde Den Helder: \u201cMit diesem Mobilit\u00e4tsansatz schaffen wir auch Koh\u00e4renz.\u201c<br \/>\nWir gestalten die Verbindung zwischen all den verschiedenen Pl\u00e4nen und Programmen, an denen wir bereits arbeiten, und sch\u00fctzen sie.\u201d<br \/>\nProvinzvorstandsmitglied Jeroen Olthof: \u201cDiese Ma\u00dfnahmen stehen nat\u00fcrlich nicht isoliert da. Sie erg\u00e4nzen die bestehenden Ma\u00dfnahmen.\u201c<br \/>\nMa\u00dfnahmen an den Stra\u00dfen und Br\u00fccken im Rahmen von Den Helder, wie beispielsweise die Verlegung der Moorman-Br\u00fccke und einer<br \/>\nm\u00f6gliche neue Ravelijn-Br\u00fccke \u00fcber den Nieuwe Diep. Die Machbarkeit dieser harten Infrastruktur<br \/>\nDie Ma\u00dfnahmen werden nun untersucht.<\/p>\n<p>Am 28. November 2024 wird der Mobilit\u00e4tsansatz im Ausschuss des Regionalrats Noordkop und<br \/>\nanschlie\u00dfend von den Gemeinder\u00e4ten von Texel und Den Helder \u00fcbernommen. Wenn dies angenommen wird,<br \/>\nDie Parteien beginnen mit der Umsetzung.<\/p>","protected":false},"excerpt":{"rendered":"<p>Die Gemeinden Den Helder und Texel wollen die Verkehrsstaus in der Stadt und auf der Insel reduzieren.<br \/>\nBijvoorbeeld door middel van beter en ander openbaar vervoer en goede veilige fietspaden<\/p>","protected":false},"author":4,"featured_media":11042,"template":"","doelgroep":[6027,6028],"class_list":["post-11041","actueel","type-actueel","status-publish","has-post-thumbnail","hentry","elementor_library_category-activiteiten","doelgroep-inwoner","doelgroep-inwoner-regio"],"yoast_head":"<!-- This site is optimized with the Yoast SEO Premium plugin v24.7 (Yoast SEO v27.5) - https:\/\/yoast.com\/product\/yoast-seo-premium-wordpress\/ -->\n<title>Aanpak verkeersdrukte Texel en Den Helder - Den Helder Online<\/title>\n<meta name=\"robots\" content=\"index, follow, max-snippet:-1, max-image-preview:large, max-video-preview:-1\" \/>\n<link rel=\"canonical\" href=\"https:\/\/denhelder.online\/de\/aktuell\/bekampfung-der-verkehrsstaus-auf-texel-und-den-helder\/\" \/>\n<meta property=\"og:locale\" content=\"de_DE\" \/>\n<meta property=\"og:type\" content=\"article\" \/>\n<meta property=\"og:title\" content=\"Aanpak verkeersdrukte Texel en Den Helder\" \/>\n<meta property=\"og:description\" content=\"De gemeenten Den Helder en Texel willen de verkeersdrukte in de stad en op het eiland verminderen. Bijvoorbeeld door middel van beter en ander openbaar vervoer en goede veilige fietspaden\" \/>\n<meta property=\"og:url\" content=\"https:\/\/denhelder.online\/de\/aktuell\/bekampfung-der-verkehrsstaus-auf-texel-und-den-helder\/\" \/>\n<meta property=\"og:site_name\" content=\"Den Helder Online\" \/>\n<meta property=\"article:modified_time\" content=\"2025-04-30T09:28:53+00:00\" \/>\n<meta property=\"og:image\" content=\"https:\/\/denhelder.online\/wp-content\/uploads\/2025\/04\/ffeff6de-850d-45f8-9d2a-2a9555f7eb11-Fotowedstrijd_Willemsoord_Annalies_Kemp_5_1920x1080.jpg\" \/>\n\t<meta property=\"og:image:width\" content=\"1920\" \/>\n\t<meta property=\"og:image:height\" content=\"1080\" \/>\n\t<meta property=\"og:image:type\" content=\"image\/jpeg\" \/>\n<meta name=\"twitter:card\" content=\"summary_large_image\" \/>\n<meta name=\"twitter:label1\" content=\"Gesch\u00e4tzte Lesezeit\" \/>\n\t<meta name=\"twitter:data1\" content=\"3\u00a0Minuten\" \/>\n<script type=\"application\/ld+json\" class=\"yoast-schema-graph\">{\"@context\":\"https:\\\/\\\/schema.org\",\"@graph\":[{\"@type\":\"WebPage\",\"@id\":\"https:\\\/\\\/denhelder.online\\\/de\\\/aktuell\\\/bekampfung-der-verkehrsstaus-auf-texel-und-den-helder\\\/\",\"url\":\"https:\\\/\\\/denhelder.online\\\/de\\\/aktuell\\\/bekampfung-der-verkehrsstaus-auf-texel-und-den-helder\\\/\",\"name\":\"Aanpak verkeersdrukte Texel en Den Helder - Den Helder Online\",\"isPartOf\":{\"@id\":\"https:\\\/\\\/denhelder.online\\\/#website\"},\"primaryImageOfPage\":{\"@id\":\"https:\\\/\\\/denhelder.online\\\/de\\\/aktuell\\\/bekampfung-der-verkehrsstaus-auf-texel-und-den-helder\\\/#primaryimage\"},\"image\":{\"@id\":\"https:\\\/\\\/denhelder.online\\\/de\\\/aktuell\\\/bekampfung-der-verkehrsstaus-auf-texel-und-den-helder\\\/#primaryimage\"},\"thumbnailUrl\":\"https:\\\/\\\/denhelder.online\\\/wp-content\\\/uploads\\\/2025\\\/04\\\/ffeff6de-850d-45f8-9d2a-2a9555f7eb11-Fotowedstrijd_Willemsoord_Annalies_Kemp_5_1920x1080.jpg\",\"datePublished\":\"2024-06-30T09:28:44+00:00\",\"dateModified\":\"2025-04-30T09:28:53+00:00\",\"breadcrumb\":{\"@id\":\"https:\\\/\\\/denhelder.online\\\/de\\\/aktuell\\\/bekampfung-der-verkehrsstaus-auf-texel-und-den-helder\\\/#breadcrumb\"},\"inLanguage\":\"de\",\"potentialAction\":[{\"@type\":\"ReadAction\",\"target\":[\"https:\\\/\\\/denhelder.online\\\/de\\\/aktuell\\\/bekampfung-der-verkehrsstaus-auf-texel-und-den-helder\\\/\"]}]},{\"@type\":\"ImageObject\",\"inLanguage\":\"de\",\"@id\":\"https:\\\/\\\/denhelder.online\\\/de\\\/aktuell\\\/bekampfung-der-verkehrsstaus-auf-texel-und-den-helder\\\/#primaryimage\",\"url\":\"https:\\\/\\\/denhelder.online\\\/wp-content\\\/uploads\\\/2025\\\/04\\\/ffeff6de-850d-45f8-9d2a-2a9555f7eb11-Fotowedstrijd_Willemsoord_Annalies_Kemp_5_1920x1080.jpg\",\"contentUrl\":\"https:\\\/\\\/denhelder.online\\\/wp-content\\\/uploads\\\/2025\\\/04\\\/ffeff6de-850d-45f8-9d2a-2a9555f7eb11-Fotowedstrijd_Willemsoord_Annalies_Kemp_5_1920x1080.jpg\",\"width\":1920,\"height\":1080,\"caption\":\"Willemsoord door Annalies Kemp\"},{\"@type\":\"BreadcrumbList\",\"@id\":\"https:\\\/\\\/denhelder.online\\\/de\\\/aktuell\\\/bekampfung-der-verkehrsstaus-auf-texel-und-den-helder\\\/#breadcrumb\",\"itemListElement\":[{\"@type\":\"ListItem\",\"position\":1,\"name\":\"Home\",\"item\":\"https:\\\/\\\/denhelder.online\\\/\"},{\"@type\":\"ListItem\",\"position\":2,\"name\":\"Actueel\",\"item\":\"https:\\\/\\\/denhelder.online\\\/en\\\/current\\\/\"},{\"@type\":\"ListItem\",\"position\":3,\"name\":\"Aanpak verkeersdrukte Texel en Den Helder\"}]},{\"@type\":\"WebSite\",\"@id\":\"https:\\\/\\\/denhelder.online\\\/#website\",\"url\":\"https:\\\/\\\/denhelder.online\\\/\",\"name\":\"Den Helder Online\",\"description\":\"Beleef Den Helder\",\"publisher\":{\"@id\":\"https:\\\/\\\/denhelder.online\\\/#organization\"},\"potentialAction\":[{\"@type\":\"SearchAction\",\"target\":{\"@type\":\"EntryPoint\",\"urlTemplate\":\"https:\\\/\\\/denhelder.online\\\/?s={search_term_string}\"},\"query-input\":{\"@type\":\"PropertyValueSpecification\",\"valueRequired\":true,\"valueName\":\"search_term_string\"}}],\"inLanguage\":\"de\"},{\"@type\":\"Organization\",\"@id\":\"https:\\\/\\\/denhelder.online\\\/#organization\",\"name\":\"Den Helder Online\",\"url\":\"https:\\\/\\\/denhelder.online\\\/\",\"logo\":{\"@type\":\"ImageObject\",\"inLanguage\":\"de\",\"@id\":\"https:\\\/\\\/denhelder.online\\\/#\\\/schema\\\/logo\\\/image\\\/\",\"url\":\"https:\\\/\\\/denhelder.online\\\/wp-content\\\/uploads\\\/2021\\\/12\\\/DitIsDH-Logo-26-tagline.svg\",\"contentUrl\":\"https:\\\/\\\/denhelder.online\\\/wp-content\\\/uploads\\\/2021\\\/12\\\/DitIsDH-Logo-26-tagline.svg\",\"width\":1717.0999999999999,\"height\":934.89999999999998,\"caption\":\"Den Helder Online\"},\"image\":{\"@id\":\"https:\\\/\\\/denhelder.online\\\/#\\\/schema\\\/logo\\\/image\\\/\"}}]}<\/script>\n<!-- \/ Yoast SEO Premium plugin. -->","yoast_head_json":{"title":"Bek\u00e4mpfung der Verkehrsstaus auf Texel und Den Helder - Den Helder Online","robots":{"index":"index","follow":"follow","max-snippet":"max-snippet:-1","max-image-preview":"max-image-preview:large","max-video-preview":"max-video-preview:-1"},"canonical":"https:\/\/denhelder.online\/de\/aktuell\/bekampfung-der-verkehrsstaus-auf-texel-und-den-helder\/","og_locale":"de_DE","og_type":"article","og_title":"Aanpak verkeersdrukte Texel en Den Helder","og_description":"De gemeenten Den Helder en Texel willen de verkeersdrukte in de stad en op het eiland verminderen. Bijvoorbeeld door middel van beter en ander openbaar vervoer en goede veilige fietspaden","og_url":"https:\/\/denhelder.online\/de\/aktuell\/bekampfung-der-verkehrsstaus-auf-texel-und-den-helder\/","og_site_name":"Den Helder Online","article_modified_time":"2025-04-30T09:28:53+00:00","og_image":[{"width":1920,"height":1080,"url":"https:\/\/denhelder.online\/wp-content\/uploads\/2025\/04\/ffeff6de-850d-45f8-9d2a-2a9555f7eb11-Fotowedstrijd_Willemsoord_Annalies_Kemp_5_1920x1080.jpg","type":"image\/jpeg"}],"twitter_card":"summary_large_image","twitter_misc":{"Gesch\u00e4tzte Lesezeit":"3\u00a0Minuten"},"schema":{"@context":"https:\/\/schema.org","@graph":[{"@type":"WebPage","@id":"https:\/\/denhelder.online\/de\/aktuell\/bekampfung-der-verkehrsstaus-auf-texel-und-den-helder\/","url":"https:\/\/denhelder.online\/de\/aktuell\/bekampfung-der-verkehrsstaus-auf-texel-und-den-helder\/","name":"Bek\u00e4mpfung der Verkehrsstaus auf Texel und Den Helder - Den Helder Online","isPartOf":{"@id":"https:\/\/denhelder.online\/#website"},"primaryImageOfPage":{"@id":"https:\/\/denhelder.online\/de\/aktuell\/bekampfung-der-verkehrsstaus-auf-texel-und-den-helder\/#primaryimage"},"image":{"@id":"https:\/\/denhelder.online\/de\/aktuell\/bekampfung-der-verkehrsstaus-auf-texel-und-den-helder\/#primaryimage"},"thumbnailUrl":"https:\/\/denhelder.online\/wp-content\/uploads\/2025\/04\/ffeff6de-850d-45f8-9d2a-2a9555f7eb11-Fotowedstrijd_Willemsoord_Annalies_Kemp_5_1920x1080.jpg","datePublished":"2024-06-30T09:28:44+00:00","dateModified":"2025-04-30T09:28:53+00:00","breadcrumb":{"@id":"https:\/\/denhelder.online\/de\/aktuell\/bekampfung-der-verkehrsstaus-auf-texel-und-den-helder\/#breadcrumb"},"inLanguage":"de","potentialAction":[{"@type":"ReadAction","target":["https:\/\/denhelder.online\/de\/aktuell\/bekampfung-der-verkehrsstaus-auf-texel-und-den-helder\/"]}]},{"@type":"ImageObject","inLanguage":"de","@id":"https:\/\/denhelder.online\/de\/aktuell\/bekampfung-der-verkehrsstaus-auf-texel-und-den-helder\/#primaryimage","url":"https:\/\/denhelder.online\/wp-content\/uploads\/2025\/04\/ffeff6de-850d-45f8-9d2a-2a9555f7eb11-Fotowedstrijd_Willemsoord_Annalies_Kemp_5_1920x1080.jpg","contentUrl":"https:\/\/denhelder.online\/wp-content\/uploads\/2025\/04\/ffeff6de-850d-45f8-9d2a-2a9555f7eb11-Fotowedstrijd_Willemsoord_Annalies_Kemp_5_1920x1080.jpg","width":1920,"height":1080,"caption":"Willemsoord door Annalies Kemp"},{"@type":"BreadcrumbList","@id":"https:\/\/denhelder.online\/de\/aktuell\/bekampfung-der-verkehrsstaus-auf-texel-und-den-helder\/#breadcrumb","itemListElement":[{"@type":"ListItem","position":1,"name":"Home","item":"https:\/\/denhelder.online\/"},{"@type":"ListItem","position":2,"name":"Actueel","item":"https:\/\/denhelder.online\/en\/current\/"},{"@type":"ListItem","position":3,"name":"Aanpak verkeersdrukte Texel en Den Helder"}]},{"@type":"WebSite","@id":"https:\/\/denhelder.online\/#website","url":"https:\/\/denhelder.online\/","name":"Den Helder Online","description":"Erleben Sie Den Helder","publisher":{"@id":"https:\/\/denhelder.online\/#organization"},"potentialAction":[{"@type":"SearchAction","target":{"@type":"EntryPoint","urlTemplate":"https:\/\/denhelder.online\/?s={search_term_string}"},"query-input":{"@type":"PropertyValueSpecification","valueRequired":true,"valueName":"search_term_string"}}],"inLanguage":"de"},{"@type":"Organization","@id":"https:\/\/denhelder.online\/#organization","name":"Den Helder Online","url":"https:\/\/denhelder.online\/","logo":{"@type":"ImageObject","inLanguage":"de","@id":"https:\/\/denhelder.online\/#\/schema\/logo\/image\/","url":"https:\/\/denhelder.online\/wp-content\/uploads\/2021\/12\/DitIsDH-Logo-26-tagline.svg","contentUrl":"https:\/\/denhelder.online\/wp-content\/uploads\/2021\/12\/DitIsDH-Logo-26-tagline.svg","width":1717.0999999999999,"height":934.89999999999998,"caption":"Den Helder Online"},"image":{"@id":"https:\/\/denhelder.online\/#\/schema\/logo\/image\/"}}]}},"_links":{"self":[{"href":"https:\/\/denhelder.online\/de\/wp-json\/wp\/v2\/actueel\/11041","targetHints":{"allow":["GET"]}}],"collection":[{"href":"https:\/\/denhelder.online\/de\/wp-json\/wp\/v2\/actueel"}],"about":[{"href":"https:\/\/denhelder.online\/de\/wp-json\/wp\/v2\/types\/actueel"}],"author":[{"embeddable":true,"href":"https:\/\/denhelder.online\/de\/wp-json\/wp\/v2\/users\/4"}],"wp:featuredmedia":[{"embeddable":true,"href":"https:\/\/denhelder.online\/de\/wp-json\/wp\/v2\/media\/11042"}],"wp:attachment":[{"href":"https:\/\/denhelder.online\/de\/wp-json\/wp\/v2\/media?parent=11041"}],"wp:term":[{"taxonomy":"doelgroep","embeddable":true,"href":"https:\/\/denhelder.online\/de\/wp-json\/wp\/v2\/doelgroep?post=11041"}],"curies":[{"name":"wp","href":"https:\/\/api.w.org\/{rel}","templated":true}]}}