{"id":11047,"date":"2024-07-30T11:35:07","date_gmt":"2024-07-30T09:35:07","guid":{"rendered":"https:\/\/denhelder.online\/?post_type=actueel&#038;p=11047"},"modified":"2025-04-30T11:35:18","modified_gmt":"2025-04-30T09:35:18","slug":"das-helderse-tal-eroffnet-vorubergehenden-standort-fur-wildtierschutz","status":"publish","type":"actueel","link":"https:\/\/denhelder.online\/de\/actueel\/de-helderse-vallei-opent-tijdelijke-locatie-voor-wildopvang\/","title":{"rendered":"Das Helderse Valley er\u00f6ffnet einen tempor\u00e4ren Wildtierunterstand"},"content":{"rendered":"<p><strong>Gute Nachrichten f\u00fcr alle Wildtiere im Gebiet Den Helder! Ab dem 1. Januar er\u00f6ffnet das Helderse-Tal eine Wildtierauffangstation am provisorischen Notstandort in der Handelskade in Den Helder. Dort k\u00f6nnen Wildtiere in Not die ben\u00f6tigte Pflege erhalten.<\/strong><strong><br \/>\n<\/strong><br \/>\nEin logischer Schritt angesichts des bevorstehenden Baus eines neuen Wildtierrefugiums auf dem Gel\u00e4nde von De Helderse Vallei. \u201cWir sind erleichtert, dass wir Wildtieren in Not bereits jetzt den bestm\u00f6glichen Schutz bieten k\u00f6nnen, auch wenn dieser nur vor\u00fcbergehend und noch nicht ideal ist\u201d, sagt Katelijne van Spronsen, Leiterin von De Helderse Vallei. \u201cWir m\u00f6chten nicht nur das Wohlbefinden dieser Tiere gew\u00e4hrleisten, sondern auch unsere Bildungsarbeit st\u00e4rken, indem wir das Bewusstsein f\u00fcr die Verletzlichkeit der Natur und ihrer Bewohner sch\u00e4rfen.\u201d<\/p>\n<p><em>Karen van Beest, Vorsitzende der Tierrettungsorganisation Den Helder, freut sich sehr \u00fcber diese Nachricht. \u201cJetzt k\u00f6nnen unsere Freiwilligen die gefundenen Tiere beruhigt in die Wildtierauffangstation zur\u00fcckbringen und auch zu ihrem Transport zur\u00fcck an den Fundort beitragen, damit sie wieder in die Wildnis entlassen werden k\u00f6nnen!\u201d<\/em><\/p>\n<p><strong>Bildung und Pflege der Natur<\/strong><br \/>\nDas Wildtierrefugium spielt eine entscheidende Rolle f\u00fcr das Wohlbefinden verletzter oder kranker Wildtiere. Das Team des Helderse Valley setzt sich daf\u00fcr ein, Tieren wie V\u00f6geln, S\u00e4ugetieren und anderen einheimischen Arten die notwendige Pflege zukommen zu lassen, um sie so schnell wie m\u00f6glich gesund in die nat\u00fcrliche Umgebung des Helderse zur\u00fcckzubringen. Dar\u00fcber hinaus wird das Helderse Valley seine Bildungsprogramme zu den Themen Natur, Tiere und Nachhaltigkeit fortf\u00fchren.<\/p>\n<p><em>Der Verein De Paddestoel, der das Vogelschutzgebiet in den letzten Jahren verwaltet hat, wurde endg\u00fcltig aufgel\u00f6st. Der Vorstand begr\u00fc\u00dft diesen Schritt von De Helderse Vallei. \u201cAls Verein hatten wir in den letzten Jahren zunehmend finanzielle Schwierigkeiten\u201d, sagt Henk Oude Nijhuis, ehemaliger Vorsitzender des Vogelschutzgebiets De Paddestoel. \u201cDas sind gute Nachrichten f\u00fcr die Tierwelt in Den Helder.\u201d<\/em><\/p>\n<p>Die Er\u00f6ffnung des neuen Geb\u00e4udes auf dem Gel\u00e4nde von De Helderse Vallei wird nat\u00fcrlich mit Spannung erwartet, da es der dauerhafte Standort f\u00fcr die Wildtierrettung in Den Helder sein wird.<\/p>","protected":false},"excerpt":{"rendered":"<p>Gute Nachrichten f\u00fcr alle Wildtiere im Gebiet Den Helder! Ab dem 1. Januar er\u00f6ffnet das Helderse-Tal eine Wildtierauffangstation am provisorischen Notstandort in der Handelskade in Den Helder. Dort k\u00f6nnen Wildtiere in Not die ben\u00f6tigte Pflege erhalten.<\/p>","protected":false},"author":4,"featured_media":11048,"template":"","doelgroep":[6027,6028],"class_list":["post-11047","actueel","type-actueel","status-publish","has-post-thumbnail","hentry","elementor_library_category-activiteiten","doelgroep-inwoner","doelgroep-inwoner-regio"],"yoast_head":"<!-- This site is optimized with the Yoast SEO Premium plugin v24.7 (Yoast SEO v27.5) - https:\/\/yoast.com\/product\/yoast-seo-premium-wordpress\/ -->\n<title>De Helderse Vallei opent tijdelijke locatie voor wildopvang - Den Helder Online<\/title>\n<meta name=\"robots\" content=\"index, follow, max-snippet:-1, max-image-preview:large, max-video-preview:-1\" \/>\n<link rel=\"canonical\" href=\"https:\/\/denhelder.online\/de\/aktuell\/das-helderse-tal-eroffnet-vorubergehenden-standort-fur-wildtierschutz\/\" \/>\n<meta property=\"og:locale\" content=\"de_DE\" \/>\n<meta property=\"og:type\" content=\"article\" \/>\n<meta property=\"og:title\" content=\"De Helderse Vallei opent tijdelijke locatie voor wildopvang\" \/>\n<meta property=\"og:description\" content=\"Goed nieuws voor alle wilde dieren in de omgeving Den Helder! Vanaf 1 januari start De Helderse Vallei met een wildopvang op de tijdelijke noodlocatie aan de Handelskade in Den Helder. Daarmee krijgen wilde dieren in nood op deze tijdelijke locatie weer de zorg die zij nodig hebben.\" \/>\n<meta property=\"og:url\" content=\"https:\/\/denhelder.online\/de\/aktuell\/das-helderse-tal-eroffnet-vorubergehenden-standort-fur-wildtierschutz\/\" \/>\n<meta property=\"og:site_name\" content=\"Den Helder Online\" \/>\n<meta property=\"article:modified_time\" content=\"2025-04-30T09:35:18+00:00\" \/>\n<meta property=\"og:image\" content=\"https:\/\/denhelder.online\/wp-content\/uploads\/2025\/04\/4bb01dd3-d3c7-4a15-a6ba-6e89b2b82934-De_Helderse_Vallei__klein_524_Astra_Kos_1920x1080.jpg\" \/>\n\t<meta property=\"og:image:width\" content=\"1920\" \/>\n\t<meta property=\"og:image:height\" content=\"1080\" \/>\n\t<meta property=\"og:image:type\" content=\"image\/jpeg\" \/>\n<meta name=\"twitter:card\" content=\"summary_large_image\" \/>\n<meta name=\"twitter:label1\" content=\"Gesch\u00e4tzte Lesezeit\" \/>\n\t<meta name=\"twitter:data1\" content=\"3\u00a0Minuten\" \/>\n<script type=\"application\/ld+json\" class=\"yoast-schema-graph\">{\"@context\":\"https:\\\/\\\/schema.org\",\"@graph\":[{\"@type\":\"WebPage\",\"@id\":\"https:\\\/\\\/denhelder.online\\\/actueel\\\/de-helderse-vallei-opent-tijdelijke-locatie-voor-wildopvang\\\/\",\"url\":\"https:\\\/\\\/denhelder.online\\\/actueel\\\/de-helderse-vallei-opent-tijdelijke-locatie-voor-wildopvang\\\/\",\"name\":\"De Helderse Vallei opent tijdelijke locatie voor wildopvang - Den Helder Online\",\"isPartOf\":{\"@id\":\"https:\\\/\\\/denhelder.online\\\/#website\"},\"primaryImageOfPage\":{\"@id\":\"https:\\\/\\\/denhelder.online\\\/actueel\\\/de-helderse-vallei-opent-tijdelijke-locatie-voor-wildopvang\\\/#primaryimage\"},\"image\":{\"@id\":\"https:\\\/\\\/denhelder.online\\\/actueel\\\/de-helderse-vallei-opent-tijdelijke-locatie-voor-wildopvang\\\/#primaryimage\"},\"thumbnailUrl\":\"https:\\\/\\\/denhelder.online\\\/wp-content\\\/uploads\\\/2025\\\/04\\\/4bb01dd3-d3c7-4a15-a6ba-6e89b2b82934-De_Helderse_Vallei__klein_524_Astra_Kos_1920x1080.jpg\",\"datePublished\":\"2024-07-30T09:35:07+00:00\",\"dateModified\":\"2025-04-30T09:35:18+00:00\",\"breadcrumb\":{\"@id\":\"https:\\\/\\\/denhelder.online\\\/actueel\\\/de-helderse-vallei-opent-tijdelijke-locatie-voor-wildopvang\\\/#breadcrumb\"},\"inLanguage\":\"de\",\"potentialAction\":[{\"@type\":\"ReadAction\",\"target\":[\"https:\\\/\\\/denhelder.online\\\/actueel\\\/de-helderse-vallei-opent-tijdelijke-locatie-voor-wildopvang\\\/\"]}]},{\"@type\":\"ImageObject\",\"inLanguage\":\"de\",\"@id\":\"https:\\\/\\\/denhelder.online\\\/actueel\\\/de-helderse-vallei-opent-tijdelijke-locatie-voor-wildopvang\\\/#primaryimage\",\"url\":\"https:\\\/\\\/denhelder.online\\\/wp-content\\\/uploads\\\/2025\\\/04\\\/4bb01dd3-d3c7-4a15-a6ba-6e89b2b82934-De_Helderse_Vallei__klein_524_Astra_Kos_1920x1080.jpg\",\"contentUrl\":\"https:\\\/\\\/denhelder.online\\\/wp-content\\\/uploads\\\/2025\\\/04\\\/4bb01dd3-d3c7-4a15-a6ba-6e89b2b82934-De_Helderse_Vallei__klein_524_Astra_Kos_1920x1080.jpg\",\"width\":1920,\"height\":1080,\"caption\":\"Bezoekerscentrum Helderse Vallei\"},{\"@type\":\"BreadcrumbList\",\"@id\":\"https:\\\/\\\/denhelder.online\\\/actueel\\\/de-helderse-vallei-opent-tijdelijke-locatie-voor-wildopvang\\\/#breadcrumb\",\"itemListElement\":[{\"@type\":\"ListItem\",\"position\":1,\"name\":\"Home\",\"item\":\"https:\\\/\\\/denhelder.online\\\/\"},{\"@type\":\"ListItem\",\"position\":2,\"name\":\"Actueel\",\"item\":\"https:\\\/\\\/denhelder.online\\\/en\\\/current\\\/\"},{\"@type\":\"ListItem\",\"position\":3,\"name\":\"De Helderse Vallei opent tijdelijke locatie voor wildopvang\"}]},{\"@type\":\"WebSite\",\"@id\":\"https:\\\/\\\/denhelder.online\\\/#website\",\"url\":\"https:\\\/\\\/denhelder.online\\\/\",\"name\":\"Den Helder Online\",\"description\":\"Beleef Den Helder\",\"publisher\":{\"@id\":\"https:\\\/\\\/denhelder.online\\\/#organization\"},\"potentialAction\":[{\"@type\":\"SearchAction\",\"target\":{\"@type\":\"EntryPoint\",\"urlTemplate\":\"https:\\\/\\\/denhelder.online\\\/?s={search_term_string}\"},\"query-input\":{\"@type\":\"PropertyValueSpecification\",\"valueRequired\":true,\"valueName\":\"search_term_string\"}}],\"inLanguage\":\"de\"},{\"@type\":\"Organization\",\"@id\":\"https:\\\/\\\/denhelder.online\\\/#organization\",\"name\":\"Den Helder Online\",\"url\":\"https:\\\/\\\/denhelder.online\\\/\",\"logo\":{\"@type\":\"ImageObject\",\"inLanguage\":\"de\",\"@id\":\"https:\\\/\\\/denhelder.online\\\/#\\\/schema\\\/logo\\\/image\\\/\",\"url\":\"https:\\\/\\\/denhelder.online\\\/wp-content\\\/uploads\\\/2021\\\/12\\\/DitIsDH-Logo-26-tagline.svg\",\"contentUrl\":\"https:\\\/\\\/denhelder.online\\\/wp-content\\\/uploads\\\/2021\\\/12\\\/DitIsDH-Logo-26-tagline.svg\",\"width\":1717.0999999999999,\"height\":934.89999999999998,\"caption\":\"Den Helder Online\"},\"image\":{\"@id\":\"https:\\\/\\\/denhelder.online\\\/#\\\/schema\\\/logo\\\/image\\\/\"}}]}<\/script>\n<!-- \/ Yoast SEO Premium plugin. -->","yoast_head_json":{"title":"Das Helderse Valley er\u00f6ffnet tempor\u00e4ren Standort f\u00fcr Wildtierauffangstation \u2013 Den Helder Online","robots":{"index":"index","follow":"follow","max-snippet":"max-snippet:-1","max-image-preview":"max-image-preview:large","max-video-preview":"max-video-preview:-1"},"canonical":"https:\/\/denhelder.online\/de\/aktuell\/das-helderse-tal-eroffnet-vorubergehenden-standort-fur-wildtierschutz\/","og_locale":"de_DE","og_type":"article","og_title":"De Helderse Vallei opent tijdelijke locatie voor wildopvang","og_description":"Goed nieuws voor alle wilde dieren in de omgeving Den Helder! Vanaf 1 januari start De Helderse Vallei met een wildopvang op de tijdelijke noodlocatie aan de Handelskade in Den Helder. Daarmee krijgen wilde dieren in nood op deze tijdelijke locatie weer de zorg die zij nodig hebben.","og_url":"https:\/\/denhelder.online\/de\/aktuell\/das-helderse-tal-eroffnet-vorubergehenden-standort-fur-wildtierschutz\/","og_site_name":"Den Helder Online","article_modified_time":"2025-04-30T09:35:18+00:00","og_image":[{"width":1920,"height":1080,"url":"https:\/\/denhelder.online\/wp-content\/uploads\/2025\/04\/4bb01dd3-d3c7-4a15-a6ba-6e89b2b82934-De_Helderse_Vallei__klein_524_Astra_Kos_1920x1080.jpg","type":"image\/jpeg"}],"twitter_card":"summary_large_image","twitter_misc":{"Gesch\u00e4tzte Lesezeit":"3\u00a0Minuten"},"schema":{"@context":"https:\/\/schema.org","@graph":[{"@type":"WebPage","@id":"https:\/\/denhelder.online\/actueel\/de-helderse-vallei-opent-tijdelijke-locatie-voor-wildopvang\/","url":"https:\/\/denhelder.online\/actueel\/de-helderse-vallei-opent-tijdelijke-locatie-voor-wildopvang\/","name":"Das Helderse Valley er\u00f6ffnet tempor\u00e4ren Standort f\u00fcr Wildtierauffangstation \u2013 Den Helder Online","isPartOf":{"@id":"https:\/\/denhelder.online\/#website"},"primaryImageOfPage":{"@id":"https:\/\/denhelder.online\/actueel\/de-helderse-vallei-opent-tijdelijke-locatie-voor-wildopvang\/#primaryimage"},"image":{"@id":"https:\/\/denhelder.online\/actueel\/de-helderse-vallei-opent-tijdelijke-locatie-voor-wildopvang\/#primaryimage"},"thumbnailUrl":"https:\/\/denhelder.online\/wp-content\/uploads\/2025\/04\/4bb01dd3-d3c7-4a15-a6ba-6e89b2b82934-De_Helderse_Vallei__klein_524_Astra_Kos_1920x1080.jpg","datePublished":"2024-07-30T09:35:07+00:00","dateModified":"2025-04-30T09:35:18+00:00","breadcrumb":{"@id":"https:\/\/denhelder.online\/actueel\/de-helderse-vallei-opent-tijdelijke-locatie-voor-wildopvang\/#breadcrumb"},"inLanguage":"de","potentialAction":[{"@type":"ReadAction","target":["https:\/\/denhelder.online\/actueel\/de-helderse-vallei-opent-tijdelijke-locatie-voor-wildopvang\/"]}]},{"@type":"ImageObject","inLanguage":"de","@id":"https:\/\/denhelder.online\/actueel\/de-helderse-vallei-opent-tijdelijke-locatie-voor-wildopvang\/#primaryimage","url":"https:\/\/denhelder.online\/wp-content\/uploads\/2025\/04\/4bb01dd3-d3c7-4a15-a6ba-6e89b2b82934-De_Helderse_Vallei__klein_524_Astra_Kos_1920x1080.jpg","contentUrl":"https:\/\/denhelder.online\/wp-content\/uploads\/2025\/04\/4bb01dd3-d3c7-4a15-a6ba-6e89b2b82934-De_Helderse_Vallei__klein_524_Astra_Kos_1920x1080.jpg","width":1920,"height":1080,"caption":"Bezoekerscentrum Helderse Vallei"},{"@type":"BreadcrumbList","@id":"https:\/\/denhelder.online\/actueel\/de-helderse-vallei-opent-tijdelijke-locatie-voor-wildopvang\/#breadcrumb","itemListElement":[{"@type":"ListItem","position":1,"name":"Home","item":"https:\/\/denhelder.online\/"},{"@type":"ListItem","position":2,"name":"Actueel","item":"https:\/\/denhelder.online\/en\/current\/"},{"@type":"ListItem","position":3,"name":"De Helderse Vallei opent tijdelijke locatie voor wildopvang"}]},{"@type":"WebSite","@id":"https:\/\/denhelder.online\/#website","url":"https:\/\/denhelder.online\/","name":"Den Helder Online","description":"Erleben Sie Den Helder","publisher":{"@id":"https:\/\/denhelder.online\/#organization"},"potentialAction":[{"@type":"SearchAction","target":{"@type":"EntryPoint","urlTemplate":"https:\/\/denhelder.online\/?s={search_term_string}"},"query-input":{"@type":"PropertyValueSpecification","valueRequired":true,"valueName":"search_term_string"}}],"inLanguage":"de"},{"@type":"Organization","@id":"https:\/\/denhelder.online\/#organization","name":"Den Helder Online","url":"https:\/\/denhelder.online\/","logo":{"@type":"ImageObject","inLanguage":"de","@id":"https:\/\/denhelder.online\/#\/schema\/logo\/image\/","url":"https:\/\/denhelder.online\/wp-content\/uploads\/2021\/12\/DitIsDH-Logo-26-tagline.svg","contentUrl":"https:\/\/denhelder.online\/wp-content\/uploads\/2021\/12\/DitIsDH-Logo-26-tagline.svg","width":1717.0999999999999,"height":934.89999999999998,"caption":"Den Helder Online"},"image":{"@id":"https:\/\/denhelder.online\/#\/schema\/logo\/image\/"}}]}},"_links":{"self":[{"href":"https:\/\/denhelder.online\/de\/wp-json\/wp\/v2\/actueel\/11047","targetHints":{"allow":["GET"]}}],"collection":[{"href":"https:\/\/denhelder.online\/de\/wp-json\/wp\/v2\/actueel"}],"about":[{"href":"https:\/\/denhelder.online\/de\/wp-json\/wp\/v2\/types\/actueel"}],"author":[{"embeddable":true,"href":"https:\/\/denhelder.online\/de\/wp-json\/wp\/v2\/users\/4"}],"wp:featuredmedia":[{"embeddable":true,"href":"https:\/\/denhelder.online\/de\/wp-json\/wp\/v2\/media\/11048"}],"wp:attachment":[{"href":"https:\/\/denhelder.online\/de\/wp-json\/wp\/v2\/media?parent=11047"}],"wp:term":[{"taxonomy":"doelgroep","embeddable":true,"href":"https:\/\/denhelder.online\/de\/wp-json\/wp\/v2\/doelgroep?post=11047"}],"curies":[{"name":"wp","href":"https:\/\/api.w.org\/{rel}","templated":true}]}}