{"id":11049,"date":"2024-07-30T11:36:31","date_gmt":"2024-07-30T09:36:31","guid":{"rendered":"https:\/\/denhelder.online\/?post_type=actueel&#038;p=11049"},"modified":"2025-04-30T11:36:40","modified_gmt":"2025-04-30T09:36:40","slug":"n99-kooybrug-hat-an-weihnachten-und-silvester-geoffnet","status":"publish","type":"actueel","link":"https:\/\/denhelder.online\/de\/actueel\/n99-kooybrug-open-met-kerst-en-oud-en-nieuw\/","title":{"rendered":"N99: Kooybrug hat an Weihnachten und Silvester ge\u00f6ffnet."},"content":{"rendered":"<p><strong>Von Freitagmorgen, dem 20. Dezember, bis Sonntagabend, dem 5. Januar, ist die Kooy-Br\u00fccke auf der N99 in beide Richtungen f\u00fcr den gesamten Verkehr ge\u00f6ffnet. In diesem Zeitraum finden keine Br\u00fcckenarbeiten statt. Die Bauarbeiten werden am Sonntagabend, dem 5. Januar, um 22:00 Uhr wieder aufgenommen. Die Br\u00fccke wird dann tags\u00fcber in Richtung Den Helder erneut f\u00fcr den Pkw-Verkehr gesperrt.<\/strong><\/p>\n<p>Die H\u00f6henbeschr\u00e4nkung f\u00fcr Schiffe mit einer Masth\u00f6he von 8,30 m bleibt bestehen, und die Br\u00fccke wird \u00fcber die Weihnachtsfeiertage nicht betrieben. Nutzern des Wasserwegs wird empfohlen, sich \u00fcber aktuelle Informationen, einschlie\u00dflich Informationen zu anderen Br\u00fccken und Schleusen, zu informieren.\u00a0<a title=\"http:\/\/www.vaarweginformatie.nl\" href=\"http:\/\/www.vaarweginformatie.nl\/\" target=\"_blank\" rel=\"noopener noreferrer\" data-auth=\"NotApplicable\" data-linkindex=\"0\">www.vaarweginformatie.nl<\/a>\u00a0zum Ansehen.<\/p>\n<p><strong>Abschluss von Phase 1<br \/>\n<\/strong>Mit der Montage der Leitplanken ist die erste Phase der Sanierung abgeschlossen. Die Hauptfahrbahn (N99) auf der Br\u00fccke wurde vollst\u00e4ndig saniert. Asphalt und Leitplanken wurden erneuert, die Deckplatte der Hauptfahrbahn wurde repariert, die Stahlkonstruktion unter der Br\u00fccke wurde erhalten und verschiedene Arbeiten im Br\u00fcckenfundament wurden durchgef\u00fchrt.<\/p>\n<p><strong>Phase 2 starten<br \/>\n<\/strong>Die zweite Phase der Sanierung der Kooy-Br\u00fccke beginnt am Sonntagabend, dem 5. Januar, um 22:00 Uhr. In dieser Phase wird der parallel verlaufende Touwslagersweg (Touwslagersweg) der Kooy-Br\u00fccke saniert. Von den zwei Fahrspuren der Hauptfahrbahn (N99) wird eine Spur f\u00fcr den Autoverkehr in Richtung Afsluitdijk und die andere f\u00fcr Radfahrer und Fu\u00dfg\u00e4nger in beide Richtungen freigegeben. Der Autoverkehr in Richtung Den Helder wird umgeleitet und muss mit erheblichen Fahrzeitverl\u00e4ngerungen rechnen, die w\u00e4hrend der Hauptverkehrszeiten bis zu 30 Minuten betragen k\u00f6nnen.<\/p>\n<p>Einsatzfahrzeuge und Busse des \u00f6ffentlichen Nahverkehrsunternehmens Connexxion k\u00f6nnen die Br\u00fccke weiterhin in beide Richtungen befahren. Kraftfahrzeuge, die die Umleitungen nicht nutzen k\u00f6nnen, wie z. B. landwirtschaftliche Fahrzeuge, d\u00fcrfen die Br\u00fccke au\u00dferhalb der Hauptverkehrszeiten ebenfalls in beide Richtungen befahren. Die Hauptverkehrszeiten sind von 7:00 bis 9:00 Uhr und von 15:00 bis 18:00 Uhr. Die H\u00f6henbeschr\u00e4nkung f\u00fcr Schiffe bleibt bestehen.<\/p>\n<p>Im Zuge verschiedener n\u00e4chtlicher Sperrungen ist die Br\u00fccke von 22:00 Uhr bis 5:00 Uhr in beide Richtungen f\u00fcr den Stra\u00dfenverkehr gesperrt:<\/p>\n<ul type=\"disc\">\n<li>Von Sonntagabend, dem 5. Januar, bis Montagmorgen, dem 6. Januar 2025, ist die Br\u00fccke f\u00fcr den Durchgangsverkehr gesperrt. Fu\u00dfg\u00e4nger, Radfahrer und Mopeds sind nicht zugelassen. Rettungsdienste und Busse von Connexxion haben weiterhin Zugang \u00fcber die Br\u00fccke.<\/li>\n<\/ul>\n<ul type=\"disc\">\n<li>Montagabend, 13. Januar, bis Donnerstagmorgen, 16. Januar 2025: Kein Durchgangsverkehr. Fu\u00dfg\u00e4nger, Radfahrer, Rettungsdienste und Busse von Connexxion haben weiterhin Zugang \u00fcber die Br\u00fccke.<\/li>\n<li>Montagabend, 3. Februar, bis Mittwochmorgen, 5. Februar 2025: Durchgangsverkehr, Fu\u00dfg\u00e4nger, Radfahrer und Mopeds sind nicht gestattet. Rettungsdienste und Connexxion-Busse haben \u00fcber das Hafengel\u00e4nde Zufahrt.<\/li>\n<\/ul>\n<p>Die Renovierung der Kooy-Br\u00fccke wird bis Ende April andauern, und f\u00fcr eine Woche im Mai oder Juni wird die Br\u00fccke f\u00fcr den gesamten Verkehr gesperrt sein.<\/p>\n<p><strong>Weitere Informationen<\/strong><br \/>\nWeitere Informationen zur Renovierung von Kooybrug finden Sie auf der Projektwebsite:\u00a0<a title=\"http:\/\/www.rws.nl\/kooybrug\" href=\"http:\/\/www.rws.nl\/kooybrug\" target=\"_blank\" rel=\"noopener noreferrer\" data-auth=\"NotApplicable\" data-linkindex=\"1\">www.rws.nl\/kooybrug<\/a><u>.<\/u>\u00a0Hier finden Sie eine vollst\u00e4ndige \u00dcbersicht aller Bauabschnitte und (n\u00e4chtlichen) Sperrungen inklusive Umleitungen. Alternativ k\u00f6nnen Sie die BouwApp nutzen.<\/p>","protected":false},"excerpt":{"rendered":"<p>Von Freitagmorgen, dem 20. Dezember, bis Sonntagabend, dem 5. Januar, ist die Kooy-Br\u00fccke auf der N99 in beide Richtungen f\u00fcr den gesamten Verkehr ge\u00f6ffnet. In diesem Zeitraum finden keine Br\u00fcckenarbeiten statt. Die Bauarbeiten werden am Sonntagabend, dem 5. Januar, um 22:00 Uhr wieder aufgenommen. Die Br\u00fccke wird dann tags\u00fcber in Richtung Den Helder erneut f\u00fcr den Pkw-Verkehr gesperrt.<\/p>","protected":false},"author":4,"featured_media":11050,"template":"","doelgroep":[6027,6028],"class_list":["post-11049","actueel","type-actueel","status-publish","has-post-thumbnail","hentry","elementor_library_category-activiteiten","doelgroep-inwoner","doelgroep-inwoner-regio"],"yoast_head":"<!-- This site is optimized with the Yoast SEO Premium plugin v24.7 (Yoast SEO v27.5) - https:\/\/yoast.com\/product\/yoast-seo-premium-wordpress\/ -->\n<title>N99: Kooybrug open met kerst en oud en nieuw - Den Helder Online<\/title>\n<meta name=\"robots\" content=\"index, follow, max-snippet:-1, max-image-preview:large, max-video-preview:-1\" \/>\n<link rel=\"canonical\" href=\"https:\/\/denhelder.online\/de\/aktuell\/n99-kooybrug-hat-an-weihnachten-und-silvester-geoffnet\/\" \/>\n<meta property=\"og:locale\" content=\"de_DE\" \/>\n<meta property=\"og:type\" content=\"article\" \/>\n<meta property=\"og:title\" content=\"N99: Kooybrug open met kerst en oud en nieuw\" \/>\n<meta property=\"og:description\" content=\"Van vrijdagochtend 20 december tot zondagavond 5 januari is de Kooybrug in de N99 open voor al het verkeer in beide richtingen. Er wordt in deze periode niet gewerkt aan de brug. Vanaf zondagavond 5 januari 22.00 uur hervat de aannemer de renovatie en gaat de brug overdag weer dicht voor autoverkeer in de richting van Den Helder.\" \/>\n<meta property=\"og:url\" content=\"https:\/\/denhelder.online\/de\/aktuell\/n99-kooybrug-hat-an-weihnachten-und-silvester-geoffnet\/\" \/>\n<meta property=\"og:site_name\" content=\"Den Helder Online\" \/>\n<meta property=\"article:modified_time\" content=\"2025-04-30T09:36:40+00:00\" \/>\n<meta property=\"og:image\" content=\"https:\/\/denhelder.online\/wp-content\/uploads\/2025\/04\/ac09957f-7e82-4ec1-9b8e-2062a84bd17a-Kooybrug_15-12-2024_1920x1080.jpg\" \/>\n\t<meta property=\"og:image:width\" content=\"1920\" \/>\n\t<meta property=\"og:image:height\" content=\"1080\" \/>\n\t<meta property=\"og:image:type\" content=\"image\/jpeg\" \/>\n<meta name=\"twitter:card\" content=\"summary_large_image\" \/>\n<meta name=\"twitter:label1\" content=\"Gesch\u00e4tzte Lesezeit\" \/>\n\t<meta name=\"twitter:data1\" content=\"3\u00a0Minuten\" \/>\n<script type=\"application\/ld+json\" class=\"yoast-schema-graph\">{\"@context\":\"https:\\\/\\\/schema.org\",\"@graph\":[{\"@type\":\"WebPage\",\"@id\":\"https:\\\/\\\/denhelder.online\\\/actueel\\\/n99-kooybrug-open-met-kerst-en-oud-en-nieuw\\\/\",\"url\":\"https:\\\/\\\/denhelder.online\\\/actueel\\\/n99-kooybrug-open-met-kerst-en-oud-en-nieuw\\\/\",\"name\":\"N99: Kooybrug open met kerst en oud en nieuw - Den Helder Online\",\"isPartOf\":{\"@id\":\"https:\\\/\\\/denhelder.online\\\/#website\"},\"primaryImageOfPage\":{\"@id\":\"https:\\\/\\\/denhelder.online\\\/actueel\\\/n99-kooybrug-open-met-kerst-en-oud-en-nieuw\\\/#primaryimage\"},\"image\":{\"@id\":\"https:\\\/\\\/denhelder.online\\\/actueel\\\/n99-kooybrug-open-met-kerst-en-oud-en-nieuw\\\/#primaryimage\"},\"thumbnailUrl\":\"https:\\\/\\\/denhelder.online\\\/wp-content\\\/uploads\\\/2025\\\/04\\\/ac09957f-7e82-4ec1-9b8e-2062a84bd17a-Kooybrug_15-12-2024_1920x1080.jpg\",\"datePublished\":\"2024-07-30T09:36:31+00:00\",\"dateModified\":\"2025-04-30T09:36:40+00:00\",\"breadcrumb\":{\"@id\":\"https:\\\/\\\/denhelder.online\\\/actueel\\\/n99-kooybrug-open-met-kerst-en-oud-en-nieuw\\\/#breadcrumb\"},\"inLanguage\":\"de\",\"potentialAction\":[{\"@type\":\"ReadAction\",\"target\":[\"https:\\\/\\\/denhelder.online\\\/actueel\\\/n99-kooybrug-open-met-kerst-en-oud-en-nieuw\\\/\"]}]},{\"@type\":\"ImageObject\",\"inLanguage\":\"de\",\"@id\":\"https:\\\/\\\/denhelder.online\\\/actueel\\\/n99-kooybrug-open-met-kerst-en-oud-en-nieuw\\\/#primaryimage\",\"url\":\"https:\\\/\\\/denhelder.online\\\/wp-content\\\/uploads\\\/2025\\\/04\\\/ac09957f-7e82-4ec1-9b8e-2062a84bd17a-Kooybrug_15-12-2024_1920x1080.jpg\",\"contentUrl\":\"https:\\\/\\\/denhelder.online\\\/wp-content\\\/uploads\\\/2025\\\/04\\\/ac09957f-7e82-4ec1-9b8e-2062a84bd17a-Kooybrug_15-12-2024_1920x1080.jpg\",\"width\":1920,\"height\":1080,\"caption\":\"Werkzaamheden aan de Kooybrug\"},{\"@type\":\"BreadcrumbList\",\"@id\":\"https:\\\/\\\/denhelder.online\\\/actueel\\\/n99-kooybrug-open-met-kerst-en-oud-en-nieuw\\\/#breadcrumb\",\"itemListElement\":[{\"@type\":\"ListItem\",\"position\":1,\"name\":\"Home\",\"item\":\"https:\\\/\\\/denhelder.online\\\/\"},{\"@type\":\"ListItem\",\"position\":2,\"name\":\"Actueel\",\"item\":\"https:\\\/\\\/denhelder.online\\\/en\\\/current\\\/\"},{\"@type\":\"ListItem\",\"position\":3,\"name\":\"N99: Kooybrug open met kerst en oud en nieuw\"}]},{\"@type\":\"WebSite\",\"@id\":\"https:\\\/\\\/denhelder.online\\\/#website\",\"url\":\"https:\\\/\\\/denhelder.online\\\/\",\"name\":\"Den Helder Online\",\"description\":\"Beleef Den Helder\",\"publisher\":{\"@id\":\"https:\\\/\\\/denhelder.online\\\/#organization\"},\"potentialAction\":[{\"@type\":\"SearchAction\",\"target\":{\"@type\":\"EntryPoint\",\"urlTemplate\":\"https:\\\/\\\/denhelder.online\\\/?s={search_term_string}\"},\"query-input\":{\"@type\":\"PropertyValueSpecification\",\"valueRequired\":true,\"valueName\":\"search_term_string\"}}],\"inLanguage\":\"de\"},{\"@type\":\"Organization\",\"@id\":\"https:\\\/\\\/denhelder.online\\\/#organization\",\"name\":\"Den Helder Online\",\"url\":\"https:\\\/\\\/denhelder.online\\\/\",\"logo\":{\"@type\":\"ImageObject\",\"inLanguage\":\"de\",\"@id\":\"https:\\\/\\\/denhelder.online\\\/#\\\/schema\\\/logo\\\/image\\\/\",\"url\":\"https:\\\/\\\/denhelder.online\\\/wp-content\\\/uploads\\\/2021\\\/12\\\/DitIsDH-Logo-26-tagline.svg\",\"contentUrl\":\"https:\\\/\\\/denhelder.online\\\/wp-content\\\/uploads\\\/2021\\\/12\\\/DitIsDH-Logo-26-tagline.svg\",\"width\":1717.0999999999999,\"height\":934.89999999999998,\"caption\":\"Den Helder Online\"},\"image\":{\"@id\":\"https:\\\/\\\/denhelder.online\\\/#\\\/schema\\\/logo\\\/image\\\/\"}}]}<\/script>\n<!-- \/ Yoast SEO Premium plugin. -->","yoast_head_json":{"title":"N99: Kooybrug hat an Weihnachten und Silvester ge\u00f6ffnet \u2013 Den Helder Online","robots":{"index":"index","follow":"follow","max-snippet":"max-snippet:-1","max-image-preview":"max-image-preview:large","max-video-preview":"max-video-preview:-1"},"canonical":"https:\/\/denhelder.online\/de\/aktuell\/n99-kooybrug-hat-an-weihnachten-und-silvester-geoffnet\/","og_locale":"de_DE","og_type":"article","og_title":"N99: Kooybrug open met kerst en oud en nieuw","og_description":"Van vrijdagochtend 20 december tot zondagavond 5 januari is de Kooybrug in de N99 open voor al het verkeer in beide richtingen. Er wordt in deze periode niet gewerkt aan de brug. Vanaf zondagavond 5 januari 22.00 uur hervat de aannemer de renovatie en gaat de brug overdag weer dicht voor autoverkeer in de richting van Den Helder.","og_url":"https:\/\/denhelder.online\/de\/aktuell\/n99-kooybrug-hat-an-weihnachten-und-silvester-geoffnet\/","og_site_name":"Den Helder Online","article_modified_time":"2025-04-30T09:36:40+00:00","og_image":[{"width":1920,"height":1080,"url":"https:\/\/denhelder.online\/wp-content\/uploads\/2025\/04\/ac09957f-7e82-4ec1-9b8e-2062a84bd17a-Kooybrug_15-12-2024_1920x1080.jpg","type":"image\/jpeg"}],"twitter_card":"summary_large_image","twitter_misc":{"Gesch\u00e4tzte Lesezeit":"3\u00a0Minuten"},"schema":{"@context":"https:\/\/schema.org","@graph":[{"@type":"WebPage","@id":"https:\/\/denhelder.online\/actueel\/n99-kooybrug-open-met-kerst-en-oud-en-nieuw\/","url":"https:\/\/denhelder.online\/actueel\/n99-kooybrug-open-met-kerst-en-oud-en-nieuw\/","name":"N99: Kooybrug hat an Weihnachten und Silvester ge\u00f6ffnet \u2013 Den Helder Online","isPartOf":{"@id":"https:\/\/denhelder.online\/#website"},"primaryImageOfPage":{"@id":"https:\/\/denhelder.online\/actueel\/n99-kooybrug-open-met-kerst-en-oud-en-nieuw\/#primaryimage"},"image":{"@id":"https:\/\/denhelder.online\/actueel\/n99-kooybrug-open-met-kerst-en-oud-en-nieuw\/#primaryimage"},"thumbnailUrl":"https:\/\/denhelder.online\/wp-content\/uploads\/2025\/04\/ac09957f-7e82-4ec1-9b8e-2062a84bd17a-Kooybrug_15-12-2024_1920x1080.jpg","datePublished":"2024-07-30T09:36:31+00:00","dateModified":"2025-04-30T09:36:40+00:00","breadcrumb":{"@id":"https:\/\/denhelder.online\/actueel\/n99-kooybrug-open-met-kerst-en-oud-en-nieuw\/#breadcrumb"},"inLanguage":"de","potentialAction":[{"@type":"ReadAction","target":["https:\/\/denhelder.online\/actueel\/n99-kooybrug-open-met-kerst-en-oud-en-nieuw\/"]}]},{"@type":"ImageObject","inLanguage":"de","@id":"https:\/\/denhelder.online\/actueel\/n99-kooybrug-open-met-kerst-en-oud-en-nieuw\/#primaryimage","url":"https:\/\/denhelder.online\/wp-content\/uploads\/2025\/04\/ac09957f-7e82-4ec1-9b8e-2062a84bd17a-Kooybrug_15-12-2024_1920x1080.jpg","contentUrl":"https:\/\/denhelder.online\/wp-content\/uploads\/2025\/04\/ac09957f-7e82-4ec1-9b8e-2062a84bd17a-Kooybrug_15-12-2024_1920x1080.jpg","width":1920,"height":1080,"caption":"Werkzaamheden aan de Kooybrug"},{"@type":"BreadcrumbList","@id":"https:\/\/denhelder.online\/actueel\/n99-kooybrug-open-met-kerst-en-oud-en-nieuw\/#breadcrumb","itemListElement":[{"@type":"ListItem","position":1,"name":"Home","item":"https:\/\/denhelder.online\/"},{"@type":"ListItem","position":2,"name":"Actueel","item":"https:\/\/denhelder.online\/en\/current\/"},{"@type":"ListItem","position":3,"name":"N99: Kooybrug open met kerst en oud en nieuw"}]},{"@type":"WebSite","@id":"https:\/\/denhelder.online\/#website","url":"https:\/\/denhelder.online\/","name":"Den Helder Online","description":"Erleben Sie Den Helder","publisher":{"@id":"https:\/\/denhelder.online\/#organization"},"potentialAction":[{"@type":"SearchAction","target":{"@type":"EntryPoint","urlTemplate":"https:\/\/denhelder.online\/?s={search_term_string}"},"query-input":{"@type":"PropertyValueSpecification","valueRequired":true,"valueName":"search_term_string"}}],"inLanguage":"de"},{"@type":"Organization","@id":"https:\/\/denhelder.online\/#organization","name":"Den Helder Online","url":"https:\/\/denhelder.online\/","logo":{"@type":"ImageObject","inLanguage":"de","@id":"https:\/\/denhelder.online\/#\/schema\/logo\/image\/","url":"https:\/\/denhelder.online\/wp-content\/uploads\/2021\/12\/DitIsDH-Logo-26-tagline.svg","contentUrl":"https:\/\/denhelder.online\/wp-content\/uploads\/2021\/12\/DitIsDH-Logo-26-tagline.svg","width":1717.0999999999999,"height":934.89999999999998,"caption":"Den Helder Online"},"image":{"@id":"https:\/\/denhelder.online\/#\/schema\/logo\/image\/"}}]}},"_links":{"self":[{"href":"https:\/\/denhelder.online\/de\/wp-json\/wp\/v2\/actueel\/11049","targetHints":{"allow":["GET"]}}],"collection":[{"href":"https:\/\/denhelder.online\/de\/wp-json\/wp\/v2\/actueel"}],"about":[{"href":"https:\/\/denhelder.online\/de\/wp-json\/wp\/v2\/types\/actueel"}],"author":[{"embeddable":true,"href":"https:\/\/denhelder.online\/de\/wp-json\/wp\/v2\/users\/4"}],"wp:featuredmedia":[{"embeddable":true,"href":"https:\/\/denhelder.online\/de\/wp-json\/wp\/v2\/media\/11050"}],"wp:attachment":[{"href":"https:\/\/denhelder.online\/de\/wp-json\/wp\/v2\/media?parent=11049"}],"wp:term":[{"taxonomy":"doelgroep","embeddable":true,"href":"https:\/\/denhelder.online\/de\/wp-json\/wp\/v2\/doelgroep?post=11049"}],"curies":[{"name":"wp","href":"https:\/\/api.w.org\/{rel}","templated":true}]}}