{"id":11065,"date":"2024-08-30T11:49:00","date_gmt":"2024-08-30T09:49:00","guid":{"rendered":"https:\/\/denhelder.online\/?post_type=actueel&#038;p=11065"},"modified":"2025-04-30T11:49:09","modified_gmt":"2025-04-30T09:49:09","slug":"kostenloser-kurs-uber-politische-aktivitaten-fur-einwohner-von-den-helder","status":"publish","type":"actueel","link":"https:\/\/denhelder.online\/de\/actueel\/gratis-cursus-politiek-actief-voor-inwoners-van-den-helder\/","title":{"rendered":"Kostenloser Kurs zur politischen Aktivit\u00e4t f\u00fcr Bewohner von Den Helder"},"content":{"rendered":"<p><em><strong>Der Kurs \u201ePolitisch aktiv in der Gemeinde Den Helder\u201c beginnt am Mittwoch, den 12. M\u00e4rz 2025.<\/strong><\/em><br \/>\n<em><strong>Der Kurs richtet sich an alle, die mehr \u00fcber die Gemeinde erfahren m\u00f6chten. Der Kurs ist au\u00dferdem sehr<\/strong><\/em><br \/>\n<em><strong>geeignet f\u00fcr alle, die sich politisch engagieren m\u00f6chten, aber noch nicht genau<\/strong><\/em><br \/>\n<em><strong>Informieren Sie sich \u00fcber die M\u00f6glichkeiten. Die Teilnahme ist v\u00f6llig kostenlos.<\/strong><\/em><\/p>\n<p><strong>Was k\u00f6nnen die Teilnehmer erwarten?<\/strong><\/p>\n<p>Welche Aufgaben hat die Gemeinde? Welche Stellung hat die Gemeinde in der niederl\u00e4ndischen Regierung? Wie funktioniert die Gemeinde?<br \/>\nWie werden Entscheidungen in der Gemeinde getroffen? Was macht ein Gemeinderatsmitglied? Diese und weitere Fragen werden beantwortet!<br \/>\nDie Kursteilnehmer beantworten die Fragen. Au\u00dferdem gibt es ein Debattiertraining und Treffen mit<br \/>\nPolitiker und Verwaltungsangestellte der Gemeinde. Auf diese Weise sammeln die Teilnehmer praktische Erfahrungen und werden geschult.<br \/>\nsie erwerben n\u00fctzliche F\u00e4higkeiten. Schlie\u00dflich besuchen die Teilnehmer eine Stadtratssitzung und<br \/>\nSie erhalten eine Urkunde von B\u00fcrgermeister Jan de Boer.<\/p>\n<p><strong>Programm- und Kurstermine<\/strong><\/p>\n<p>Der Kurs umfasst sechs Treffen an folgenden Terminen:<br \/>\nMittwoch, 12. M\u00e4rz, 19:30 Uhr bis 21:30 Uhr<br \/>\nMittwoch, 19. M\u00e4rz, 19:30 Uhr bis 21:30 Uhr<br \/>\nMittwoch, 26. M\u00e4rz, 19:30 Uhr bis 21:30 Uhr<br \/>\nMittwoch, 2. April, 19:30 Uhr bis 21:30 Uhr<br \/>\nMittwoch, 9. April, 19:30 Uhr bis 21:30 Uhr<br \/>\nDienstag, 22. April, ab 18:00 Uhr<\/p>\n<p>Die Treffen finden im Rathaus (Geb\u00e4ude 66) in Willemsoord statt.<\/p>\n<p><strong>Organisation<\/strong><\/p>\n<p>Die Gemeinde Den Helder organisiert in Zusammenarbeit mit ProDemos den Kurs \u201ePolitisch aktiv\u201c.<br \/>\nHaus f\u00fcr Demokratie und Rechtsstaatlichkeit. Weitere Informationen zu ProDemos finden Sie unter: www.prodemos.nl.<br \/>\nMehr erfahren und anmelden<\/p>\n<p>Insgesamt k\u00f6nnen drei\u00dfig Personen teilnehmen. Die Anmeldung f\u00fcr diesen kostenlosen Kurs ist bis zum 26. Februar m\u00f6glich.<br \/>\nper E-Mail an griffie@denhelder.nl oder telefonisch unter 0223-678105. Bei der Anmeldung ben\u00f6tigen wir Ihre Daten.<br \/>\nMotivation zur Teilnahme. Nach der Teilnahmebest\u00e4tigung rechnen wir mit der Anwesenheit: Teilnahme ist<br \/>\nkostenlos, aber nicht ohne Verpflichtung.<\/p>","protected":false},"excerpt":{"rendered":"<p>Der Kurs \u201ePolitisch aktiv in der Gemeinde Den Helder\u201c beginnt am Mittwoch, den 12. M\u00e4rz 2025.<br \/>\nDer Kurs richtet sich an alle, die mehr \u00fcber die Gemeinde erfahren m\u00f6chten. Der Kurs ist au\u00dferdem sehr<br \/>\ngeeignet f\u00fcr alle, die sich politisch engagieren m\u00f6chten, aber noch nicht genau<br \/>\nInformieren Sie sich \u00fcber die M\u00f6glichkeiten. Die Teilnahme ist v\u00f6llig kostenlos.<\/p>","protected":false},"author":4,"featured_media":11066,"template":"","doelgroep":[6027],"class_list":["post-11065","actueel","type-actueel","status-publish","has-post-thumbnail","hentry","elementor_library_category-activiteiten","doelgroep-inwoner"],"yoast_head":"<!-- This site is optimized with the Yoast SEO Premium plugin v24.7 (Yoast SEO v27.5) - https:\/\/yoast.com\/product\/yoast-seo-premium-wordpress\/ -->\n<title>Gratis cursus Politiek Actief voor inwoners van Den Helder - Den Helder Online<\/title>\n<meta name=\"robots\" content=\"index, follow, max-snippet:-1, max-image-preview:large, max-video-preview:-1\" \/>\n<link rel=\"canonical\" href=\"https:\/\/denhelder.online\/de\/aktuell\/kostenloser-kurs-uber-politische-aktivitaten-fur-einwohner-von-den-helder\/\" \/>\n<meta property=\"og:locale\" content=\"de_DE\" \/>\n<meta property=\"og:type\" content=\"article\" \/>\n<meta property=\"og:title\" content=\"Gratis cursus Politiek Actief voor inwoners van Den Helder\" \/>\n<meta property=\"og:description\" content=\"Op woensdag 12 maart 2025 start de cursus Politiek Actief in de gemeente Den Helder. De cursus is bedoeld voor iedereen die meer wil weten over de gemeente. Ook is de cursus zeer geschikt voor iedereen die interesse heeft om politiek actief te worden, maar nog niet precies weet wat de mogelijkheden zijn. Deelname is geheel gratis.\" \/>\n<meta property=\"og:url\" content=\"https:\/\/denhelder.online\/de\/aktuell\/kostenloser-kurs-uber-politische-aktivitaten-fur-einwohner-von-den-helder\/\" \/>\n<meta property=\"og:site_name\" content=\"Den Helder Online\" \/>\n<meta property=\"article:modified_time\" content=\"2025-04-30T09:49:09+00:00\" \/>\n<meta property=\"og:image\" content=\"https:\/\/denhelder.online\/wp-content\/uploads\/2025\/04\/a16244af-4f2c-4958-9067-a3947db86985-DSC00852_1920x1080.jpg\" \/>\n\t<meta property=\"og:image:width\" content=\"1920\" \/>\n\t<meta property=\"og:image:height\" content=\"1080\" \/>\n\t<meta property=\"og:image:type\" content=\"image\/jpeg\" \/>\n<meta name=\"twitter:card\" content=\"summary_large_image\" \/>\n<meta name=\"twitter:label1\" content=\"Gesch\u00e4tzte Lesezeit\" \/>\n\t<meta name=\"twitter:data1\" content=\"2\u00a0Minuten\" \/>\n<script type=\"application\/ld+json\" class=\"yoast-schema-graph\">{\"@context\":\"https:\\\/\\\/schema.org\",\"@graph\":[{\"@type\":\"WebPage\",\"@id\":\"https:\\\/\\\/denhelder.online\\\/actueel\\\/gratis-cursus-politiek-actief-voor-inwoners-van-den-helder\\\/\",\"url\":\"https:\\\/\\\/denhelder.online\\\/actueel\\\/gratis-cursus-politiek-actief-voor-inwoners-van-den-helder\\\/\",\"name\":\"Gratis cursus Politiek Actief voor inwoners van Den Helder - Den Helder Online\",\"isPartOf\":{\"@id\":\"https:\\\/\\\/denhelder.online\\\/#website\"},\"primaryImageOfPage\":{\"@id\":\"https:\\\/\\\/denhelder.online\\\/actueel\\\/gratis-cursus-politiek-actief-voor-inwoners-van-den-helder\\\/#primaryimage\"},\"image\":{\"@id\":\"https:\\\/\\\/denhelder.online\\\/actueel\\\/gratis-cursus-politiek-actief-voor-inwoners-van-den-helder\\\/#primaryimage\"},\"thumbnailUrl\":\"https:\\\/\\\/denhelder.online\\\/wp-content\\\/uploads\\\/2025\\\/04\\\/a16244af-4f2c-4958-9067-a3947db86985-DSC00852_1920x1080.jpg\",\"datePublished\":\"2024-08-30T09:49:00+00:00\",\"dateModified\":\"2025-04-30T09:49:09+00:00\",\"breadcrumb\":{\"@id\":\"https:\\\/\\\/denhelder.online\\\/actueel\\\/gratis-cursus-politiek-actief-voor-inwoners-van-den-helder\\\/#breadcrumb\"},\"inLanguage\":\"de\",\"potentialAction\":[{\"@type\":\"ReadAction\",\"target\":[\"https:\\\/\\\/denhelder.online\\\/actueel\\\/gratis-cursus-politiek-actief-voor-inwoners-van-den-helder\\\/\"]}]},{\"@type\":\"ImageObject\",\"inLanguage\":\"de\",\"@id\":\"https:\\\/\\\/denhelder.online\\\/actueel\\\/gratis-cursus-politiek-actief-voor-inwoners-van-den-helder\\\/#primaryimage\",\"url\":\"https:\\\/\\\/denhelder.online\\\/wp-content\\\/uploads\\\/2025\\\/04\\\/a16244af-4f2c-4958-9067-a3947db86985-DSC00852_1920x1080.jpg\",\"contentUrl\":\"https:\\\/\\\/denhelder.online\\\/wp-content\\\/uploads\\\/2025\\\/04\\\/a16244af-4f2c-4958-9067-a3947db86985-DSC00852_1920x1080.jpg\",\"width\":1920,\"height\":1080,\"caption\":\"Burgemeester Jan de Boer spreekt raadsleden van de toekomst toe tijdens een politieke cursus\"},{\"@type\":\"BreadcrumbList\",\"@id\":\"https:\\\/\\\/denhelder.online\\\/actueel\\\/gratis-cursus-politiek-actief-voor-inwoners-van-den-helder\\\/#breadcrumb\",\"itemListElement\":[{\"@type\":\"ListItem\",\"position\":1,\"name\":\"Home\",\"item\":\"https:\\\/\\\/denhelder.online\\\/\"},{\"@type\":\"ListItem\",\"position\":2,\"name\":\"Actueel\",\"item\":\"https:\\\/\\\/denhelder.online\\\/en\\\/current\\\/\"},{\"@type\":\"ListItem\",\"position\":3,\"name\":\"Gratis cursus Politiek Actief voor inwoners van Den Helder\"}]},{\"@type\":\"WebSite\",\"@id\":\"https:\\\/\\\/denhelder.online\\\/#website\",\"url\":\"https:\\\/\\\/denhelder.online\\\/\",\"name\":\"Den Helder Online\",\"description\":\"Beleef Den Helder\",\"publisher\":{\"@id\":\"https:\\\/\\\/denhelder.online\\\/#organization\"},\"potentialAction\":[{\"@type\":\"SearchAction\",\"target\":{\"@type\":\"EntryPoint\",\"urlTemplate\":\"https:\\\/\\\/denhelder.online\\\/?s={search_term_string}\"},\"query-input\":{\"@type\":\"PropertyValueSpecification\",\"valueRequired\":true,\"valueName\":\"search_term_string\"}}],\"inLanguage\":\"de\"},{\"@type\":\"Organization\",\"@id\":\"https:\\\/\\\/denhelder.online\\\/#organization\",\"name\":\"Den Helder Online\",\"url\":\"https:\\\/\\\/denhelder.online\\\/\",\"logo\":{\"@type\":\"ImageObject\",\"inLanguage\":\"de\",\"@id\":\"https:\\\/\\\/denhelder.online\\\/#\\\/schema\\\/logo\\\/image\\\/\",\"url\":\"https:\\\/\\\/denhelder.online\\\/wp-content\\\/uploads\\\/2021\\\/12\\\/DitIsDH-Logo-26-tagline.svg\",\"contentUrl\":\"https:\\\/\\\/denhelder.online\\\/wp-content\\\/uploads\\\/2021\\\/12\\\/DitIsDH-Logo-26-tagline.svg\",\"width\":1717.0999999999999,\"height\":934.89999999999998,\"caption\":\"Den Helder Online\"},\"image\":{\"@id\":\"https:\\\/\\\/denhelder.online\\\/#\\\/schema\\\/logo\\\/image\\\/\"}}]}<\/script>\n<!-- \/ Yoast SEO Premium plugin. -->","yoast_head_json":{"title":"Kostenloser Kurs f\u00fcr politisch Aktive f\u00fcr Einwohner von Den Helder \u2013 Den Helder Online","robots":{"index":"index","follow":"follow","max-snippet":"max-snippet:-1","max-image-preview":"max-image-preview:large","max-video-preview":"max-video-preview:-1"},"canonical":"https:\/\/denhelder.online\/de\/aktuell\/kostenloser-kurs-uber-politische-aktivitaten-fur-einwohner-von-den-helder\/","og_locale":"de_DE","og_type":"article","og_title":"Gratis cursus Politiek Actief voor inwoners van Den Helder","og_description":"Op woensdag 12 maart 2025 start de cursus Politiek Actief in de gemeente Den Helder. De cursus is bedoeld voor iedereen die meer wil weten over de gemeente. Ook is de cursus zeer geschikt voor iedereen die interesse heeft om politiek actief te worden, maar nog niet precies weet wat de mogelijkheden zijn. Deelname is geheel gratis.","og_url":"https:\/\/denhelder.online\/de\/aktuell\/kostenloser-kurs-uber-politische-aktivitaten-fur-einwohner-von-den-helder\/","og_site_name":"Den Helder Online","article_modified_time":"2025-04-30T09:49:09+00:00","og_image":[{"width":1920,"height":1080,"url":"https:\/\/denhelder.online\/wp-content\/uploads\/2025\/04\/a16244af-4f2c-4958-9067-a3947db86985-DSC00852_1920x1080.jpg","type":"image\/jpeg"}],"twitter_card":"summary_large_image","twitter_misc":{"Gesch\u00e4tzte Lesezeit":"2\u00a0Minuten"},"schema":{"@context":"https:\/\/schema.org","@graph":[{"@type":"WebPage","@id":"https:\/\/denhelder.online\/actueel\/gratis-cursus-politiek-actief-voor-inwoners-van-den-helder\/","url":"https:\/\/denhelder.online\/actueel\/gratis-cursus-politiek-actief-voor-inwoners-van-den-helder\/","name":"Kostenloser Kurs f\u00fcr politisch Aktive f\u00fcr Einwohner von Den Helder \u2013 Den Helder Online","isPartOf":{"@id":"https:\/\/denhelder.online\/#website"},"primaryImageOfPage":{"@id":"https:\/\/denhelder.online\/actueel\/gratis-cursus-politiek-actief-voor-inwoners-van-den-helder\/#primaryimage"},"image":{"@id":"https:\/\/denhelder.online\/actueel\/gratis-cursus-politiek-actief-voor-inwoners-van-den-helder\/#primaryimage"},"thumbnailUrl":"https:\/\/denhelder.online\/wp-content\/uploads\/2025\/04\/a16244af-4f2c-4958-9067-a3947db86985-DSC00852_1920x1080.jpg","datePublished":"2024-08-30T09:49:00+00:00","dateModified":"2025-04-30T09:49:09+00:00","breadcrumb":{"@id":"https:\/\/denhelder.online\/actueel\/gratis-cursus-politiek-actief-voor-inwoners-van-den-helder\/#breadcrumb"},"inLanguage":"de","potentialAction":[{"@type":"ReadAction","target":["https:\/\/denhelder.online\/actueel\/gratis-cursus-politiek-actief-voor-inwoners-van-den-helder\/"]}]},{"@type":"ImageObject","inLanguage":"de","@id":"https:\/\/denhelder.online\/actueel\/gratis-cursus-politiek-actief-voor-inwoners-van-den-helder\/#primaryimage","url":"https:\/\/denhelder.online\/wp-content\/uploads\/2025\/04\/a16244af-4f2c-4958-9067-a3947db86985-DSC00852_1920x1080.jpg","contentUrl":"https:\/\/denhelder.online\/wp-content\/uploads\/2025\/04\/a16244af-4f2c-4958-9067-a3947db86985-DSC00852_1920x1080.jpg","width":1920,"height":1080,"caption":"Burgemeester Jan de Boer spreekt raadsleden van de toekomst toe tijdens een politieke cursus"},{"@type":"BreadcrumbList","@id":"https:\/\/denhelder.online\/actueel\/gratis-cursus-politiek-actief-voor-inwoners-van-den-helder\/#breadcrumb","itemListElement":[{"@type":"ListItem","position":1,"name":"Home","item":"https:\/\/denhelder.online\/"},{"@type":"ListItem","position":2,"name":"Actueel","item":"https:\/\/denhelder.online\/en\/current\/"},{"@type":"ListItem","position":3,"name":"Gratis cursus Politiek Actief voor inwoners van Den Helder"}]},{"@type":"WebSite","@id":"https:\/\/denhelder.online\/#website","url":"https:\/\/denhelder.online\/","name":"Den Helder Online","description":"Erleben Sie Den Helder","publisher":{"@id":"https:\/\/denhelder.online\/#organization"},"potentialAction":[{"@type":"SearchAction","target":{"@type":"EntryPoint","urlTemplate":"https:\/\/denhelder.online\/?s={search_term_string}"},"query-input":{"@type":"PropertyValueSpecification","valueRequired":true,"valueName":"search_term_string"}}],"inLanguage":"de"},{"@type":"Organization","@id":"https:\/\/denhelder.online\/#organization","name":"Den Helder Online","url":"https:\/\/denhelder.online\/","logo":{"@type":"ImageObject","inLanguage":"de","@id":"https:\/\/denhelder.online\/#\/schema\/logo\/image\/","url":"https:\/\/denhelder.online\/wp-content\/uploads\/2021\/12\/DitIsDH-Logo-26-tagline.svg","contentUrl":"https:\/\/denhelder.online\/wp-content\/uploads\/2021\/12\/DitIsDH-Logo-26-tagline.svg","width":1717.0999999999999,"height":934.89999999999998,"caption":"Den Helder Online"},"image":{"@id":"https:\/\/denhelder.online\/#\/schema\/logo\/image\/"}}]}},"_links":{"self":[{"href":"https:\/\/denhelder.online\/de\/wp-json\/wp\/v2\/actueel\/11065","targetHints":{"allow":["GET"]}}],"collection":[{"href":"https:\/\/denhelder.online\/de\/wp-json\/wp\/v2\/actueel"}],"about":[{"href":"https:\/\/denhelder.online\/de\/wp-json\/wp\/v2\/types\/actueel"}],"author":[{"embeddable":true,"href":"https:\/\/denhelder.online\/de\/wp-json\/wp\/v2\/users\/4"}],"wp:featuredmedia":[{"embeddable":true,"href":"https:\/\/denhelder.online\/de\/wp-json\/wp\/v2\/media\/11066"}],"wp:attachment":[{"href":"https:\/\/denhelder.online\/de\/wp-json\/wp\/v2\/media?parent=11065"}],"wp:term":[{"taxonomy":"doelgroep","embeddable":true,"href":"https:\/\/denhelder.online\/de\/wp-json\/wp\/v2\/doelgroep?post=11065"}],"curies":[{"name":"wp","href":"https:\/\/api.w.org\/{rel}","templated":true}]}}