{"id":11086,"date":"2025-02-15T13:29:30","date_gmt":"2025-02-15T12:29:30","guid":{"rendered":"https:\/\/denhelder.online\/?post_type=actueel&#038;p=11086"},"modified":"2025-04-30T13:42:46","modified_gmt":"2025-04-30T11:42:46","slug":"spark-und-die-present-foundation-engagieren-sich-gemeinsam-fur-eine-kontextreiche-und-sinnvolle-bildung","status":"publish","type":"actueel","link":"https:\/\/denhelder.online\/de\/actueel\/vonk-en-stichting-present-zetten-zich-samen-in-voor-contextrijk-en-betekenisvol-onderwijs\/","title":{"rendered":"Vonk und Stichting Present engagieren sich gemeinsam f\u00fcr eine kontextreiche und sinnvolle Bildung."},"content":{"rendered":"<div id=\"next-section\" class=\"detail-page\">\n<section class=\"\">\n<div class=\"container\">\n<div class=\"single-m-dec\">\n<div class=\"s-left s-full\">\n<div class=\"row justify-content-center\">\n<div class=\"col-sm-10 post-body\">\n<div class=\"row\">\n<div class=\"col-sm-12\">\n<p><strong>S<em>Gemeinsam schlagen wir eine Br\u00fccke zwischen Menschen, die etwas anzubieten haben, und Menschen, denen geholfen werden kann.<\/em><\/strong><\/p>\n<p>Vonk, Stichting Present Den Helder und Texel sind stolz auf ihre Zusammenarbeit. Sie haben diese Partnerschaft durch die Unterzeichnung eines Kooperationsvertrags formalisiert. Im Mittelpunkt der Zusammenarbeit steht eine kontextreiche und sinnstiftende Bildung.<\/p>\n<p>Seit zwei Jahren arbeitet die Sozialabteilung von Vonk mit der Stiftung Present Den Helder und Texel im Rahmen eines projektbasierten Lernprojekts zusammen. Studierende der Studieng\u00e4nge Sozialwesen und Soziale Arbeit sammeln dabei praktische Erfahrungen. Im ersten Studienjahr besuchen Gruppen von Studierenden einmal w\u00f6chentlich verschiedene Zielgruppen \u2013 sei es in Organisationen, Institutionen, Einrichtungen f\u00fcr betreutes Wohnen oder in betreuten Wohnanlagen. Jede Gruppe betreut etwa vier Wochen lang eine andere Zielgruppe und sammelt durch Gespr\u00e4che, Aktivit\u00e4ten und Unterst\u00fctzungsaufgaben praktische Erfahrungen. Anschlie\u00dfend wechseln die Gruppen, sodass die Studierenden ein breites Spektrum an Zielgruppen kennenlernen. Betreuer von Vonk und der Stiftung Present besuchen die Studierenden w\u00e4hrend der Projekttage und stehen in engem Kontakt mit den jeweiligen Einrichtungen. Dieser Ansatz erm\u00f6glicht es den Studierenden, die verschiedenen Zielgruppen optimal kennenzulernen und eine umfassende Ausbildung zu erhalten. Wir haben festgestellt, dass diese breite Orientierung den Studierenden hilft, fundiertere Entscheidungen hinsichtlich ihres beruflichen Werdegangs zu treffen.<\/p>\n<p>Die Einrichtungen, die die Studierenden in den letzten zwei Jahren besucht haben, sind sehr vielf\u00e4ltig. Beispiele hierf\u00fcr sind Altenpflege, Behindertenbetreuung, Fl\u00fcchtlingshilfe, Frauenh\u00e4user, Obdachlosenunterk\u00fcnfte, Einrichtungen f\u00fcr psychische Gesundheit, individuelle Projekte, Sonderp\u00e4dagogik und h\u00e4usliche Projekte. In jeder Einrichtung wird ein Gastvortrag angeboten. Dar\u00fcber hinaus finden an Schulen Gastvortr\u00e4ge verschiedener Organisationen und erfahrener Fachkr\u00e4fte statt. Auch Resilienztrainings und Stadtf\u00fchrungen durch Amsterdam werden organisiert.<\/p>\n<p>Studierende und Eltern\/Erziehungsberechtigte sch\u00e4tzen dieses Format sehr, da es die berufliche und pers\u00f6nliche Weiterentwicklung der Studierenden f\u00f6rdert. Die Studierenden geben an, einen Einblick hinter die Kulissen verschiedener Organisationen und Zielgruppen zu erhalten. Dies erm\u00f6glicht ihnen, eine fundierte Entscheidung \u00fcber ihren Praktikumsort im zweiten Studienjahr zu treffen. Sie berichten au\u00dferdem, Theorie und Praxis unmittelbar miteinander verkn\u00fcpfen zu k\u00f6nnen.<\/p>\n<p>Durch diese Kooperation binden wir Studierende in das Gemeinwesen der Region ein und ermutigen sie, einen Beitrag f\u00fcr ihre Mitmenschen zu leisten. Dies ist der Present Den Helder Foundation auf Texel sehr wichtig.\u00a0<strong><em>Wir m\u00f6chten eine Br\u00fccke bauen zwischen Menschen, die etwas anzubieten haben, und Menschen, denen geholfen werden kann.<\/em><\/strong><\/p>\n<p><strong>Gegenwart Den Helder &amp; Texel Stiftung<\/strong><\/p>\n<p>Schl\u00e4gt eine Br\u00fccke zwischen Menschen, die geben wollen, und Menschen, die empfangen wollen.<\/p>\n<p>Das Ziel ist, dass es f\u00fcr alle wieder normal wird, aufeinander Acht zu geben!<\/p>\n<p>Besuchen Sie stichtingpresent.nl\/denhelder, um herauszufinden, wie und\/oder wo Sie f\u00fcr andere etwas bewirken k\u00f6nnen.<\/p>\n<p><strong>Funke<\/strong><\/p>\n<p>Vonk bietet an 12 Standorten in Nordholland Berufsausbildungen (VMBO, MBO und Firmenschulungen) an und ist damit der f\u00fchrende Anbieter von Berufsausbildungen in der Region. Weitere Informationen finden Sie unter [Link einf\u00fcgen].\u00a0<a href=\"http:\/\/www.vonknh.nl\/\">www.vonknh.nl<\/a>\u00a0.<\/p>\n<\/div>\n<\/div>\n<\/div>\n<\/div>\n<\/div>\n<\/div>\n<\/div>\n<\/section>\n<\/div>\n<div class=\"clearfix\"><\/div>\n<section class=\"newsletter\">\n<div class=\"container\">\n<div class=\"col-sm-12\"><\/div>\n<\/div>\n<\/section>","protected":false},"excerpt":{"rendered":"<p>Vonk, Stichting Present Den Helder und Texel sind stolz auf ihre Zusammenarbeit. Sie haben diese Partnerschaft durch die Unterzeichnung eines Kooperationsvertrags formalisiert. Im Mittelpunkt der Zusammenarbeit steht eine kontextreiche und sinnstiftende Bildung.<\/p>","protected":false},"author":4,"featured_media":11087,"template":"","doelgroep":[6027,6028],"class_list":["post-11086","actueel","type-actueel","status-publish","has-post-thumbnail","hentry","elementor_library_category-cultuur","doelgroep-inwoner","doelgroep-inwoner-regio"],"yoast_head":"<!-- This site is optimized with the Yoast SEO Premium plugin v24.7 (Yoast SEO v27.5) - https:\/\/yoast.com\/product\/yoast-seo-premium-wordpress\/ -->\n<title>Vonk en Stichting Present zetten zich samen in voor contextrijk en betekenisvol onderwijs. - Den Helder Online<\/title>\n<meta name=\"robots\" content=\"index, follow, max-snippet:-1, max-image-preview:large, max-video-preview:-1\" \/>\n<link rel=\"canonical\" href=\"https:\/\/denhelder.online\/de\/aktuell\/spark-und-die-present-foundation-engagieren-sich-gemeinsam-fur-eine-kontextreiche-und-sinnvolle-bildung\/\" \/>\n<meta property=\"og:locale\" content=\"de_DE\" \/>\n<meta property=\"og:type\" content=\"article\" \/>\n<meta property=\"og:title\" content=\"Vonk en Stichting Present zetten zich samen in voor contextrijk en betekenisvol onderwijs.\" \/>\n<meta property=\"og:description\" content=\"Zowel Vonk als Stichting Present Den Helder en Texel zijn trots op de samenwerking die zij met elkaar hebben. Deze samenwerking hebben zij bekrachtigd d.m.v. het ondertekenen van een samenwerkingsovereenkomst. De samenwerking is gericht op contextrijk en betekenisvol onderwijs.\" \/>\n<meta property=\"og:url\" content=\"https:\/\/denhelder.online\/de\/aktuell\/spark-und-die-present-foundation-engagieren-sich-gemeinsam-fur-eine-kontextreiche-und-sinnvolle-bildung\/\" \/>\n<meta property=\"og:site_name\" content=\"Den Helder Online\" \/>\n<meta property=\"article:modified_time\" content=\"2025-04-30T11:42:46+00:00\" \/>\n<meta property=\"og:image\" content=\"https:\/\/denhelder.online\/wp-content\/uploads\/2025\/04\/f750c20e-110a-4fc0-b78f-9a2c263fa1b6-Foto_studenten_Vonk_bij_Stichting_Present_1920x1080.jpg\" \/>\n\t<meta property=\"og:image:width\" content=\"1920\" \/>\n\t<meta property=\"og:image:height\" content=\"1080\" \/>\n\t<meta property=\"og:image:type\" content=\"image\/jpeg\" \/>\n<meta name=\"twitter:card\" content=\"summary_large_image\" \/>\n<meta name=\"twitter:label1\" content=\"Gesch\u00e4tzte Lesezeit\" \/>\n\t<meta name=\"twitter:data1\" content=\"3\u00a0Minuten\" \/>\n<script type=\"application\/ld+json\" class=\"yoast-schema-graph\">{\"@context\":\"https:\\\/\\\/schema.org\",\"@graph\":[{\"@type\":\"WebPage\",\"@id\":\"https:\\\/\\\/denhelder.online\\\/actueel\\\/vonk-en-stichting-present-zetten-zich-samen-in-voor-contextrijk-en-betekenisvol-onderwijs\\\/\",\"url\":\"https:\\\/\\\/denhelder.online\\\/actueel\\\/vonk-en-stichting-present-zetten-zich-samen-in-voor-contextrijk-en-betekenisvol-onderwijs\\\/\",\"name\":\"Vonk en Stichting Present zetten zich samen in voor contextrijk en betekenisvol onderwijs. - Den Helder Online\",\"isPartOf\":{\"@id\":\"https:\\\/\\\/denhelder.online\\\/#website\"},\"primaryImageOfPage\":{\"@id\":\"https:\\\/\\\/denhelder.online\\\/actueel\\\/vonk-en-stichting-present-zetten-zich-samen-in-voor-contextrijk-en-betekenisvol-onderwijs\\\/#primaryimage\"},\"image\":{\"@id\":\"https:\\\/\\\/denhelder.online\\\/actueel\\\/vonk-en-stichting-present-zetten-zich-samen-in-voor-contextrijk-en-betekenisvol-onderwijs\\\/#primaryimage\"},\"thumbnailUrl\":\"https:\\\/\\\/denhelder.online\\\/wp-content\\\/uploads\\\/2025\\\/04\\\/f750c20e-110a-4fc0-b78f-9a2c263fa1b6-Foto_studenten_Vonk_bij_Stichting_Present_1920x1080.jpg\",\"datePublished\":\"2025-02-15T12:29:30+00:00\",\"dateModified\":\"2025-04-30T11:42:46+00:00\",\"breadcrumb\":{\"@id\":\"https:\\\/\\\/denhelder.online\\\/actueel\\\/vonk-en-stichting-present-zetten-zich-samen-in-voor-contextrijk-en-betekenisvol-onderwijs\\\/#breadcrumb\"},\"inLanguage\":\"de\",\"potentialAction\":[{\"@type\":\"ReadAction\",\"target\":[\"https:\\\/\\\/denhelder.online\\\/actueel\\\/vonk-en-stichting-present-zetten-zich-samen-in-voor-contextrijk-en-betekenisvol-onderwijs\\\/\"]}]},{\"@type\":\"ImageObject\",\"inLanguage\":\"de\",\"@id\":\"https:\\\/\\\/denhelder.online\\\/actueel\\\/vonk-en-stichting-present-zetten-zich-samen-in-voor-contextrijk-en-betekenisvol-onderwijs\\\/#primaryimage\",\"url\":\"https:\\\/\\\/denhelder.online\\\/wp-content\\\/uploads\\\/2025\\\/04\\\/f750c20e-110a-4fc0-b78f-9a2c263fa1b6-Foto_studenten_Vonk_bij_Stichting_Present_1920x1080.jpg\",\"contentUrl\":\"https:\\\/\\\/denhelder.online\\\/wp-content\\\/uploads\\\/2025\\\/04\\\/f750c20e-110a-4fc0-b78f-9a2c263fa1b6-Foto_studenten_Vonk_bij_Stichting_Present_1920x1080.jpg\",\"width\":1920,\"height\":1080,\"caption\":\"Leerlingen van twee scholengemeenschappen bundelen krachten\"},{\"@type\":\"BreadcrumbList\",\"@id\":\"https:\\\/\\\/denhelder.online\\\/actueel\\\/vonk-en-stichting-present-zetten-zich-samen-in-voor-contextrijk-en-betekenisvol-onderwijs\\\/#breadcrumb\",\"itemListElement\":[{\"@type\":\"ListItem\",\"position\":1,\"name\":\"Home\",\"item\":\"https:\\\/\\\/denhelder.online\\\/\"},{\"@type\":\"ListItem\",\"position\":2,\"name\":\"Actueel\",\"item\":\"https:\\\/\\\/denhelder.online\\\/en\\\/current\\\/\"},{\"@type\":\"ListItem\",\"position\":3,\"name\":\"Vonk en Stichting Present zetten zich samen in voor contextrijk en betekenisvol onderwijs.\"}]},{\"@type\":\"WebSite\",\"@id\":\"https:\\\/\\\/denhelder.online\\\/#website\",\"url\":\"https:\\\/\\\/denhelder.online\\\/\",\"name\":\"Den Helder Online\",\"description\":\"Beleef Den Helder\",\"publisher\":{\"@id\":\"https:\\\/\\\/denhelder.online\\\/#organization\"},\"potentialAction\":[{\"@type\":\"SearchAction\",\"target\":{\"@type\":\"EntryPoint\",\"urlTemplate\":\"https:\\\/\\\/denhelder.online\\\/?s={search_term_string}\"},\"query-input\":{\"@type\":\"PropertyValueSpecification\",\"valueRequired\":true,\"valueName\":\"search_term_string\"}}],\"inLanguage\":\"de\"},{\"@type\":\"Organization\",\"@id\":\"https:\\\/\\\/denhelder.online\\\/#organization\",\"name\":\"Den Helder Online\",\"url\":\"https:\\\/\\\/denhelder.online\\\/\",\"logo\":{\"@type\":\"ImageObject\",\"inLanguage\":\"de\",\"@id\":\"https:\\\/\\\/denhelder.online\\\/#\\\/schema\\\/logo\\\/image\\\/\",\"url\":\"https:\\\/\\\/denhelder.online\\\/wp-content\\\/uploads\\\/2021\\\/12\\\/DitIsDH-Logo-26-tagline.svg\",\"contentUrl\":\"https:\\\/\\\/denhelder.online\\\/wp-content\\\/uploads\\\/2021\\\/12\\\/DitIsDH-Logo-26-tagline.svg\",\"width\":1717.0999999999999,\"height\":934.89999999999998,\"caption\":\"Den Helder Online\"},\"image\":{\"@id\":\"https:\\\/\\\/denhelder.online\\\/#\\\/schema\\\/logo\\\/image\\\/\"}}]}<\/script>\n<!-- \/ Yoast SEO Premium plugin. -->","yoast_head_json":{"title":"Vonk und Stichting Present engagieren sich gemeinsam f\u00fcr eine kontextreiche und sinnvolle Bildung. \u2013 Den Helder Online","robots":{"index":"index","follow":"follow","max-snippet":"max-snippet:-1","max-image-preview":"max-image-preview:large","max-video-preview":"max-video-preview:-1"},"canonical":"https:\/\/denhelder.online\/de\/aktuell\/spark-und-die-present-foundation-engagieren-sich-gemeinsam-fur-eine-kontextreiche-und-sinnvolle-bildung\/","og_locale":"de_DE","og_type":"article","og_title":"Vonk en Stichting Present zetten zich samen in voor contextrijk en betekenisvol onderwijs.","og_description":"Zowel Vonk als Stichting Present Den Helder en Texel zijn trots op de samenwerking die zij met elkaar hebben. Deze samenwerking hebben zij bekrachtigd d.m.v. het ondertekenen van een samenwerkingsovereenkomst. De samenwerking is gericht op contextrijk en betekenisvol onderwijs.","og_url":"https:\/\/denhelder.online\/de\/aktuell\/spark-und-die-present-foundation-engagieren-sich-gemeinsam-fur-eine-kontextreiche-und-sinnvolle-bildung\/","og_site_name":"Den Helder Online","article_modified_time":"2025-04-30T11:42:46+00:00","og_image":[{"width":1920,"height":1080,"url":"https:\/\/denhelder.online\/wp-content\/uploads\/2025\/04\/f750c20e-110a-4fc0-b78f-9a2c263fa1b6-Foto_studenten_Vonk_bij_Stichting_Present_1920x1080.jpg","type":"image\/jpeg"}],"twitter_card":"summary_large_image","twitter_misc":{"Gesch\u00e4tzte Lesezeit":"3\u00a0Minuten"},"schema":{"@context":"https:\/\/schema.org","@graph":[{"@type":"WebPage","@id":"https:\/\/denhelder.online\/actueel\/vonk-en-stichting-present-zetten-zich-samen-in-voor-contextrijk-en-betekenisvol-onderwijs\/","url":"https:\/\/denhelder.online\/actueel\/vonk-en-stichting-present-zetten-zich-samen-in-voor-contextrijk-en-betekenisvol-onderwijs\/","name":"Vonk und Stichting Present engagieren sich gemeinsam f\u00fcr eine kontextreiche und sinnvolle Bildung. \u2013 Den Helder Online","isPartOf":{"@id":"https:\/\/denhelder.online\/#website"},"primaryImageOfPage":{"@id":"https:\/\/denhelder.online\/actueel\/vonk-en-stichting-present-zetten-zich-samen-in-voor-contextrijk-en-betekenisvol-onderwijs\/#primaryimage"},"image":{"@id":"https:\/\/denhelder.online\/actueel\/vonk-en-stichting-present-zetten-zich-samen-in-voor-contextrijk-en-betekenisvol-onderwijs\/#primaryimage"},"thumbnailUrl":"https:\/\/denhelder.online\/wp-content\/uploads\/2025\/04\/f750c20e-110a-4fc0-b78f-9a2c263fa1b6-Foto_studenten_Vonk_bij_Stichting_Present_1920x1080.jpg","datePublished":"2025-02-15T12:29:30+00:00","dateModified":"2025-04-30T11:42:46+00:00","breadcrumb":{"@id":"https:\/\/denhelder.online\/actueel\/vonk-en-stichting-present-zetten-zich-samen-in-voor-contextrijk-en-betekenisvol-onderwijs\/#breadcrumb"},"inLanguage":"de","potentialAction":[{"@type":"ReadAction","target":["https:\/\/denhelder.online\/actueel\/vonk-en-stichting-present-zetten-zich-samen-in-voor-contextrijk-en-betekenisvol-onderwijs\/"]}]},{"@type":"ImageObject","inLanguage":"de","@id":"https:\/\/denhelder.online\/actueel\/vonk-en-stichting-present-zetten-zich-samen-in-voor-contextrijk-en-betekenisvol-onderwijs\/#primaryimage","url":"https:\/\/denhelder.online\/wp-content\/uploads\/2025\/04\/f750c20e-110a-4fc0-b78f-9a2c263fa1b6-Foto_studenten_Vonk_bij_Stichting_Present_1920x1080.jpg","contentUrl":"https:\/\/denhelder.online\/wp-content\/uploads\/2025\/04\/f750c20e-110a-4fc0-b78f-9a2c263fa1b6-Foto_studenten_Vonk_bij_Stichting_Present_1920x1080.jpg","width":1920,"height":1080,"caption":"Leerlingen van twee scholengemeenschappen bundelen krachten"},{"@type":"BreadcrumbList","@id":"https:\/\/denhelder.online\/actueel\/vonk-en-stichting-present-zetten-zich-samen-in-voor-contextrijk-en-betekenisvol-onderwijs\/#breadcrumb","itemListElement":[{"@type":"ListItem","position":1,"name":"Home","item":"https:\/\/denhelder.online\/"},{"@type":"ListItem","position":2,"name":"Actueel","item":"https:\/\/denhelder.online\/en\/current\/"},{"@type":"ListItem","position":3,"name":"Vonk en Stichting Present zetten zich samen in voor contextrijk en betekenisvol onderwijs."}]},{"@type":"WebSite","@id":"https:\/\/denhelder.online\/#website","url":"https:\/\/denhelder.online\/","name":"Den Helder Online","description":"Erleben Sie Den Helder","publisher":{"@id":"https:\/\/denhelder.online\/#organization"},"potentialAction":[{"@type":"SearchAction","target":{"@type":"EntryPoint","urlTemplate":"https:\/\/denhelder.online\/?s={search_term_string}"},"query-input":{"@type":"PropertyValueSpecification","valueRequired":true,"valueName":"search_term_string"}}],"inLanguage":"de"},{"@type":"Organization","@id":"https:\/\/denhelder.online\/#organization","name":"Den Helder Online","url":"https:\/\/denhelder.online\/","logo":{"@type":"ImageObject","inLanguage":"de","@id":"https:\/\/denhelder.online\/#\/schema\/logo\/image\/","url":"https:\/\/denhelder.online\/wp-content\/uploads\/2021\/12\/DitIsDH-Logo-26-tagline.svg","contentUrl":"https:\/\/denhelder.online\/wp-content\/uploads\/2021\/12\/DitIsDH-Logo-26-tagline.svg","width":1717.0999999999999,"height":934.89999999999998,"caption":"Den Helder Online"},"image":{"@id":"https:\/\/denhelder.online\/#\/schema\/logo\/image\/"}}]}},"_links":{"self":[{"href":"https:\/\/denhelder.online\/de\/wp-json\/wp\/v2\/actueel\/11086","targetHints":{"allow":["GET"]}}],"collection":[{"href":"https:\/\/denhelder.online\/de\/wp-json\/wp\/v2\/actueel"}],"about":[{"href":"https:\/\/denhelder.online\/de\/wp-json\/wp\/v2\/types\/actueel"}],"author":[{"embeddable":true,"href":"https:\/\/denhelder.online\/de\/wp-json\/wp\/v2\/users\/4"}],"wp:featuredmedia":[{"embeddable":true,"href":"https:\/\/denhelder.online\/de\/wp-json\/wp\/v2\/media\/11087"}],"wp:attachment":[{"href":"https:\/\/denhelder.online\/de\/wp-json\/wp\/v2\/media?parent=11086"}],"wp:term":[{"taxonomy":"doelgroep","embeddable":true,"href":"https:\/\/denhelder.online\/de\/wp-json\/wp\/v2\/doelgroep?post=11086"}],"curies":[{"name":"wp","href":"https:\/\/api.w.org\/{rel}","templated":true}]}}