{"id":11093,"date":"2025-04-18T13:35:37","date_gmt":"2025-04-18T11:35:37","guid":{"rendered":"https:\/\/denhelder.online\/?post_type=actueel&#038;p=11093"},"modified":"2025-04-30T13:43:16","modified_gmt":"2025-04-30T11:43:16","slug":"stadtrat-peter-de-vrij-nimmt-an-der-ersten-anwb-automatikfahrt-in-den-helder-teil","status":"publish","type":"actueel","link":"https:\/\/denhelder.online\/de\/actueel\/wethouder-peter-de-vrij-rijdt-eerste-rit-anwb-automaatje-in-den-helder\/","title":{"rendered":"Stadtrat Peter de Vrij f\u00e4hrt die erste ANWB AutoMaatje-Fahrt im Den Helder"},"content":{"rendered":"<div id=\"next-section\" class=\"detail-page\">\n<section class=\"\">\n<div class=\"container\">\n<div class=\"single-m-dec\">\n<div class=\"s-left s-full\">\n<div class=\"row justify-content-center\">\n<div class=\"col-sm-10 post-body\">\n<div class=\"row\">\n<div class=\"col-sm-12\">\n<p>Stadtrat Peter de Vrij f\u00fchrte am Montag, den 14. April, die erste Fahrt des ANWB-AutoMaatje-Projekts in der Gemeinde Den Helder durch. Dieser neue Fahrdienst verbindet Freiwillige mit Einwohnern mit eingeschr\u00e4nkter Mobilit\u00e4t und erm\u00f6glicht ihnen so die Wiedereingliederung in die Gesellschaft. ANWB AutoMaatje ist eine Initiative des ANWB in Zusammenarbeit mit Humanitas. Die Gemeinde Den Helder hat die Einf\u00fchrung unterst\u00fctzt.<\/p>\n<div><\/div>\n<div>Ein wachsendes Problem der sozialen Mobilit\u00e4t<\/div>\n<div>In den Niederlanden sind rund eine Million Menschen, darunter \u00fcber 65-J\u00e4hrige und Menschen mit gesundheitlichen Einschr\u00e4nkungen, aufgrund von Transportproblemen ans Haus gebunden. ANWB AutoMaatje bietet eine L\u00f6sung f\u00fcr diese Gruppe. Viele Menschen mit eingeschr\u00e4nkter Mobilit\u00e4t haben niemanden in ihrem Umfeld, auf den sie sich bei Transporten oder praktischer Hilfe verlassen k\u00f6nnen. Zudem stehen oft nicht gen\u00fcgend geeignete Transportm\u00f6glichkeiten zur Verf\u00fcgung. Selbst wenn jemand verf\u00fcgbar ist, kann dies eine erhebliche Belastung darstellen. ANWB AutoMaatje bietet hier Abhilfe: ein Netzwerk, in dem Freiwillige Menschen gegen eine geringe Kilometerpauschale in ihren eigenen Autos bef\u00f6rdern.<\/div>\n<div><\/div>\n<div>Wichtig f\u00fcr die soziale Teilhabe<\/div>\n<div>Stadtrat Peter de Vrij betont die Bedeutung dieser Initiative: \u201cMobilit\u00e4t ist entscheidend f\u00fcr die gesellschaftliche Teilhabe. Mit ANWB AutoMaatje stellen wir sicher, dass die Menschen nicht isoliert werden und dass sie mobil bleiben k\u00f6nnen, beispielsweise um Familie zu besuchen, Lebensmittel einzukaufen oder einen Arzttermin wahrzunehmen.\u201d<\/div>\n<div><\/div>\n<div>Ein erfolgreicher Ansatz<\/div>\n<div>Die Initiative w\u00e4chst rasant. ANWB AutoMaatje ist mittlerweile in \u00fcber 120 Gemeinden und mehr als 600 St\u00e4dten aktiv. Mit rund 4.200 Freiwilligen wurden bis 2023 fast 300.000 Fahrten f\u00fcr etwa 40.000 Menschen mit eingeschr\u00e4nkter Mobilit\u00e4t durchgef\u00fchrt. Die millionste Fahrt seit dem Start der Initiative wird f\u00fcr 2025 erwartet. Brian de Wit von Humanitas erg\u00e4nzt: \u201cWir m\u00f6chten den Menschen mit ma\u00dfgeschneiderten Transportm\u00f6glichkeiten die Chance geben, wieder mobil zu sein.\u201d<\/div>\n<div><\/div>\n<div>Weitere Informationen und Anmeldung<\/div>\n<div>Sind Sie in Ihrer Mobilit\u00e4t eingeschr\u00e4nkt und ben\u00f6tigen einen Fahrdienst? Oder m\u00f6chten Sie sich ehrenamtlich in dieser wichtigen Initiative engagieren? Dann kontaktieren Sie bitte Humanitas. Telefonisch erreichen Sie uns unter 06-51042078 (nur montags und donnerstags von 13:00 bis 17:00 Uhr). Alternativ k\u00f6nnen Sie uns eine E-Mail an automaatjedenhelder@humanitas.nl senden oder unsere Website www.humanitas.nl\/afdeling\/kop-van-noord-holland\/wat-we-doen\/automaatje\/ besuchen. Gemeinsam machen wir Mobilit\u00e4t m\u00f6glich!<\/div>\n<\/div>\n<\/div>\n<\/div>\n<\/div>\n<\/div>\n<\/div>\n<\/div>\n<\/section>\n<\/div>\n<div class=\"clearfix\"><\/div>\n<section class=\"newsletter\">\n<div class=\"container\">\n<div class=\"col-sm-12\"><\/div>\n<\/div>\n<\/section>","protected":false},"excerpt":{"rendered":"<p>Stadtrat Peter de Vrij f\u00fchrte am Montag, den 14. April, die erste Fahrt des ANWB-AutoMaatje-Projekts in der Gemeinde Den Helder durch. Dieser neue Fahrdienst verbindet Freiwillige mit Einwohnern mit eingeschr\u00e4nkter Mobilit\u00e4t und erm\u00f6glicht ihnen so die Wiedereingliederung in die Gesellschaft. ANWB AutoMaatje ist eine Initiative des ANWB in Zusammenarbeit mit Humanitas. Die Gemeinde Den Helder hat die Einf\u00fchrung unterst\u00fctzt.\u00a0<\/p>","protected":false},"author":4,"featured_media":11094,"template":"","doelgroep":[6027],"class_list":["post-11093","actueel","type-actueel","status-publish","has-post-thumbnail","hentry","elementor_library_category-activiteiten","doelgroep-inwoner"],"yoast_head":"<!-- This site is optimized with the Yoast SEO Premium plugin v24.7 (Yoast SEO v27.5) - https:\/\/yoast.com\/product\/yoast-seo-premium-wordpress\/ -->\n<title>Wethouder Peter de Vrij rijdt eerste rit ANWB AutoMaatje in Den Helder - Den Helder Online<\/title>\n<meta name=\"robots\" content=\"index, follow, max-snippet:-1, max-image-preview:large, max-video-preview:-1\" \/>\n<link rel=\"canonical\" href=\"https:\/\/denhelder.online\/de\/aktuell\/stadtrat-peter-de-vrij-nimmt-an-der-ersten-anwb-automatikfahrt-in-den-helder-teil\/\" \/>\n<meta property=\"og:locale\" content=\"de_DE\" \/>\n<meta property=\"og:type\" content=\"article\" \/>\n<meta property=\"og:title\" content=\"Wethouder Peter de Vrij rijdt eerste rit ANWB AutoMaatje in Den Helder\" \/>\n<meta property=\"og:description\" content=\"Wethouder Peter de Vrij heeft maandag 14 april de eerste rit gereden van ANWB AutoMaatje in de gemeente Den Helder. Een nieuwe vervoersservice die vrijwilligers koppelt aan minder mobiele inwoners, zodat zij weer deel kunnen nemen aan de samenleving. ANWB AutoMaatje is een initiatief van de ANWB in samenwerking met Humanitas. De gemeente Den Helder heeft een bijdrage geleverd aan de opstart.\u00a0\" \/>\n<meta property=\"og:url\" content=\"https:\/\/denhelder.online\/de\/aktuell\/stadtrat-peter-de-vrij-nimmt-an-der-ersten-anwb-automatikfahrt-in-den-helder-teil\/\" \/>\n<meta property=\"og:site_name\" content=\"Den Helder Online\" \/>\n<meta property=\"article:modified_time\" content=\"2025-04-30T11:43:16+00:00\" \/>\n<meta property=\"og:image\" content=\"https:\/\/denhelder.online\/wp-content\/uploads\/2025\/04\/5695e293-b8e7-4dd1-b810-d4abc2569cee-AutoMaatje_1920x1080.jpg\" \/>\n\t<meta property=\"og:image:width\" content=\"1920\" \/>\n\t<meta property=\"og:image:height\" content=\"1080\" \/>\n\t<meta property=\"og:image:type\" content=\"image\/jpeg\" \/>\n<meta name=\"twitter:card\" content=\"summary_large_image\" \/>\n<meta name=\"twitter:label1\" content=\"Gesch\u00e4tzte Lesezeit\" \/>\n\t<meta name=\"twitter:data1\" content=\"2\u00a0Minuten\" \/>\n<script type=\"application\/ld+json\" class=\"yoast-schema-graph\">{\"@context\":\"https:\\\/\\\/schema.org\",\"@graph\":[{\"@type\":\"WebPage\",\"@id\":\"https:\\\/\\\/denhelder.online\\\/actueel\\\/wethouder-peter-de-vrij-rijdt-eerste-rit-anwb-automaatje-in-den-helder\\\/\",\"url\":\"https:\\\/\\\/denhelder.online\\\/actueel\\\/wethouder-peter-de-vrij-rijdt-eerste-rit-anwb-automaatje-in-den-helder\\\/\",\"name\":\"Wethouder Peter de Vrij rijdt eerste rit ANWB AutoMaatje in Den Helder - Den Helder Online\",\"isPartOf\":{\"@id\":\"https:\\\/\\\/denhelder.online\\\/#website\"},\"primaryImageOfPage\":{\"@id\":\"https:\\\/\\\/denhelder.online\\\/actueel\\\/wethouder-peter-de-vrij-rijdt-eerste-rit-anwb-automaatje-in-den-helder\\\/#primaryimage\"},\"image\":{\"@id\":\"https:\\\/\\\/denhelder.online\\\/actueel\\\/wethouder-peter-de-vrij-rijdt-eerste-rit-anwb-automaatje-in-den-helder\\\/#primaryimage\"},\"thumbnailUrl\":\"https:\\\/\\\/denhelder.online\\\/wp-content\\\/uploads\\\/2025\\\/04\\\/5695e293-b8e7-4dd1-b810-d4abc2569cee-AutoMaatje_1920x1080.jpg\",\"datePublished\":\"2025-04-18T11:35:37+00:00\",\"dateModified\":\"2025-04-30T11:43:16+00:00\",\"breadcrumb\":{\"@id\":\"https:\\\/\\\/denhelder.online\\\/actueel\\\/wethouder-peter-de-vrij-rijdt-eerste-rit-anwb-automaatje-in-den-helder\\\/#breadcrumb\"},\"inLanguage\":\"de\",\"potentialAction\":[{\"@type\":\"ReadAction\",\"target\":[\"https:\\\/\\\/denhelder.online\\\/actueel\\\/wethouder-peter-de-vrij-rijdt-eerste-rit-anwb-automaatje-in-den-helder\\\/\"]}]},{\"@type\":\"ImageObject\",\"inLanguage\":\"de\",\"@id\":\"https:\\\/\\\/denhelder.online\\\/actueel\\\/wethouder-peter-de-vrij-rijdt-eerste-rit-anwb-automaatje-in-den-helder\\\/#primaryimage\",\"url\":\"https:\\\/\\\/denhelder.online\\\/wp-content\\\/uploads\\\/2025\\\/04\\\/5695e293-b8e7-4dd1-b810-d4abc2569cee-AutoMaatje_1920x1080.jpg\",\"contentUrl\":\"https:\\\/\\\/denhelder.online\\\/wp-content\\\/uploads\\\/2025\\\/04\\\/5695e293-b8e7-4dd1-b810-d4abc2569cee-AutoMaatje_1920x1080.jpg\",\"width\":1920,\"height\":1080,\"caption\":\"ANWB Automaatjes met prijsuitreiking bij het stadhuis van Den Helder\"},{\"@type\":\"BreadcrumbList\",\"@id\":\"https:\\\/\\\/denhelder.online\\\/actueel\\\/wethouder-peter-de-vrij-rijdt-eerste-rit-anwb-automaatje-in-den-helder\\\/#breadcrumb\",\"itemListElement\":[{\"@type\":\"ListItem\",\"position\":1,\"name\":\"Home\",\"item\":\"https:\\\/\\\/denhelder.online\\\/\"},{\"@type\":\"ListItem\",\"position\":2,\"name\":\"Actueel\",\"item\":\"https:\\\/\\\/denhelder.online\\\/en\\\/current\\\/\"},{\"@type\":\"ListItem\",\"position\":3,\"name\":\"Wethouder Peter de Vrij rijdt eerste rit ANWB AutoMaatje in Den Helder\"}]},{\"@type\":\"WebSite\",\"@id\":\"https:\\\/\\\/denhelder.online\\\/#website\",\"url\":\"https:\\\/\\\/denhelder.online\\\/\",\"name\":\"Den Helder Online\",\"description\":\"Beleef Den Helder\",\"publisher\":{\"@id\":\"https:\\\/\\\/denhelder.online\\\/#organization\"},\"potentialAction\":[{\"@type\":\"SearchAction\",\"target\":{\"@type\":\"EntryPoint\",\"urlTemplate\":\"https:\\\/\\\/denhelder.online\\\/?s={search_term_string}\"},\"query-input\":{\"@type\":\"PropertyValueSpecification\",\"valueRequired\":true,\"valueName\":\"search_term_string\"}}],\"inLanguage\":\"de\"},{\"@type\":\"Organization\",\"@id\":\"https:\\\/\\\/denhelder.online\\\/#organization\",\"name\":\"Den Helder Online\",\"url\":\"https:\\\/\\\/denhelder.online\\\/\",\"logo\":{\"@type\":\"ImageObject\",\"inLanguage\":\"de\",\"@id\":\"https:\\\/\\\/denhelder.online\\\/#\\\/schema\\\/logo\\\/image\\\/\",\"url\":\"https:\\\/\\\/denhelder.online\\\/wp-content\\\/uploads\\\/2021\\\/12\\\/DitIsDH-Logo-26-tagline.svg\",\"contentUrl\":\"https:\\\/\\\/denhelder.online\\\/wp-content\\\/uploads\\\/2021\\\/12\\\/DitIsDH-Logo-26-tagline.svg\",\"width\":1717.0999999999999,\"height\":934.89999999999998,\"caption\":\"Den Helder Online\"},\"image\":{\"@id\":\"https:\\\/\\\/denhelder.online\\\/#\\\/schema\\\/logo\\\/image\\\/\"}}]}<\/script>\n<!-- \/ Yoast SEO Premium plugin. -->","yoast_head_json":{"title":"Stadtrat Peter de Vrij nimmt an der ersten ANWB AutoMaatje-Fahrt in Den Helder teil \u2013 Den Helder Online","robots":{"index":"index","follow":"follow","max-snippet":"max-snippet:-1","max-image-preview":"max-image-preview:large","max-video-preview":"max-video-preview:-1"},"canonical":"https:\/\/denhelder.online\/de\/aktuell\/stadtrat-peter-de-vrij-nimmt-an-der-ersten-anwb-automatikfahrt-in-den-helder-teil\/","og_locale":"de_DE","og_type":"article","og_title":"Wethouder Peter de Vrij rijdt eerste rit ANWB AutoMaatje in Den Helder","og_description":"Wethouder Peter de Vrij heeft maandag 14 april de eerste rit gereden van ANWB AutoMaatje in de gemeente Den Helder. Een nieuwe vervoersservice die vrijwilligers koppelt aan minder mobiele inwoners, zodat zij weer deel kunnen nemen aan de samenleving. ANWB AutoMaatje is een initiatief van de ANWB in samenwerking met Humanitas. De gemeente Den Helder heeft een bijdrage geleverd aan de opstart.\u00a0","og_url":"https:\/\/denhelder.online\/de\/aktuell\/stadtrat-peter-de-vrij-nimmt-an-der-ersten-anwb-automatikfahrt-in-den-helder-teil\/","og_site_name":"Den Helder Online","article_modified_time":"2025-04-30T11:43:16+00:00","og_image":[{"width":1920,"height":1080,"url":"https:\/\/denhelder.online\/wp-content\/uploads\/2025\/04\/5695e293-b8e7-4dd1-b810-d4abc2569cee-AutoMaatje_1920x1080.jpg","type":"image\/jpeg"}],"twitter_card":"summary_large_image","twitter_misc":{"Gesch\u00e4tzte Lesezeit":"2\u00a0Minuten"},"schema":{"@context":"https:\/\/schema.org","@graph":[{"@type":"WebPage","@id":"https:\/\/denhelder.online\/actueel\/wethouder-peter-de-vrij-rijdt-eerste-rit-anwb-automaatje-in-den-helder\/","url":"https:\/\/denhelder.online\/actueel\/wethouder-peter-de-vrij-rijdt-eerste-rit-anwb-automaatje-in-den-helder\/","name":"Stadtrat Peter de Vrij nimmt an der ersten ANWB AutoMaatje-Fahrt in Den Helder teil \u2013 Den Helder Online","isPartOf":{"@id":"https:\/\/denhelder.online\/#website"},"primaryImageOfPage":{"@id":"https:\/\/denhelder.online\/actueel\/wethouder-peter-de-vrij-rijdt-eerste-rit-anwb-automaatje-in-den-helder\/#primaryimage"},"image":{"@id":"https:\/\/denhelder.online\/actueel\/wethouder-peter-de-vrij-rijdt-eerste-rit-anwb-automaatje-in-den-helder\/#primaryimage"},"thumbnailUrl":"https:\/\/denhelder.online\/wp-content\/uploads\/2025\/04\/5695e293-b8e7-4dd1-b810-d4abc2569cee-AutoMaatje_1920x1080.jpg","datePublished":"2025-04-18T11:35:37+00:00","dateModified":"2025-04-30T11:43:16+00:00","breadcrumb":{"@id":"https:\/\/denhelder.online\/actueel\/wethouder-peter-de-vrij-rijdt-eerste-rit-anwb-automaatje-in-den-helder\/#breadcrumb"},"inLanguage":"de","potentialAction":[{"@type":"ReadAction","target":["https:\/\/denhelder.online\/actueel\/wethouder-peter-de-vrij-rijdt-eerste-rit-anwb-automaatje-in-den-helder\/"]}]},{"@type":"ImageObject","inLanguage":"de","@id":"https:\/\/denhelder.online\/actueel\/wethouder-peter-de-vrij-rijdt-eerste-rit-anwb-automaatje-in-den-helder\/#primaryimage","url":"https:\/\/denhelder.online\/wp-content\/uploads\/2025\/04\/5695e293-b8e7-4dd1-b810-d4abc2569cee-AutoMaatje_1920x1080.jpg","contentUrl":"https:\/\/denhelder.online\/wp-content\/uploads\/2025\/04\/5695e293-b8e7-4dd1-b810-d4abc2569cee-AutoMaatje_1920x1080.jpg","width":1920,"height":1080,"caption":"ANWB Automaatjes met prijsuitreiking bij het stadhuis van Den Helder"},{"@type":"BreadcrumbList","@id":"https:\/\/denhelder.online\/actueel\/wethouder-peter-de-vrij-rijdt-eerste-rit-anwb-automaatje-in-den-helder\/#breadcrumb","itemListElement":[{"@type":"ListItem","position":1,"name":"Home","item":"https:\/\/denhelder.online\/"},{"@type":"ListItem","position":2,"name":"Actueel","item":"https:\/\/denhelder.online\/en\/current\/"},{"@type":"ListItem","position":3,"name":"Wethouder Peter de Vrij rijdt eerste rit ANWB AutoMaatje in Den Helder"}]},{"@type":"WebSite","@id":"https:\/\/denhelder.online\/#website","url":"https:\/\/denhelder.online\/","name":"Den Helder Online","description":"Erleben Sie Den Helder","publisher":{"@id":"https:\/\/denhelder.online\/#organization"},"potentialAction":[{"@type":"SearchAction","target":{"@type":"EntryPoint","urlTemplate":"https:\/\/denhelder.online\/?s={search_term_string}"},"query-input":{"@type":"PropertyValueSpecification","valueRequired":true,"valueName":"search_term_string"}}],"inLanguage":"de"},{"@type":"Organization","@id":"https:\/\/denhelder.online\/#organization","name":"Den Helder Online","url":"https:\/\/denhelder.online\/","logo":{"@type":"ImageObject","inLanguage":"de","@id":"https:\/\/denhelder.online\/#\/schema\/logo\/image\/","url":"https:\/\/denhelder.online\/wp-content\/uploads\/2021\/12\/DitIsDH-Logo-26-tagline.svg","contentUrl":"https:\/\/denhelder.online\/wp-content\/uploads\/2021\/12\/DitIsDH-Logo-26-tagline.svg","width":1717.0999999999999,"height":934.89999999999998,"caption":"Den Helder Online"},"image":{"@id":"https:\/\/denhelder.online\/#\/schema\/logo\/image\/"}}]}},"_links":{"self":[{"href":"https:\/\/denhelder.online\/de\/wp-json\/wp\/v2\/actueel\/11093","targetHints":{"allow":["GET"]}}],"collection":[{"href":"https:\/\/denhelder.online\/de\/wp-json\/wp\/v2\/actueel"}],"about":[{"href":"https:\/\/denhelder.online\/de\/wp-json\/wp\/v2\/types\/actueel"}],"author":[{"embeddable":true,"href":"https:\/\/denhelder.online\/de\/wp-json\/wp\/v2\/users\/4"}],"wp:featuredmedia":[{"embeddable":true,"href":"https:\/\/denhelder.online\/de\/wp-json\/wp\/v2\/media\/11094"}],"wp:attachment":[{"href":"https:\/\/denhelder.online\/de\/wp-json\/wp\/v2\/media?parent=11093"}],"wp:term":[{"taxonomy":"doelgroep","embeddable":true,"href":"https:\/\/denhelder.online\/de\/wp-json\/wp\/v2\/doelgroep?post=11093"}],"curies":[{"name":"wp","href":"https:\/\/api.w.org\/{rel}","templated":true}]}}