{"id":19362,"date":"2026-01-27T15:40:40","date_gmt":"2026-01-27T14:40:40","guid":{"rendered":"https:\/\/denhelder.online\/?post_type=actueel&#038;p=19362"},"modified":"2026-01-27T16:06:43","modified_gmt":"2026-01-27T15:06:43","slug":"den-helder-geschichtspfad-fur-kulturerbepreis-nominiert","status":"publish","type":"actueel","link":"https:\/\/denhelder.online\/de\/actueel\/verhalenroute-den-helder-genomineerd-voor-erfgoedprijs\/","title":{"rendered":"Die Story-Route Den Helder wurde f\u00fcr den Kulturerbepreis nominiert"},"content":{"rendered":"<p>Ber\u00fchrende Geschichten verbergen sich zwischen den alten Grabsteinen. Der Geschichtenpfad auf dem Allgemeinen Friedhof Den Helder erweckt 400 Jahre Geschichte zum Leben. Von Walf\u00e4ngern und Rettungshelden bis hin zu vergessenen Dorfbewohnern.<\/p>\n<p>Diese einzigartige Verbindung von Tradition, Technologie und Erfahrung wurde nun f\u00fcr die Goldene Terebinthe, den nationalen Preis f\u00fcr Bestattungskultur, nominiert. Bestattungskultur umfasst alles, was mit Friedh\u00f6fen, Grabdenkm\u00e4lern und der Art und Weise, wie wir Verstorbener gedenken, zu tun hat. In Den Helder wird diese Kultur greifbar, h\u00f6rbar und erlebbar.<\/p>\n<p>Mithilfe von QR-Codes und Google Maps entdecken Besucher \u00fcber vierzig Lebensgeschichten auf und um den Friedhof. Von der Seefahrtsgeschichte in Huisduinen \u00fcber das beeindruckende Marinedenkmal bis hin zum j\u00fcdischen Friedhof \u2013 jede Geschichte tr\u00e4gt zum Charakter der Stadt bei und verbindet Vergangenheit und Gegenwart auf einzigartige Weise.<\/p>\n<p>Die Story Route wird durch das Engagement von Mitarbeitern, Freiwilligen und Partnern wie der Historical Grave Monuments Foundation Den Helder erm\u00f6glicht. Die Nominierung f\u00fcr die Goldene Terebinthe ist eine wunderbare Anerkennung ihres Einsatzes, ihrer handwerklichen F\u00e4higkeiten und ihrer Leidenschaft. Am Samstag, dem 28. Februar, pr\u00e4sentieren die drei Nominierten ihre Projekte der Jury. Anschlie\u00dfend wird der Gewinner bekanntgegeben.<\/p>\n<p>M\u00f6chten Sie mehr \u00fcber die Geschichten auf dem Friedhof erfahren? https:\/\/verhalenbegraafplaatsdenhelder.nl\/<\/p>","protected":false},"excerpt":{"rendered":"<p>Der Geschichtspfad auf dem Friedhof Helderse wurde f\u00fcr einen nationalen Kulturerbepreis nominiert. Der Pfad erweckt die Geschichte von Den Helder mithilfe von QR-Codes zum Leben.<\/p>","protected":false},"author":9,"featured_media":19363,"template":"","doelgroep":[],"class_list":["post-19362","actueel","type-actueel","status-publish","has-post-thumbnail","hentry","elementor_library_category-activiteiten","elementor_library_category-cultuur"],"yoast_head":"<!-- This site is optimized with the Yoast SEO Premium plugin v24.7 (Yoast SEO v27.5) - https:\/\/yoast.com\/product\/yoast-seo-premium-wordpress\/ -->\n<title>Verhalenroute Den Helder genomineerd voor erfgoedprijs - Den Helder Online<\/title>\n<meta name=\"robots\" content=\"index, follow, max-snippet:-1, max-image-preview:large, max-video-preview:-1\" \/>\n<link rel=\"canonical\" href=\"https:\/\/denhelder.online\/de\/aktuell\/den-helder-geschichtspfad-fur-kulturerbepreis-nominiert\/\" \/>\n<meta property=\"og:locale\" content=\"de_DE\" \/>\n<meta property=\"og:type\" content=\"article\" \/>\n<meta property=\"og:title\" content=\"Verhalenroute Den Helder genomineerd voor erfgoedprijs\" \/>\n<meta property=\"og:description\" content=\"De Verhalenroute op de Helderse begraafplaats is genomineerd voor een landelijke erfgoedprijs. De route laat via QR-codes het verleden van Den Helder tot leven komen.\" \/>\n<meta property=\"og:url\" content=\"https:\/\/denhelder.online\/de\/aktuell\/den-helder-geschichtspfad-fur-kulturerbepreis-nominiert\/\" \/>\n<meta property=\"og:site_name\" content=\"Den Helder Online\" \/>\n<meta property=\"article:modified_time\" content=\"2026-01-27T15:06:43+00:00\" \/>\n<meta property=\"og:image\" content=\"https:\/\/denhelder.online\/wp-content\/uploads\/2026\/01\/peter-van-aalst-begraafplaats.jpeg\" \/>\n\t<meta property=\"og:image:width\" content=\"800\" \/>\n\t<meta property=\"og:image:height\" content=\"533\" \/>\n\t<meta property=\"og:image:type\" content=\"image\/jpeg\" \/>\n<meta name=\"twitter:card\" content=\"summary_large_image\" \/>\n<meta name=\"twitter:label1\" content=\"Gesch\u00e4tzte Lesezeit\" \/>\n\t<meta name=\"twitter:data1\" content=\"2\u00a0Minuten\" \/>\n<script type=\"application\/ld+json\" class=\"yoast-schema-graph\">{\"@context\":\"https:\\\/\\\/schema.org\",\"@graph\":[{\"@type\":\"WebPage\",\"@id\":\"https:\\\/\\\/denhelder.online\\\/actueel\\\/verhalenroute-den-helder-genomineerd-voor-erfgoedprijs\\\/\",\"url\":\"https:\\\/\\\/denhelder.online\\\/actueel\\\/verhalenroute-den-helder-genomineerd-voor-erfgoedprijs\\\/\",\"name\":\"Verhalenroute Den Helder genomineerd voor erfgoedprijs - Den Helder Online\",\"isPartOf\":{\"@id\":\"https:\\\/\\\/denhelder.online\\\/#website\"},\"primaryImageOfPage\":{\"@id\":\"https:\\\/\\\/denhelder.online\\\/actueel\\\/verhalenroute-den-helder-genomineerd-voor-erfgoedprijs\\\/#primaryimage\"},\"image\":{\"@id\":\"https:\\\/\\\/denhelder.online\\\/actueel\\\/verhalenroute-den-helder-genomineerd-voor-erfgoedprijs\\\/#primaryimage\"},\"thumbnailUrl\":\"https:\\\/\\\/denhelder.online\\\/wp-content\\\/uploads\\\/2026\\\/01\\\/peter-van-aalst-begraafplaats.jpeg\",\"datePublished\":\"2026-01-27T14:40:40+00:00\",\"dateModified\":\"2026-01-27T15:06:43+00:00\",\"breadcrumb\":{\"@id\":\"https:\\\/\\\/denhelder.online\\\/actueel\\\/verhalenroute-den-helder-genomineerd-voor-erfgoedprijs\\\/#breadcrumb\"},\"inLanguage\":\"de\",\"potentialAction\":[{\"@type\":\"ReadAction\",\"target\":[\"https:\\\/\\\/denhelder.online\\\/actueel\\\/verhalenroute-den-helder-genomineerd-voor-erfgoedprijs\\\/\"]}]},{\"@type\":\"ImageObject\",\"inLanguage\":\"de\",\"@id\":\"https:\\\/\\\/denhelder.online\\\/actueel\\\/verhalenroute-den-helder-genomineerd-voor-erfgoedprijs\\\/#primaryimage\",\"url\":\"https:\\\/\\\/denhelder.online\\\/wp-content\\\/uploads\\\/2026\\\/01\\\/peter-van-aalst-begraafplaats.jpeg\",\"contentUrl\":\"https:\\\/\\\/denhelder.online\\\/wp-content\\\/uploads\\\/2026\\\/01\\\/peter-van-aalst-begraafplaats.jpeg\",\"width\":800,\"height\":533,\"caption\":\"Verhalenroute Begraafplaats\"},{\"@type\":\"BreadcrumbList\",\"@id\":\"https:\\\/\\\/denhelder.online\\\/actueel\\\/verhalenroute-den-helder-genomineerd-voor-erfgoedprijs\\\/#breadcrumb\",\"itemListElement\":[{\"@type\":\"ListItem\",\"position\":1,\"name\":\"Home\",\"item\":\"https:\\\/\\\/denhelder.online\\\/\"},{\"@type\":\"ListItem\",\"position\":2,\"name\":\"Actueel\",\"item\":\"https:\\\/\\\/denhelder.online\\\/en\\\/current\\\/\"},{\"@type\":\"ListItem\",\"position\":3,\"name\":\"Verhalenroute Den Helder genomineerd voor erfgoedprijs\"}]},{\"@type\":\"WebSite\",\"@id\":\"https:\\\/\\\/denhelder.online\\\/#website\",\"url\":\"https:\\\/\\\/denhelder.online\\\/\",\"name\":\"Den Helder Online\",\"description\":\"Beleef Den Helder\",\"publisher\":{\"@id\":\"https:\\\/\\\/denhelder.online\\\/#organization\"},\"potentialAction\":[{\"@type\":\"SearchAction\",\"target\":{\"@type\":\"EntryPoint\",\"urlTemplate\":\"https:\\\/\\\/denhelder.online\\\/?s={search_term_string}\"},\"query-input\":{\"@type\":\"PropertyValueSpecification\",\"valueRequired\":true,\"valueName\":\"search_term_string\"}}],\"inLanguage\":\"de\"},{\"@type\":\"Organization\",\"@id\":\"https:\\\/\\\/denhelder.online\\\/#organization\",\"name\":\"Den Helder Online\",\"url\":\"https:\\\/\\\/denhelder.online\\\/\",\"logo\":{\"@type\":\"ImageObject\",\"inLanguage\":\"de\",\"@id\":\"https:\\\/\\\/denhelder.online\\\/#\\\/schema\\\/logo\\\/image\\\/\",\"url\":\"https:\\\/\\\/denhelder.online\\\/wp-content\\\/uploads\\\/2021\\\/12\\\/DitIsDH-Logo-26-tagline.svg\",\"contentUrl\":\"https:\\\/\\\/denhelder.online\\\/wp-content\\\/uploads\\\/2021\\\/12\\\/DitIsDH-Logo-26-tagline.svg\",\"width\":1717.0999999999999,\"height\":934.89999999999998,\"caption\":\"Den Helder Online\"},\"image\":{\"@id\":\"https:\\\/\\\/denhelder.online\\\/#\\\/schema\\\/logo\\\/image\\\/\"}}]}<\/script>\n<!-- \/ Yoast SEO Premium plugin. -->","yoast_head_json":{"title":"Die Story-Route Den Helder wurde f\u00fcr einen Kulturerbepreis nominiert \u2013 Den Helder Online","robots":{"index":"index","follow":"follow","max-snippet":"max-snippet:-1","max-image-preview":"max-image-preview:large","max-video-preview":"max-video-preview:-1"},"canonical":"https:\/\/denhelder.online\/de\/aktuell\/den-helder-geschichtspfad-fur-kulturerbepreis-nominiert\/","og_locale":"de_DE","og_type":"article","og_title":"Verhalenroute Den Helder genomineerd voor erfgoedprijs","og_description":"De Verhalenroute op de Helderse begraafplaats is genomineerd voor een landelijke erfgoedprijs. De route laat via QR-codes het verleden van Den Helder tot leven komen.","og_url":"https:\/\/denhelder.online\/de\/aktuell\/den-helder-geschichtspfad-fur-kulturerbepreis-nominiert\/","og_site_name":"Den Helder Online","article_modified_time":"2026-01-27T15:06:43+00:00","og_image":[{"width":800,"height":533,"url":"https:\/\/denhelder.online\/wp-content\/uploads\/2026\/01\/peter-van-aalst-begraafplaats.jpeg","type":"image\/jpeg"}],"twitter_card":"summary_large_image","twitter_misc":{"Gesch\u00e4tzte Lesezeit":"2\u00a0Minuten"},"schema":{"@context":"https:\/\/schema.org","@graph":[{"@type":"WebPage","@id":"https:\/\/denhelder.online\/actueel\/verhalenroute-den-helder-genomineerd-voor-erfgoedprijs\/","url":"https:\/\/denhelder.online\/actueel\/verhalenroute-den-helder-genomineerd-voor-erfgoedprijs\/","name":"Die Story-Route Den Helder wurde f\u00fcr einen Kulturerbepreis nominiert \u2013 Den Helder Online","isPartOf":{"@id":"https:\/\/denhelder.online\/#website"},"primaryImageOfPage":{"@id":"https:\/\/denhelder.online\/actueel\/verhalenroute-den-helder-genomineerd-voor-erfgoedprijs\/#primaryimage"},"image":{"@id":"https:\/\/denhelder.online\/actueel\/verhalenroute-den-helder-genomineerd-voor-erfgoedprijs\/#primaryimage"},"thumbnailUrl":"https:\/\/denhelder.online\/wp-content\/uploads\/2026\/01\/peter-van-aalst-begraafplaats.jpeg","datePublished":"2026-01-27T14:40:40+00:00","dateModified":"2026-01-27T15:06:43+00:00","breadcrumb":{"@id":"https:\/\/denhelder.online\/actueel\/verhalenroute-den-helder-genomineerd-voor-erfgoedprijs\/#breadcrumb"},"inLanguage":"de","potentialAction":[{"@type":"ReadAction","target":["https:\/\/denhelder.online\/actueel\/verhalenroute-den-helder-genomineerd-voor-erfgoedprijs\/"]}]},{"@type":"ImageObject","inLanguage":"de","@id":"https:\/\/denhelder.online\/actueel\/verhalenroute-den-helder-genomineerd-voor-erfgoedprijs\/#primaryimage","url":"https:\/\/denhelder.online\/wp-content\/uploads\/2026\/01\/peter-van-aalst-begraafplaats.jpeg","contentUrl":"https:\/\/denhelder.online\/wp-content\/uploads\/2026\/01\/peter-van-aalst-begraafplaats.jpeg","width":800,"height":533,"caption":"Verhalenroute Begraafplaats"},{"@type":"BreadcrumbList","@id":"https:\/\/denhelder.online\/actueel\/verhalenroute-den-helder-genomineerd-voor-erfgoedprijs\/#breadcrumb","itemListElement":[{"@type":"ListItem","position":1,"name":"Home","item":"https:\/\/denhelder.online\/"},{"@type":"ListItem","position":2,"name":"Actueel","item":"https:\/\/denhelder.online\/en\/current\/"},{"@type":"ListItem","position":3,"name":"Verhalenroute Den Helder genomineerd voor erfgoedprijs"}]},{"@type":"WebSite","@id":"https:\/\/denhelder.online\/#website","url":"https:\/\/denhelder.online\/","name":"Den Helder Online","description":"Erleben Sie Den Helder","publisher":{"@id":"https:\/\/denhelder.online\/#organization"},"potentialAction":[{"@type":"SearchAction","target":{"@type":"EntryPoint","urlTemplate":"https:\/\/denhelder.online\/?s={search_term_string}"},"query-input":{"@type":"PropertyValueSpecification","valueRequired":true,"valueName":"search_term_string"}}],"inLanguage":"de"},{"@type":"Organization","@id":"https:\/\/denhelder.online\/#organization","name":"Den Helder Online","url":"https:\/\/denhelder.online\/","logo":{"@type":"ImageObject","inLanguage":"de","@id":"https:\/\/denhelder.online\/#\/schema\/logo\/image\/","url":"https:\/\/denhelder.online\/wp-content\/uploads\/2021\/12\/DitIsDH-Logo-26-tagline.svg","contentUrl":"https:\/\/denhelder.online\/wp-content\/uploads\/2021\/12\/DitIsDH-Logo-26-tagline.svg","width":1717.0999999999999,"height":934.89999999999998,"caption":"Den Helder Online"},"image":{"@id":"https:\/\/denhelder.online\/#\/schema\/logo\/image\/"}}]}},"_links":{"self":[{"href":"https:\/\/denhelder.online\/de\/wp-json\/wp\/v2\/actueel\/19362","targetHints":{"allow":["GET"]}}],"collection":[{"href":"https:\/\/denhelder.online\/de\/wp-json\/wp\/v2\/actueel"}],"about":[{"href":"https:\/\/denhelder.online\/de\/wp-json\/wp\/v2\/types\/actueel"}],"author":[{"embeddable":true,"href":"https:\/\/denhelder.online\/de\/wp-json\/wp\/v2\/users\/9"}],"wp:featuredmedia":[{"embeddable":true,"href":"https:\/\/denhelder.online\/de\/wp-json\/wp\/v2\/media\/19363"}],"wp:attachment":[{"href":"https:\/\/denhelder.online\/de\/wp-json\/wp\/v2\/media?parent=19362"}],"wp:term":[{"taxonomy":"doelgroep","embeddable":true,"href":"https:\/\/denhelder.online\/de\/wp-json\/wp\/v2\/doelgroep?post=19362"}],"curies":[{"name":"wp","href":"https:\/\/api.w.org\/{rel}","templated":true}]}}