{"id":22067,"date":"2026-03-23T12:31:57","date_gmt":"2026-03-23T11:31:57","guid":{"rendered":"https:\/\/denhelder.online\/?post_type=actueel&#038;p=22067"},"modified":"2026-03-23T12:31:57","modified_gmt":"2026-03-23T11:31:57","slug":"mehr-als-600-studenten-suchen-am-strand-von-den-helder-nach-strandgut","status":"publish","type":"actueel","link":"https:\/\/denhelder.online\/de\/actueel\/meer-dan-600-leerlingen-jutten-op-het-strand-van-den-helder\/","title":{"rendered":"Mehr als 600 Studenten sammeln Strandgut am Strand von Den Helder."},"content":{"rendered":"<p data-start=\"301\" data-end=\"503\">Mit Greifzangen bewaffnet, gingen sie an den Strand. \u00dcber 600 Sch\u00fcler der Gruppen 4 und 5 der Klasse Den Helder sammelten gleichzeitig an drei Stellen entlang der K\u00fcste Strandgut.<\/p>\n<p data-start=\"505\" data-end=\"739\">Es war ein gesch\u00e4ftiger Morgen. Musik hallte \u00fcber den Strand, und im Sonnenlicht verschwanden Plastik, Dosen, Holz und Seile nacheinander in den S\u00e4cken. So entdeckten die Sch\u00fcler aus n\u00e4chster N\u00e4he alles, was an ihren eigenen Strand gesp\u00fclt wird.<\/p>\n<p data-start=\"741\" data-end=\"1025\">Die Strandgutsammelaktion ist Teil des \u201eBlue Schools\u201c-Konzepts im Rahmen von Den Helder. In diesem Programm arbeiten Kindertagesst\u00e4tten, Grundschulen, weiterf\u00fchrende Schulen und Berufsschulen gemeinsam an einem durchg\u00e4ngigen Lernpfad, der sich um das Thema Wasser dreht. So lernen Kinder Schritt f\u00fcr Schritt, welche Bedeutung das Meer f\u00fcr ihre Umwelt hat.<\/p>\n<p data-start=\"1027\" data-end=\"1222\">Es bleibt keine isolierte Aktivit\u00e4t. Bestehende F\u00e4cher finden zunehmend ihren Platz im urbanen Umfeld. Arithmetik, Sprache und Technologie werden mit Themen wie Meer, Hafen und K\u00fcste verkn\u00fcpft.<\/p>\n<p data-start=\"1224\" data-end=\"1375\">In Den Helder ist dieser Kontext vorhanden und kann genutzt werden. Die Stadt ist an drei Seiten vom Meer umgeben, und mit sieben Kilometern Strand ist die K\u00fcste nie weit entfernt.<\/p>\n<p data-start=\"1377\" data-end=\"1649\">Die am Strand gefundenen Materialien erhalten ein zweites Leben. Gemeinsam mit der K\u00fcnstlerin Lydia de Loos verwandeln die Sch\u00fcler ihre Fundst\u00fccke in Kunstwerke. Diese sind ab dem 12. Mai in der Ausstellung \u201eStrandschatten\u201c im Rathaus Den Helder zu sehen.<\/p>","protected":false},"excerpt":{"rendered":"<p>Mehr als 600 Sch\u00fclerinnen und Sch\u00fcler der Gruppen 4 und 5 gingen gleichzeitig in der Klasse Den Helder am Strand auf Muschelsuche. Ihre Fundst\u00fccke werden zu Kunstwerken verarbeitet. Diese werden ab dem 12. Mai im Rathaus ausgestellt.<\/p>","protected":false},"author":9,"featured_media":22068,"template":"","doelgroep":[6027,6028,6029],"class_list":["post-22067","actueel","type-actueel","status-publish","has-post-thumbnail","hentry","elementor_library_category-onderwijs","doelgroep-inwoner","doelgroep-inwoner-regio","doelgroep-toerist"],"yoast_head":"<!-- This site is optimized with the Yoast SEO Premium plugin v24.7 (Yoast SEO v27.4) - https:\/\/yoast.com\/product\/yoast-seo-premium-wordpress\/ -->\n<title>Meer dan 600 leerlingen jutten op het strand van Den Helder - Den Helder Online<\/title>\n<meta name=\"robots\" content=\"index, follow, max-snippet:-1, max-image-preview:large, max-video-preview:-1\" \/>\n<link rel=\"canonical\" href=\"https:\/\/denhelder.online\/de\/aktuell\/mehr-als-600-studenten-suchen-am-strand-von-den-helder-nach-strandgut\/\" \/>\n<meta property=\"og:locale\" content=\"de_DE\" \/>\n<meta property=\"og:type\" content=\"article\" \/>\n<meta property=\"og:title\" content=\"Meer dan 600 leerlingen jutten op het strand van Den Helder\" \/>\n<meta property=\"og:description\" content=\"Meer dan 600 leerlingen uit groep 4 en 5 gingen in Den Helder tegelijk jutten. Hun vondsten worden verwerkt tot kunstwerken. Die zijn vanaf 12 mei te zien in het gemeentehuis.\" \/>\n<meta property=\"og:url\" content=\"https:\/\/denhelder.online\/de\/aktuell\/mehr-als-600-studenten-suchen-am-strand-von-den-helder-nach-strandgut\/\" \/>\n<meta property=\"og:site_name\" content=\"Den Helder Online\" \/>\n<meta property=\"og:image\" content=\"https:\/\/denhelder.online\/wp-content\/uploads\/2026\/03\/20260319-Wereld-Waterdag-2026-Strandjutten-Stephan-Wegman-11-scaled.jpg\" \/>\n\t<meta property=\"og:image:width\" content=\"2560\" \/>\n\t<meta property=\"og:image:height\" content=\"1706\" \/>\n\t<meta property=\"og:image:type\" content=\"image\/jpeg\" \/>\n<meta name=\"twitter:card\" content=\"summary_large_image\" \/>\n<meta name=\"twitter:label1\" content=\"Gesch\u00e4tzte Lesezeit\" \/>\n\t<meta name=\"twitter:data1\" content=\"2\u00a0Minuten\" \/>\n<script type=\"application\/ld+json\" class=\"yoast-schema-graph\">{\"@context\":\"https:\\\/\\\/schema.org\",\"@graph\":[{\"@type\":\"WebPage\",\"@id\":\"https:\\\/\\\/denhelder.online\\\/actueel\\\/meer-dan-600-leerlingen-jutten-op-het-strand-van-den-helder\\\/\",\"url\":\"https:\\\/\\\/denhelder.online\\\/actueel\\\/meer-dan-600-leerlingen-jutten-op-het-strand-van-den-helder\\\/\",\"name\":\"Meer dan 600 leerlingen jutten op het strand van Den Helder - Den Helder Online\",\"isPartOf\":{\"@id\":\"https:\\\/\\\/denhelder.online\\\/#website\"},\"primaryImageOfPage\":{\"@id\":\"https:\\\/\\\/denhelder.online\\\/actueel\\\/meer-dan-600-leerlingen-jutten-op-het-strand-van-den-helder\\\/#primaryimage\"},\"image\":{\"@id\":\"https:\\\/\\\/denhelder.online\\\/actueel\\\/meer-dan-600-leerlingen-jutten-op-het-strand-van-den-helder\\\/#primaryimage\"},\"thumbnailUrl\":\"https:\\\/\\\/denhelder.online\\\/wp-content\\\/uploads\\\/2026\\\/03\\\/20260319-Wereld-Waterdag-2026-Strandjutten-Stephan-Wegman-11-scaled.jpg\",\"datePublished\":\"2026-03-23T11:31:57+00:00\",\"breadcrumb\":{\"@id\":\"https:\\\/\\\/denhelder.online\\\/actueel\\\/meer-dan-600-leerlingen-jutten-op-het-strand-van-den-helder\\\/#breadcrumb\"},\"inLanguage\":\"de\",\"potentialAction\":[{\"@type\":\"ReadAction\",\"target\":[\"https:\\\/\\\/denhelder.online\\\/actueel\\\/meer-dan-600-leerlingen-jutten-op-het-strand-van-den-helder\\\/\"]}]},{\"@type\":\"ImageObject\",\"inLanguage\":\"de\",\"@id\":\"https:\\\/\\\/denhelder.online\\\/actueel\\\/meer-dan-600-leerlingen-jutten-op-het-strand-van-den-helder\\\/#primaryimage\",\"url\":\"https:\\\/\\\/denhelder.online\\\/wp-content\\\/uploads\\\/2026\\\/03\\\/20260319-Wereld-Waterdag-2026-Strandjutten-Stephan-Wegman-11-scaled.jpg\",\"contentUrl\":\"https:\\\/\\\/denhelder.online\\\/wp-content\\\/uploads\\\/2026\\\/03\\\/20260319-Wereld-Waterdag-2026-Strandjutten-Stephan-Wegman-11-scaled.jpg\",\"width\":2560,\"height\":1706,\"caption\":\"Strandjutten op Wereld Waterdag\"},{\"@type\":\"BreadcrumbList\",\"@id\":\"https:\\\/\\\/denhelder.online\\\/actueel\\\/meer-dan-600-leerlingen-jutten-op-het-strand-van-den-helder\\\/#breadcrumb\",\"itemListElement\":[{\"@type\":\"ListItem\",\"position\":1,\"name\":\"Home\",\"item\":\"https:\\\/\\\/denhelder.online\\\/\"},{\"@type\":\"ListItem\",\"position\":2,\"name\":\"Actueel\",\"item\":\"https:\\\/\\\/denhelder.online\\\/en\\\/current\\\/\"},{\"@type\":\"ListItem\",\"position\":3,\"name\":\"Meer dan 600 leerlingen jutten op het strand van Den Helder\"}]},{\"@type\":\"WebSite\",\"@id\":\"https:\\\/\\\/denhelder.online\\\/#website\",\"url\":\"https:\\\/\\\/denhelder.online\\\/\",\"name\":\"Den Helder Online\",\"description\":\"Beleef Den Helder\",\"publisher\":{\"@id\":\"https:\\\/\\\/denhelder.online\\\/#organization\"},\"potentialAction\":[{\"@type\":\"SearchAction\",\"target\":{\"@type\":\"EntryPoint\",\"urlTemplate\":\"https:\\\/\\\/denhelder.online\\\/?s={search_term_string}\"},\"query-input\":{\"@type\":\"PropertyValueSpecification\",\"valueRequired\":true,\"valueName\":\"search_term_string\"}}],\"inLanguage\":\"de\"},{\"@type\":\"Organization\",\"@id\":\"https:\\\/\\\/denhelder.online\\\/#organization\",\"name\":\"Den Helder Online\",\"url\":\"https:\\\/\\\/denhelder.online\\\/\",\"logo\":{\"@type\":\"ImageObject\",\"inLanguage\":\"de\",\"@id\":\"https:\\\/\\\/denhelder.online\\\/#\\\/schema\\\/logo\\\/image\\\/\",\"url\":\"https:\\\/\\\/denhelder.online\\\/wp-content\\\/uploads\\\/2021\\\/12\\\/DitIsDH-Logo-26-tagline.svg\",\"contentUrl\":\"https:\\\/\\\/denhelder.online\\\/wp-content\\\/uploads\\\/2021\\\/12\\\/DitIsDH-Logo-26-tagline.svg\",\"width\":1717.0999999999999,\"height\":934.89999999999998,\"caption\":\"Den Helder Online\"},\"image\":{\"@id\":\"https:\\\/\\\/denhelder.online\\\/#\\\/schema\\\/logo\\\/image\\\/\"}}]}<\/script>\n<!-- \/ Yoast SEO Premium plugin. -->","yoast_head_json":{"title":"Mehr als 600 Studenten beim Strandspaziergang bei Den Helder - Den Helder Online","robots":{"index":"index","follow":"follow","max-snippet":"max-snippet:-1","max-image-preview":"max-image-preview:large","max-video-preview":"max-video-preview:-1"},"canonical":"https:\/\/denhelder.online\/de\/aktuell\/mehr-als-600-studenten-suchen-am-strand-von-den-helder-nach-strandgut\/","og_locale":"de_DE","og_type":"article","og_title":"Meer dan 600 leerlingen jutten op het strand van Den Helder","og_description":"Meer dan 600 leerlingen uit groep 4 en 5 gingen in Den Helder tegelijk jutten. Hun vondsten worden verwerkt tot kunstwerken. Die zijn vanaf 12 mei te zien in het gemeentehuis.","og_url":"https:\/\/denhelder.online\/de\/aktuell\/mehr-als-600-studenten-suchen-am-strand-von-den-helder-nach-strandgut\/","og_site_name":"Den Helder Online","og_image":[{"width":2560,"height":1706,"url":"https:\/\/denhelder.online\/wp-content\/uploads\/2026\/03\/20260319-Wereld-Waterdag-2026-Strandjutten-Stephan-Wegman-11-scaled.jpg","type":"image\/jpeg"}],"twitter_card":"summary_large_image","twitter_misc":{"Gesch\u00e4tzte Lesezeit":"2\u00a0Minuten"},"schema":{"@context":"https:\/\/schema.org","@graph":[{"@type":"WebPage","@id":"https:\/\/denhelder.online\/actueel\/meer-dan-600-leerlingen-jutten-op-het-strand-van-den-helder\/","url":"https:\/\/denhelder.online\/actueel\/meer-dan-600-leerlingen-jutten-op-het-strand-van-den-helder\/","name":"Mehr als 600 Studenten beim Strandspaziergang bei Den Helder - Den Helder Online","isPartOf":{"@id":"https:\/\/denhelder.online\/#website"},"primaryImageOfPage":{"@id":"https:\/\/denhelder.online\/actueel\/meer-dan-600-leerlingen-jutten-op-het-strand-van-den-helder\/#primaryimage"},"image":{"@id":"https:\/\/denhelder.online\/actueel\/meer-dan-600-leerlingen-jutten-op-het-strand-van-den-helder\/#primaryimage"},"thumbnailUrl":"https:\/\/denhelder.online\/wp-content\/uploads\/2026\/03\/20260319-Wereld-Waterdag-2026-Strandjutten-Stephan-Wegman-11-scaled.jpg","datePublished":"2026-03-23T11:31:57+00:00","breadcrumb":{"@id":"https:\/\/denhelder.online\/actueel\/meer-dan-600-leerlingen-jutten-op-het-strand-van-den-helder\/#breadcrumb"},"inLanguage":"de","potentialAction":[{"@type":"ReadAction","target":["https:\/\/denhelder.online\/actueel\/meer-dan-600-leerlingen-jutten-op-het-strand-van-den-helder\/"]}]},{"@type":"ImageObject","inLanguage":"de","@id":"https:\/\/denhelder.online\/actueel\/meer-dan-600-leerlingen-jutten-op-het-strand-van-den-helder\/#primaryimage","url":"https:\/\/denhelder.online\/wp-content\/uploads\/2026\/03\/20260319-Wereld-Waterdag-2026-Strandjutten-Stephan-Wegman-11-scaled.jpg","contentUrl":"https:\/\/denhelder.online\/wp-content\/uploads\/2026\/03\/20260319-Wereld-Waterdag-2026-Strandjutten-Stephan-Wegman-11-scaled.jpg","width":2560,"height":1706,"caption":"Strandjutten op Wereld Waterdag"},{"@type":"BreadcrumbList","@id":"https:\/\/denhelder.online\/actueel\/meer-dan-600-leerlingen-jutten-op-het-strand-van-den-helder\/#breadcrumb","itemListElement":[{"@type":"ListItem","position":1,"name":"Home","item":"https:\/\/denhelder.online\/"},{"@type":"ListItem","position":2,"name":"Actueel","item":"https:\/\/denhelder.online\/en\/current\/"},{"@type":"ListItem","position":3,"name":"Meer dan 600 leerlingen jutten op het strand van Den Helder"}]},{"@type":"WebSite","@id":"https:\/\/denhelder.online\/#website","url":"https:\/\/denhelder.online\/","name":"Den Helder Online","description":"Erleben Sie Den Helder","publisher":{"@id":"https:\/\/denhelder.online\/#organization"},"potentialAction":[{"@type":"SearchAction","target":{"@type":"EntryPoint","urlTemplate":"https:\/\/denhelder.online\/?s={search_term_string}"},"query-input":{"@type":"PropertyValueSpecification","valueRequired":true,"valueName":"search_term_string"}}],"inLanguage":"de"},{"@type":"Organization","@id":"https:\/\/denhelder.online\/#organization","name":"Den Helder Online","url":"https:\/\/denhelder.online\/","logo":{"@type":"ImageObject","inLanguage":"de","@id":"https:\/\/denhelder.online\/#\/schema\/logo\/image\/","url":"https:\/\/denhelder.online\/wp-content\/uploads\/2021\/12\/DitIsDH-Logo-26-tagline.svg","contentUrl":"https:\/\/denhelder.online\/wp-content\/uploads\/2021\/12\/DitIsDH-Logo-26-tagline.svg","width":1717.0999999999999,"height":934.89999999999998,"caption":"Den Helder Online"},"image":{"@id":"https:\/\/denhelder.online\/#\/schema\/logo\/image\/"}}]}},"_links":{"self":[{"href":"https:\/\/denhelder.online\/de\/wp-json\/wp\/v2\/actueel\/22067","targetHints":{"allow":["GET"]}}],"collection":[{"href":"https:\/\/denhelder.online\/de\/wp-json\/wp\/v2\/actueel"}],"about":[{"href":"https:\/\/denhelder.online\/de\/wp-json\/wp\/v2\/types\/actueel"}],"author":[{"embeddable":true,"href":"https:\/\/denhelder.online\/de\/wp-json\/wp\/v2\/users\/9"}],"wp:featuredmedia":[{"embeddable":true,"href":"https:\/\/denhelder.online\/de\/wp-json\/wp\/v2\/media\/22068"}],"wp:attachment":[{"href":"https:\/\/denhelder.online\/de\/wp-json\/wp\/v2\/media?parent=22067"}],"wp:term":[{"taxonomy":"doelgroep","embeddable":true,"href":"https:\/\/denhelder.online\/de\/wp-json\/wp\/v2\/doelgroep?post=22067"}],"curies":[{"name":"wp","href":"https:\/\/api.w.org\/{rel}","templated":true}]}}