{"id":22138,"date":"2026-03-25T16:21:23","date_gmt":"2026-03-25T15:21:23","guid":{"rendered":"https:\/\/denhelder.online\/?post_type=actueel&#038;p=22138"},"modified":"2026-03-25T16:38:22","modified_gmt":"2026-03-25T15:38:22","slug":"wer-nicht-blast-der-windet-sich-nicht","status":"publish","type":"actueel","link":"https:\/\/denhelder.online\/de\/actueel\/wie-niet-waait-die-niet-wind\/","title":{"rendered":"Wer nicht bl\u00e4st, der windet sich nicht"},"content":{"rendered":"<p><iframe title=\"Wer nicht bl\u00e4st, der windet sich nicht\" width=\"800\" height=\"450\" src=\"https:\/\/www.youtube.com\/embed\/Z9PGzOilQw8?feature=oembed\" frameborder=\"0\" allow=\"accelerometer; autoplay; clipboard-write; encrypted-media; gyroscope; picture-in-picture; web-share\" referrerpolicy=\"strict-origin-when-cross-origin\" allowfullscreen><\/iframe><\/p>\n<p>Yanaika wird bald die Rolle der Stadtdichterin abgeben. Deshalb haben wir ihre Gedichte auf Video aufgenommen, damit sie auch sp\u00e4ter noch in der Stadt, in der sie entstanden sind, geh\u00f6rt werden k\u00f6nnen.<\/p>\n<p>Mit diesem Gedicht er\u00f6ffnen wir eine kleine Reihe mit der Stadtpoetin Yanaika Zomer. Eine Ode an das Leben mit dem Wind.<\/p>\n<p>__________________________________________________________________________<\/p>\n<p><h3>Wer nicht bl\u00e4st, der windet sich nicht<\/h3>\n<p>Ich habe erst jetzt gelernt, wie schnell ich Rad fahren kann.<br \/>\nIn einer Studentenstadt hatte der Fr\u00fchling meinen Mantel ge\u00f6ffnet<br \/>\nund vertrieb die K\u00e4lte aus der Luft.<br \/>\nEinen kurzen Moment lang hatte ich mich gefragt, ob ich im ersten Gang fahre.<br \/>\nein oder zwei Stunden sp\u00e4ter war der Radweg gerade erst asphaltiert worden.<br \/>\noder dass die Leute hier einfach nur langsam fuhren.<br \/>\nAber meine Heimatstadt stand wieder auf den Beinen.<\/p>\n<p>&nbsp;<\/p>\n<p>Die dritte Anpassung, ein Neigungstest,<br \/>\nselbst auf flachen Stra\u00dfen. Gegenwind ist der Ausgangspunkt.,<br \/>\nWenn du schneller bist, wirst du sie dank ihrer Gnade einmal an deiner Seite haben.<br \/>\nSie geh\u00f6rt hierher. Ich hatte sie fast f\u00fcr selbstverst\u00e4ndlich gehalten.<br \/>\nund wurde sogar auf Langevliet ge\u00e4chtet.<br \/>\nIch wusste noch nicht, wie orientierungslos<br \/>\nIch w\u00e4re ohne sie aufgeschmissen.<\/p>\n<p>&nbsp;<\/p>\n<p>Immer kr\u00e4ftig in die Pedale treten,<br \/>\nMan kann eine Frau vor dem Wind sch\u00fctzen.,<br \/>\nDoch der Wind blieb ihr im Haar.<br \/>\nGib mir ein Gegengewicht, ein Gleichgewicht.<br \/>\nLuft, ein Seufzer, wo Sonnenstunden<br \/>\nUnd die Tage ziehen sich endlos hin, bis Jaap die F\u00fchrung \u00fcbernimmt.<br \/>\nIch f\u00fchle mich deplatziert, sobald sie sich hinlegt.,<br \/>\nEin Radfahrer mitten im Nirgendwo und viel zu weit von zu Hause entfernt.<\/p>","protected":false},"excerpt":{"rendered":"<p>Yanaika draagt binnenkort het stokje over als stadsdichter. Daarom legden we haar gedichten vast op beeld, zodat ze ook later nog te horen zijn in de stad waar ze zijn geschreven. Met dit gedicht trappen we een kleine reeks af met stadsdichter Yanaika Zomer. Een ode aan leven met de wind. __________________________________________________________________________ Wie niet waait [&hellip;]<\/p>\n","protected":false},"author":9,"featured_media":22139,"template":"","doelgroep":[6027],"class_list":["post-22138","actueel","type-actueel","status-publish","has-post-thumbnail","hentry","elementor_library_category-stadsdichter","doelgroep-inwoner"],"yoast_head":"<!-- This site is optimized with the Yoast SEO Premium plugin v24.7 (Yoast SEO v27.4) - https:\/\/yoast.com\/product\/yoast-seo-premium-wordpress\/ -->\n<title>Wie niet waait die niet wind - Den Helder Online<\/title>\n<meta name=\"robots\" content=\"index, follow, max-snippet:-1, max-image-preview:large, max-video-preview:-1\" \/>\n<link rel=\"canonical\" href=\"https:\/\/denhelder.online\/de\/aktuell\/wer-nicht-blast-der-windet-sich-nicht\/\" \/>\n<meta property=\"og:locale\" content=\"de_DE\" \/>\n<meta property=\"og:type\" content=\"article\" \/>\n<meta property=\"og:title\" content=\"Wie niet waait die niet wind\" \/>\n<meta property=\"og:description\" content=\"Yanaika draagt binnenkort het stokje over als stadsdichter. Daarom legden we haar gedichten vast op beeld, zodat ze ook later nog te horen zijn in de stad waar ze zijn geschreven. Met dit gedicht trappen we een kleine reeks af met stadsdichter Yanaika Zomer. Een ode aan leven met de wind. __________________________________________________________________________ Wie niet waait [&hellip;]\" \/>\n<meta property=\"og:url\" content=\"https:\/\/denhelder.online\/de\/aktuell\/wer-nicht-blast-der-windet-sich-nicht\/\" \/>\n<meta property=\"og:site_name\" content=\"Den Helder Online\" \/>\n<meta property=\"article:modified_time\" content=\"2026-03-25T15:38:22+00:00\" \/>\n<meta property=\"og:image\" content=\"https:\/\/denhelder.online\/wp-content\/uploads\/2026\/03\/Wie-niet-waait-die-niet-wind-1024x574.png\" \/>\n\t<meta property=\"og:image:width\" content=\"1024\" \/>\n\t<meta property=\"og:image:height\" content=\"574\" \/>\n\t<meta property=\"og:image:type\" content=\"image\/png\" \/>\n<meta name=\"twitter:card\" content=\"summary_large_image\" \/>\n<meta name=\"twitter:label1\" content=\"Gesch\u00e4tzte Lesezeit\" \/>\n\t<meta name=\"twitter:data1\" content=\"2\u00a0Minuten\" \/>\n<script type=\"application\/ld+json\" class=\"yoast-schema-graph\">{\"@context\":\"https:\\\/\\\/schema.org\",\"@graph\":[{\"@type\":\"WebPage\",\"@id\":\"https:\\\/\\\/denhelder.online\\\/actueel\\\/wie-niet-waait-die-niet-wind\\\/\",\"url\":\"https:\\\/\\\/denhelder.online\\\/actueel\\\/wie-niet-waait-die-niet-wind\\\/\",\"name\":\"Wie niet waait die niet wind - Den Helder Online\",\"isPartOf\":{\"@id\":\"https:\\\/\\\/denhelder.online\\\/#website\"},\"primaryImageOfPage\":{\"@id\":\"https:\\\/\\\/denhelder.online\\\/actueel\\\/wie-niet-waait-die-niet-wind\\\/#primaryimage\"},\"image\":{\"@id\":\"https:\\\/\\\/denhelder.online\\\/actueel\\\/wie-niet-waait-die-niet-wind\\\/#primaryimage\"},\"thumbnailUrl\":\"https:\\\/\\\/denhelder.online\\\/wp-content\\\/uploads\\\/2026\\\/03\\\/Wie-niet-waait-die-niet-wind.png\",\"datePublished\":\"2026-03-25T15:21:23+00:00\",\"dateModified\":\"2026-03-25T15:38:22+00:00\",\"breadcrumb\":{\"@id\":\"https:\\\/\\\/denhelder.online\\\/actueel\\\/wie-niet-waait-die-niet-wind\\\/#breadcrumb\"},\"inLanguage\":\"de\",\"potentialAction\":[{\"@type\":\"ReadAction\",\"target\":[\"https:\\\/\\\/denhelder.online\\\/actueel\\\/wie-niet-waait-die-niet-wind\\\/\"]}]},{\"@type\":\"ImageObject\",\"inLanguage\":\"de\",\"@id\":\"https:\\\/\\\/denhelder.online\\\/actueel\\\/wie-niet-waait-die-niet-wind\\\/#primaryimage\",\"url\":\"https:\\\/\\\/denhelder.online\\\/wp-content\\\/uploads\\\/2026\\\/03\\\/Wie-niet-waait-die-niet-wind.png\",\"contentUrl\":\"https:\\\/\\\/denhelder.online\\\/wp-content\\\/uploads\\\/2026\\\/03\\\/Wie-niet-waait-die-niet-wind.png\",\"width\":1902,\"height\":1067,\"caption\":\"Wie niet waait, die niet wind\"},{\"@type\":\"BreadcrumbList\",\"@id\":\"https:\\\/\\\/denhelder.online\\\/actueel\\\/wie-niet-waait-die-niet-wind\\\/#breadcrumb\",\"itemListElement\":[{\"@type\":\"ListItem\",\"position\":1,\"name\":\"Home\",\"item\":\"https:\\\/\\\/denhelder.online\\\/\"},{\"@type\":\"ListItem\",\"position\":2,\"name\":\"Actueel\",\"item\":\"https:\\\/\\\/denhelder.online\\\/en\\\/current\\\/\"},{\"@type\":\"ListItem\",\"position\":3,\"name\":\"Wie niet waait die niet wind\"}]},{\"@type\":\"WebSite\",\"@id\":\"https:\\\/\\\/denhelder.online\\\/#website\",\"url\":\"https:\\\/\\\/denhelder.online\\\/\",\"name\":\"Den Helder Online\",\"description\":\"Beleef Den Helder\",\"publisher\":{\"@id\":\"https:\\\/\\\/denhelder.online\\\/#organization\"},\"potentialAction\":[{\"@type\":\"SearchAction\",\"target\":{\"@type\":\"EntryPoint\",\"urlTemplate\":\"https:\\\/\\\/denhelder.online\\\/?s={search_term_string}\"},\"query-input\":{\"@type\":\"PropertyValueSpecification\",\"valueRequired\":true,\"valueName\":\"search_term_string\"}}],\"inLanguage\":\"de\"},{\"@type\":\"Organization\",\"@id\":\"https:\\\/\\\/denhelder.online\\\/#organization\",\"name\":\"Den Helder Online\",\"url\":\"https:\\\/\\\/denhelder.online\\\/\",\"logo\":{\"@type\":\"ImageObject\",\"inLanguage\":\"de\",\"@id\":\"https:\\\/\\\/denhelder.online\\\/#\\\/schema\\\/logo\\\/image\\\/\",\"url\":\"https:\\\/\\\/denhelder.online\\\/wp-content\\\/uploads\\\/2021\\\/12\\\/DitIsDH-Logo-26-tagline.svg\",\"contentUrl\":\"https:\\\/\\\/denhelder.online\\\/wp-content\\\/uploads\\\/2021\\\/12\\\/DitIsDH-Logo-26-tagline.svg\",\"width\":1717.0999999999999,\"height\":934.89999999999998,\"caption\":\"Den Helder Online\"},\"image\":{\"@id\":\"https:\\\/\\\/denhelder.online\\\/#\\\/schema\\\/logo\\\/image\\\/\"}}]}<\/script>\n<!-- \/ Yoast SEO Premium plugin. -->","yoast_head_json":{"title":"Wer nicht bl\u00e4st, kann nicht winden \u2013 Den Helder Online","robots":{"index":"index","follow":"follow","max-snippet":"max-snippet:-1","max-image-preview":"max-image-preview:large","max-video-preview":"max-video-preview:-1"},"canonical":"https:\/\/denhelder.online\/de\/aktuell\/wer-nicht-blast-der-windet-sich-nicht\/","og_locale":"de_DE","og_type":"article","og_title":"Wie niet waait die niet wind","og_description":"Yanaika draagt binnenkort het stokje over als stadsdichter. Daarom legden we haar gedichten vast op beeld, zodat ze ook later nog te horen zijn in de stad waar ze zijn geschreven. Met dit gedicht trappen we een kleine reeks af met stadsdichter Yanaika Zomer. Een ode aan leven met de wind. __________________________________________________________________________ Wie niet waait [&hellip;]","og_url":"https:\/\/denhelder.online\/de\/aktuell\/wer-nicht-blast-der-windet-sich-nicht\/","og_site_name":"Den Helder Online","article_modified_time":"2026-03-25T15:38:22+00:00","og_image":[{"width":1024,"height":574,"url":"https:\/\/denhelder.online\/wp-content\/uploads\/2026\/03\/Wie-niet-waait-die-niet-wind-1024x574.png","type":"image\/png"}],"twitter_card":"summary_large_image","twitter_misc":{"Gesch\u00e4tzte Lesezeit":"2\u00a0Minuten"},"schema":{"@context":"https:\/\/schema.org","@graph":[{"@type":"WebPage","@id":"https:\/\/denhelder.online\/actueel\/wie-niet-waait-die-niet-wind\/","url":"https:\/\/denhelder.online\/actueel\/wie-niet-waait-die-niet-wind\/","name":"Wer nicht bl\u00e4st, kann nicht winden \u2013 Den Helder Online","isPartOf":{"@id":"https:\/\/denhelder.online\/#website"},"primaryImageOfPage":{"@id":"https:\/\/denhelder.online\/actueel\/wie-niet-waait-die-niet-wind\/#primaryimage"},"image":{"@id":"https:\/\/denhelder.online\/actueel\/wie-niet-waait-die-niet-wind\/#primaryimage"},"thumbnailUrl":"https:\/\/denhelder.online\/wp-content\/uploads\/2026\/03\/Wie-niet-waait-die-niet-wind.png","datePublished":"2026-03-25T15:21:23+00:00","dateModified":"2026-03-25T15:38:22+00:00","breadcrumb":{"@id":"https:\/\/denhelder.online\/actueel\/wie-niet-waait-die-niet-wind\/#breadcrumb"},"inLanguage":"de","potentialAction":[{"@type":"ReadAction","target":["https:\/\/denhelder.online\/actueel\/wie-niet-waait-die-niet-wind\/"]}]},{"@type":"ImageObject","inLanguage":"de","@id":"https:\/\/denhelder.online\/actueel\/wie-niet-waait-die-niet-wind\/#primaryimage","url":"https:\/\/denhelder.online\/wp-content\/uploads\/2026\/03\/Wie-niet-waait-die-niet-wind.png","contentUrl":"https:\/\/denhelder.online\/wp-content\/uploads\/2026\/03\/Wie-niet-waait-die-niet-wind.png","width":1902,"height":1067,"caption":"Wie niet waait, die niet wind"},{"@type":"BreadcrumbList","@id":"https:\/\/denhelder.online\/actueel\/wie-niet-waait-die-niet-wind\/#breadcrumb","itemListElement":[{"@type":"ListItem","position":1,"name":"Home","item":"https:\/\/denhelder.online\/"},{"@type":"ListItem","position":2,"name":"Actueel","item":"https:\/\/denhelder.online\/en\/current\/"},{"@type":"ListItem","position":3,"name":"Wie niet waait die niet wind"}]},{"@type":"WebSite","@id":"https:\/\/denhelder.online\/#website","url":"https:\/\/denhelder.online\/","name":"Den Helder Online","description":"Erleben Sie Den Helder","publisher":{"@id":"https:\/\/denhelder.online\/#organization"},"potentialAction":[{"@type":"SearchAction","target":{"@type":"EntryPoint","urlTemplate":"https:\/\/denhelder.online\/?s={search_term_string}"},"query-input":{"@type":"PropertyValueSpecification","valueRequired":true,"valueName":"search_term_string"}}],"inLanguage":"de"},{"@type":"Organization","@id":"https:\/\/denhelder.online\/#organization","name":"Den Helder Online","url":"https:\/\/denhelder.online\/","logo":{"@type":"ImageObject","inLanguage":"de","@id":"https:\/\/denhelder.online\/#\/schema\/logo\/image\/","url":"https:\/\/denhelder.online\/wp-content\/uploads\/2021\/12\/DitIsDH-Logo-26-tagline.svg","contentUrl":"https:\/\/denhelder.online\/wp-content\/uploads\/2021\/12\/DitIsDH-Logo-26-tagline.svg","width":1717.0999999999999,"height":934.89999999999998,"caption":"Den Helder Online"},"image":{"@id":"https:\/\/denhelder.online\/#\/schema\/logo\/image\/"}}]}},"_links":{"self":[{"href":"https:\/\/denhelder.online\/de\/wp-json\/wp\/v2\/actueel\/22138","targetHints":{"allow":["GET"]}}],"collection":[{"href":"https:\/\/denhelder.online\/de\/wp-json\/wp\/v2\/actueel"}],"about":[{"href":"https:\/\/denhelder.online\/de\/wp-json\/wp\/v2\/types\/actueel"}],"author":[{"embeddable":true,"href":"https:\/\/denhelder.online\/de\/wp-json\/wp\/v2\/users\/9"}],"wp:featuredmedia":[{"embeddable":true,"href":"https:\/\/denhelder.online\/de\/wp-json\/wp\/v2\/media\/22139"}],"wp:attachment":[{"href":"https:\/\/denhelder.online\/de\/wp-json\/wp\/v2\/media?parent=22138"}],"wp:term":[{"taxonomy":"doelgroep","embeddable":true,"href":"https:\/\/denhelder.online\/de\/wp-json\/wp\/v2\/doelgroep?post=22138"}],"curies":[{"name":"wp","href":"https:\/\/api.w.org\/{rel}","templated":true}]}}