{"id":22430,"date":"2026-04-07T22:56:16","date_gmt":"2026-04-07T20:56:16","guid":{"rendered":"https:\/\/denhelder.online\/?post_type=actueel&#038;p=22430"},"modified":"2026-04-15T09:46:33","modified_gmt":"2026-04-15T07:46:33","slug":"der-kontrollraum-in-der-nordsee","status":"publish","type":"actueel","link":"https:\/\/denhelder.online\/de\/actueel\/de-meldkamer-van-de-noordzee\/","title":{"rendered":"Der Kontrollraum in der Nordsee"},"content":{"rendered":"<p>Wenn man an die K\u00fcstenwache denkt, kommen einem Rettungseins\u00e4tze auf See in den Sinn. Doch die Organisation leistet weit mehr. Die K\u00fcstenwache ist rund um die Uhr f\u00fcr Hilfeleistungen, Krisenmanagement, Strafverfolgung und maritime Sicherheit in der Nordsee bereit. Dies geschieht vom K\u00fcstenwachenzentrum in Den Helder aus. Von dort werden die Eins\u00e4tze auf See koordiniert.<br \/>\nSjaco Pas (59) aus Julianadorp arbeitet seit drei\u00dfig Jahren f\u00fcr die K\u00fcstenwache und kennt die Organisation in- und auswendig.<\/p>\n<h3>Sicherheit in der Nordsee<\/h3>\n<p>\u201cWir setzen uns t\u00e4glich f\u00fcr die Sicherheit auf der Nordsee ein\u201d, sagt er. Die K\u00fcstenwache rettet Menschen in Seenot, \u00fcberwacht die Einhaltung von Vorschriften und geht gegen Straftaten vor. Das Ziel ist klar: Die Nordsee muss sicher sein \u2013 f\u00fcr Mensch, Tier und Natur.<\/p>\n<h3>Karriere<\/h3>\n<p>Sjaco war schon immer in der Seefahrt t\u00e4tig. Er begann seine Karriere bei der K\u00f6niglich Niederl\u00e4ndischen Marine, besuchte die Seefahrtschule im 1. Ausbildungszentrum des 3. Marinest\u00fctzpunkts (Den Helder) und fuhr anschlie\u00dfend zur Handelsmarine. \u00dcber IJmuiden gelangte er schlie\u00dflich zur K\u00fcstenwache. Seit 2001 arbeitet er im K\u00fcstenwachenzentrum des Den Helder. Er begann im Einsatzzentrum, dem Herzst\u00fcck der Organisation.<\/p>\n<h3>Kontrollraum<\/h3>\n<p>Das Einsatzzentrum dient sowohl als Kontrollraum als auch als Koordinierungsstelle. Hier werden Notrufe entgegengenommen, Flugzeuge dirigiert und Such- und Rettungsaktionen eingeleitet. Auch die Schifffahrt wird hier informiert. Der Kontrollraum ist rund um die Uhr besetzt. \u201cBei einem Notruf z\u00e4hlt jede Sekunde\u201d, sagt er. Die hier getroffenen Entscheidungen haben direkte Auswirkungen auf See.<\/p>\n<h3>Um zusammenzuarbeiten<\/h3>\n<p>Die K\u00fcstenwache arbeitet eng mit Partnern wie der K\u00f6niglich Niederl\u00e4ndischen Seenotrettungsgesellschaft (KNRM) zusammen. Im Notfall kann die K\u00fcstenwache neben dem Hubschrauber und\/oder Flugzeug der K\u00fcstenwache auch Rettungsboote alarmieren. Die KNRM r\u00fcckt von Stationen entlang der K\u00fcste und auf Binnengew\u00e4ssern aus, w\u00e4hrend die K\u00fcstenwache den Einsatz von Den Helder aus koordiniert. \u201cSie fahren aufs Wasser, wir stellen sicher, dass alles reibungslos abl\u00e4uft.\u201d<\/p>\n<h3>Nautisches Management<\/h3>\n<p>Nach einigen Jahren in der Leitwarte wurde Sjaco Leiter des nautischen Managements. Die Nordsee z\u00e4hlt zu den verkehrsreichsten Meeren der Welt. Transport, Veranstaltungen, Forschung, Pipelines und Windparks ben\u00f6tigen viel Platz. \u201cWir gew\u00e4hrleisten einen sicheren und reibungslosen Schiffsverkehr\u201d, erkl\u00e4rt er.<\/p>\n<h3>Neue Schiffe<\/h3>\n<p>Derzeit ist er als Berater f\u00fcr Nordseepolitik t\u00e4tig und an der Beschaffung neuer Schiffe beteiligt. In der zweiten Jahresh\u00e4lfte erh\u00e4lt die K\u00fcstenwache ein neues Einsatzschiff: die \u201cEnforcer\u201d. \u201eEs wird immer mehr auf See los. Mit diesem Schiff k\u00f6nnen wir die Vorschriften besser durchsetzen und pr\u00e4senter sein\u201c, erkl\u00e4rt Sjaco. Das hat auch eine pr\u00e4ventive Wirkung.<\/p>\n<h3>Personalerweiterung<\/h3>\n<p>Die Organisation w\u00e4chst mit den Entwicklungen auf See. Derzeit arbeiten dort \u00fcber 140 Personen. Anfang n\u00e4chsten Jahres wird die K\u00fcstenwache in das neue K\u00fcstenwachenzentrum an der Moorman-Br\u00fccke umziehen. Der neue Standort in Den Helder, wo 2027 das 40-j\u00e4hrige Jubil\u00e4um gefeiert wird, liegt in der Stadt, von der aus die t\u00e4glichen Sicherheitsoperationen in der Nordsee geleitet werden.<\/p>\n<h3>Arbeiten f\u00fcr die K\u00fcstenwache<\/h3>\n<p>Ob Sie in der Leitstelle oder im B\u00fcro anfangen: Als Mitarbeiter der K\u00fcstenwache leisten Sie jeden Tag einen wichtigen Beitrag. Sie sorgen nicht nur f\u00fcr die Sicherheit von heute, sondern gestalten auch die maritime Welt von morgen mit. Was Sie mitbringen sollten? Neugierde, ein hohes Ma\u00df an Verantwortungsbewusstsein und den Willen, etwas zu bewegen. Wir bieten Ihnen die n\u00f6tige Ausbildung, die richtige Ausr\u00fcstung und das Selbstvertrauen, Ihre Arbeit mit Stolz zu verrichten. Sind Sie bereit f\u00fcr die K\u00fcstenwache?<\/p>\n<p>Schau dir das an <a href=\"http:\/\/www.werkenbijdekustwacht.nl\">www.werkenbijdekustwacht.nl<\/a> f\u00fcr freie Stellen bei der K\u00fcstenwache<\/p>\n<p><strong>\u00a0<\/strong><\/p>\n<p><strong>\u00a0<\/strong><\/p>\n<p><strong>\u00a0<\/strong><\/p>","protected":false},"excerpt":{"rendered":"<p>Im Zentrum der K\u00fcstenwache in Den Helder wird der Einsatz in der Nordsee Tag und Nacht koordiniert.<\/p>","protected":false},"author":9,"featured_media":22431,"template":"","doelgroep":[6027,6028,6029],"class_list":["post-22430","actueel","type-actueel","status-publish","has-post-thumbnail","hentry","elementor_library_category-werken","doelgroep-inwoner","doelgroep-inwoner-regio","doelgroep-toerist"],"yoast_head":"<!-- This site is optimized with the Yoast SEO Premium plugin v24.7 (Yoast SEO v27.5) - https:\/\/yoast.com\/product\/yoast-seo-premium-wordpress\/ -->\n<title>De meldkamer van de Noordzee - Den Helder Online<\/title>\n<meta name=\"robots\" content=\"index, follow, max-snippet:-1, max-image-preview:large, max-video-preview:-1\" \/>\n<link rel=\"canonical\" href=\"https:\/\/denhelder.online\/de\/aktuell\/der-kontrollraum-in-der-nordsee\/\" \/>\n<meta property=\"og:locale\" content=\"de_DE\" \/>\n<meta property=\"og:type\" content=\"article\" \/>\n<meta property=\"og:title\" content=\"De meldkamer van de Noordzee\" \/>\n<meta property=\"og:description\" content=\"In het Kustwachtcentrum in Den Helder wordt dag en nacht de inzet op de Noordzee geco\u00f6rdineerd.\" \/>\n<meta property=\"og:url\" content=\"https:\/\/denhelder.online\/de\/aktuell\/der-kontrollraum-in-der-nordsee\/\" \/>\n<meta property=\"og:site_name\" content=\"Den Helder Online\" \/>\n<meta property=\"article:modified_time\" content=\"2026-04-15T07:46:33+00:00\" \/>\n<meta property=\"og:image\" content=\"https:\/\/denhelder.online\/wp-content\/uploads\/2026\/04\/Multraship-Protector-nabij-Hollandse-Kust-Zuid-HKZ-scaled-1.jpg\" \/>\n\t<meta property=\"og:image:width\" content=\"2560\" \/>\n\t<meta property=\"og:image:height\" content=\"1706\" \/>\n\t<meta property=\"og:image:type\" content=\"image\/jpeg\" \/>\n<meta name=\"twitter:card\" content=\"summary_large_image\" \/>\n<meta name=\"twitter:label1\" content=\"Gesch\u00e4tzte Lesezeit\" \/>\n\t<meta name=\"twitter:data1\" content=\"3\u00a0Minuten\" \/>\n<script type=\"application\/ld+json\" class=\"yoast-schema-graph\">{\"@context\":\"https:\\\/\\\/schema.org\",\"@graph\":[{\"@type\":\"WebPage\",\"@id\":\"https:\\\/\\\/denhelder.online\\\/actueel\\\/de-meldkamer-van-de-noordzee\\\/\",\"url\":\"https:\\\/\\\/denhelder.online\\\/actueel\\\/de-meldkamer-van-de-noordzee\\\/\",\"name\":\"De meldkamer van de Noordzee - Den Helder Online\",\"isPartOf\":{\"@id\":\"https:\\\/\\\/denhelder.online\\\/#website\"},\"primaryImageOfPage\":{\"@id\":\"https:\\\/\\\/denhelder.online\\\/actueel\\\/de-meldkamer-van-de-noordzee\\\/#primaryimage\"},\"image\":{\"@id\":\"https:\\\/\\\/denhelder.online\\\/actueel\\\/de-meldkamer-van-de-noordzee\\\/#primaryimage\"},\"thumbnailUrl\":\"https:\\\/\\\/denhelder.online\\\/wp-content\\\/uploads\\\/2026\\\/04\\\/Multraship-Protector-nabij-Hollandse-Kust-Zuid-HKZ-scaled-1.jpg\",\"datePublished\":\"2026-04-07T20:56:16+00:00\",\"dateModified\":\"2026-04-15T07:46:33+00:00\",\"breadcrumb\":{\"@id\":\"https:\\\/\\\/denhelder.online\\\/actueel\\\/de-meldkamer-van-de-noordzee\\\/#breadcrumb\"},\"inLanguage\":\"de\",\"potentialAction\":[{\"@type\":\"ReadAction\",\"target\":[\"https:\\\/\\\/denhelder.online\\\/actueel\\\/de-meldkamer-van-de-noordzee\\\/\"]}]},{\"@type\":\"ImageObject\",\"inLanguage\":\"de\",\"@id\":\"https:\\\/\\\/denhelder.online\\\/actueel\\\/de-meldkamer-van-de-noordzee\\\/#primaryimage\",\"url\":\"https:\\\/\\\/denhelder.online\\\/wp-content\\\/uploads\\\/2026\\\/04\\\/Multraship-Protector-nabij-Hollandse-Kust-Zuid-HKZ-scaled-1.jpg\",\"contentUrl\":\"https:\\\/\\\/denhelder.online\\\/wp-content\\\/uploads\\\/2026\\\/04\\\/Multraship-Protector-nabij-Hollandse-Kust-Zuid-HKZ-scaled-1.jpg\",\"width\":2560,\"height\":1706,\"caption\":\"kustwacht bij windmolens op de Noordzee\"},{\"@type\":\"BreadcrumbList\",\"@id\":\"https:\\\/\\\/denhelder.online\\\/actueel\\\/de-meldkamer-van-de-noordzee\\\/#breadcrumb\",\"itemListElement\":[{\"@type\":\"ListItem\",\"position\":1,\"name\":\"Home\",\"item\":\"https:\\\/\\\/denhelder.online\\\/\"},{\"@type\":\"ListItem\",\"position\":2,\"name\":\"Actueel\",\"item\":\"https:\\\/\\\/denhelder.online\\\/en\\\/current\\\/\"},{\"@type\":\"ListItem\",\"position\":3,\"name\":\"De meldkamer van de Noordzee\"}]},{\"@type\":\"WebSite\",\"@id\":\"https:\\\/\\\/denhelder.online\\\/#website\",\"url\":\"https:\\\/\\\/denhelder.online\\\/\",\"name\":\"Den Helder Online\",\"description\":\"Beleef Den Helder\",\"publisher\":{\"@id\":\"https:\\\/\\\/denhelder.online\\\/#organization\"},\"potentialAction\":[{\"@type\":\"SearchAction\",\"target\":{\"@type\":\"EntryPoint\",\"urlTemplate\":\"https:\\\/\\\/denhelder.online\\\/?s={search_term_string}\"},\"query-input\":{\"@type\":\"PropertyValueSpecification\",\"valueRequired\":true,\"valueName\":\"search_term_string\"}}],\"inLanguage\":\"de\"},{\"@type\":\"Organization\",\"@id\":\"https:\\\/\\\/denhelder.online\\\/#organization\",\"name\":\"Den Helder Online\",\"url\":\"https:\\\/\\\/denhelder.online\\\/\",\"logo\":{\"@type\":\"ImageObject\",\"inLanguage\":\"de\",\"@id\":\"https:\\\/\\\/denhelder.online\\\/#\\\/schema\\\/logo\\\/image\\\/\",\"url\":\"https:\\\/\\\/denhelder.online\\\/wp-content\\\/uploads\\\/2021\\\/12\\\/DitIsDH-Logo-26-tagline.svg\",\"contentUrl\":\"https:\\\/\\\/denhelder.online\\\/wp-content\\\/uploads\\\/2021\\\/12\\\/DitIsDH-Logo-26-tagline.svg\",\"width\":1717.0999999999999,\"height\":934.89999999999998,\"caption\":\"Den Helder Online\"},\"image\":{\"@id\":\"https:\\\/\\\/denhelder.online\\\/#\\\/schema\\\/logo\\\/image\\\/\"}}]}<\/script>\n<!-- \/ Yoast SEO Premium plugin. -->","yoast_head_json":{"title":"Nordsee-Kontrollraum \u2013 Den Helder Online","robots":{"index":"index","follow":"follow","max-snippet":"max-snippet:-1","max-image-preview":"max-image-preview:large","max-video-preview":"max-video-preview:-1"},"canonical":"https:\/\/denhelder.online\/de\/aktuell\/der-kontrollraum-in-der-nordsee\/","og_locale":"de_DE","og_type":"article","og_title":"De meldkamer van de Noordzee","og_description":"In het Kustwachtcentrum in Den Helder wordt dag en nacht de inzet op de Noordzee geco\u00f6rdineerd.","og_url":"https:\/\/denhelder.online\/de\/aktuell\/der-kontrollraum-in-der-nordsee\/","og_site_name":"Den Helder Online","article_modified_time":"2026-04-15T07:46:33+00:00","og_image":[{"width":2560,"height":1706,"url":"https:\/\/denhelder.online\/wp-content\/uploads\/2026\/04\/Multraship-Protector-nabij-Hollandse-Kust-Zuid-HKZ-scaled-1.jpg","type":"image\/jpeg"}],"twitter_card":"summary_large_image","twitter_misc":{"Gesch\u00e4tzte Lesezeit":"3\u00a0Minuten"},"schema":{"@context":"https:\/\/schema.org","@graph":[{"@type":"WebPage","@id":"https:\/\/denhelder.online\/actueel\/de-meldkamer-van-de-noordzee\/","url":"https:\/\/denhelder.online\/actueel\/de-meldkamer-van-de-noordzee\/","name":"Nordsee-Kontrollraum \u2013 Den Helder Online","isPartOf":{"@id":"https:\/\/denhelder.online\/#website"},"primaryImageOfPage":{"@id":"https:\/\/denhelder.online\/actueel\/de-meldkamer-van-de-noordzee\/#primaryimage"},"image":{"@id":"https:\/\/denhelder.online\/actueel\/de-meldkamer-van-de-noordzee\/#primaryimage"},"thumbnailUrl":"https:\/\/denhelder.online\/wp-content\/uploads\/2026\/04\/Multraship-Protector-nabij-Hollandse-Kust-Zuid-HKZ-scaled-1.jpg","datePublished":"2026-04-07T20:56:16+00:00","dateModified":"2026-04-15T07:46:33+00:00","breadcrumb":{"@id":"https:\/\/denhelder.online\/actueel\/de-meldkamer-van-de-noordzee\/#breadcrumb"},"inLanguage":"de","potentialAction":[{"@type":"ReadAction","target":["https:\/\/denhelder.online\/actueel\/de-meldkamer-van-de-noordzee\/"]}]},{"@type":"ImageObject","inLanguage":"de","@id":"https:\/\/denhelder.online\/actueel\/de-meldkamer-van-de-noordzee\/#primaryimage","url":"https:\/\/denhelder.online\/wp-content\/uploads\/2026\/04\/Multraship-Protector-nabij-Hollandse-Kust-Zuid-HKZ-scaled-1.jpg","contentUrl":"https:\/\/denhelder.online\/wp-content\/uploads\/2026\/04\/Multraship-Protector-nabij-Hollandse-Kust-Zuid-HKZ-scaled-1.jpg","width":2560,"height":1706,"caption":"kustwacht bij windmolens op de Noordzee"},{"@type":"BreadcrumbList","@id":"https:\/\/denhelder.online\/actueel\/de-meldkamer-van-de-noordzee\/#breadcrumb","itemListElement":[{"@type":"ListItem","position":1,"name":"Home","item":"https:\/\/denhelder.online\/"},{"@type":"ListItem","position":2,"name":"Actueel","item":"https:\/\/denhelder.online\/en\/current\/"},{"@type":"ListItem","position":3,"name":"De meldkamer van de Noordzee"}]},{"@type":"WebSite","@id":"https:\/\/denhelder.online\/#website","url":"https:\/\/denhelder.online\/","name":"Den Helder Online","description":"Erleben Sie Den Helder","publisher":{"@id":"https:\/\/denhelder.online\/#organization"},"potentialAction":[{"@type":"SearchAction","target":{"@type":"EntryPoint","urlTemplate":"https:\/\/denhelder.online\/?s={search_term_string}"},"query-input":{"@type":"PropertyValueSpecification","valueRequired":true,"valueName":"search_term_string"}}],"inLanguage":"de"},{"@type":"Organization","@id":"https:\/\/denhelder.online\/#organization","name":"Den Helder Online","url":"https:\/\/denhelder.online\/","logo":{"@type":"ImageObject","inLanguage":"de","@id":"https:\/\/denhelder.online\/#\/schema\/logo\/image\/","url":"https:\/\/denhelder.online\/wp-content\/uploads\/2021\/12\/DitIsDH-Logo-26-tagline.svg","contentUrl":"https:\/\/denhelder.online\/wp-content\/uploads\/2021\/12\/DitIsDH-Logo-26-tagline.svg","width":1717.0999999999999,"height":934.89999999999998,"caption":"Den Helder Online"},"image":{"@id":"https:\/\/denhelder.online\/#\/schema\/logo\/image\/"}}]}},"_links":{"self":[{"href":"https:\/\/denhelder.online\/de\/wp-json\/wp\/v2\/actueel\/22430","targetHints":{"allow":["GET"]}}],"collection":[{"href":"https:\/\/denhelder.online\/de\/wp-json\/wp\/v2\/actueel"}],"about":[{"href":"https:\/\/denhelder.online\/de\/wp-json\/wp\/v2\/types\/actueel"}],"author":[{"embeddable":true,"href":"https:\/\/denhelder.online\/de\/wp-json\/wp\/v2\/users\/9"}],"wp:featuredmedia":[{"embeddable":true,"href":"https:\/\/denhelder.online\/de\/wp-json\/wp\/v2\/media\/22431"}],"wp:attachment":[{"href":"https:\/\/denhelder.online\/de\/wp-json\/wp\/v2\/media?parent=22430"}],"wp:term":[{"taxonomy":"doelgroep","embeddable":true,"href":"https:\/\/denhelder.online\/de\/wp-json\/wp\/v2\/doelgroep?post=22430"}],"curies":[{"name":"wp","href":"https:\/\/api.w.org\/{rel}","templated":true}]}}