{"id":23211,"date":"2022-06-24T13:19:34","date_gmt":"2022-06-24T11:19:34","guid":{"rendered":"https:\/\/denhelder.online\/?post_type=actueel&#038;p=23211"},"modified":"2026-04-14T12:29:25","modified_gmt":"2026-04-14T10:29:25","slug":"zwei-neue-mietwohnungen-und-ein-buroraum-in-einer-stadtvilla","status":"publish","type":"actueel","link":"https:\/\/denhelder.online\/de\/actueel\/twee-nieuwe-huurwoningen-en-een-kantoorruimte-in-stadsvilla\/","title":{"rendered":"Zwei neue Mietwohnungen und ein B\u00fcroraum in einer Stadtvilla"},"content":{"rendered":"<p>Schritt f\u00fcr Schritt realisiert das Bauunternehmen Tuin im Auftrag von Helder Vastgoed BV zwei neue Sozialwohnungen und B\u00fcror\u00e4ume f\u00fcr die Anwaltskanzlei Knuwer. Dabei erh\u00e4lt die charakteristische Villa aus den 1930er-Jahren eine neue Bestimmung.<\/p>\n<p>Um das Geb\u00e4ude nachhaltiger zu gestalten, werden isolierte Dachpaneele und Fensterrahmen mit Isolierglas installiert. Das Geb\u00e4ude wird nach einem Entwurf des Architekturb\u00fcros KJK Architecten aus dem 1. Bezirk von Neapel (Helderse) komplett saniert, wobei der Erhalt des urspr\u00fcnglichen Charakters im Mittelpunkt steht. Die Mietwohnungen werden in K\u00fcrze bezugsfertig sein.\u00a0<a href=\"http:\/\/woonmatchkopnh.nl\/\">woonmatchkopnh.nl<\/a>\u00a0angeboten.<\/p>\n<p>Die Stadtvilla ist Teil der Umstrukturierung des Stadtzentrums Den Helder, in dessen Rahmen Helder Vastgoed in den kommenden Jahren mehr als 200 Eigentumswohnungen und (soziale) Mietwohnungen realisieren wird.<\/p>","protected":false},"excerpt":{"rendered":"<p>Schritt f\u00fcr Schritt realisiert das Bauunternehmen Tuin im Auftrag von Helder Vastgoed BV zwei neue Sozialwohnungen und B\u00fcror\u00e4ume f\u00fcr die Anwaltskanzlei Knuwer. Dabei erh\u00e4lt die charakteristische Villa aus den 1930er-Jahren eine neue Bestimmung.<\/p>","protected":false},"author":4,"featured_media":23212,"template":"","doelgroep":[],"class_list":["post-23211","actueel","type-actueel","status-publish","has-post-thumbnail","hentry","elementor_library_category-wonen"],"yoast_head":"<!-- This site is optimized with the Yoast SEO Premium plugin v24.7 (Yoast SEO v27.4) - https:\/\/yoast.com\/product\/yoast-seo-premium-wordpress\/ -->\n<title>Twee nieuwe huurwoningen en een kantoorruimte in stadsvilla - Den Helder Online<\/title>\n<meta name=\"robots\" content=\"index, follow, max-snippet:-1, max-image-preview:large, max-video-preview:-1\" \/>\n<link rel=\"canonical\" href=\"https:\/\/denhelder.online\/de\/aktuell\/zwei-neue-mietwohnungen-und-ein-buroraum-in-einer-stadtvilla\/\" \/>\n<meta property=\"og:locale\" content=\"de_DE\" \/>\n<meta property=\"og:type\" content=\"article\" \/>\n<meta property=\"og:title\" content=\"Twee nieuwe huurwoningen en een kantoorruimte in stadsvilla\" \/>\n<meta property=\"og:description\" content=\"Stap voor stap werkt aannemer Tuin in opdracht van Helder Vastgoed BV aan de realisatie van twee nieuw sociale huurwoningen en een\u00a0 kantoorruimte voor de advocaten van Knuwer. Hiermee krijgt de karakteristieke villa uit de jaren 30 een nieuwe invulling.\" \/>\n<meta property=\"og:url\" content=\"https:\/\/denhelder.online\/de\/aktuell\/zwei-neue-mietwohnungen-und-ein-buroraum-in-einer-stadtvilla\/\" \/>\n<meta property=\"og:site_name\" content=\"Den Helder Online\" \/>\n<meta property=\"article:modified_time\" content=\"2026-04-14T10:29:25+00:00\" \/>\n<meta property=\"og:image\" content=\"https:\/\/denhelder.online\/wp-content\/uploads\/2026\/04\/prins-hendriklaan-de-gouden-kroon-2-jpg.webp\" \/>\n\t<meta property=\"og:image:width\" content=\"1280\" \/>\n\t<meta property=\"og:image:height\" content=\"960\" \/>\n\t<meta property=\"og:image:type\" content=\"image\/webp\" \/>\n<meta name=\"twitter:card\" content=\"summary_large_image\" \/>\n<meta name=\"twitter:label1\" content=\"Gesch\u00e4tzte Lesezeit\" \/>\n\t<meta name=\"twitter:data1\" content=\"1\u00a0Minute\" \/>\n<script type=\"application\/ld+json\" class=\"yoast-schema-graph\">{\"@context\":\"https:\\\/\\\/schema.org\",\"@graph\":[{\"@type\":\"WebPage\",\"@id\":\"https:\\\/\\\/denhelder.online\\\/actueel\\\/twee-nieuwe-huurwoningen-en-een-kantoorruimte-in-stadsvilla\\\/\",\"url\":\"https:\\\/\\\/denhelder.online\\\/actueel\\\/twee-nieuwe-huurwoningen-en-een-kantoorruimte-in-stadsvilla\\\/\",\"name\":\"Twee nieuwe huurwoningen en een kantoorruimte in stadsvilla - Den Helder Online\",\"isPartOf\":{\"@id\":\"https:\\\/\\\/denhelder.online\\\/#website\"},\"primaryImageOfPage\":{\"@id\":\"https:\\\/\\\/denhelder.online\\\/actueel\\\/twee-nieuwe-huurwoningen-en-een-kantoorruimte-in-stadsvilla\\\/#primaryimage\"},\"image\":{\"@id\":\"https:\\\/\\\/denhelder.online\\\/actueel\\\/twee-nieuwe-huurwoningen-en-een-kantoorruimte-in-stadsvilla\\\/#primaryimage\"},\"thumbnailUrl\":\"https:\\\/\\\/denhelder.online\\\/wp-content\\\/uploads\\\/2026\\\/04\\\/prins-hendriklaan-de-gouden-kroon-2-jpg.webp\",\"datePublished\":\"2022-06-24T11:19:34+00:00\",\"dateModified\":\"2026-04-14T10:29:25+00:00\",\"breadcrumb\":{\"@id\":\"https:\\\/\\\/denhelder.online\\\/actueel\\\/twee-nieuwe-huurwoningen-en-een-kantoorruimte-in-stadsvilla\\\/#breadcrumb\"},\"inLanguage\":\"de\",\"potentialAction\":[{\"@type\":\"ReadAction\",\"target\":[\"https:\\\/\\\/denhelder.online\\\/actueel\\\/twee-nieuwe-huurwoningen-en-een-kantoorruimte-in-stadsvilla\\\/\"]}]},{\"@type\":\"ImageObject\",\"inLanguage\":\"de\",\"@id\":\"https:\\\/\\\/denhelder.online\\\/actueel\\\/twee-nieuwe-huurwoningen-en-een-kantoorruimte-in-stadsvilla\\\/#primaryimage\",\"url\":\"https:\\\/\\\/denhelder.online\\\/wp-content\\\/uploads\\\/2026\\\/04\\\/prins-hendriklaan-de-gouden-kroon-2-jpg.webp\",\"contentUrl\":\"https:\\\/\\\/denhelder.online\\\/wp-content\\\/uploads\\\/2026\\\/04\\\/prins-hendriklaan-de-gouden-kroon-2-jpg.webp\",\"width\":1280,\"height\":960},{\"@type\":\"BreadcrumbList\",\"@id\":\"https:\\\/\\\/denhelder.online\\\/actueel\\\/twee-nieuwe-huurwoningen-en-een-kantoorruimte-in-stadsvilla\\\/#breadcrumb\",\"itemListElement\":[{\"@type\":\"ListItem\",\"position\":1,\"name\":\"Home\",\"item\":\"https:\\\/\\\/denhelder.online\\\/\"},{\"@type\":\"ListItem\",\"position\":2,\"name\":\"Actueel\",\"item\":\"https:\\\/\\\/denhelder.online\\\/en\\\/current\\\/\"},{\"@type\":\"ListItem\",\"position\":3,\"name\":\"Twee nieuwe huurwoningen en een kantoorruimte in stadsvilla\"}]},{\"@type\":\"WebSite\",\"@id\":\"https:\\\/\\\/denhelder.online\\\/#website\",\"url\":\"https:\\\/\\\/denhelder.online\\\/\",\"name\":\"Den Helder Online\",\"description\":\"Beleef Den Helder\",\"publisher\":{\"@id\":\"https:\\\/\\\/denhelder.online\\\/#organization\"},\"potentialAction\":[{\"@type\":\"SearchAction\",\"target\":{\"@type\":\"EntryPoint\",\"urlTemplate\":\"https:\\\/\\\/denhelder.online\\\/?s={search_term_string}\"},\"query-input\":{\"@type\":\"PropertyValueSpecification\",\"valueRequired\":true,\"valueName\":\"search_term_string\"}}],\"inLanguage\":\"de\"},{\"@type\":\"Organization\",\"@id\":\"https:\\\/\\\/denhelder.online\\\/#organization\",\"name\":\"Den Helder Online\",\"url\":\"https:\\\/\\\/denhelder.online\\\/\",\"logo\":{\"@type\":\"ImageObject\",\"inLanguage\":\"de\",\"@id\":\"https:\\\/\\\/denhelder.online\\\/#\\\/schema\\\/logo\\\/image\\\/\",\"url\":\"https:\\\/\\\/denhelder.online\\\/wp-content\\\/uploads\\\/2021\\\/12\\\/DitIsDH-Logo-26-tagline.svg\",\"contentUrl\":\"https:\\\/\\\/denhelder.online\\\/wp-content\\\/uploads\\\/2021\\\/12\\\/DitIsDH-Logo-26-tagline.svg\",\"width\":1717.0999999999999,\"height\":934.89999999999998,\"caption\":\"Den Helder Online\"},\"image\":{\"@id\":\"https:\\\/\\\/denhelder.online\\\/#\\\/schema\\\/logo\\\/image\\\/\"}}]}<\/script>\n<!-- \/ Yoast SEO Premium plugin. -->","yoast_head_json":{"title":"Zwei neue Mietwohnungen und ein B\u00fcroraum in einer Stadtvilla \u2013 Den Helder Online","robots":{"index":"index","follow":"follow","max-snippet":"max-snippet:-1","max-image-preview":"max-image-preview:large","max-video-preview":"max-video-preview:-1"},"canonical":"https:\/\/denhelder.online\/de\/aktuell\/zwei-neue-mietwohnungen-und-ein-buroraum-in-einer-stadtvilla\/","og_locale":"de_DE","og_type":"article","og_title":"Twee nieuwe huurwoningen en een kantoorruimte in stadsvilla","og_description":"Stap voor stap werkt aannemer Tuin in opdracht van Helder Vastgoed BV aan de realisatie van twee nieuw sociale huurwoningen en een\u00a0 kantoorruimte voor de advocaten van Knuwer. Hiermee krijgt de karakteristieke villa uit de jaren 30 een nieuwe invulling.","og_url":"https:\/\/denhelder.online\/de\/aktuell\/zwei-neue-mietwohnungen-und-ein-buroraum-in-einer-stadtvilla\/","og_site_name":"Den Helder Online","article_modified_time":"2026-04-14T10:29:25+00:00","og_image":[{"width":1280,"height":960,"url":"https:\/\/denhelder.online\/wp-content\/uploads\/2026\/04\/prins-hendriklaan-de-gouden-kroon-2-jpg.webp","type":"image\/webp"}],"twitter_card":"summary_large_image","twitter_misc":{"Gesch\u00e4tzte Lesezeit":"1\u00a0Minute"},"schema":{"@context":"https:\/\/schema.org","@graph":[{"@type":"WebPage","@id":"https:\/\/denhelder.online\/actueel\/twee-nieuwe-huurwoningen-en-een-kantoorruimte-in-stadsvilla\/","url":"https:\/\/denhelder.online\/actueel\/twee-nieuwe-huurwoningen-en-een-kantoorruimte-in-stadsvilla\/","name":"Zwei neue Mietwohnungen und ein B\u00fcroraum in einer Stadtvilla \u2013 Den Helder Online","isPartOf":{"@id":"https:\/\/denhelder.online\/#website"},"primaryImageOfPage":{"@id":"https:\/\/denhelder.online\/actueel\/twee-nieuwe-huurwoningen-en-een-kantoorruimte-in-stadsvilla\/#primaryimage"},"image":{"@id":"https:\/\/denhelder.online\/actueel\/twee-nieuwe-huurwoningen-en-een-kantoorruimte-in-stadsvilla\/#primaryimage"},"thumbnailUrl":"https:\/\/denhelder.online\/wp-content\/uploads\/2026\/04\/prins-hendriklaan-de-gouden-kroon-2-jpg.webp","datePublished":"2022-06-24T11:19:34+00:00","dateModified":"2026-04-14T10:29:25+00:00","breadcrumb":{"@id":"https:\/\/denhelder.online\/actueel\/twee-nieuwe-huurwoningen-en-een-kantoorruimte-in-stadsvilla\/#breadcrumb"},"inLanguage":"de","potentialAction":[{"@type":"ReadAction","target":["https:\/\/denhelder.online\/actueel\/twee-nieuwe-huurwoningen-en-een-kantoorruimte-in-stadsvilla\/"]}]},{"@type":"ImageObject","inLanguage":"de","@id":"https:\/\/denhelder.online\/actueel\/twee-nieuwe-huurwoningen-en-een-kantoorruimte-in-stadsvilla\/#primaryimage","url":"https:\/\/denhelder.online\/wp-content\/uploads\/2026\/04\/prins-hendriklaan-de-gouden-kroon-2-jpg.webp","contentUrl":"https:\/\/denhelder.online\/wp-content\/uploads\/2026\/04\/prins-hendriklaan-de-gouden-kroon-2-jpg.webp","width":1280,"height":960},{"@type":"BreadcrumbList","@id":"https:\/\/denhelder.online\/actueel\/twee-nieuwe-huurwoningen-en-een-kantoorruimte-in-stadsvilla\/#breadcrumb","itemListElement":[{"@type":"ListItem","position":1,"name":"Home","item":"https:\/\/denhelder.online\/"},{"@type":"ListItem","position":2,"name":"Actueel","item":"https:\/\/denhelder.online\/en\/current\/"},{"@type":"ListItem","position":3,"name":"Twee nieuwe huurwoningen en een kantoorruimte in stadsvilla"}]},{"@type":"WebSite","@id":"https:\/\/denhelder.online\/#website","url":"https:\/\/denhelder.online\/","name":"Den Helder Online","description":"Erleben Sie Den Helder","publisher":{"@id":"https:\/\/denhelder.online\/#organization"},"potentialAction":[{"@type":"SearchAction","target":{"@type":"EntryPoint","urlTemplate":"https:\/\/denhelder.online\/?s={search_term_string}"},"query-input":{"@type":"PropertyValueSpecification","valueRequired":true,"valueName":"search_term_string"}}],"inLanguage":"de"},{"@type":"Organization","@id":"https:\/\/denhelder.online\/#organization","name":"Den Helder Online","url":"https:\/\/denhelder.online\/","logo":{"@type":"ImageObject","inLanguage":"de","@id":"https:\/\/denhelder.online\/#\/schema\/logo\/image\/","url":"https:\/\/denhelder.online\/wp-content\/uploads\/2021\/12\/DitIsDH-Logo-26-tagline.svg","contentUrl":"https:\/\/denhelder.online\/wp-content\/uploads\/2021\/12\/DitIsDH-Logo-26-tagline.svg","width":1717.0999999999999,"height":934.89999999999998,"caption":"Den Helder Online"},"image":{"@id":"https:\/\/denhelder.online\/#\/schema\/logo\/image\/"}}]}},"_links":{"self":[{"href":"https:\/\/denhelder.online\/de\/wp-json\/wp\/v2\/actueel\/23211","targetHints":{"allow":["GET"]}}],"collection":[{"href":"https:\/\/denhelder.online\/de\/wp-json\/wp\/v2\/actueel"}],"about":[{"href":"https:\/\/denhelder.online\/de\/wp-json\/wp\/v2\/types\/actueel"}],"author":[{"embeddable":true,"href":"https:\/\/denhelder.online\/de\/wp-json\/wp\/v2\/users\/4"}],"wp:featuredmedia":[{"embeddable":true,"href":"https:\/\/denhelder.online\/de\/wp-json\/wp\/v2\/media\/23212"}],"wp:attachment":[{"href":"https:\/\/denhelder.online\/de\/wp-json\/wp\/v2\/media?parent=23211"}],"wp:term":[{"taxonomy":"doelgroep","embeddable":true,"href":"https:\/\/denhelder.online\/de\/wp-json\/wp\/v2\/doelgroep?post=23211"}],"curies":[{"name":"wp","href":"https:\/\/api.w.org\/{rel}","templated":true}]}}