{"id":23236,"date":"2024-02-29T11:46:33","date_gmt":"2024-02-29T10:46:33","guid":{"rendered":"https:\/\/denhelder.online\/?post_type=actueel&#038;p=23236"},"modified":"2026-04-14T13:44:47","modified_gmt":"2026-04-14T11:44:47","slug":"die-umwandlung-des-alten-vd-in-das-kaufhaus-beginnt","status":"publish","type":"actueel","link":"https:\/\/denhelder.online\/de\/actueel\/verbouw-oude-vd-tot-het-warenhuys-begint\/","title":{"rendered":"Die Renovierung des alten V&amp;D in Het Warenhuys beginnt"},"content":{"rendered":"<h3>Ein K\u00f6nigreich f\u00fcr die Macht!<\/h3>\n<p>\u2018Ein Pferd, ein Pferd, mein K\u00f6nigreich f\u00fcr ein Pferd!\u2019 So lie\u00df der ber\u00fchmte englische Dichter Shakespeare einen K\u00f6nig in einem seiner St\u00fccke auf dem Schlachtfeld ausrufen. In Den Helder k\u00f6nnte man daraus machen: \u2018Macht, Macht, ein K\u00f6nigreich f\u00fcr noch mehr Macht!\u2019 So verzweifelt ist die Lage. Die \u00dcberlastung des Stromnetzes, offiziell Netzengp\u00e4sse genannt, stellt ein enormes Problem f\u00fcr die ambitionierten Neubau- und Sanierungsprojekte der Stadt dar.<\/p>\n<p><strong>Den Anfang macht die Sanierung des ehemaligen V&amp;D-Geb\u00e4udes in der Beatrixstraat zum Het Warenhuys. Dort entstehen 36 Wohnungen und f\u00fcnf Gesch\u00e4fte. Die Sanierung beginnt im Februar, obwohl derzeit noch unklar ist, ob das Geb\u00e4ude rechtzeitig mit Strom versorgt wird. Wie ist die Lage? F\u00fcnf Fragen an Ton op &#039;t Ende, Immobilienmanager des Auftraggebers Woningstichting\/Helder Vastgoed BV.<\/strong><\/p>\n<h3>Ist das Stromnetz wirklich vollst\u00e4ndig ausgelastet?<\/h3>\n<p>,\u2019Nicht den Gro\u00dfteil des Tages. Das Problem ist die Spitzenlast. Wenn Haushalte und Unternehmen gleichzeitig Strom anfordern, beispielsweise morgens, kann das Netz das nicht bew\u00e4ltigen. Dann f\u00e4llt der Strom in Teilen der Stadt aus. Das kann schwere Sch\u00e4den verursachen. Obwohl f\u00fcr den Rest des Tages ausreichend Kapazit\u00e4t vorhanden ist, m\u00f6chte Netzbetreiber Liander keine weiteren Stromkunden zulassen, um diese \u00dcberlastung zu Spitzenzeiten zu verhindern.\u2019<\/p>\n<h3>Wie kann es sein, dass es im Het Warenhuys jetzt keinen Strom gibt? Das alte V&amp;D hatte doch Strom, oder?<\/h3>\n<p>,\u2019Als wir das alte V&amp;D-Geb\u00e4ude 2018 kauften, hatte noch niemand etwas von Netzengp\u00e4ssen geh\u00f6rt. Auch nicht vor drei Jahren, als wir das Geb\u00e4ude vom Stromnetz trennen lie\u00dfen. Das taten wir unter anderem aus Kostengr\u00fcnden. Die Aufrechterhaltung des Anschlusses kostete uns j\u00e4hrlich einen sechsstelligen Betrag. Damals dachten alle: Wir bekommen den Strom sp\u00e4ter wieder. Niemand ahnte, dass diese Kapazit\u00e4t nun einfach weg ist.\u2019<\/p>\n<h3>Gibt es im Vergleich zur alten Situation einen gro\u00dfen Unterschied? War V&amp;D damals nicht auch ein Kaufhaus mit Wohnungen?<\/h3>\n<p>,\u2019Das stimmt, aber sowohl das Gesch\u00e4ft als auch die Wohnh\u00e4user wurden mit Gas beheizt. Die Bundesregierung m\u00f6chte, dass wir nachhaltiger werden, daher muss jetzt alles mit Strom betrieben werden. Der Strombedarf wird bald deutlich steigen. Au\u00dferdem: Damals gab es 22 Wohnh\u00e4user und ein Gesch\u00e4ft; bald werden es 36 Wohnh\u00e4user und f\u00fcnf Gesch\u00e4fte sein. Und all diese separaten Gesch\u00e4fte ben\u00f6tigen jeweils einen eigenen Drehstromanschluss.\u2019<\/p>\n<h3>Gibt es keine Alternativen, wie zum Beispiel Solarpaneele, Generatoren oder Batterien?<\/h3>\n<p>,\u2019Generatoren verursachen L\u00e4rm und Umweltverschmutzung. Das will man nicht im Stadtzentrum. Batteriespeicher sind f\u00fcr ein so gro\u00dfes Geb\u00e4ude unerschwinglich. Und Solaranlagen erzeugen nicht genug Strom. Ganz abgesehen von der Frage, ob man sie \u00fcberhaupt ans Stromnetz anschlie\u00dfen darf. Denn auch das wird aufgrund der Netz\u00fcberlastung immer problematischer. Darauf sto\u00dfen wir bereits bei den Nachhaltigkeitsma\u00dfnahmen f\u00fcr unsere Mietwohnungen.\u2019<\/p>\n<h3>Warum will Helder Vastgoed im Februar mit Het Warenhuys beginnen, obwohl derzeit noch ungewiss ist, ob es Strom geben wird?<\/h3>\n<p>,\u2019Wir haben viel Zeit mit Abrissarbeiten und der Asbestsanierung des Geb\u00e4udes verbracht. Wir wollen den Rohbau nicht l\u00e4nger so stehen lassen. Deshalb beginnen wir nun mit dem Bau, um das Erscheinungsbild der Beatrixstraat weiter zu verbessern. Wir hoffen, dass in der Zwischenzeit in Absprache mit Liander eine L\u00f6sung f\u00fcr das Stromversorgungsproblem gefunden wird, sodass nach Fertigstellung ein sch\u00f6nes Geb\u00e4ude mit Wohnungen und Gesch\u00e4ften dort stehen wird.\u2019<\/p>","protected":false},"excerpt":{"rendered":"<p>Die \u00dcberlastung des Stromnetzes, offiziell als Netz\u00fcberlastung bezeichnet, stellt ein gro\u00dfes Problem f\u00fcr die ambitionierten Neubau- und Sanierungsprojekte in der Stadt dar.<\/p>","protected":false},"author":4,"featured_media":23237,"template":"","doelgroep":[],"class_list":["post-23236","actueel","type-actueel","status-publish","has-post-thumbnail","hentry","elementor_library_category-wonen"],"yoast_head":"<!-- This site is optimized with the Yoast SEO Premium plugin v24.7 (Yoast SEO v27.4) - https:\/\/yoast.com\/product\/yoast-seo-premium-wordpress\/ -->\n<title>Verbouw oude V&amp;D tot Het Warenhuys begint - Den Helder Online<\/title>\n<meta name=\"robots\" content=\"index, follow, max-snippet:-1, max-image-preview:large, max-video-preview:-1\" \/>\n<link rel=\"canonical\" href=\"https:\/\/denhelder.online\/de\/aktuell\/die-umwandlung-des-alten-vd-in-das-kaufhaus-beginnt\/\" \/>\n<meta property=\"og:locale\" content=\"de_DE\" \/>\n<meta property=\"og:type\" content=\"article\" \/>\n<meta property=\"og:title\" content=\"Verbouw oude V&amp;D tot Het Warenhuys begint\" \/>\n<meta property=\"og:description\" content=\"De verstopping van het elektriciteitsnet, officieel netcongestie genoemd, is een enorm probleem voor de ambitieuze nieuw- en verbouwplannen in de stad.\" \/>\n<meta property=\"og:url\" content=\"https:\/\/denhelder.online\/de\/aktuell\/die-umwandlung-des-alten-vd-in-das-kaufhaus-beginnt\/\" \/>\n<meta property=\"og:site_name\" content=\"Den Helder Online\" \/>\n<meta property=\"article:modified_time\" content=\"2026-04-14T11:44:47+00:00\" \/>\n<meta property=\"og:image\" content=\"https:\/\/denhelder.online\/wp-content\/uploads\/2026\/04\/Artist-impression-west-oost-VD-jpg.webp\" \/>\n\t<meta property=\"og:image:width\" content=\"1600\" \/>\n\t<meta property=\"og:image:height\" content=\"1068\" \/>\n\t<meta property=\"og:image:type\" content=\"image\/webp\" \/>\n<meta name=\"twitter:card\" content=\"summary_large_image\" \/>\n<meta name=\"twitter:label1\" content=\"Gesch\u00e4tzte Lesezeit\" \/>\n\t<meta name=\"twitter:data1\" content=\"3\u00a0Minuten\" \/>\n<script type=\"application\/ld+json\" class=\"yoast-schema-graph\">{\"@context\":\"https:\\\/\\\/schema.org\",\"@graph\":[{\"@type\":\"WebPage\",\"@id\":\"https:\\\/\\\/denhelder.online\\\/actueel\\\/verbouw-oude-vd-tot-het-warenhuys-begint\\\/\",\"url\":\"https:\\\/\\\/denhelder.online\\\/actueel\\\/verbouw-oude-vd-tot-het-warenhuys-begint\\\/\",\"name\":\"Verbouw oude V&D tot Het Warenhuys begint - Den Helder Online\",\"isPartOf\":{\"@id\":\"https:\\\/\\\/denhelder.online\\\/#website\"},\"primaryImageOfPage\":{\"@id\":\"https:\\\/\\\/denhelder.online\\\/actueel\\\/verbouw-oude-vd-tot-het-warenhuys-begint\\\/#primaryimage\"},\"image\":{\"@id\":\"https:\\\/\\\/denhelder.online\\\/actueel\\\/verbouw-oude-vd-tot-het-warenhuys-begint\\\/#primaryimage\"},\"thumbnailUrl\":\"https:\\\/\\\/denhelder.online\\\/wp-content\\\/uploads\\\/2026\\\/04\\\/Artist-impression-west-oost-VD-jpg.webp\",\"datePublished\":\"2024-02-29T10:46:33+00:00\",\"dateModified\":\"2026-04-14T11:44:47+00:00\",\"breadcrumb\":{\"@id\":\"https:\\\/\\\/denhelder.online\\\/actueel\\\/verbouw-oude-vd-tot-het-warenhuys-begint\\\/#breadcrumb\"},\"inLanguage\":\"de\",\"potentialAction\":[{\"@type\":\"ReadAction\",\"target\":[\"https:\\\/\\\/denhelder.online\\\/actueel\\\/verbouw-oude-vd-tot-het-warenhuys-begint\\\/\"]}]},{\"@type\":\"ImageObject\",\"inLanguage\":\"de\",\"@id\":\"https:\\\/\\\/denhelder.online\\\/actueel\\\/verbouw-oude-vd-tot-het-warenhuys-begint\\\/#primaryimage\",\"url\":\"https:\\\/\\\/denhelder.online\\\/wp-content\\\/uploads\\\/2026\\\/04\\\/Artist-impression-west-oost-VD-jpg.webp\",\"contentUrl\":\"https:\\\/\\\/denhelder.online\\\/wp-content\\\/uploads\\\/2026\\\/04\\\/Artist-impression-west-oost-VD-jpg.webp\",\"width\":1600,\"height\":1068},{\"@type\":\"BreadcrumbList\",\"@id\":\"https:\\\/\\\/denhelder.online\\\/actueel\\\/verbouw-oude-vd-tot-het-warenhuys-begint\\\/#breadcrumb\",\"itemListElement\":[{\"@type\":\"ListItem\",\"position\":1,\"name\":\"Home\",\"item\":\"https:\\\/\\\/denhelder.online\\\/\"},{\"@type\":\"ListItem\",\"position\":2,\"name\":\"Actueel\",\"item\":\"https:\\\/\\\/denhelder.online\\\/en\\\/current\\\/\"},{\"@type\":\"ListItem\",\"position\":3,\"name\":\"Verbouw oude V&#038;D tot Het Warenhuys begint\"}]},{\"@type\":\"WebSite\",\"@id\":\"https:\\\/\\\/denhelder.online\\\/#website\",\"url\":\"https:\\\/\\\/denhelder.online\\\/\",\"name\":\"Den Helder Online\",\"description\":\"Beleef Den Helder\",\"publisher\":{\"@id\":\"https:\\\/\\\/denhelder.online\\\/#organization\"},\"potentialAction\":[{\"@type\":\"SearchAction\",\"target\":{\"@type\":\"EntryPoint\",\"urlTemplate\":\"https:\\\/\\\/denhelder.online\\\/?s={search_term_string}\"},\"query-input\":{\"@type\":\"PropertyValueSpecification\",\"valueRequired\":true,\"valueName\":\"search_term_string\"}}],\"inLanguage\":\"de\"},{\"@type\":\"Organization\",\"@id\":\"https:\\\/\\\/denhelder.online\\\/#organization\",\"name\":\"Den Helder Online\",\"url\":\"https:\\\/\\\/denhelder.online\\\/\",\"logo\":{\"@type\":\"ImageObject\",\"inLanguage\":\"de\",\"@id\":\"https:\\\/\\\/denhelder.online\\\/#\\\/schema\\\/logo\\\/image\\\/\",\"url\":\"https:\\\/\\\/denhelder.online\\\/wp-content\\\/uploads\\\/2021\\\/12\\\/DitIsDH-Logo-26-tagline.svg\",\"contentUrl\":\"https:\\\/\\\/denhelder.online\\\/wp-content\\\/uploads\\\/2021\\\/12\\\/DitIsDH-Logo-26-tagline.svg\",\"width\":1717.0999999999999,\"height\":934.89999999999998,\"caption\":\"Den Helder Online\"},\"image\":{\"@id\":\"https:\\\/\\\/denhelder.online\\\/#\\\/schema\\\/logo\\\/image\\\/\"}}]}<\/script>\n<!-- \/ Yoast SEO Premium plugin. -->","yoast_head_json":{"title":"Die Renovierung des alten V&amp;D in Het Warenhuys beginnt \u2013 Den Helder Online","robots":{"index":"index","follow":"follow","max-snippet":"max-snippet:-1","max-image-preview":"max-image-preview:large","max-video-preview":"max-video-preview:-1"},"canonical":"https:\/\/denhelder.online\/de\/aktuell\/die-umwandlung-des-alten-vd-in-das-kaufhaus-beginnt\/","og_locale":"de_DE","og_type":"article","og_title":"Verbouw oude V&D tot Het Warenhuys begint","og_description":"De verstopping van het elektriciteitsnet, officieel netcongestie genoemd, is een enorm probleem voor de ambitieuze nieuw- en verbouwplannen in de stad.","og_url":"https:\/\/denhelder.online\/de\/aktuell\/die-umwandlung-des-alten-vd-in-das-kaufhaus-beginnt\/","og_site_name":"Den Helder Online","article_modified_time":"2026-04-14T11:44:47+00:00","og_image":[{"width":1600,"height":1068,"url":"https:\/\/denhelder.online\/wp-content\/uploads\/2026\/04\/Artist-impression-west-oost-VD-jpg.webp","type":"image\/webp"}],"twitter_card":"summary_large_image","twitter_misc":{"Gesch\u00e4tzte Lesezeit":"3\u00a0Minuten"},"schema":{"@context":"https:\/\/schema.org","@graph":[{"@type":"WebPage","@id":"https:\/\/denhelder.online\/actueel\/verbouw-oude-vd-tot-het-warenhuys-begint\/","url":"https:\/\/denhelder.online\/actueel\/verbouw-oude-vd-tot-het-warenhuys-begint\/","name":"Die Renovierung des alten V&amp;D in Het Warenhuys beginnt \u2013 Den Helder Online","isPartOf":{"@id":"https:\/\/denhelder.online\/#website"},"primaryImageOfPage":{"@id":"https:\/\/denhelder.online\/actueel\/verbouw-oude-vd-tot-het-warenhuys-begint\/#primaryimage"},"image":{"@id":"https:\/\/denhelder.online\/actueel\/verbouw-oude-vd-tot-het-warenhuys-begint\/#primaryimage"},"thumbnailUrl":"https:\/\/denhelder.online\/wp-content\/uploads\/2026\/04\/Artist-impression-west-oost-VD-jpg.webp","datePublished":"2024-02-29T10:46:33+00:00","dateModified":"2026-04-14T11:44:47+00:00","breadcrumb":{"@id":"https:\/\/denhelder.online\/actueel\/verbouw-oude-vd-tot-het-warenhuys-begint\/#breadcrumb"},"inLanguage":"de","potentialAction":[{"@type":"ReadAction","target":["https:\/\/denhelder.online\/actueel\/verbouw-oude-vd-tot-het-warenhuys-begint\/"]}]},{"@type":"ImageObject","inLanguage":"de","@id":"https:\/\/denhelder.online\/actueel\/verbouw-oude-vd-tot-het-warenhuys-begint\/#primaryimage","url":"https:\/\/denhelder.online\/wp-content\/uploads\/2026\/04\/Artist-impression-west-oost-VD-jpg.webp","contentUrl":"https:\/\/denhelder.online\/wp-content\/uploads\/2026\/04\/Artist-impression-west-oost-VD-jpg.webp","width":1600,"height":1068},{"@type":"BreadcrumbList","@id":"https:\/\/denhelder.online\/actueel\/verbouw-oude-vd-tot-het-warenhuys-begint\/#breadcrumb","itemListElement":[{"@type":"ListItem","position":1,"name":"Home","item":"https:\/\/denhelder.online\/"},{"@type":"ListItem","position":2,"name":"Actueel","item":"https:\/\/denhelder.online\/en\/current\/"},{"@type":"ListItem","position":3,"name":"Verbouw oude V&#038;D tot Het Warenhuys begint"}]},{"@type":"WebSite","@id":"https:\/\/denhelder.online\/#website","url":"https:\/\/denhelder.online\/","name":"Den Helder Online","description":"Erleben Sie Den Helder","publisher":{"@id":"https:\/\/denhelder.online\/#organization"},"potentialAction":[{"@type":"SearchAction","target":{"@type":"EntryPoint","urlTemplate":"https:\/\/denhelder.online\/?s={search_term_string}"},"query-input":{"@type":"PropertyValueSpecification","valueRequired":true,"valueName":"search_term_string"}}],"inLanguage":"de"},{"@type":"Organization","@id":"https:\/\/denhelder.online\/#organization","name":"Den Helder Online","url":"https:\/\/denhelder.online\/","logo":{"@type":"ImageObject","inLanguage":"de","@id":"https:\/\/denhelder.online\/#\/schema\/logo\/image\/","url":"https:\/\/denhelder.online\/wp-content\/uploads\/2021\/12\/DitIsDH-Logo-26-tagline.svg","contentUrl":"https:\/\/denhelder.online\/wp-content\/uploads\/2021\/12\/DitIsDH-Logo-26-tagline.svg","width":1717.0999999999999,"height":934.89999999999998,"caption":"Den Helder Online"},"image":{"@id":"https:\/\/denhelder.online\/#\/schema\/logo\/image\/"}}]}},"_links":{"self":[{"href":"https:\/\/denhelder.online\/de\/wp-json\/wp\/v2\/actueel\/23236","targetHints":{"allow":["GET"]}}],"collection":[{"href":"https:\/\/denhelder.online\/de\/wp-json\/wp\/v2\/actueel"}],"about":[{"href":"https:\/\/denhelder.online\/de\/wp-json\/wp\/v2\/types\/actueel"}],"author":[{"embeddable":true,"href":"https:\/\/denhelder.online\/de\/wp-json\/wp\/v2\/users\/4"}],"wp:featuredmedia":[{"embeddable":true,"href":"https:\/\/denhelder.online\/de\/wp-json\/wp\/v2\/media\/23237"}],"wp:attachment":[{"href":"https:\/\/denhelder.online\/de\/wp-json\/wp\/v2\/media?parent=23236"}],"wp:term":[{"taxonomy":"doelgroep","embeddable":true,"href":"https:\/\/denhelder.online\/de\/wp-json\/wp\/v2\/doelgroep?post=23236"}],"curies":[{"name":"wp","href":"https:\/\/api.w.org\/{rel}","templated":true}]}}