{"id":23258,"date":"2024-06-25T09:31:20","date_gmt":"2024-06-25T07:31:20","guid":{"rendered":"https:\/\/denhelder.online\/?post_type=actueel&#038;p=23258"},"modified":"2026-04-14T14:11:00","modified_gmt":"2026-04-14T12:11:00","slug":"muhlenplatz-platz-ohne-muhle","status":"publish","type":"actueel","link":"https:\/\/denhelder.online\/de\/actueel\/molenplein-plein-zonder-molen\/","title":{"rendered":"Molenplein: Platz ohne M\u00fchle"},"content":{"rendered":"<p><span dir=\"ltr\" role=\"presentation\">Projekt Molenplein. Woningstichting\/Helder verwirklicht dies unter diesem Titel. <\/span><span dir=\"ltr\" role=\"presentation\">Aktuell stehen 22 wundersch\u00f6ne Stadth\u00e4user zwischen Weststraat und <\/span><span dir=\"ltr\" role=\"presentation\">Die Keizersgracht. Eine einzigartige Lage, nur einen Steinwurf vom Meer entfernt. <\/span><span dir=\"ltr\" role=\"presentation\">Ein merkw\u00fcrdiger Name, dieser Molenplein. Nicht zuletzt, weil dort <\/span><span dir=\"ltr\" role=\"presentation\">Dort stand nie eine M\u00fchle. Warum hei\u00dft es dann so? Und was <\/span><span dir=\"ltr\" role=\"presentation\">Macht dieser Ort es interessant?<\/span><\/p>\n<p><span dir=\"ltr\" role=\"presentation\">Zun\u00e4chst zur Antwort auf die erste Frage: die M\u00fchle, zu der die <\/span><span dir=\"ltr\" role=\"presentation\">Der Name bezieht sich auf das direkt gegen\u00fcberliegende Grundst\u00fcck. Der Platz befand sich an der \u00e4u\u00dferen Kurve. <\/span><span dir=\"ltr\" role=\"presentation\">des Helders-Kanals. Die M\u00fchle De Eendracht stand in der inneren Biegung. <\/span><span dir=\"ltr\" role=\"presentation\">wurde 1843 zusammen mit einem M\u00fcllerhaus und zwei kleinen Cottages erbaut. <\/span><span dir=\"ltr\" role=\"presentation\">Es handelte sich um eine sogenannte Turmm\u00fchle, die hoch \u00fcber der Stadt aufragte und <\/span><span dir=\"ltr\" role=\"presentation\">haupts\u00e4chlich zu Mehl gemahlenes Getreide zum Brotbacken. Auch die Molengracht <\/span><span dir=\"ltr\" role=\"presentation\">und die Molenstraat sind nach dieser M\u00fchle benannt.<br \/>\n<\/span><br role=\"presentation\" \/><span dir=\"ltr\" role=\"presentation\">Die Br\u00fcder Janzen besa\u00dfen De Eendracht. Und nicht nur dieses eine. <\/span><span dir=\"ltr\" role=\"presentation\">M\u00fchle, auch vom S\u00e4gewerk De Goede Verwachting an der Fabrieksgracht. <\/span><span dir=\"ltr\" role=\"presentation\">Housing Foundation\/Helder Vastgoed zeigt derzeit De Goede Verwachting <\/span><span dir=\"ltr\" role=\"presentation\">Wiederaufbau im Rahmen des neuen Molenwerf-Viertels.<\/span><\/p>\n<p>Himmlisches Feuer<\/p>\n<p><span dir=\"ltr\" role=\"presentation\">Windm\u00fchlen waren damals anf\u00e4llig f\u00fcr Blitzeinschl\u00e4ge. Wo die Goede <\/span><span dir=\"ltr\" role=\"presentation\">Die Erwartung im Jahr 1897, so schrieb eine Zeitung, \u2018war durch himmlisches Feuer <\/span><span dir=\"ltr\" role=\"presentation\">&#039;getroffen&#039; und bis auf die Grundmauern niedergebrannt&#039;, dieses Schicksal ereilte De Eendracht sieben Jahre sp\u00e4ter <\/span><span dir=\"ltr\" role=\"presentation\">fr\u00fcher. Es entstand erheblicher Schaden. Und De Eendracht war nicht einmal originell, sondern <\/span><span dir=\"ltr\" role=\"presentation\">Die Eendracht wurde bereits einmal wiederaufgebaut, nachdem sie 1850 durch einen Brand zerst\u00f6rt worden war. <\/span><span dir=\"ltr\" role=\"presentation\">Es stand bis 1914 gegen\u00fcber dem Molenplein und wurde danach abgerissen. Der Platz <\/span><span dir=\"ltr\" role=\"presentation\">Nat\u00fcrlich behielt er seinen Namen.<br \/>\n<\/span><br role=\"presentation\" \/><span dir=\"ltr\" role=\"presentation\">Dass Molenplein selbst \u00fcber einen l\u00e4ngeren Zeitraum eine bedeutende Rolle in Den Helder spielte. <\/span><span dir=\"ltr\" role=\"presentation\">Am 18. Dezember 1865 wurde die Eisenbahnlinie zwischen Den Helder und Alkmaar er\u00f6ffnet., <\/span><span dir=\"ltr\" role=\"presentation\">Der Molenplein wurde zum angesagtesten Treffpunkt: Ab 1867 erschien dort w\u00f6chentlich die <\/span><span dir=\"ltr\" role=\"presentation\">Mittwochs findet der Markt statt. Ein ungew\u00f6hnlicher Ort f\u00fcr einen Markt? Nun ja, nicht ganz. <\/span><span dir=\"ltr\" role=\"presentation\">Molenplein lag an der Kreuzung von Kanaalweg und Hoofdgracht, wo in <\/span><span dir=\"ltr\" role=\"presentation\">im neunzehnten Jahrhundert ein gro\u00dfer Teil des \u00f6ffentlichen Lebens in Den Helder <\/span><span dir=\"ltr\" role=\"presentation\">gespielt.<\/span><\/p>\n<p>H\u00fchner und Ziegen<\/p>\n<p><span dir=\"ltr\" role=\"presentation\">Dar\u00fcber hinaus war der Helders-Kanal eine stark befahrene Route f\u00fcr Schleppboote und <\/span><span dir=\"ltr\" role=\"presentation\">Weitere planm\u00e4\u00dfige Schifffahrt. Alte Fotos zeigen zahlreiche Schiffe in der \u00e4u\u00dferen Schleife. <\/span><span dir=\"ltr\" role=\"presentation\">lag vor Anker. Die Versorgung mit Gem\u00fcse, Obst, Schafen, H\u00fchnern und Ziegen f\u00fcr <\/span><span dir=\"ltr\" role=\"presentation\">Der Markt auf dem Molenplein fand teilweise auch \u00fcber den Helders-Kanal statt. <\/span>Ab 1900 erf\u00fcllte der Molenplein eine v\u00f6llig andere Funktion. In diesem Jahr wurde hier die staatliche h\u00f6here Sekundarschule (RHBS, sp\u00e4ter HBS) in Betrieb genommen. <span dir=\"ltr\" role=\"presentation\">damals beeindruckendes Geb\u00e4ude, das prominent entlang des Kanaalwegs stand <\/span><span dir=\"ltr\" role=\"presentation\">Die Uhr stand auf einer S\u00e4ule, als wolle sie die Sch\u00fcler daran erinnern, dass sie <\/span><span dir=\"ltr\" role=\"presentation\">Sie mussten insbesondere p\u00fcnktlich ankommen. Die deutschen Besatzer \u00fcbernahmen das Geb\u00e4ude im Jahr 1942. <\/span><span dir=\"ltr\" role=\"presentation\">wurde 1944 beschlagnahmt und abgerissen.<\/span><\/p>\n<p>Lehrerbildungsanstalt<\/p>\n<p><span dir=\"ltr\" role=\"presentation\">Nach dem Krieg war der Molenplein weder eine Schule noch ein Platz mehr. Das \u00e4nderte sich. <\/span><span dir=\"ltr\" role=\"presentation\">Anfang der 1960er Jahre, als das Lehrerseminar gebaut wurde. Folgendes folgte hier. <\/span><span dir=\"ltr\" role=\"presentation\">\u2018Die Lehrerausbildung (m\/w) wurde unter dem Motto \u2019Studentische Lehrkr\u00e4fte\u201c abgehalten. Der Name der Schule \u00e4nderte sich. <\/span><span dir=\"ltr\" role=\"presentation\">ab 1970 am Lehrerseminar.<\/span><\/p>\n<p><span dir=\"ltr\" role=\"presentation\">Nach der Fusion mit der \u2018Pedac\u2019 in Alkmaar verschwand die Filiale am Molenplein. <\/span><span dir=\"ltr\" role=\"presentation\">\u2013 ein Schicksal, das jedes Helderse-Programm ereilte, das mit einer Bildungseinrichtung zusammenarbeitete <\/span><span dir=\"ltr\" role=\"presentation\">au\u00dferhalb der Stadt gelegene Gebiete fusionierten. Das Schulgeb\u00e4ude wurde anschlie\u00dfend f\u00fcr die <\/span><span dir=\"ltr\" role=\"presentation\">Hochschule f\u00fcr Angewandte Wissenschaften f\u00fcr Erd\u00f6l- und Erdgastechnik, ein Zweig der <\/span><span dir=\"ltr\" role=\"presentation\">Seefahrtsausbildung. Auch diese Hochschule verschwand nach einer Fusion. Schlie\u00dflich erhielt sie <\/span><span dir=\"ltr\" role=\"presentation\">Der Komplex dient weiterhin als Studienzentrum f\u00fcr HAVO- und VWO-Studenten. <\/span><span dir=\"ltr\" role=\"presentation\">Als es noch Etty Hillesum College hie\u00df. 2007 war es endg\u00fcltig vorbei.<br \/>\n<\/span><br role=\"presentation\" \/><span dir=\"ltr\" role=\"presentation\">Die Schule wurde abgerissen und das Gel\u00e4nde schlie\u00dflich f\u00fcr die Bauabschnitte 3 und 4 bebaut. <\/span><span dir=\"ltr\" role=\"presentation\">Projekt Molenplein: Pflegezentrum Dijckzicht und Wohnkomplex Over &#039;t Wad. <\/span><span dir=\"ltr\" role=\"presentation\">Die derzeit im Bau befindlichen 22 Stadtvillen stellen die zweite Phase des Projekts dar. <\/span><span dir=\"ltr\" role=\"presentation\">Molenplein, mit dem bald das gesamte Gebiet entlang der Weststraat gef\u00fcllt sein wird. <\/span><span dir=\"ltr\" role=\"presentation\">Der Name Molenplein bedeutet daher: an einem Ort mit reicher Geschichte leben.<\/span><\/p>\n<p><strong>RONALD DEN BOER<\/strong><\/p>","protected":false},"excerpt":{"rendered":"<p>Project Molenplein. Onder die titel realiseert Woningstichting\/Helder  Vastgoed momenteel 22 fraaie stadswoningen tussen de Weststraat en de Keizersgracht. Waarom heet het zo? En wat maakt deze plek interessant?<\/p>","protected":false},"author":4,"featured_media":23263,"template":"","doelgroep":[],"class_list":["post-23258","actueel","type-actueel","status-publish","has-post-thumbnail","hentry","elementor_library_category-column","elementor_library_category-wonen"],"yoast_head":"<!-- This site is optimized with the Yoast SEO Premium plugin v24.7 (Yoast SEO v27.5) - https:\/\/yoast.com\/product\/yoast-seo-premium-wordpress\/ -->\n<title>Molenplein: plein zonder molen - Den Helder Online<\/title>\n<meta name=\"robots\" content=\"index, follow, max-snippet:-1, max-image-preview:large, max-video-preview:-1\" \/>\n<link rel=\"canonical\" href=\"https:\/\/denhelder.online\/de\/aktuell\/muhlenplatz-platz-ohne-muhle\/\" \/>\n<meta property=\"og:locale\" content=\"de_DE\" \/>\n<meta property=\"og:type\" content=\"article\" \/>\n<meta property=\"og:title\" content=\"Molenplein: plein zonder molen\" \/>\n<meta property=\"og:description\" content=\"Project Molenplein. Onder die titel realiseert Woningstichting\/Helder Vastgoed momenteel 22 fraaie stadswoningen tussen de Weststraat en de Keizersgracht. Waarom heet het zo? En wat maakt deze plek interessant?\" \/>\n<meta property=\"og:url\" content=\"https:\/\/denhelder.online\/de\/aktuell\/muhlenplatz-platz-ohne-muhle\/\" \/>\n<meta property=\"og:site_name\" content=\"Den Helder Online\" \/>\n<meta property=\"article:modified_time\" content=\"2026-04-14T12:11:00+00:00\" \/>\n<meta property=\"og:image\" content=\"https:\/\/denhelder.online\/wp-content\/uploads\/2024\/06\/LIGGENDE-FOTO-Nieuwbouw-Molenplein-fase-2-2048x1349-1.jpg\" \/>\n\t<meta property=\"og:image:width\" content=\"2048\" \/>\n\t<meta property=\"og:image:height\" content=\"1349\" \/>\n\t<meta property=\"og:image:type\" content=\"image\/jpeg\" \/>\n<meta name=\"twitter:card\" content=\"summary_large_image\" \/>\n<meta name=\"twitter:label1\" content=\"Gesch\u00e4tzte Lesezeit\" \/>\n\t<meta name=\"twitter:data1\" content=\"4\u00a0Minuten\" \/>\n<script type=\"application\/ld+json\" class=\"yoast-schema-graph\">{\"@context\":\"https:\\\/\\\/schema.org\",\"@graph\":[{\"@type\":\"WebPage\",\"@id\":\"https:\\\/\\\/denhelder.online\\\/actueel\\\/molenplein-plein-zonder-molen\\\/\",\"url\":\"https:\\\/\\\/denhelder.online\\\/actueel\\\/molenplein-plein-zonder-molen\\\/\",\"name\":\"Molenplein: plein zonder molen - Den Helder Online\",\"isPartOf\":{\"@id\":\"https:\\\/\\\/denhelder.online\\\/#website\"},\"primaryImageOfPage\":{\"@id\":\"https:\\\/\\\/denhelder.online\\\/actueel\\\/molenplein-plein-zonder-molen\\\/#primaryimage\"},\"image\":{\"@id\":\"https:\\\/\\\/denhelder.online\\\/actueel\\\/molenplein-plein-zonder-molen\\\/#primaryimage\"},\"thumbnailUrl\":\"https:\\\/\\\/denhelder.online\\\/wp-content\\\/uploads\\\/2024\\\/06\\\/LIGGENDE-FOTO-Nieuwbouw-Molenplein-fase-2-2048x1349-1.jpg\",\"datePublished\":\"2024-06-25T07:31:20+00:00\",\"dateModified\":\"2026-04-14T12:11:00+00:00\",\"breadcrumb\":{\"@id\":\"https:\\\/\\\/denhelder.online\\\/actueel\\\/molenplein-plein-zonder-molen\\\/#breadcrumb\"},\"inLanguage\":\"de\",\"potentialAction\":[{\"@type\":\"ReadAction\",\"target\":[\"https:\\\/\\\/denhelder.online\\\/actueel\\\/molenplein-plein-zonder-molen\\\/\"]}]},{\"@type\":\"ImageObject\",\"inLanguage\":\"de\",\"@id\":\"https:\\\/\\\/denhelder.online\\\/actueel\\\/molenplein-plein-zonder-molen\\\/#primaryimage\",\"url\":\"https:\\\/\\\/denhelder.online\\\/wp-content\\\/uploads\\\/2024\\\/06\\\/LIGGENDE-FOTO-Nieuwbouw-Molenplein-fase-2-2048x1349-1.jpg\",\"contentUrl\":\"https:\\\/\\\/denhelder.online\\\/wp-content\\\/uploads\\\/2024\\\/06\\\/LIGGENDE-FOTO-Nieuwbouw-Molenplein-fase-2-2048x1349-1.jpg\",\"width\":2048,\"height\":1349},{\"@type\":\"BreadcrumbList\",\"@id\":\"https:\\\/\\\/denhelder.online\\\/actueel\\\/molenplein-plein-zonder-molen\\\/#breadcrumb\",\"itemListElement\":[{\"@type\":\"ListItem\",\"position\":1,\"name\":\"Home\",\"item\":\"https:\\\/\\\/denhelder.online\\\/\"},{\"@type\":\"ListItem\",\"position\":2,\"name\":\"Actueel\",\"item\":\"https:\\\/\\\/denhelder.online\\\/en\\\/current\\\/\"},{\"@type\":\"ListItem\",\"position\":3,\"name\":\"Molenplein: plein zonder molen\"}]},{\"@type\":\"WebSite\",\"@id\":\"https:\\\/\\\/denhelder.online\\\/#website\",\"url\":\"https:\\\/\\\/denhelder.online\\\/\",\"name\":\"Den Helder Online\",\"description\":\"Beleef Den Helder\",\"publisher\":{\"@id\":\"https:\\\/\\\/denhelder.online\\\/#organization\"},\"potentialAction\":[{\"@type\":\"SearchAction\",\"target\":{\"@type\":\"EntryPoint\",\"urlTemplate\":\"https:\\\/\\\/denhelder.online\\\/?s={search_term_string}\"},\"query-input\":{\"@type\":\"PropertyValueSpecification\",\"valueRequired\":true,\"valueName\":\"search_term_string\"}}],\"inLanguage\":\"de\"},{\"@type\":\"Organization\",\"@id\":\"https:\\\/\\\/denhelder.online\\\/#organization\",\"name\":\"Den Helder Online\",\"url\":\"https:\\\/\\\/denhelder.online\\\/\",\"logo\":{\"@type\":\"ImageObject\",\"inLanguage\":\"de\",\"@id\":\"https:\\\/\\\/denhelder.online\\\/#\\\/schema\\\/logo\\\/image\\\/\",\"url\":\"https:\\\/\\\/denhelder.online\\\/wp-content\\\/uploads\\\/2021\\\/12\\\/DitIsDH-Logo-26-tagline.svg\",\"contentUrl\":\"https:\\\/\\\/denhelder.online\\\/wp-content\\\/uploads\\\/2021\\\/12\\\/DitIsDH-Logo-26-tagline.svg\",\"width\":1717.0999999999999,\"height\":934.89999999999998,\"caption\":\"Den Helder Online\"},\"image\":{\"@id\":\"https:\\\/\\\/denhelder.online\\\/#\\\/schema\\\/logo\\\/image\\\/\"}}]}<\/script>\n<!-- \/ Yoast SEO Premium plugin. -->","yoast_head_json":{"title":"Molenplein: Platz ohne M\u00fchle - Den Helder Online","robots":{"index":"index","follow":"follow","max-snippet":"max-snippet:-1","max-image-preview":"max-image-preview:large","max-video-preview":"max-video-preview:-1"},"canonical":"https:\/\/denhelder.online\/de\/aktuell\/muhlenplatz-platz-ohne-muhle\/","og_locale":"de_DE","og_type":"article","og_title":"Molenplein: plein zonder molen","og_description":"Project Molenplein. Onder die titel realiseert Woningstichting\/Helder Vastgoed momenteel 22 fraaie stadswoningen tussen de Weststraat en de Keizersgracht. Waarom heet het zo? En wat maakt deze plek interessant?","og_url":"https:\/\/denhelder.online\/de\/aktuell\/muhlenplatz-platz-ohne-muhle\/","og_site_name":"Den Helder Online","article_modified_time":"2026-04-14T12:11:00+00:00","og_image":[{"width":2048,"height":1349,"url":"https:\/\/denhelder.online\/wp-content\/uploads\/2024\/06\/LIGGENDE-FOTO-Nieuwbouw-Molenplein-fase-2-2048x1349-1.jpg","type":"image\/jpeg"}],"twitter_card":"summary_large_image","twitter_misc":{"Gesch\u00e4tzte Lesezeit":"4\u00a0Minuten"},"schema":{"@context":"https:\/\/schema.org","@graph":[{"@type":"WebPage","@id":"https:\/\/denhelder.online\/actueel\/molenplein-plein-zonder-molen\/","url":"https:\/\/denhelder.online\/actueel\/molenplein-plein-zonder-molen\/","name":"Molenplein: Platz ohne M\u00fchle - Den Helder Online","isPartOf":{"@id":"https:\/\/denhelder.online\/#website"},"primaryImageOfPage":{"@id":"https:\/\/denhelder.online\/actueel\/molenplein-plein-zonder-molen\/#primaryimage"},"image":{"@id":"https:\/\/denhelder.online\/actueel\/molenplein-plein-zonder-molen\/#primaryimage"},"thumbnailUrl":"https:\/\/denhelder.online\/wp-content\/uploads\/2024\/06\/LIGGENDE-FOTO-Nieuwbouw-Molenplein-fase-2-2048x1349-1.jpg","datePublished":"2024-06-25T07:31:20+00:00","dateModified":"2026-04-14T12:11:00+00:00","breadcrumb":{"@id":"https:\/\/denhelder.online\/actueel\/molenplein-plein-zonder-molen\/#breadcrumb"},"inLanguage":"de","potentialAction":[{"@type":"ReadAction","target":["https:\/\/denhelder.online\/actueel\/molenplein-plein-zonder-molen\/"]}]},{"@type":"ImageObject","inLanguage":"de","@id":"https:\/\/denhelder.online\/actueel\/molenplein-plein-zonder-molen\/#primaryimage","url":"https:\/\/denhelder.online\/wp-content\/uploads\/2024\/06\/LIGGENDE-FOTO-Nieuwbouw-Molenplein-fase-2-2048x1349-1.jpg","contentUrl":"https:\/\/denhelder.online\/wp-content\/uploads\/2024\/06\/LIGGENDE-FOTO-Nieuwbouw-Molenplein-fase-2-2048x1349-1.jpg","width":2048,"height":1349},{"@type":"BreadcrumbList","@id":"https:\/\/denhelder.online\/actueel\/molenplein-plein-zonder-molen\/#breadcrumb","itemListElement":[{"@type":"ListItem","position":1,"name":"Home","item":"https:\/\/denhelder.online\/"},{"@type":"ListItem","position":2,"name":"Actueel","item":"https:\/\/denhelder.online\/en\/current\/"},{"@type":"ListItem","position":3,"name":"Molenplein: plein zonder molen"}]},{"@type":"WebSite","@id":"https:\/\/denhelder.online\/#website","url":"https:\/\/denhelder.online\/","name":"Den Helder Online","description":"Erleben Sie Den Helder","publisher":{"@id":"https:\/\/denhelder.online\/#organization"},"potentialAction":[{"@type":"SearchAction","target":{"@type":"EntryPoint","urlTemplate":"https:\/\/denhelder.online\/?s={search_term_string}"},"query-input":{"@type":"PropertyValueSpecification","valueRequired":true,"valueName":"search_term_string"}}],"inLanguage":"de"},{"@type":"Organization","@id":"https:\/\/denhelder.online\/#organization","name":"Den Helder Online","url":"https:\/\/denhelder.online\/","logo":{"@type":"ImageObject","inLanguage":"de","@id":"https:\/\/denhelder.online\/#\/schema\/logo\/image\/","url":"https:\/\/denhelder.online\/wp-content\/uploads\/2021\/12\/DitIsDH-Logo-26-tagline.svg","contentUrl":"https:\/\/denhelder.online\/wp-content\/uploads\/2021\/12\/DitIsDH-Logo-26-tagline.svg","width":1717.0999999999999,"height":934.89999999999998,"caption":"Den Helder Online"},"image":{"@id":"https:\/\/denhelder.online\/#\/schema\/logo\/image\/"}}]}},"_links":{"self":[{"href":"https:\/\/denhelder.online\/de\/wp-json\/wp\/v2\/actueel\/23258","targetHints":{"allow":["GET"]}}],"collection":[{"href":"https:\/\/denhelder.online\/de\/wp-json\/wp\/v2\/actueel"}],"about":[{"href":"https:\/\/denhelder.online\/de\/wp-json\/wp\/v2\/types\/actueel"}],"author":[{"embeddable":true,"href":"https:\/\/denhelder.online\/de\/wp-json\/wp\/v2\/users\/4"}],"wp:featuredmedia":[{"embeddable":true,"href":"https:\/\/denhelder.online\/de\/wp-json\/wp\/v2\/media\/23263"}],"wp:attachment":[{"href":"https:\/\/denhelder.online\/de\/wp-json\/wp\/v2\/media?parent=23258"}],"wp:term":[{"taxonomy":"doelgroep","embeddable":true,"href":"https:\/\/denhelder.online\/de\/wp-json\/wp\/v2\/doelgroep?post=23258"}],"curies":[{"name":"wp","href":"https:\/\/api.w.org\/{rel}","templated":true}]}}