{"id":23274,"date":"2024-11-29T09:38:15","date_gmt":"2024-11-29T08:38:15","guid":{"rendered":"https:\/\/denhelder.online\/?post_type=actueel&#038;p=23274"},"modified":"2026-04-14T14:25:34","modified_gmt":"2026-04-14T12:25:34","slug":"helderse-molen-moet-in-mei-al-gaan-draaien","status":"publish","type":"actueel","link":"https:\/\/denhelder.online\/de\/actueel\/helderse-molen-moet-in-mei-al-gaan-draaien\/","title":{"rendered":"Die Helderse-Turbine soll voraussichtlich bereits im Mai in Betrieb gehen."},"content":{"rendered":"<h3>De Goede Verwachting wordt grote blikvanger<\/h3>\n<p><strong><span dir=\"ltr\" role=\"presentation\">Een molen met een helikopter naar Den Helder brengen? Leuk idee, <\/span><span dir=\"ltr\" role=\"presentation\">maar de Luchtmacht ziet je aankomen. De molen met een ponton door <\/span><span dir=\"ltr\" role=\"presentation\">het Noord-Hollands Kanaal en daarna over de weg transporteren? Ook <\/span><span dir=\"ltr\" role=\"presentation\">ingewikkeld. Dan moeten er aan de Spoor- en Fabrieksgracht <\/span><span dir=\"ltr\" role=\"presentation\">lantaarnpalen worden weggehaald. De oplossing: de molen wordt in de <\/span><span dir=\"ltr\" role=\"presentation\">marinestad ter plekke als een bouwpakket in elkaar gezet. ,,Dat klinkt <\/span><span dir=\"ltr\" role=\"presentation\">simpel, maar is nog een hele puzzel\u2019\u2019, weet Pieter Kleijberg.<\/span><\/strong><\/p>\n<p><span dir=\"ltr\" role=\"presentation\">Hij is adjunct-directeur bij bouwbedrijf Jan Vet en ontving vorige week een <\/span><span dir=\"ltr\" role=\"presentation\">uitgebreide Helderse delegatie in de Zaanstreek, de bakermat van de <\/span><span dir=\"ltr\" role=\"presentation\">Nederlandse molenbouw. Vertegenwoordigers van Woningstichting\/Helder <\/span><span dir=\"ltr\" role=\"presentation\">Vastgoed BV, molenstichting De Onderneming en aannemingsbedrijf L. van der <\/span><span dir=\"ltr\" role=\"presentation\">Wal &amp; Zn luisterden naar Kleijberg, de mannen die de molen gaan opbouwen en <\/span><span dir=\"ltr\" role=\"presentation\">naar Gijs van Reeuwijk. Na twintig jaar bij de Rijksdienst voor Monumentenzorg <\/span><span dir=\"ltr\" role=\"presentation\">zijn sporen te hebben verdiend als deskundige voor molens en <\/span><span dir=\"ltr\" role=\"presentation\">waterstaatkundige bouwwerken, heeft Van Reeuwijk tegenwoordig een eigen <\/span><span dir=\"ltr\" role=\"presentation\">adviesbureau.<\/span><\/p>\n<h3>Blikseminslag<\/h3>\n<p><span dir=\"ltr\" role=\"presentation\">Ooit telde Den Helder\/Julianadorp tenminste zeven koren- en houtzaagmolens. <\/span><span dir=\"ltr\" role=\"presentation\">Nu nul. Nog wel. Want in een loods in Zaandijk wordt hard gewerkt aan de <\/span><br role=\"presentation\" \/><span dir=\"ltr\" role=\"presentation\">terugkeer van een van die molens, de houtzaagmolen De Goede Verwachting. De <\/span><span dir=\"ltr\" role=\"presentation\">originele molen brandde in 1897 na blikseminslag af. Een natuurgetrouwe kopie<\/span><br role=\"presentation\" \/><span dir=\"ltr\" role=\"presentation\">ervan verrijst komend voorjaar op praktisch dezelfde plek op het voormalige <\/span><span dir=\"ltr\" role=\"presentation\">Vinkenterrein, nu Molenwerf geheten. Woningstichting\/Helder Vastgoed BV <\/span><br role=\"presentation\" \/><span dir=\"ltr\" role=\"presentation\">realiseert er momenteel omheen een bijzondere woonwijk met zestien koop- en <\/span><span dir=\"ltr\" role=\"presentation\">achttien huurwoningen. In historische bouwstijl, maar met de duurzaamheid van<\/span><br role=\"presentation\" \/><span dir=\"ltr\" role=\"presentation\">nu.<\/span><\/p>\n<p><span dir=\"ltr\" role=\"presentation\">Twee van die huurwoningen komen in de loods waarop de molen straks wordt <\/span><span dir=\"ltr\" role=\"presentation\">opgebouwd. En dat opbouwen is, zoals gezegd, nog een ingewikkelde puzzel. <\/span><br role=\"presentation\" \/><span dir=\"ltr\" role=\"presentation\">Kleijberg prijst zich dan ook gelukkig dat hij een ploeg enthousiaste en gedreven <\/span><span dir=\"ltr\" role=\"presentation\">vaklieden kan inzetten. Jasper de Graaf, Marco Brouwer, Rikus van Assema en <\/span><br role=\"presentation\" \/><span dir=\"ltr\" role=\"presentation\">Remco Kramer gaan er vol tegenaan. Zowel in de loods in Zaandijk als, vanaf <\/span><span dir=\"ltr\" role=\"presentation\">begin december, op locatie in Den Helder.<\/span><\/p>\n<h3>Wedstrijd<\/h3>\n<p><span dir=\"ltr\" role=\"presentation\">Wanneer de molen moet gaan draaien? Kleijberg kijkt bedenkelijk. ,,In mei. Dat <\/span><span dir=\"ltr\" role=\"presentation\">wordt nog een gigantische wedstrijd om de opleverdatum te halen.\u2019\u2019 Remco <\/span><br role=\"presentation\" \/><span dir=\"ltr\" role=\"presentation\">Kramer knikt: ,,We proberen parallel te werken. Wat hier klaar is gaat naar Den <\/span><span dir=\"ltr\" role=\"presentation\">Helder om opgebouwd te worden.\u2019\u2019 Voorzitter Hans Verhoef van de Helderse <\/span><br role=\"presentation\" \/><span dir=\"ltr\" role=\"presentation\">molenstichting is een optimistisch mens. ,,Het zou toch mooi zijn als hij tijdens <\/span><span dir=\"ltr\" role=\"presentation\">de Nationale Molendagen draait.\u2019\u2019 Wanneer dat is? ,,Eh&#8230; in de loop van mei,\u2019\u2019 <\/span><br role=\"presentation\" \/><span dir=\"ltr\" role=\"presentation\">laat Verhoef in het midden. Maar het is dus 10 en 11 mei 2025. Vandaar de <\/span><span dir=\"ltr\" role=\"presentation\">bedenkelijke blik van <\/span><span dir=\"ltr\" role=\"presentation\">Pieter Kleijweg<\/span><span dir=\"ltr\" role=\"presentation\">. ,,Ik weet dat andere molenbouwers <\/span><br role=\"presentation\" \/><span dir=\"ltr\" role=\"presentation\">moesten glimlachen toen ze ervan hoorden. Maar we hebben een superleuke <\/span><span dir=\"ltr\" role=\"presentation\">mooie ploeg. Dus we gaan ervoor.\u2019\u2019<\/span><\/p>\n<p><span dir=\"ltr\" role=\"presentation\">Op het gezicht van Harco Slot verschijnt een glimlach. De oud-marineofficier en <\/span><span dir=\"ltr\" role=\"presentation\">voorzitter van de Helderse Museumhaven is vorige maand geslaagd voor het <\/span><br role=\"presentation\" \/><span dir=\"ltr\" role=\"presentation\">diploma molenaar. Hij kan dus komend voorjaar met collega-molenaar Jans Boes <\/span><span dir=\"ltr\" role=\"presentation\">volop aan de bak.<\/span><\/p>\n<h3>Uitdaging<\/h3>\n<p><span dir=\"ltr\" role=\"presentation\">Er is nog even gedacht om de molen grotendeels in het Zaanse te bouwen en <\/span><span dir=\"ltr\" role=\"presentation\">daarna op transport te laten gaan naar Den Helder. Maar dat is logistiek een <\/span><br role=\"presentation\" \/><span dir=\"ltr\" role=\"presentation\">ingewikkelde klus. ,,Je praat al gauw over een gewicht van zeker achttien ton en <\/span><span dir=\"ltr\" role=\"presentation\">een breedte van 8,5 meter. Met name de laatste driehonderd meter naar het <\/span><br role=\"presentation\" \/><span dir=\"ltr\" role=\"presentation\">bouwterrein zouden een flinke uitdaging worden. ,,Dan moet er van alles langs <\/span><span dir=\"ltr\" role=\"presentation\">de weg worden weggehaald.\u2019\u2019<br \/>\n<\/span><br role=\"presentation\" \/><span dir=\"ltr\" role=\"presentation\">Begin december zullen daarom de eerste steigers bovenop de molenonderbouw <\/span><span dir=\"ltr\" role=\"presentation\">worden opgetrokken. Daarna is het een kwestie van onderdeel op onderdeel in <\/span><br role=\"presentation\" \/><span dir=\"ltr\" role=\"presentation\">elkaar zetten. Molendeskundige Gijs van Reeuwijk: ,,Een compleet nieuwe <\/span><span dir=\"ltr\" role=\"presentation\">molen bouwen gebeurt in Nederland niet meer zoveel. Er zijn in ons land ook <\/span><span dir=\"ltr\" role=\"presentation\">nog maar zo\u2019n tachtig molenmakers.\u2019\u2019 Ook het rietdekken van de kap, dat <\/span><span dir=\"ltr\" role=\"presentation\">waarschijnlijk op de grond zal worden gedaan, is gespecialiseerd werk. ,,Niet <\/span><span dir=\"ltr\" role=\"presentation\">elke rietdekker kan dat. Het is heel anders dan bijvoorbeeld een boerderijdak <\/span><span dir=\"ltr\" role=\"presentation\">met riet dekken.\u2019\u2019<\/span><\/p>\n<p><span dir=\"ltr\" role=\"presentation\">Vervolgens ontspint zich een hele discussie over de diverse onderdelen van de <\/span><span dir=\"ltr\" role=\"presentation\">Helderse molen en het aandrijfwerk. Termen als koningsspil, spruit, Engels <\/span><br role=\"presentation\" \/><span dir=\"ltr\" role=\"presentation\">kruiwerk en neutenkruiwerk vliegen over de koffietafel.<\/span><\/p>\n<h3>Brood<\/h3>\n<div class=\"textLayer\"><span dir=\"ltr\" role=\"presentation\">Wat gaat de Helderse molen straks doen? Hout zagen in elk geval niet. Dat geeft <\/span><span dir=\"ltr\" role=\"presentation\">te veel geluidsoverlast. Gedacht was om er elektriciteit mee op te wekken. <\/span><span dir=\"ltr\" role=\"presentation\">Duurzamer kan immers niet. Maar dat wordt technisch ook nog een heel <\/span><span dir=\"ltr\" role=\"presentation\">verhaal, zegt Van Reeuwijk. Een meelmolen dan? Het gezelschap filosofeert over <\/span><span dir=\"ltr\" role=\"presentation\">de voordelen. Met de verkoop van het meel is de molen financieel beter te <\/span><span dir=\"ltr\" role=\"presentation\">exploiteren. Wie wil er geen brood van ambachtelijk gemalen meel? Hans <\/span><span dir=\"ltr\" role=\"presentation\">Verhoef: ,,We hebben al contact met bakkerij Dunselman. Die heeft nu ook <\/span><span dir=\"ltr\" role=\"presentation\">winkels in Schagen en op Texel. Dus de bekendheid van de Helderse molen <\/span><span dir=\"ltr\" role=\"presentation\">wordt er groter door.\u2019\u2019<\/span><\/div>\n<div class=\"textLayer\">\n<p><br role=\"presentation\" \/><span dir=\"ltr\" role=\"presentation\">Voorlopig moet De Goede Verwachting eerst opgebouwd worden. De komende <\/span><span dir=\"ltr\" role=\"presentation\">maanden kunnen omwonenden en passanten de voortgang dagelijks volgen.\u00a0 <\/span>Zeker is dat de molen vanaf medio volgend jaar een grote blikvanger in Den Helder zal zijn.<\/p>\n<p><strong>RONALD DEN BOER<\/strong><\/p>\n<\/div>","protected":false},"excerpt":{"rendered":"<p>Die Windm\u00fchle De Goede Verwachting befindet sich im Bau und wird ein echter Blickfang sein. In den kommenden Monaten k\u00f6nnen Anwohner und Passanten den Baufortschritt t\u00e4glich verfolgen. <\/p>","protected":false},"author":4,"featured_media":23275,"template":"","doelgroep":[],"class_list":["post-23274","actueel","type-actueel","status-publish","has-post-thumbnail","hentry","elementor_library_category-wonen"],"yoast_head":"<!-- This site is optimized with the Yoast SEO Premium plugin v24.7 (Yoast SEO v27.4) - https:\/\/yoast.com\/product\/yoast-seo-premium-wordpress\/ -->\n<title>Helderse molen moet in mei al gaan draaien - Den Helder Online<\/title>\n<meta name=\"robots\" content=\"index, follow, max-snippet:-1, max-image-preview:large, max-video-preview:-1\" \/>\n<link rel=\"canonical\" href=\"https:\/\/denhelder.online\/de\/aktuell\/helderse-molen-moet-in-mei-al-gaan-draaien\/\" \/>\n<meta property=\"og:locale\" content=\"de_DE\" \/>\n<meta property=\"og:type\" content=\"article\" \/>\n<meta property=\"og:title\" content=\"Helderse molen moet in mei al gaan draaien\" \/>\n<meta property=\"og:description\" content=\"De molen De Goede Verwachting is in opbouw en wordt een grote blikvanger. De komende maanden kunnen omwonenden en passanten de voortgang dagelijks volgen.\" \/>\n<meta property=\"og:url\" content=\"https:\/\/denhelder.online\/de\/aktuell\/helderse-molen-moet-in-mei-al-gaan-draaien\/\" \/>\n<meta property=\"og:site_name\" content=\"Den Helder Online\" \/>\n<meta property=\"article:modified_time\" content=\"2026-04-14T12:25:34+00:00\" \/>\n<meta property=\"og:image\" content=\"https:\/\/denhelder.online\/wp-content\/uploads\/2026\/04\/20241115_114845-2048x1536-1.jpg\" \/>\n\t<meta property=\"og:image:width\" content=\"2048\" \/>\n\t<meta property=\"og:image:height\" content=\"1536\" \/>\n\t<meta property=\"og:image:type\" content=\"image\/jpeg\" \/>\n<meta name=\"twitter:card\" content=\"summary_large_image\" \/>\n<meta name=\"twitter:label1\" content=\"Gesch\u00e4tzte Lesezeit\" \/>\n\t<meta name=\"twitter:data1\" content=\"5\u00a0Minuten\" \/>\n<script type=\"application\/ld+json\" class=\"yoast-schema-graph\">{\"@context\":\"https:\\\/\\\/schema.org\",\"@graph\":[{\"@type\":\"WebPage\",\"@id\":\"https:\\\/\\\/denhelder.online\\\/actueel\\\/helderse-molen-moet-in-mei-al-gaan-draaien\\\/\",\"url\":\"https:\\\/\\\/denhelder.online\\\/actueel\\\/helderse-molen-moet-in-mei-al-gaan-draaien\\\/\",\"name\":\"Helderse molen moet in mei al gaan draaien - Den Helder Online\",\"isPartOf\":{\"@id\":\"https:\\\/\\\/denhelder.online\\\/#website\"},\"primaryImageOfPage\":{\"@id\":\"https:\\\/\\\/denhelder.online\\\/actueel\\\/helderse-molen-moet-in-mei-al-gaan-draaien\\\/#primaryimage\"},\"image\":{\"@id\":\"https:\\\/\\\/denhelder.online\\\/actueel\\\/helderse-molen-moet-in-mei-al-gaan-draaien\\\/#primaryimage\"},\"thumbnailUrl\":\"https:\\\/\\\/denhelder.online\\\/wp-content\\\/uploads\\\/2026\\\/04\\\/20241115_114845-2048x1536-1.jpg\",\"datePublished\":\"2024-11-29T08:38:15+00:00\",\"dateModified\":\"2026-04-14T12:25:34+00:00\",\"breadcrumb\":{\"@id\":\"https:\\\/\\\/denhelder.online\\\/actueel\\\/helderse-molen-moet-in-mei-al-gaan-draaien\\\/#breadcrumb\"},\"inLanguage\":\"de\",\"potentialAction\":[{\"@type\":\"ReadAction\",\"target\":[\"https:\\\/\\\/denhelder.online\\\/actueel\\\/helderse-molen-moet-in-mei-al-gaan-draaien\\\/\"]}]},{\"@type\":\"ImageObject\",\"inLanguage\":\"de\",\"@id\":\"https:\\\/\\\/denhelder.online\\\/actueel\\\/helderse-molen-moet-in-mei-al-gaan-draaien\\\/#primaryimage\",\"url\":\"https:\\\/\\\/denhelder.online\\\/wp-content\\\/uploads\\\/2026\\\/04\\\/20241115_114845-2048x1536-1.jpg\",\"contentUrl\":\"https:\\\/\\\/denhelder.online\\\/wp-content\\\/uploads\\\/2026\\\/04\\\/20241115_114845-2048x1536-1.jpg\",\"width\":2048,\"height\":1536},{\"@type\":\"BreadcrumbList\",\"@id\":\"https:\\\/\\\/denhelder.online\\\/actueel\\\/helderse-molen-moet-in-mei-al-gaan-draaien\\\/#breadcrumb\",\"itemListElement\":[{\"@type\":\"ListItem\",\"position\":1,\"name\":\"Home\",\"item\":\"https:\\\/\\\/denhelder.online\\\/\"},{\"@type\":\"ListItem\",\"position\":2,\"name\":\"Actueel\",\"item\":\"https:\\\/\\\/denhelder.online\\\/en\\\/current\\\/\"},{\"@type\":\"ListItem\",\"position\":3,\"name\":\"Helderse molen moet in mei al gaan draaien\"}]},{\"@type\":\"WebSite\",\"@id\":\"https:\\\/\\\/denhelder.online\\\/#website\",\"url\":\"https:\\\/\\\/denhelder.online\\\/\",\"name\":\"Den Helder Online\",\"description\":\"Beleef Den Helder\",\"publisher\":{\"@id\":\"https:\\\/\\\/denhelder.online\\\/#organization\"},\"potentialAction\":[{\"@type\":\"SearchAction\",\"target\":{\"@type\":\"EntryPoint\",\"urlTemplate\":\"https:\\\/\\\/denhelder.online\\\/?s={search_term_string}\"},\"query-input\":{\"@type\":\"PropertyValueSpecification\",\"valueRequired\":true,\"valueName\":\"search_term_string\"}}],\"inLanguage\":\"de\"},{\"@type\":\"Organization\",\"@id\":\"https:\\\/\\\/denhelder.online\\\/#organization\",\"name\":\"Den Helder Online\",\"url\":\"https:\\\/\\\/denhelder.online\\\/\",\"logo\":{\"@type\":\"ImageObject\",\"inLanguage\":\"de\",\"@id\":\"https:\\\/\\\/denhelder.online\\\/#\\\/schema\\\/logo\\\/image\\\/\",\"url\":\"https:\\\/\\\/denhelder.online\\\/wp-content\\\/uploads\\\/2021\\\/12\\\/DitIsDH-Logo-26-tagline.svg\",\"contentUrl\":\"https:\\\/\\\/denhelder.online\\\/wp-content\\\/uploads\\\/2021\\\/12\\\/DitIsDH-Logo-26-tagline.svg\",\"width\":1717.0999999999999,\"height\":934.89999999999998,\"caption\":\"Den Helder Online\"},\"image\":{\"@id\":\"https:\\\/\\\/denhelder.online\\\/#\\\/schema\\\/logo\\\/image\\\/\"}}]}<\/script>\n<!-- \/ Yoast SEO Premium plugin. -->","yoast_head_json":{"title":"Helderse molen moet in mei al gaan draaien - Den Helder Online","robots":{"index":"index","follow":"follow","max-snippet":"max-snippet:-1","max-image-preview":"max-image-preview:large","max-video-preview":"max-video-preview:-1"},"canonical":"https:\/\/denhelder.online\/de\/aktuell\/helderse-molen-moet-in-mei-al-gaan-draaien\/","og_locale":"de_DE","og_type":"article","og_title":"Helderse molen moet in mei al gaan draaien","og_description":"De molen De Goede Verwachting is in opbouw en wordt een grote blikvanger. De komende maanden kunnen omwonenden en passanten de voortgang dagelijks volgen.","og_url":"https:\/\/denhelder.online\/de\/aktuell\/helderse-molen-moet-in-mei-al-gaan-draaien\/","og_site_name":"Den Helder Online","article_modified_time":"2026-04-14T12:25:34+00:00","og_image":[{"width":2048,"height":1536,"url":"https:\/\/denhelder.online\/wp-content\/uploads\/2026\/04\/20241115_114845-2048x1536-1.jpg","type":"image\/jpeg"}],"twitter_card":"summary_large_image","twitter_misc":{"Gesch\u00e4tzte Lesezeit":"5\u00a0Minuten"},"schema":{"@context":"https:\/\/schema.org","@graph":[{"@type":"WebPage","@id":"https:\/\/denhelder.online\/actueel\/helderse-molen-moet-in-mei-al-gaan-draaien\/","url":"https:\/\/denhelder.online\/actueel\/helderse-molen-moet-in-mei-al-gaan-draaien\/","name":"Helderse molen moet in mei al gaan draaien - Den Helder Online","isPartOf":{"@id":"https:\/\/denhelder.online\/#website"},"primaryImageOfPage":{"@id":"https:\/\/denhelder.online\/actueel\/helderse-molen-moet-in-mei-al-gaan-draaien\/#primaryimage"},"image":{"@id":"https:\/\/denhelder.online\/actueel\/helderse-molen-moet-in-mei-al-gaan-draaien\/#primaryimage"},"thumbnailUrl":"https:\/\/denhelder.online\/wp-content\/uploads\/2026\/04\/20241115_114845-2048x1536-1.jpg","datePublished":"2024-11-29T08:38:15+00:00","dateModified":"2026-04-14T12:25:34+00:00","breadcrumb":{"@id":"https:\/\/denhelder.online\/actueel\/helderse-molen-moet-in-mei-al-gaan-draaien\/#breadcrumb"},"inLanguage":"de","potentialAction":[{"@type":"ReadAction","target":["https:\/\/denhelder.online\/actueel\/helderse-molen-moet-in-mei-al-gaan-draaien\/"]}]},{"@type":"ImageObject","inLanguage":"de","@id":"https:\/\/denhelder.online\/actueel\/helderse-molen-moet-in-mei-al-gaan-draaien\/#primaryimage","url":"https:\/\/denhelder.online\/wp-content\/uploads\/2026\/04\/20241115_114845-2048x1536-1.jpg","contentUrl":"https:\/\/denhelder.online\/wp-content\/uploads\/2026\/04\/20241115_114845-2048x1536-1.jpg","width":2048,"height":1536},{"@type":"BreadcrumbList","@id":"https:\/\/denhelder.online\/actueel\/helderse-molen-moet-in-mei-al-gaan-draaien\/#breadcrumb","itemListElement":[{"@type":"ListItem","position":1,"name":"Home","item":"https:\/\/denhelder.online\/"},{"@type":"ListItem","position":2,"name":"Actueel","item":"https:\/\/denhelder.online\/en\/current\/"},{"@type":"ListItem","position":3,"name":"Helderse molen moet in mei al gaan draaien"}]},{"@type":"WebSite","@id":"https:\/\/denhelder.online\/#website","url":"https:\/\/denhelder.online\/","name":"Den Helder Online","description":"Erleben Sie Den Helder","publisher":{"@id":"https:\/\/denhelder.online\/#organization"},"potentialAction":[{"@type":"SearchAction","target":{"@type":"EntryPoint","urlTemplate":"https:\/\/denhelder.online\/?s={search_term_string}"},"query-input":{"@type":"PropertyValueSpecification","valueRequired":true,"valueName":"search_term_string"}}],"inLanguage":"de"},{"@type":"Organization","@id":"https:\/\/denhelder.online\/#organization","name":"Den Helder Online","url":"https:\/\/denhelder.online\/","logo":{"@type":"ImageObject","inLanguage":"de","@id":"https:\/\/denhelder.online\/#\/schema\/logo\/image\/","url":"https:\/\/denhelder.online\/wp-content\/uploads\/2021\/12\/DitIsDH-Logo-26-tagline.svg","contentUrl":"https:\/\/denhelder.online\/wp-content\/uploads\/2021\/12\/DitIsDH-Logo-26-tagline.svg","width":1717.0999999999999,"height":934.89999999999998,"caption":"Den Helder Online"},"image":{"@id":"https:\/\/denhelder.online\/#\/schema\/logo\/image\/"}}]}},"_links":{"self":[{"href":"https:\/\/denhelder.online\/de\/wp-json\/wp\/v2\/actueel\/23274","targetHints":{"allow":["GET"]}}],"collection":[{"href":"https:\/\/denhelder.online\/de\/wp-json\/wp\/v2\/actueel"}],"about":[{"href":"https:\/\/denhelder.online\/de\/wp-json\/wp\/v2\/types\/actueel"}],"author":[{"embeddable":true,"href":"https:\/\/denhelder.online\/de\/wp-json\/wp\/v2\/users\/4"}],"wp:featuredmedia":[{"embeddable":true,"href":"https:\/\/denhelder.online\/de\/wp-json\/wp\/v2\/media\/23275"}],"wp:attachment":[{"href":"https:\/\/denhelder.online\/de\/wp-json\/wp\/v2\/media?parent=23274"}],"wp:term":[{"taxonomy":"doelgroep","embeddable":true,"href":"https:\/\/denhelder.online\/de\/wp-json\/wp\/v2\/doelgroep?post=23274"}],"curies":[{"name":"wp","href":"https:\/\/api.w.org\/{rel}","templated":true}]}}