{"id":23290,"date":"2025-04-20T10:00:06","date_gmt":"2025-04-20T08:00:06","guid":{"rendered":"https:\/\/denhelder.online\/?post_type=actueel&#038;p=23290"},"modified":"2026-04-14T14:43:48","modified_gmt":"2026-04-14T12:43:48","slug":"sie-lebten-in-kleinen-hausern-mit-neun-kindern","status":"publish","type":"actueel","link":"https:\/\/denhelder.online\/de\/actueel\/kleine-huisjes-ze-woonden-er-met-negen-kinderen-in\/","title":{"rendered":"\u2018Kleine H\u00e4user? Darin lebten sie mit neun Kindern!\u2019"},"content":{"rendered":"<h3>Die Sehnsucht nach Balistraat blieb \u00fcber Generationen bestehen.<\/h3>\n<p><b>Sie geh\u00f6rten zu den \u00e4ltesten Geb\u00e4uden der Wohnungsbaustiftung. Letztes Jahr wurden sie abgerissen: die 52 Arbeiterh\u00e4user in der Balistraat aus den Jahren 1919\/20. An ihrer Stelle entstehen ebenso viele nachhaltige und ger\u00e4umigere H\u00e4user \u2013 ganz im Stil der damaligen Zeit. Bewohnerin Anita Boelen freut sich darauf, in die Stra\u00dfe zur\u00fcckzukehren, in der f\u00fcnf Generationen ihrer Familie gelebt haben. Anne-G\u00e9 Zee-Van der Vaart hingegen nicht: \u2019Ich bin gl\u00fccklich, wo ich jetzt bin.\u2019<\/b><\/p>\n<h3>Weder Anita noch Anne-G\u00e9 m\u00fcssen lange \u00fcberlegen, was die Balistraat so besonders macht. Anne-G\u00e9 lebte dort 21 Jahre und erinnert sich mit Wehmut an die Geselligkeit, die dort herrschte. \u2019Und an das Gemeinschaftsgef\u00fchl. Bei sch\u00f6nem Wetter spielte sich das Leben haupts\u00e4chlich im Freien ab, genau wie fr\u00fcher. Die Menschen k\u00fcmmerten sich umeinander. Wenn man nichts zu essen hatte, gaben sie einem ihr letztes Brot.\u2019<\/h3>\n<h3>Datiert<\/h3>\n<p>Aus Sicht der Wohnungsbaugesellschaft Woningstichting waren die Wohnungen nach heutigen Ma\u00dfst\u00e4ben zu klein und in jeder Hinsicht veraltet. Umfangreiche Sanierungen, wie sie in den 1970er-Jahren durchgef\u00fchrt wurden, lohnten sich nicht mehr und waren im Verh\u00e4ltnis zum Ergebnis zu kostspielig. Daher errichtet das Bauunternehmen Dozy BV im Auftrag der Gesellschaft nun 52 ger\u00e4umige Wohnungen neu. Entworfen wurden sie vom renommierten Architekturb\u00fcro Braaksma &amp; Roos, das auch die k\u00fcrzlich fertiggestellten Neubauwohnungen am Anfang der Koningstraat entworfen hat.<\/p>\n<p>Die H\u00e4user in der Balistraat werden schon bald alle modernen Anforderungen an Nachhaltigkeit und Komfort erf\u00fcllen. Die Energiekosten werden f\u00fcr die neuen Bewohner niedrig sein.<\/p>\n<h3>Verkauf<\/h3>\n<p>Von den 52 H\u00e4usern stehen zw\u00f6lf zum Verkauf, da auch hierf\u00fcr Nachfrage besteht. Das bringt au\u00dferdem etwas Abwechslung in die Stra\u00dfe.<\/p>\n<p>Die Wohnungsbaustiftung hatte einen umfassenden Sozialplan f\u00fcr die urspr\u00fcnglichen Bewohner der Balistraat erstellt. Diese konnten vor\u00fcbergehend oder dauerhaft in eine andere Wohnung in Den Helder umziehen. Wer in die Balistraat zur\u00fcckkehren wollte, hatte die Wahl zwischen einer Wohnung am urspr\u00fcnglichen Standort oder einer anderen Wohnung in der Stra\u00dfe. Achtzehn der urspr\u00fcnglichen Mieter wollten auf jeden Fall in die Balistraat zur\u00fcckkehren.<\/p>\n<h3>Geburtsort<\/h3>\n<p>Anita Boelen hat sich schnell entschieden. Auch sie kehrt zur\u00fcck. \u2019Ich habe 36 Jahre lang in der Balistraat gewohnt, in einem anderen Haus, aber ich m\u00f6chte in mein Elternhaus zur\u00fcckkehren. Meine Mutter lebte dort bis zu ihrem Tod, daher w\u00e4re es wunderbar, jetzt dorthin zur\u00fcckkehren zu k\u00f6nnen. Es war einfach eine sehr angenehme Stra\u00dfe.\u2019<\/p>\n<p>Sie wohnt vor\u00fcbergehend in der Anemonenstraat. \u2019An sich ist da nichts auszusetzen, aber ich vermisse die Balistraat.\u2019<\/p>\n<p>Ganze Generationen sind mit der Balistraat verbunden. \u2019Insgesamt haben f\u00fcnf Generationen unserer Familie dort gelebt: Gro\u00dfeltern, Eltern, Onkel und Tante, Cousins und ich.\u2019 Man wei\u00df, dass diese Bindung in anderen Familien bis zu drei Generationen zur\u00fcckreicht.<\/p>\n<p>Wie bereits erw\u00e4hnt, lebte Anne-G\u00e9 Zee-Van der Vaart 21 Jahre lang in der Balistraat, kehrt aber bewusst nicht dorthin zur\u00fcck. \u2019Ich wohne derzeit in einer Wohnung am Hendrik Baskeweg, und obwohl ich mich anfangs erst einmal daran gew\u00f6hnen musste, gef\u00e4llt es mir hier mittlerweile sehr gut. Aufgrund meiner Gesundheit ist es angenehm, alles auf einer Ebene zu haben.\u2019<\/p>\n<h3>Bewunderung<\/h3>\n<p>Sie ist eine Frau mit festen Meinungen und Prinzipien. Auch die Entscheidung der Wohnungsbaustiftung, das Haus in der Balistraat abzurei\u00dfen, missbilligte sie entschieden. \u2019Was haben die denn gesagt, die H\u00e4user seien klein? Gegen\u00fcber von mir lebten dort neun Kinder!\u2019 Gleichzeitig ist sie voller Bewunderung f\u00fcr den Bauplan, den die Wohnungsbaustiftung nun umsetzt. \u2019Er sieht wirklich wundersch\u00f6n aus.\u2019<\/p>\n<p>Neben pragmatischen Gr\u00fcnden gibt es f\u00fcr sie auch eine prinzipielle Frage, warum sie nicht nach Balistraat zur\u00fcckkehren m\u00f6chte. \u2019Es sind Einfamilienh\u00e4user mit drei Schlafzimmern. Man sollte dort doch nicht allein leben, oder? Eine Familie geh\u00f6rt dorthin! Ich finde jedenfalls, dass die Wohnungsbaustiftung in dieser Hinsicht strengere Regeln haben muss.\u2019<\/p>\n<h3>Gr\u00fc\u00dfe<\/h3>\n<p>Dennoch wird sie die Balistraat vermissen. Das Gemeinschaftsgef\u00fchl und der soziale Charakter seien wahre Markenzeichen des Viertels gewesen, erkl\u00e4rt Anne-G\u00e9. Und das gelte eigentlich f\u00fcr die gesamte Innenstadt. \u2019Ich habe 62 Jahre im Stad binnen de Linie gelebt. Die Menschen dort scheinen anders zu sein. Sie gr\u00fc\u00dfen sich zum Beispiel viel \u00f6fter, sogar Fremde. In De Schooten sind alle viel zur\u00fcckhaltender. Wenn ich Leute auf der Stra\u00dfe gr\u00fc\u00dfe, sagen sie manchmal nichts zur\u00fcck. Oder ich h\u00f6re: Kennen wir uns? Dann antworte ich: Nein, aber jetzt schon.\u2019<\/p>\n<p>Das \u00e4ndert nichts daran, dass Anne-G\u00e9 sich nach zwei Jahren in ihrem neuen Zuhause eingelebt hat. \u2019Oh ja, ich f\u00fchle mich hier wie zu Hause. Als ich vor zwei Jahren nach De Schooten zog, war das ein Kulturschock. Eine v\u00f6llig andere Welt. Aber mittlerweile habe ich mich eingelebt. Ich bin Mitglied im Bouleclub des Hauses und habe guten Kontakt zu vielen Bewohnern. Die Frist, innerhalb derer ich mich melden musste, ob ich nach Balistraat zur\u00fcckkehren m\u00f6chte, l\u00e4uft also bald ab.\u2019<\/p>\n<p>&nbsp;<\/p>","protected":false},"excerpt":{"rendered":"<p>52 Arbeiterwohnungen in der Balistraat geh\u00f6rten zu den \u00e4ltesten Geb\u00e4uden der Wohnungsbaustiftung und wurden letztes Jahr abgerissen.<\/p>","protected":false},"author":4,"featured_media":23292,"template":"","doelgroep":[],"class_list":["post-23290","actueel","type-actueel","status-publish","has-post-thumbnail","hentry","elementor_library_category-wonen"],"yoast_head":"<!-- This site is optimized with the Yoast SEO Premium plugin v24.7 (Yoast SEO v27.4) - https:\/\/yoast.com\/product\/yoast-seo-premium-wordpress\/ -->\n<title>\u2018Kleine huisjes? Ze woonden er met negen kinderen in!\u2019 - Den Helder Online<\/title>\n<meta name=\"robots\" content=\"index, follow, max-snippet:-1, max-image-preview:large, max-video-preview:-1\" \/>\n<link rel=\"canonical\" href=\"https:\/\/denhelder.online\/de\/aktuell\/sie-lebten-in-kleinen-hausern-mit-neun-kindern\/\" \/>\n<meta property=\"og:locale\" content=\"de_DE\" \/>\n<meta property=\"og:type\" content=\"article\" \/>\n<meta property=\"og:title\" content=\"\u2018Kleine huisjes? Ze woonden er met negen kinderen in!\u2019\" \/>\n<meta property=\"og:description\" content=\"52 arbeiderswoningen aan de Balistraat behoorden tot het oudste bezit van Woningstichting en werden vorig jaar gesloopt.\" \/>\n<meta property=\"og:url\" content=\"https:\/\/denhelder.online\/de\/aktuell\/sie-lebten-in-kleinen-hausern-mit-neun-kindern\/\" \/>\n<meta property=\"og:site_name\" content=\"Den Helder Online\" \/>\n<meta property=\"article:modified_time\" content=\"2026-04-14T12:43:48+00:00\" \/>\n<meta property=\"og:image\" content=\"https:\/\/denhelder.online\/wp-content\/uploads\/2026\/04\/Balistraat-2026-van-bovenaf-2048x1229-1.jpg\" \/>\n\t<meta property=\"og:image:width\" content=\"2048\" \/>\n\t<meta property=\"og:image:height\" content=\"1229\" \/>\n\t<meta property=\"og:image:type\" content=\"image\/jpeg\" \/>\n<meta name=\"twitter:card\" content=\"summary_large_image\" \/>\n<meta name=\"twitter:label1\" content=\"Gesch\u00e4tzte Lesezeit\" \/>\n\t<meta name=\"twitter:data1\" content=\"4\u00a0Minuten\" \/>\n<script type=\"application\/ld+json\" class=\"yoast-schema-graph\">{\"@context\":\"https:\\\/\\\/schema.org\",\"@graph\":[{\"@type\":\"WebPage\",\"@id\":\"https:\\\/\\\/denhelder.online\\\/actueel\\\/kleine-huisjes-ze-woonden-er-met-negen-kinderen-in\\\/\",\"url\":\"https:\\\/\\\/denhelder.online\\\/actueel\\\/kleine-huisjes-ze-woonden-er-met-negen-kinderen-in\\\/\",\"name\":\"\u2018Kleine huisjes? Ze woonden er met negen kinderen in!\u2019 - Den Helder Online\",\"isPartOf\":{\"@id\":\"https:\\\/\\\/denhelder.online\\\/#website\"},\"primaryImageOfPage\":{\"@id\":\"https:\\\/\\\/denhelder.online\\\/actueel\\\/kleine-huisjes-ze-woonden-er-met-negen-kinderen-in\\\/#primaryimage\"},\"image\":{\"@id\":\"https:\\\/\\\/denhelder.online\\\/actueel\\\/kleine-huisjes-ze-woonden-er-met-negen-kinderen-in\\\/#primaryimage\"},\"thumbnailUrl\":\"https:\\\/\\\/denhelder.online\\\/wp-content\\\/uploads\\\/2026\\\/04\\\/Balistraat-2026-van-bovenaf-2048x1229-1.jpg\",\"datePublished\":\"2025-04-20T08:00:06+00:00\",\"dateModified\":\"2026-04-14T12:43:48+00:00\",\"breadcrumb\":{\"@id\":\"https:\\\/\\\/denhelder.online\\\/actueel\\\/kleine-huisjes-ze-woonden-er-met-negen-kinderen-in\\\/#breadcrumb\"},\"inLanguage\":\"de\",\"potentialAction\":[{\"@type\":\"ReadAction\",\"target\":[\"https:\\\/\\\/denhelder.online\\\/actueel\\\/kleine-huisjes-ze-woonden-er-met-negen-kinderen-in\\\/\"]}]},{\"@type\":\"ImageObject\",\"inLanguage\":\"de\",\"@id\":\"https:\\\/\\\/denhelder.online\\\/actueel\\\/kleine-huisjes-ze-woonden-er-met-negen-kinderen-in\\\/#primaryimage\",\"url\":\"https:\\\/\\\/denhelder.online\\\/wp-content\\\/uploads\\\/2026\\\/04\\\/Balistraat-2026-van-bovenaf-2048x1229-1.jpg\",\"contentUrl\":\"https:\\\/\\\/denhelder.online\\\/wp-content\\\/uploads\\\/2026\\\/04\\\/Balistraat-2026-van-bovenaf-2048x1229-1.jpg\",\"width\":2048,\"height\":1229},{\"@type\":\"BreadcrumbList\",\"@id\":\"https:\\\/\\\/denhelder.online\\\/actueel\\\/kleine-huisjes-ze-woonden-er-met-negen-kinderen-in\\\/#breadcrumb\",\"itemListElement\":[{\"@type\":\"ListItem\",\"position\":1,\"name\":\"Home\",\"item\":\"https:\\\/\\\/denhelder.online\\\/\"},{\"@type\":\"ListItem\",\"position\":2,\"name\":\"Actueel\",\"item\":\"https:\\\/\\\/denhelder.online\\\/en\\\/current\\\/\"},{\"@type\":\"ListItem\",\"position\":3,\"name\":\"\u2018Kleine huisjes? Ze woonden er met negen kinderen in!\u2019\"}]},{\"@type\":\"WebSite\",\"@id\":\"https:\\\/\\\/denhelder.online\\\/#website\",\"url\":\"https:\\\/\\\/denhelder.online\\\/\",\"name\":\"Den Helder Online\",\"description\":\"Beleef Den Helder\",\"publisher\":{\"@id\":\"https:\\\/\\\/denhelder.online\\\/#organization\"},\"potentialAction\":[{\"@type\":\"SearchAction\",\"target\":{\"@type\":\"EntryPoint\",\"urlTemplate\":\"https:\\\/\\\/denhelder.online\\\/?s={search_term_string}\"},\"query-input\":{\"@type\":\"PropertyValueSpecification\",\"valueRequired\":true,\"valueName\":\"search_term_string\"}}],\"inLanguage\":\"de\"},{\"@type\":\"Organization\",\"@id\":\"https:\\\/\\\/denhelder.online\\\/#organization\",\"name\":\"Den Helder Online\",\"url\":\"https:\\\/\\\/denhelder.online\\\/\",\"logo\":{\"@type\":\"ImageObject\",\"inLanguage\":\"de\",\"@id\":\"https:\\\/\\\/denhelder.online\\\/#\\\/schema\\\/logo\\\/image\\\/\",\"url\":\"https:\\\/\\\/denhelder.online\\\/wp-content\\\/uploads\\\/2021\\\/12\\\/DitIsDH-Logo-26-tagline.svg\",\"contentUrl\":\"https:\\\/\\\/denhelder.online\\\/wp-content\\\/uploads\\\/2021\\\/12\\\/DitIsDH-Logo-26-tagline.svg\",\"width\":1717.0999999999999,\"height\":934.89999999999998,\"caption\":\"Den Helder Online\"},\"image\":{\"@id\":\"https:\\\/\\\/denhelder.online\\\/#\\\/schema\\\/logo\\\/image\\\/\"}}]}<\/script>\n<!-- \/ Yoast SEO Premium plugin. -->","yoast_head_json":{"title":"\u2018Kleine H\u00e4user? Darin lebten sie mit neun Kindern!\u2019 \u2013 Den Helder Online","robots":{"index":"index","follow":"follow","max-snippet":"max-snippet:-1","max-image-preview":"max-image-preview:large","max-video-preview":"max-video-preview:-1"},"canonical":"https:\/\/denhelder.online\/de\/aktuell\/sie-lebten-in-kleinen-hausern-mit-neun-kindern\/","og_locale":"de_DE","og_type":"article","og_title":"\u2018Kleine huisjes? Ze woonden er met negen kinderen in!\u2019","og_description":"52 arbeiderswoningen aan de Balistraat behoorden tot het oudste bezit van Woningstichting en werden vorig jaar gesloopt.","og_url":"https:\/\/denhelder.online\/de\/aktuell\/sie-lebten-in-kleinen-hausern-mit-neun-kindern\/","og_site_name":"Den Helder Online","article_modified_time":"2026-04-14T12:43:48+00:00","og_image":[{"width":2048,"height":1229,"url":"https:\/\/denhelder.online\/wp-content\/uploads\/2026\/04\/Balistraat-2026-van-bovenaf-2048x1229-1.jpg","type":"image\/jpeg"}],"twitter_card":"summary_large_image","twitter_misc":{"Gesch\u00e4tzte Lesezeit":"4\u00a0Minuten"},"schema":{"@context":"https:\/\/schema.org","@graph":[{"@type":"WebPage","@id":"https:\/\/denhelder.online\/actueel\/kleine-huisjes-ze-woonden-er-met-negen-kinderen-in\/","url":"https:\/\/denhelder.online\/actueel\/kleine-huisjes-ze-woonden-er-met-negen-kinderen-in\/","name":"\u2018Kleine H\u00e4user? Darin lebten sie mit neun Kindern!\u2019 \u2013 Den Helder Online","isPartOf":{"@id":"https:\/\/denhelder.online\/#website"},"primaryImageOfPage":{"@id":"https:\/\/denhelder.online\/actueel\/kleine-huisjes-ze-woonden-er-met-negen-kinderen-in\/#primaryimage"},"image":{"@id":"https:\/\/denhelder.online\/actueel\/kleine-huisjes-ze-woonden-er-met-negen-kinderen-in\/#primaryimage"},"thumbnailUrl":"https:\/\/denhelder.online\/wp-content\/uploads\/2026\/04\/Balistraat-2026-van-bovenaf-2048x1229-1.jpg","datePublished":"2025-04-20T08:00:06+00:00","dateModified":"2026-04-14T12:43:48+00:00","breadcrumb":{"@id":"https:\/\/denhelder.online\/actueel\/kleine-huisjes-ze-woonden-er-met-negen-kinderen-in\/#breadcrumb"},"inLanguage":"de","potentialAction":[{"@type":"ReadAction","target":["https:\/\/denhelder.online\/actueel\/kleine-huisjes-ze-woonden-er-met-negen-kinderen-in\/"]}]},{"@type":"ImageObject","inLanguage":"de","@id":"https:\/\/denhelder.online\/actueel\/kleine-huisjes-ze-woonden-er-met-negen-kinderen-in\/#primaryimage","url":"https:\/\/denhelder.online\/wp-content\/uploads\/2026\/04\/Balistraat-2026-van-bovenaf-2048x1229-1.jpg","contentUrl":"https:\/\/denhelder.online\/wp-content\/uploads\/2026\/04\/Balistraat-2026-van-bovenaf-2048x1229-1.jpg","width":2048,"height":1229},{"@type":"BreadcrumbList","@id":"https:\/\/denhelder.online\/actueel\/kleine-huisjes-ze-woonden-er-met-negen-kinderen-in\/#breadcrumb","itemListElement":[{"@type":"ListItem","position":1,"name":"Home","item":"https:\/\/denhelder.online\/"},{"@type":"ListItem","position":2,"name":"Actueel","item":"https:\/\/denhelder.online\/en\/current\/"},{"@type":"ListItem","position":3,"name":"\u2018Kleine huisjes? Ze woonden er met negen kinderen in!\u2019"}]},{"@type":"WebSite","@id":"https:\/\/denhelder.online\/#website","url":"https:\/\/denhelder.online\/","name":"Den Helder Online","description":"Erleben Sie Den Helder","publisher":{"@id":"https:\/\/denhelder.online\/#organization"},"potentialAction":[{"@type":"SearchAction","target":{"@type":"EntryPoint","urlTemplate":"https:\/\/denhelder.online\/?s={search_term_string}"},"query-input":{"@type":"PropertyValueSpecification","valueRequired":true,"valueName":"search_term_string"}}],"inLanguage":"de"},{"@type":"Organization","@id":"https:\/\/denhelder.online\/#organization","name":"Den Helder Online","url":"https:\/\/denhelder.online\/","logo":{"@type":"ImageObject","inLanguage":"de","@id":"https:\/\/denhelder.online\/#\/schema\/logo\/image\/","url":"https:\/\/denhelder.online\/wp-content\/uploads\/2021\/12\/DitIsDH-Logo-26-tagline.svg","contentUrl":"https:\/\/denhelder.online\/wp-content\/uploads\/2021\/12\/DitIsDH-Logo-26-tagline.svg","width":1717.0999999999999,"height":934.89999999999998,"caption":"Den Helder Online"},"image":{"@id":"https:\/\/denhelder.online\/#\/schema\/logo\/image\/"}}]}},"_links":{"self":[{"href":"https:\/\/denhelder.online\/de\/wp-json\/wp\/v2\/actueel\/23290","targetHints":{"allow":["GET"]}}],"collection":[{"href":"https:\/\/denhelder.online\/de\/wp-json\/wp\/v2\/actueel"}],"about":[{"href":"https:\/\/denhelder.online\/de\/wp-json\/wp\/v2\/types\/actueel"}],"author":[{"embeddable":true,"href":"https:\/\/denhelder.online\/de\/wp-json\/wp\/v2\/users\/4"}],"wp:featuredmedia":[{"embeddable":true,"href":"https:\/\/denhelder.online\/de\/wp-json\/wp\/v2\/media\/23292"}],"wp:attachment":[{"href":"https:\/\/denhelder.online\/de\/wp-json\/wp\/v2\/media?parent=23290"}],"wp:term":[{"taxonomy":"doelgroep","embeddable":true,"href":"https:\/\/denhelder.online\/de\/wp-json\/wp\/v2\/doelgroep?post=23290"}],"curies":[{"name":"wp","href":"https:\/\/api.w.org\/{rel}","templated":true}]}}