{"id":23313,"date":"2025-06-25T11:37:57","date_gmt":"2025-06-25T09:37:57","guid":{"rendered":"https:\/\/denhelder.online\/?post_type=actueel&#038;p=23313"},"modified":"2026-04-14T15:17:09","modified_gmt":"2026-04-14T13:17:09","slug":"der-abriss-der-crown-passage-beginnt","status":"publish","type":"actueel","link":"https:\/\/denhelder.online\/de\/actueel\/sloop-kroonpassage-gaat-van-start\/","title":{"rendered":"Der Abriss der Kroonpassage beginnt"},"content":{"rendered":"<h3>\u00dcber 110 zus\u00e4tzliche tempor\u00e4re Parkpl\u00e4tze als Ausgleich f\u00fcr den Verlust des Parkdecks.<\/h3>\n<p><b>Gute Neuigkeiten! Der Eigent\u00fcmer der Kroonpassage hat den abzurei\u00dfenden Teil des Einkaufszentrums an Zeestad \u00fcbertragen. Die Kroonpassage steht schon lange leer, daher ist es wichtig, dass dieser zentrale Standort in der Innenstadt eine neue Nutzung erh\u00e4lt. Die Abrissarbeiten beginnen am 1. Juli; ab diesem Zeitpunkt k\u00f6nnen Autofahrer die provisorischen Parkpl\u00e4tze in der Koningdwarsstraat und der Prinsenstraat nutzen.<\/b><\/p>\n<h3>Entwicklung<\/h3>\n<p>Ein Teil der Kroonpassage bleibt erhalten und wird vom jetzigen Eigent\u00fcmer, Black Fish, f\u00fcr einen neuen Supermarkt und Einzelhandelsfl\u00e4chen umgebaut. Die Bauunternehmen Van Leeuwen Zwanenburg Sloopwerken und Sloopbedrijf JH Oosterbeek wurden von Zeestad mit dem Abriss des restlichen Teils der Kroonpassage beauftragt. Dadurch entsteht ein neuer Platz. Neben der Schaffung eines ansprechenden Ambientes werden auch die Parkm\u00f6glichkeiten verbessert. Nachhaltigkeit und Klimaschutz wurden bei der Gestaltung des Platzes ber\u00fccksichtigt.<\/p>\n<h3>Renovierung<\/h3>\n<p>Zun\u00e4chst erfolgt der Entkernungsabriss, bei dem das Geb\u00e4ude bis auf die Stein- und Betonelemente entkernt wird. Auch das Dach des Parkdecks wird entfernt. Nach der Baupause wird das Geb\u00e4ude mit schwerem Ger\u00e4t weiter abgerissen. Das Gesteinsmaterial wird vor Ort zu Bauschutt f\u00fcr den Stra\u00dfenbau zerkleinert. Ein Gro\u00dfteil davon wird wiederverwendet.<\/p>\n<p>Die Abrissarbeiten werden bis November dieses Jahres andauern. Der Bau des neuen Supermarkts und der Einzelhandelsfl\u00e4chen ist von November dieses Jahres bis November 2026 geplant. Im M\u00e4rz 2026 rechnet Zeestad damit, mit der Landschaftsgestaltung des neuen Platzes (Kroonplein) beginnen zu k\u00f6nnen.<\/p>\n<h3>Parken<\/h3>\n<p>Ab dem 1. Juli ist das Parken auf dem Parkdeck Kroonpassage nicht mehr gestattet. In Absprache mit der Gemeinde wurden zwei Fl\u00e4chen vor\u00fcbergehend als Parkpl\u00e4tze eingerichtet:<\/p>\n<p>In der Koningdwarsstraat (Einfahrt \u00fcber Prins Hendriklaan) und in der Prinsenstraat, am Standort der ehemaligen Pizzeria Costa. Es gibt Platz f\u00fcr mindestens 110 Autos.<\/p>\n<h3>Information<\/h3>\n<p>Anwohner und Gewerbetreibende rund um die Kroonpassage wurden schriftlich informiert. Zeestad unternimmt gro\u00dfe Anstrengungen, auf die alternativen Parkm\u00f6glichkeiten aufmerksam zu machen: Alle Gesch\u00e4fte im Stadtzentrum, darunter auch Freizeitbetriebe, erhalten Flyer und ein Plakat, um Besuchern die Standorte der zus\u00e4tzlichen Parkpl\u00e4tze zu zeigen. Die alternativen Parkm\u00f6glichkeiten werden au\u00dferdem \u00fcber verschiedene Social-Media-Plattformen beworben. Dar\u00fcber hinaus bietet Zeestad jeden Mittwoch von 15:00 bis 17:00 Uhr eine Sprechstunde bei Citymarketing, Spoorstraat 2, an.<\/p>","protected":false},"excerpt":{"rendered":"<p>Gute Neuigkeiten! Der Eigent\u00fcmer der Kroonpassage hat den abzurei\u00dfenden Teil des Einkaufszentrums an Zeestad \u00fcbertragen. Die Arbeiten beginnen am 1. Juli.<\/p>","protected":false},"author":4,"featured_media":23314,"template":"","doelgroep":[],"class_list":["post-23313","actueel","type-actueel","status-publish","has-post-thumbnail","hentry","elementor_library_category-wonen"],"yoast_head":"<!-- This site is optimized with the Yoast SEO Premium plugin v24.7 (Yoast SEO v27.4) - https:\/\/yoast.com\/product\/yoast-seo-premium-wordpress\/ -->\n<title>Sloop Kroonpassage gaat van start - Den Helder Online<\/title>\n<meta name=\"robots\" content=\"index, follow, max-snippet:-1, max-image-preview:large, max-video-preview:-1\" \/>\n<link rel=\"canonical\" href=\"https:\/\/denhelder.online\/de\/aktuell\/der-abriss-der-crown-passage-beginnt\/\" \/>\n<meta property=\"og:locale\" content=\"de_DE\" \/>\n<meta property=\"og:type\" content=\"article\" \/>\n<meta property=\"og:title\" content=\"Sloop Kroonpassage gaat van start\" \/>\n<meta property=\"og:description\" content=\"Goed nieuws! De eigenaar van de Kroonpassage heeft het te slopen gedeelte van het winkelcentrum overgedragen aan Zeestad. Op 1 juli starten de werkzaamheden.\" \/>\n<meta property=\"og:url\" content=\"https:\/\/denhelder.online\/de\/aktuell\/der-abriss-der-crown-passage-beginnt\/\" \/>\n<meta property=\"og:site_name\" content=\"Den Helder Online\" \/>\n<meta property=\"article:modified_time\" content=\"2026-04-14T13:17:09+00:00\" \/>\n<meta property=\"og:image\" content=\"https:\/\/denhelder.online\/wp-content\/uploads\/2026\/04\/Kroonplein_A_29-2-LR-1.jpg\" \/>\n\t<meta property=\"og:image:width\" content=\"1280\" \/>\n\t<meta property=\"og:image:height\" content=\"720\" \/>\n\t<meta property=\"og:image:type\" content=\"image\/jpeg\" \/>\n<meta name=\"twitter:card\" content=\"summary_large_image\" \/>\n<meta name=\"twitter:label1\" content=\"Gesch\u00e4tzte Lesezeit\" \/>\n\t<meta name=\"twitter:data1\" content=\"3\u00a0Minuten\" \/>\n<script type=\"application\/ld+json\" class=\"yoast-schema-graph\">{\"@context\":\"https:\\\/\\\/schema.org\",\"@graph\":[{\"@type\":\"WebPage\",\"@id\":\"https:\\\/\\\/denhelder.online\\\/actueel\\\/sloop-kroonpassage-gaat-van-start\\\/\",\"url\":\"https:\\\/\\\/denhelder.online\\\/actueel\\\/sloop-kroonpassage-gaat-van-start\\\/\",\"name\":\"Sloop Kroonpassage gaat van start - Den Helder Online\",\"isPartOf\":{\"@id\":\"https:\\\/\\\/denhelder.online\\\/#website\"},\"primaryImageOfPage\":{\"@id\":\"https:\\\/\\\/denhelder.online\\\/actueel\\\/sloop-kroonpassage-gaat-van-start\\\/#primaryimage\"},\"image\":{\"@id\":\"https:\\\/\\\/denhelder.online\\\/actueel\\\/sloop-kroonpassage-gaat-van-start\\\/#primaryimage\"},\"thumbnailUrl\":\"https:\\\/\\\/denhelder.online\\\/wp-content\\\/uploads\\\/2026\\\/04\\\/Kroonplein_A_29-2-LR-1.jpg\",\"datePublished\":\"2025-06-25T09:37:57+00:00\",\"dateModified\":\"2026-04-14T13:17:09+00:00\",\"breadcrumb\":{\"@id\":\"https:\\\/\\\/denhelder.online\\\/actueel\\\/sloop-kroonpassage-gaat-van-start\\\/#breadcrumb\"},\"inLanguage\":\"de\",\"potentialAction\":[{\"@type\":\"ReadAction\",\"target\":[\"https:\\\/\\\/denhelder.online\\\/actueel\\\/sloop-kroonpassage-gaat-van-start\\\/\"]}]},{\"@type\":\"ImageObject\",\"inLanguage\":\"de\",\"@id\":\"https:\\\/\\\/denhelder.online\\\/actueel\\\/sloop-kroonpassage-gaat-van-start\\\/#primaryimage\",\"url\":\"https:\\\/\\\/denhelder.online\\\/wp-content\\\/uploads\\\/2026\\\/04\\\/Kroonplein_A_29-2-LR-1.jpg\",\"contentUrl\":\"https:\\\/\\\/denhelder.online\\\/wp-content\\\/uploads\\\/2026\\\/04\\\/Kroonplein_A_29-2-LR-1.jpg\",\"width\":1280,\"height\":720},{\"@type\":\"BreadcrumbList\",\"@id\":\"https:\\\/\\\/denhelder.online\\\/actueel\\\/sloop-kroonpassage-gaat-van-start\\\/#breadcrumb\",\"itemListElement\":[{\"@type\":\"ListItem\",\"position\":1,\"name\":\"Home\",\"item\":\"https:\\\/\\\/denhelder.online\\\/\"},{\"@type\":\"ListItem\",\"position\":2,\"name\":\"Actueel\",\"item\":\"https:\\\/\\\/denhelder.online\\\/en\\\/current\\\/\"},{\"@type\":\"ListItem\",\"position\":3,\"name\":\"Sloop Kroonpassage gaat van start\"}]},{\"@type\":\"WebSite\",\"@id\":\"https:\\\/\\\/denhelder.online\\\/#website\",\"url\":\"https:\\\/\\\/denhelder.online\\\/\",\"name\":\"Den Helder Online\",\"description\":\"Beleef Den Helder\",\"publisher\":{\"@id\":\"https:\\\/\\\/denhelder.online\\\/#organization\"},\"potentialAction\":[{\"@type\":\"SearchAction\",\"target\":{\"@type\":\"EntryPoint\",\"urlTemplate\":\"https:\\\/\\\/denhelder.online\\\/?s={search_term_string}\"},\"query-input\":{\"@type\":\"PropertyValueSpecification\",\"valueRequired\":true,\"valueName\":\"search_term_string\"}}],\"inLanguage\":\"de\"},{\"@type\":\"Organization\",\"@id\":\"https:\\\/\\\/denhelder.online\\\/#organization\",\"name\":\"Den Helder Online\",\"url\":\"https:\\\/\\\/denhelder.online\\\/\",\"logo\":{\"@type\":\"ImageObject\",\"inLanguage\":\"de\",\"@id\":\"https:\\\/\\\/denhelder.online\\\/#\\\/schema\\\/logo\\\/image\\\/\",\"url\":\"https:\\\/\\\/denhelder.online\\\/wp-content\\\/uploads\\\/2021\\\/12\\\/DitIsDH-Logo-26-tagline.svg\",\"contentUrl\":\"https:\\\/\\\/denhelder.online\\\/wp-content\\\/uploads\\\/2021\\\/12\\\/DitIsDH-Logo-26-tagline.svg\",\"width\":1717.0999999999999,\"height\":934.89999999999998,\"caption\":\"Den Helder Online\"},\"image\":{\"@id\":\"https:\\\/\\\/denhelder.online\\\/#\\\/schema\\\/logo\\\/image\\\/\"}}]}<\/script>\n<!-- \/ Yoast SEO Premium plugin. -->","yoast_head_json":{"title":"Abriss der Kroonpassage beginnt - Den Helder Online","robots":{"index":"index","follow":"follow","max-snippet":"max-snippet:-1","max-image-preview":"max-image-preview:large","max-video-preview":"max-video-preview:-1"},"canonical":"https:\/\/denhelder.online\/de\/aktuell\/der-abriss-der-crown-passage-beginnt\/","og_locale":"de_DE","og_type":"article","og_title":"Sloop Kroonpassage gaat van start","og_description":"Goed nieuws! De eigenaar van de Kroonpassage heeft het te slopen gedeelte van het winkelcentrum overgedragen aan Zeestad. Op 1 juli starten de werkzaamheden.","og_url":"https:\/\/denhelder.online\/de\/aktuell\/der-abriss-der-crown-passage-beginnt\/","og_site_name":"Den Helder Online","article_modified_time":"2026-04-14T13:17:09+00:00","og_image":[{"width":1280,"height":720,"url":"https:\/\/denhelder.online\/wp-content\/uploads\/2026\/04\/Kroonplein_A_29-2-LR-1.jpg","type":"image\/jpeg"}],"twitter_card":"summary_large_image","twitter_misc":{"Gesch\u00e4tzte Lesezeit":"3\u00a0Minuten"},"schema":{"@context":"https:\/\/schema.org","@graph":[{"@type":"WebPage","@id":"https:\/\/denhelder.online\/actueel\/sloop-kroonpassage-gaat-van-start\/","url":"https:\/\/denhelder.online\/actueel\/sloop-kroonpassage-gaat-van-start\/","name":"Abriss der Kroonpassage beginnt - Den Helder Online","isPartOf":{"@id":"https:\/\/denhelder.online\/#website"},"primaryImageOfPage":{"@id":"https:\/\/denhelder.online\/actueel\/sloop-kroonpassage-gaat-van-start\/#primaryimage"},"image":{"@id":"https:\/\/denhelder.online\/actueel\/sloop-kroonpassage-gaat-van-start\/#primaryimage"},"thumbnailUrl":"https:\/\/denhelder.online\/wp-content\/uploads\/2026\/04\/Kroonplein_A_29-2-LR-1.jpg","datePublished":"2025-06-25T09:37:57+00:00","dateModified":"2026-04-14T13:17:09+00:00","breadcrumb":{"@id":"https:\/\/denhelder.online\/actueel\/sloop-kroonpassage-gaat-van-start\/#breadcrumb"},"inLanguage":"de","potentialAction":[{"@type":"ReadAction","target":["https:\/\/denhelder.online\/actueel\/sloop-kroonpassage-gaat-van-start\/"]}]},{"@type":"ImageObject","inLanguage":"de","@id":"https:\/\/denhelder.online\/actueel\/sloop-kroonpassage-gaat-van-start\/#primaryimage","url":"https:\/\/denhelder.online\/wp-content\/uploads\/2026\/04\/Kroonplein_A_29-2-LR-1.jpg","contentUrl":"https:\/\/denhelder.online\/wp-content\/uploads\/2026\/04\/Kroonplein_A_29-2-LR-1.jpg","width":1280,"height":720},{"@type":"BreadcrumbList","@id":"https:\/\/denhelder.online\/actueel\/sloop-kroonpassage-gaat-van-start\/#breadcrumb","itemListElement":[{"@type":"ListItem","position":1,"name":"Home","item":"https:\/\/denhelder.online\/"},{"@type":"ListItem","position":2,"name":"Actueel","item":"https:\/\/denhelder.online\/en\/current\/"},{"@type":"ListItem","position":3,"name":"Sloop Kroonpassage gaat van start"}]},{"@type":"WebSite","@id":"https:\/\/denhelder.online\/#website","url":"https:\/\/denhelder.online\/","name":"Den Helder Online","description":"Erleben Sie Den Helder","publisher":{"@id":"https:\/\/denhelder.online\/#organization"},"potentialAction":[{"@type":"SearchAction","target":{"@type":"EntryPoint","urlTemplate":"https:\/\/denhelder.online\/?s={search_term_string}"},"query-input":{"@type":"PropertyValueSpecification","valueRequired":true,"valueName":"search_term_string"}}],"inLanguage":"de"},{"@type":"Organization","@id":"https:\/\/denhelder.online\/#organization","name":"Den Helder Online","url":"https:\/\/denhelder.online\/","logo":{"@type":"ImageObject","inLanguage":"de","@id":"https:\/\/denhelder.online\/#\/schema\/logo\/image\/","url":"https:\/\/denhelder.online\/wp-content\/uploads\/2021\/12\/DitIsDH-Logo-26-tagline.svg","contentUrl":"https:\/\/denhelder.online\/wp-content\/uploads\/2021\/12\/DitIsDH-Logo-26-tagline.svg","width":1717.0999999999999,"height":934.89999999999998,"caption":"Den Helder Online"},"image":{"@id":"https:\/\/denhelder.online\/#\/schema\/logo\/image\/"}}]}},"_links":{"self":[{"href":"https:\/\/denhelder.online\/de\/wp-json\/wp\/v2\/actueel\/23313","targetHints":{"allow":["GET"]}}],"collection":[{"href":"https:\/\/denhelder.online\/de\/wp-json\/wp\/v2\/actueel"}],"about":[{"href":"https:\/\/denhelder.online\/de\/wp-json\/wp\/v2\/types\/actueel"}],"author":[{"embeddable":true,"href":"https:\/\/denhelder.online\/de\/wp-json\/wp\/v2\/users\/4"}],"wp:featuredmedia":[{"embeddable":true,"href":"https:\/\/denhelder.online\/de\/wp-json\/wp\/v2\/media\/23314"}],"wp:attachment":[{"href":"https:\/\/denhelder.online\/de\/wp-json\/wp\/v2\/media?parent=23313"}],"wp:term":[{"taxonomy":"doelgroep","embeddable":true,"href":"https:\/\/denhelder.online\/de\/wp-json\/wp\/v2\/doelgroep?post=23313"}],"curies":[{"name":"wp","href":"https:\/\/api.w.org\/{rel}","templated":true}]}}