{"id":23323,"date":"2025-09-23T12:41:20","date_gmt":"2025-09-23T10:41:20","guid":{"rendered":"https:\/\/denhelder.online\/?post_type=actueel&#038;p=23323"},"modified":"2026-04-14T15:25:44","modified_gmt":"2026-04-14T13:25:44","slug":"dijkkwartier-ist-im-delta-programm-2026-enthalten","status":"publish","type":"actueel","link":"https:\/\/denhelder.online\/de\/actueel\/dijkkwartier-opgenomen-in-deltaprogramma-2026\/","title":{"rendered":"Dijkkwartier ist im Delta-Programm 2026 enthalten"},"content":{"rendered":"<p>Am Tag der Haushaltsvorlage pr\u00e4sentierte der Delta-Beauftragte das Nationale Delta-Programm 2026 \u2013 mit besonderem Fokus auf das Dijkkwartier im Rahmen von Den Helder. Ein einzigartiges Projekt, das Sicherheit, Klimaresilienz und Wohnen vereint. \u2019Den Helder gestaltet die Zukunft.\u2019<\/p>\n<h3>Regierungsberater begeistert vom Dijkkwartier-Projekt<\/h3>\n<p>Das Dijkkwartier in Den Helder nimmt im Delta-Programm 2026 eine zentrale Rolle ein. Delta-Beauftragter Co Verdaas ist daher begeistert von dem Projekt, das Wassersicherheit und Wohnungsbau miteinander verbindet. \u2019Den Helder bringt die Zukunft voran.\u2019<\/p>\n<p>Der Regierungsberater, der selbst unter anderem als Deichw\u00e4rter, Staatssekret\u00e4r und Provinzabgeordneter t\u00e4tig war, sieht das Dijkkwartier als gutes Beispiel f\u00fcr die Zusammenarbeit verschiedener Akteure in ihren jeweiligen Rollen: dem Wasserverband Hollands Noorderkwartier, der Gemeinde Den Helder und der Wohnungsbaustiftung.<\/p>\n<p>Durch die Errichtung eines Erdwalles an den bestehenden Deich wird ein sehr stabiler, leicht erh\u00f6hter Deich geschaffen, auf dem in der ersten Phase etwa zweihundert Wohnungen (Sozialwohnungen und Mietwohnungen im mittleren Preissegment, erschwingliche und teure Eigentumswohnungen) realisiert werden k\u00f6nnen.<\/p>\n<p>Co Verdaas: \u2019Bisher galt die allgemeine Auffassung, dass Bebauung auf dem Deich das Allerletzte ist, was man tun sollte. Gut, ein paar Schafe d\u00fcrfen darauf weiden. Aber sonst nichts. Das Deichviertel in Den Helder erh\u00f6ht die Nutzbarkeit des Hochwasserschutzes, ohne die Sicherheit des Wassers zu beeintr\u00e4chtigen. Diese Sicherheit wird sogar erh\u00f6ht. Mehr als derzeit n\u00f6tig. In Den Helder denkt man vorausschauend.\u2019<\/p>\n<p>Auch wenn die Aufnahme in das Delta-Programm 2026 nicht unmittelbar zu einer Finanzierung des Dijkkwartiers durch Den Haag f\u00fchrt, ist sie laut Verdaas ein guter Weg, das Helderse-Projekt administrativ und politisch ins Gespr\u00e4ch zu bringen.<\/p>\n<p>Sie sehen hier <a href=\"https:\/\/www.deltaprogramma.nl\/documenten\/videos\/2025\/08\/29\/nationaal-deltaprogramma-2026---waterveiligheid\">Video zur Wassersicherheit <\/a>mit Stadtr\u00e4tin Petra Bais und Wasserbeh\u00f6rdenmitglied Arnold Langeveld.<br \/>\nDies ist der Link zu <a href=\"https:\/\/dp2026.deltaprogramma.nl\/\">Delta-Programm 2026<\/a><\/p>\n<p>Foto von Delta Commissioner Co Verdaas von Phil Nijhuis<\/p>","protected":false},"excerpt":{"rendered":"<p>Ein prominenter Platz im Delta-Programm 2026 und Lob von Delta-Kommissar Co Verdaas: Das Dijkkwartier zeigt, wie Innovation, Zusammenarbeit und Zukunftsvisionen am Deich zusammenwirken. Warum bezeichnet Verdaas es als \u201czukunftsweisend\u201d, und wie ver\u00e4ndert dieses Projekt die Sicht auf das Bauen in den Niederlanden? Lesen Sie weiter und erfahren Sie, wie Den Helder die Zukunft gestaltet.<\/p>","protected":false},"author":4,"featured_media":23324,"template":"","doelgroep":[],"class_list":["post-23323","actueel","type-actueel","status-publish","has-post-thumbnail","hentry","elementor_library_category-wonen"],"yoast_head":"<!-- This site is optimized with the Yoast SEO Premium plugin v24.7 (Yoast SEO v27.4) - https:\/\/yoast.com\/product\/yoast-seo-premium-wordpress\/ -->\n<title>Dijkkwartier opgenomen in Deltaprogramma 2026 - Den Helder Online<\/title>\n<meta name=\"robots\" content=\"index, follow, max-snippet:-1, max-image-preview:large, max-video-preview:-1\" \/>\n<link rel=\"canonical\" href=\"https:\/\/denhelder.online\/de\/aktuell\/dijkkwartier-ist-im-delta-programm-2026-enthalten\/\" \/>\n<meta property=\"og:locale\" content=\"de_DE\" \/>\n<meta property=\"og:type\" content=\"article\" \/>\n<meta property=\"og:title\" content=\"Dijkkwartier opgenomen in Deltaprogramma 2026\" \/>\n<meta property=\"og:description\" content=\"Een prominente plek in het Deltaprogramma 2026 \u00e9n lof van Deltacommissaris Co Verdaas: het Dijkkwartier laat zien hoe innovatie, samenwerking en toekomstvisie samenkomen op de dijk. Waarom noemt Verdaas het \u201cvooruitdenken\u201d en hoe verandert dit project de kijk op bouwen in Nederland? Lees verder en ontdek hoe Den Helder de toekomst naar zich toetrekt.\" \/>\n<meta property=\"og:url\" content=\"https:\/\/denhelder.online\/de\/aktuell\/dijkkwartier-ist-im-delta-programm-2026-enthalten\/\" \/>\n<meta property=\"og:site_name\" content=\"Den Helder Online\" \/>\n<meta property=\"article:modified_time\" content=\"2026-04-14T13:25:44+00:00\" \/>\n<meta property=\"og:image\" content=\"https:\/\/denhelder.online\/wp-content\/uploads\/2026\/04\/Co-Verdaas-1-2048x1366-1.png\" \/>\n\t<meta property=\"og:image:width\" content=\"2048\" \/>\n\t<meta property=\"og:image:height\" content=\"1366\" \/>\n\t<meta property=\"og:image:type\" content=\"image\/png\" \/>\n<meta name=\"twitter:card\" content=\"summary_large_image\" \/>\n<meta name=\"twitter:label1\" content=\"Gesch\u00e4tzte Lesezeit\" \/>\n\t<meta name=\"twitter:data1\" content=\"2\u00a0Minuten\" \/>\n<script type=\"application\/ld+json\" class=\"yoast-schema-graph\">{\"@context\":\"https:\\\/\\\/schema.org\",\"@graph\":[{\"@type\":\"WebPage\",\"@id\":\"https:\\\/\\\/denhelder.online\\\/actueel\\\/dijkkwartier-opgenomen-in-deltaprogramma-2026\\\/\",\"url\":\"https:\\\/\\\/denhelder.online\\\/actueel\\\/dijkkwartier-opgenomen-in-deltaprogramma-2026\\\/\",\"name\":\"Dijkkwartier opgenomen in Deltaprogramma 2026 - Den Helder Online\",\"isPartOf\":{\"@id\":\"https:\\\/\\\/denhelder.online\\\/#website\"},\"primaryImageOfPage\":{\"@id\":\"https:\\\/\\\/denhelder.online\\\/actueel\\\/dijkkwartier-opgenomen-in-deltaprogramma-2026\\\/#primaryimage\"},\"image\":{\"@id\":\"https:\\\/\\\/denhelder.online\\\/actueel\\\/dijkkwartier-opgenomen-in-deltaprogramma-2026\\\/#primaryimage\"},\"thumbnailUrl\":\"https:\\\/\\\/denhelder.online\\\/wp-content\\\/uploads\\\/2026\\\/04\\\/Co-Verdaas-1-2048x1366-1.png\",\"datePublished\":\"2025-09-23T10:41:20+00:00\",\"dateModified\":\"2026-04-14T13:25:44+00:00\",\"breadcrumb\":{\"@id\":\"https:\\\/\\\/denhelder.online\\\/actueel\\\/dijkkwartier-opgenomen-in-deltaprogramma-2026\\\/#breadcrumb\"},\"inLanguage\":\"de\",\"potentialAction\":[{\"@type\":\"ReadAction\",\"target\":[\"https:\\\/\\\/denhelder.online\\\/actueel\\\/dijkkwartier-opgenomen-in-deltaprogramma-2026\\\/\"]}]},{\"@type\":\"ImageObject\",\"inLanguage\":\"de\",\"@id\":\"https:\\\/\\\/denhelder.online\\\/actueel\\\/dijkkwartier-opgenomen-in-deltaprogramma-2026\\\/#primaryimage\",\"url\":\"https:\\\/\\\/denhelder.online\\\/wp-content\\\/uploads\\\/2026\\\/04\\\/Co-Verdaas-1-2048x1366-1.png\",\"contentUrl\":\"https:\\\/\\\/denhelder.online\\\/wp-content\\\/uploads\\\/2026\\\/04\\\/Co-Verdaas-1-2048x1366-1.png\",\"width\":2048,\"height\":1366},{\"@type\":\"BreadcrumbList\",\"@id\":\"https:\\\/\\\/denhelder.online\\\/actueel\\\/dijkkwartier-opgenomen-in-deltaprogramma-2026\\\/#breadcrumb\",\"itemListElement\":[{\"@type\":\"ListItem\",\"position\":1,\"name\":\"Home\",\"item\":\"https:\\\/\\\/denhelder.online\\\/\"},{\"@type\":\"ListItem\",\"position\":2,\"name\":\"Actueel\",\"item\":\"https:\\\/\\\/denhelder.online\\\/en\\\/current\\\/\"},{\"@type\":\"ListItem\",\"position\":3,\"name\":\"Dijkkwartier opgenomen in Deltaprogramma 2026\"}]},{\"@type\":\"WebSite\",\"@id\":\"https:\\\/\\\/denhelder.online\\\/#website\",\"url\":\"https:\\\/\\\/denhelder.online\\\/\",\"name\":\"Den Helder Online\",\"description\":\"Beleef Den Helder\",\"publisher\":{\"@id\":\"https:\\\/\\\/denhelder.online\\\/#organization\"},\"potentialAction\":[{\"@type\":\"SearchAction\",\"target\":{\"@type\":\"EntryPoint\",\"urlTemplate\":\"https:\\\/\\\/denhelder.online\\\/?s={search_term_string}\"},\"query-input\":{\"@type\":\"PropertyValueSpecification\",\"valueRequired\":true,\"valueName\":\"search_term_string\"}}],\"inLanguage\":\"de\"},{\"@type\":\"Organization\",\"@id\":\"https:\\\/\\\/denhelder.online\\\/#organization\",\"name\":\"Den Helder Online\",\"url\":\"https:\\\/\\\/denhelder.online\\\/\",\"logo\":{\"@type\":\"ImageObject\",\"inLanguage\":\"de\",\"@id\":\"https:\\\/\\\/denhelder.online\\\/#\\\/schema\\\/logo\\\/image\\\/\",\"url\":\"https:\\\/\\\/denhelder.online\\\/wp-content\\\/uploads\\\/2021\\\/12\\\/DitIsDH-Logo-26-tagline.svg\",\"contentUrl\":\"https:\\\/\\\/denhelder.online\\\/wp-content\\\/uploads\\\/2021\\\/12\\\/DitIsDH-Logo-26-tagline.svg\",\"width\":1717.0999999999999,\"height\":934.89999999999998,\"caption\":\"Den Helder Online\"},\"image\":{\"@id\":\"https:\\\/\\\/denhelder.online\\\/#\\\/schema\\\/logo\\\/image\\\/\"}}]}<\/script>\n<!-- \/ Yoast SEO Premium plugin. -->","yoast_head_json":{"title":"Dijkkwartier ist im Delta-Programm 2026 enthalten - Den Helder Online","robots":{"index":"index","follow":"follow","max-snippet":"max-snippet:-1","max-image-preview":"max-image-preview:large","max-video-preview":"max-video-preview:-1"},"canonical":"https:\/\/denhelder.online\/de\/aktuell\/dijkkwartier-ist-im-delta-programm-2026-enthalten\/","og_locale":"de_DE","og_type":"article","og_title":"Dijkkwartier opgenomen in Deltaprogramma 2026","og_description":"Een prominente plek in het Deltaprogramma 2026 \u00e9n lof van Deltacommissaris Co Verdaas: het Dijkkwartier laat zien hoe innovatie, samenwerking en toekomstvisie samenkomen op de dijk. Waarom noemt Verdaas het \u201cvooruitdenken\u201d en hoe verandert dit project de kijk op bouwen in Nederland? Lees verder en ontdek hoe Den Helder de toekomst naar zich toetrekt.","og_url":"https:\/\/denhelder.online\/de\/aktuell\/dijkkwartier-ist-im-delta-programm-2026-enthalten\/","og_site_name":"Den Helder Online","article_modified_time":"2026-04-14T13:25:44+00:00","og_image":[{"width":2048,"height":1366,"url":"https:\/\/denhelder.online\/wp-content\/uploads\/2026\/04\/Co-Verdaas-1-2048x1366-1.png","type":"image\/png"}],"twitter_card":"summary_large_image","twitter_misc":{"Gesch\u00e4tzte Lesezeit":"2\u00a0Minuten"},"schema":{"@context":"https:\/\/schema.org","@graph":[{"@type":"WebPage","@id":"https:\/\/denhelder.online\/actueel\/dijkkwartier-opgenomen-in-deltaprogramma-2026\/","url":"https:\/\/denhelder.online\/actueel\/dijkkwartier-opgenomen-in-deltaprogramma-2026\/","name":"Dijkkwartier ist im Delta-Programm 2026 enthalten - Den Helder Online","isPartOf":{"@id":"https:\/\/denhelder.online\/#website"},"primaryImageOfPage":{"@id":"https:\/\/denhelder.online\/actueel\/dijkkwartier-opgenomen-in-deltaprogramma-2026\/#primaryimage"},"image":{"@id":"https:\/\/denhelder.online\/actueel\/dijkkwartier-opgenomen-in-deltaprogramma-2026\/#primaryimage"},"thumbnailUrl":"https:\/\/denhelder.online\/wp-content\/uploads\/2026\/04\/Co-Verdaas-1-2048x1366-1.png","datePublished":"2025-09-23T10:41:20+00:00","dateModified":"2026-04-14T13:25:44+00:00","breadcrumb":{"@id":"https:\/\/denhelder.online\/actueel\/dijkkwartier-opgenomen-in-deltaprogramma-2026\/#breadcrumb"},"inLanguage":"de","potentialAction":[{"@type":"ReadAction","target":["https:\/\/denhelder.online\/actueel\/dijkkwartier-opgenomen-in-deltaprogramma-2026\/"]}]},{"@type":"ImageObject","inLanguage":"de","@id":"https:\/\/denhelder.online\/actueel\/dijkkwartier-opgenomen-in-deltaprogramma-2026\/#primaryimage","url":"https:\/\/denhelder.online\/wp-content\/uploads\/2026\/04\/Co-Verdaas-1-2048x1366-1.png","contentUrl":"https:\/\/denhelder.online\/wp-content\/uploads\/2026\/04\/Co-Verdaas-1-2048x1366-1.png","width":2048,"height":1366},{"@type":"BreadcrumbList","@id":"https:\/\/denhelder.online\/actueel\/dijkkwartier-opgenomen-in-deltaprogramma-2026\/#breadcrumb","itemListElement":[{"@type":"ListItem","position":1,"name":"Home","item":"https:\/\/denhelder.online\/"},{"@type":"ListItem","position":2,"name":"Actueel","item":"https:\/\/denhelder.online\/en\/current\/"},{"@type":"ListItem","position":3,"name":"Dijkkwartier opgenomen in Deltaprogramma 2026"}]},{"@type":"WebSite","@id":"https:\/\/denhelder.online\/#website","url":"https:\/\/denhelder.online\/","name":"Den Helder Online","description":"Erleben Sie Den Helder","publisher":{"@id":"https:\/\/denhelder.online\/#organization"},"potentialAction":[{"@type":"SearchAction","target":{"@type":"EntryPoint","urlTemplate":"https:\/\/denhelder.online\/?s={search_term_string}"},"query-input":{"@type":"PropertyValueSpecification","valueRequired":true,"valueName":"search_term_string"}}],"inLanguage":"de"},{"@type":"Organization","@id":"https:\/\/denhelder.online\/#organization","name":"Den Helder Online","url":"https:\/\/denhelder.online\/","logo":{"@type":"ImageObject","inLanguage":"de","@id":"https:\/\/denhelder.online\/#\/schema\/logo\/image\/","url":"https:\/\/denhelder.online\/wp-content\/uploads\/2021\/12\/DitIsDH-Logo-26-tagline.svg","contentUrl":"https:\/\/denhelder.online\/wp-content\/uploads\/2021\/12\/DitIsDH-Logo-26-tagline.svg","width":1717.0999999999999,"height":934.89999999999998,"caption":"Den Helder Online"},"image":{"@id":"https:\/\/denhelder.online\/#\/schema\/logo\/image\/"}}]}},"_links":{"self":[{"href":"https:\/\/denhelder.online\/de\/wp-json\/wp\/v2\/actueel\/23323","targetHints":{"allow":["GET"]}}],"collection":[{"href":"https:\/\/denhelder.online\/de\/wp-json\/wp\/v2\/actueel"}],"about":[{"href":"https:\/\/denhelder.online\/de\/wp-json\/wp\/v2\/types\/actueel"}],"author":[{"embeddable":true,"href":"https:\/\/denhelder.online\/de\/wp-json\/wp\/v2\/users\/4"}],"wp:featuredmedia":[{"embeddable":true,"href":"https:\/\/denhelder.online\/de\/wp-json\/wp\/v2\/media\/23324"}],"wp:attachment":[{"href":"https:\/\/denhelder.online\/de\/wp-json\/wp\/v2\/media?parent=23323"}],"wp:term":[{"taxonomy":"doelgroep","embeddable":true,"href":"https:\/\/denhelder.online\/de\/wp-json\/wp\/v2\/doelgroep?post=23323"}],"curies":[{"name":"wp","href":"https:\/\/api.w.org\/{rel}","templated":true}]}}