{"id":23329,"date":"2025-11-25T16:25:41","date_gmt":"2025-11-25T15:25:41","guid":{"rendered":"https:\/\/denhelder.online\/?post_type=actueel&#038;p=23329"},"modified":"2026-04-14T15:30:06","modified_gmt":"2026-04-14T13:30:06","slug":"gute-beteiligung-beim-informationsabend-im-dijkkwartier","status":"publish","type":"actueel","link":"https:\/\/denhelder.online\/de\/actueel\/mooie-opkomst-informatiebijeenkomst-dijkkwartier\/","title":{"rendered":"Gute Beteiligung beim Informationsabend im Dijkkwartier"},"content":{"rendered":"<p>Am 4. November veranstaltete Zeestad gemeinsam mit der Gemeinde, dem Wasserwerk und der Wohnungsbaustiftung Den Helder eine Informationsveranstaltung. Die Besucher zeigten erneut gro\u00dfes Interesse am Projektfortschritt. Dar\u00fcber wird heute ausf\u00fchrlich im Courant Helderse berichtet.<\/p>\n<p>In gut besuchten Pr\u00e4sentationen des Wasserverbands wurde anschaulich erl\u00e4utert, wie die Deichverst\u00e4rkung \u2013 ein Teil des Projekts \u2013 aussehen wird. Dies wurde von den Anwesenden begr\u00fc\u00dft.<\/p>\n<p>Die Besucher konnten eine exklusive Vorschau genie\u00dfen: Der Entwurf des ersten Wohngeb\u00e4udes wurde von Architekt Happel Cornelisse Verhoeven vorgestellt. Damit setzt die Wohnungsbaustiftung Den Helder ihre hohe architektonische Tradition fort. Der Baubeginn ist f\u00fcr sp\u00e4testens Anfang 2027 geplant. Da das Geb\u00e4ude nicht auf dem Deich errichtet wird, ist keine Deichverst\u00e4rkung erforderlich.<\/p>\n<p>In den kommenden Jahren werden im Dijkkwartier neben Mietwohnungen auch zahlreiche Eigentumswohnungen und -h\u00e4user in verschiedenen Preiskategorien entstehen. Diese werden ebenfalls von anderen Bautr\u00e4gern errichtet.<\/p>","protected":false},"excerpt":{"rendered":"<p>Een primeur op dinsdag 4 november &#8217;25: presentatie eerste woongebouw door architect Happel Cornelis Verhoeven. En hoogheemraadschap legde goed uit hoe de dijkverzwaring &#8211; onderdeel van het project &#8211; eruit gaat zien.<\/p>","protected":false},"author":4,"featured_media":23178,"template":"","doelgroep":[],"class_list":["post-23329","actueel","type-actueel","status-publish","has-post-thumbnail","hentry","elementor_library_category-bewonersinformatie","elementor_library_category-wonen"],"yoast_head":"<!-- This site is optimized with the Yoast SEO Premium plugin v24.7 (Yoast SEO v27.4) - https:\/\/yoast.com\/product\/yoast-seo-premium-wordpress\/ -->\n<title>Mooie opkomst informatiebijeenkomst Dijkkwartier - Den Helder Online<\/title>\n<meta name=\"robots\" content=\"index, follow, max-snippet:-1, max-image-preview:large, max-video-preview:-1\" \/>\n<link rel=\"canonical\" href=\"https:\/\/denhelder.online\/de\/aktuell\/gute-beteiligung-beim-informationsabend-im-dijkkwartier\/\" \/>\n<meta property=\"og:locale\" content=\"de_DE\" \/>\n<meta property=\"og:type\" content=\"article\" \/>\n<meta property=\"og:title\" content=\"Mooie opkomst informatiebijeenkomst Dijkkwartier\" \/>\n<meta property=\"og:description\" content=\"Een primeur op dinsdag 4 november &#039;25: presentatie eerste woongebouw door architect Happel Cornelis Verhoeven. En hoogheemraadschap legde goed uit hoe de dijkverzwaring - onderdeel van het project - eruit gaat zien.\" \/>\n<meta property=\"og:url\" content=\"https:\/\/denhelder.online\/de\/aktuell\/gute-beteiligung-beim-informationsabend-im-dijkkwartier\/\" \/>\n<meta property=\"og:site_name\" content=\"Den Helder Online\" \/>\n<meta property=\"article:modified_time\" content=\"2026-04-14T13:30:06+00:00\" \/>\n<meta property=\"og:image\" content=\"https:\/\/denhelder.online\/wp-content\/uploads\/2024\/07\/6.jpg\" \/>\n\t<meta property=\"og:image:width\" content=\"2048\" \/>\n\t<meta property=\"og:image:height\" content=\"1536\" \/>\n\t<meta property=\"og:image:type\" content=\"image\/jpeg\" \/>\n<meta name=\"twitter:card\" content=\"summary_large_image\" \/>\n<meta name=\"twitter:label1\" content=\"Gesch\u00e4tzte Lesezeit\" \/>\n\t<meta name=\"twitter:data1\" content=\"1\u00a0Minute\" \/>\n<script type=\"application\/ld+json\" class=\"yoast-schema-graph\">{\"@context\":\"https:\\\/\\\/schema.org\",\"@graph\":[{\"@type\":\"WebPage\",\"@id\":\"https:\\\/\\\/denhelder.online\\\/actueel\\\/mooie-opkomst-informatiebijeenkomst-dijkkwartier\\\/\",\"url\":\"https:\\\/\\\/denhelder.online\\\/actueel\\\/mooie-opkomst-informatiebijeenkomst-dijkkwartier\\\/\",\"name\":\"Mooie opkomst informatiebijeenkomst Dijkkwartier - Den Helder Online\",\"isPartOf\":{\"@id\":\"https:\\\/\\\/denhelder.online\\\/#website\"},\"primaryImageOfPage\":{\"@id\":\"https:\\\/\\\/denhelder.online\\\/actueel\\\/mooie-opkomst-informatiebijeenkomst-dijkkwartier\\\/#primaryimage\"},\"image\":{\"@id\":\"https:\\\/\\\/denhelder.online\\\/actueel\\\/mooie-opkomst-informatiebijeenkomst-dijkkwartier\\\/#primaryimage\"},\"thumbnailUrl\":\"https:\\\/\\\/denhelder.online\\\/wp-content\\\/uploads\\\/2024\\\/07\\\/6.jpg\",\"datePublished\":\"2025-11-25T15:25:41+00:00\",\"dateModified\":\"2026-04-14T13:30:06+00:00\",\"breadcrumb\":{\"@id\":\"https:\\\/\\\/denhelder.online\\\/actueel\\\/mooie-opkomst-informatiebijeenkomst-dijkkwartier\\\/#breadcrumb\"},\"inLanguage\":\"de\",\"potentialAction\":[{\"@type\":\"ReadAction\",\"target\":[\"https:\\\/\\\/denhelder.online\\\/actueel\\\/mooie-opkomst-informatiebijeenkomst-dijkkwartier\\\/\"]}]},{\"@type\":\"ImageObject\",\"inLanguage\":\"de\",\"@id\":\"https:\\\/\\\/denhelder.online\\\/actueel\\\/mooie-opkomst-informatiebijeenkomst-dijkkwartier\\\/#primaryimage\",\"url\":\"https:\\\/\\\/denhelder.online\\\/wp-content\\\/uploads\\\/2024\\\/07\\\/6.jpg\",\"contentUrl\":\"https:\\\/\\\/denhelder.online\\\/wp-content\\\/uploads\\\/2024\\\/07\\\/6.jpg\",\"width\":2048,\"height\":1536},{\"@type\":\"BreadcrumbList\",\"@id\":\"https:\\\/\\\/denhelder.online\\\/actueel\\\/mooie-opkomst-informatiebijeenkomst-dijkkwartier\\\/#breadcrumb\",\"itemListElement\":[{\"@type\":\"ListItem\",\"position\":1,\"name\":\"Home\",\"item\":\"https:\\\/\\\/denhelder.online\\\/\"},{\"@type\":\"ListItem\",\"position\":2,\"name\":\"Actueel\",\"item\":\"https:\\\/\\\/denhelder.online\\\/en\\\/current\\\/\"},{\"@type\":\"ListItem\",\"position\":3,\"name\":\"Mooie opkomst informatiebijeenkomst Dijkkwartier\"}]},{\"@type\":\"WebSite\",\"@id\":\"https:\\\/\\\/denhelder.online\\\/#website\",\"url\":\"https:\\\/\\\/denhelder.online\\\/\",\"name\":\"Den Helder Online\",\"description\":\"Beleef Den Helder\",\"publisher\":{\"@id\":\"https:\\\/\\\/denhelder.online\\\/#organization\"},\"potentialAction\":[{\"@type\":\"SearchAction\",\"target\":{\"@type\":\"EntryPoint\",\"urlTemplate\":\"https:\\\/\\\/denhelder.online\\\/?s={search_term_string}\"},\"query-input\":{\"@type\":\"PropertyValueSpecification\",\"valueRequired\":true,\"valueName\":\"search_term_string\"}}],\"inLanguage\":\"de\"},{\"@type\":\"Organization\",\"@id\":\"https:\\\/\\\/denhelder.online\\\/#organization\",\"name\":\"Den Helder Online\",\"url\":\"https:\\\/\\\/denhelder.online\\\/\",\"logo\":{\"@type\":\"ImageObject\",\"inLanguage\":\"de\",\"@id\":\"https:\\\/\\\/denhelder.online\\\/#\\\/schema\\\/logo\\\/image\\\/\",\"url\":\"https:\\\/\\\/denhelder.online\\\/wp-content\\\/uploads\\\/2021\\\/12\\\/DitIsDH-Logo-26-tagline.svg\",\"contentUrl\":\"https:\\\/\\\/denhelder.online\\\/wp-content\\\/uploads\\\/2021\\\/12\\\/DitIsDH-Logo-26-tagline.svg\",\"width\":1717.0999999999999,\"height\":934.89999999999998,\"caption\":\"Den Helder Online\"},\"image\":{\"@id\":\"https:\\\/\\\/denhelder.online\\\/#\\\/schema\\\/logo\\\/image\\\/\"}}]}<\/script>\n<!-- \/ Yoast SEO Premium plugin. -->","yoast_head_json":{"title":"Gute Beteiligung beim Informationsabend im Dijkkwartier - Den Helder Online","robots":{"index":"index","follow":"follow","max-snippet":"max-snippet:-1","max-image-preview":"max-image-preview:large","max-video-preview":"max-video-preview:-1"},"canonical":"https:\/\/denhelder.online\/de\/aktuell\/gute-beteiligung-beim-informationsabend-im-dijkkwartier\/","og_locale":"de_DE","og_type":"article","og_title":"Mooie opkomst informatiebijeenkomst Dijkkwartier","og_description":"Een primeur op dinsdag 4 november '25: presentatie eerste woongebouw door architect Happel Cornelis Verhoeven. En hoogheemraadschap legde goed uit hoe de dijkverzwaring - onderdeel van het project - eruit gaat zien.","og_url":"https:\/\/denhelder.online\/de\/aktuell\/gute-beteiligung-beim-informationsabend-im-dijkkwartier\/","og_site_name":"Den Helder Online","article_modified_time":"2026-04-14T13:30:06+00:00","og_image":[{"width":2048,"height":1536,"url":"https:\/\/denhelder.online\/wp-content\/uploads\/2024\/07\/6.jpg","type":"image\/jpeg"}],"twitter_card":"summary_large_image","twitter_misc":{"Gesch\u00e4tzte Lesezeit":"1\u00a0Minute"},"schema":{"@context":"https:\/\/schema.org","@graph":[{"@type":"WebPage","@id":"https:\/\/denhelder.online\/actueel\/mooie-opkomst-informatiebijeenkomst-dijkkwartier\/","url":"https:\/\/denhelder.online\/actueel\/mooie-opkomst-informatiebijeenkomst-dijkkwartier\/","name":"Gute Beteiligung beim Informationsabend im Dijkkwartier - Den Helder Online","isPartOf":{"@id":"https:\/\/denhelder.online\/#website"},"primaryImageOfPage":{"@id":"https:\/\/denhelder.online\/actueel\/mooie-opkomst-informatiebijeenkomst-dijkkwartier\/#primaryimage"},"image":{"@id":"https:\/\/denhelder.online\/actueel\/mooie-opkomst-informatiebijeenkomst-dijkkwartier\/#primaryimage"},"thumbnailUrl":"https:\/\/denhelder.online\/wp-content\/uploads\/2024\/07\/6.jpg","datePublished":"2025-11-25T15:25:41+00:00","dateModified":"2026-04-14T13:30:06+00:00","breadcrumb":{"@id":"https:\/\/denhelder.online\/actueel\/mooie-opkomst-informatiebijeenkomst-dijkkwartier\/#breadcrumb"},"inLanguage":"de","potentialAction":[{"@type":"ReadAction","target":["https:\/\/denhelder.online\/actueel\/mooie-opkomst-informatiebijeenkomst-dijkkwartier\/"]}]},{"@type":"ImageObject","inLanguage":"de","@id":"https:\/\/denhelder.online\/actueel\/mooie-opkomst-informatiebijeenkomst-dijkkwartier\/#primaryimage","url":"https:\/\/denhelder.online\/wp-content\/uploads\/2024\/07\/6.jpg","contentUrl":"https:\/\/denhelder.online\/wp-content\/uploads\/2024\/07\/6.jpg","width":2048,"height":1536},{"@type":"BreadcrumbList","@id":"https:\/\/denhelder.online\/actueel\/mooie-opkomst-informatiebijeenkomst-dijkkwartier\/#breadcrumb","itemListElement":[{"@type":"ListItem","position":1,"name":"Home","item":"https:\/\/denhelder.online\/"},{"@type":"ListItem","position":2,"name":"Actueel","item":"https:\/\/denhelder.online\/en\/current\/"},{"@type":"ListItem","position":3,"name":"Mooie opkomst informatiebijeenkomst Dijkkwartier"}]},{"@type":"WebSite","@id":"https:\/\/denhelder.online\/#website","url":"https:\/\/denhelder.online\/","name":"Den Helder Online","description":"Erleben Sie Den Helder","publisher":{"@id":"https:\/\/denhelder.online\/#organization"},"potentialAction":[{"@type":"SearchAction","target":{"@type":"EntryPoint","urlTemplate":"https:\/\/denhelder.online\/?s={search_term_string}"},"query-input":{"@type":"PropertyValueSpecification","valueRequired":true,"valueName":"search_term_string"}}],"inLanguage":"de"},{"@type":"Organization","@id":"https:\/\/denhelder.online\/#organization","name":"Den Helder Online","url":"https:\/\/denhelder.online\/","logo":{"@type":"ImageObject","inLanguage":"de","@id":"https:\/\/denhelder.online\/#\/schema\/logo\/image\/","url":"https:\/\/denhelder.online\/wp-content\/uploads\/2021\/12\/DitIsDH-Logo-26-tagline.svg","contentUrl":"https:\/\/denhelder.online\/wp-content\/uploads\/2021\/12\/DitIsDH-Logo-26-tagline.svg","width":1717.0999999999999,"height":934.89999999999998,"caption":"Den Helder Online"},"image":{"@id":"https:\/\/denhelder.online\/#\/schema\/logo\/image\/"}}]}},"_links":{"self":[{"href":"https:\/\/denhelder.online\/de\/wp-json\/wp\/v2\/actueel\/23329","targetHints":{"allow":["GET"]}}],"collection":[{"href":"https:\/\/denhelder.online\/de\/wp-json\/wp\/v2\/actueel"}],"about":[{"href":"https:\/\/denhelder.online\/de\/wp-json\/wp\/v2\/types\/actueel"}],"author":[{"embeddable":true,"href":"https:\/\/denhelder.online\/de\/wp-json\/wp\/v2\/users\/4"}],"wp:featuredmedia":[{"embeddable":true,"href":"https:\/\/denhelder.online\/de\/wp-json\/wp\/v2\/media\/23178"}],"wp:attachment":[{"href":"https:\/\/denhelder.online\/de\/wp-json\/wp\/v2\/media?parent=23329"}],"wp:term":[{"taxonomy":"doelgroep","embeddable":true,"href":"https:\/\/denhelder.online\/de\/wp-json\/wp\/v2\/doelgroep?post=23329"}],"curies":[{"name":"wp","href":"https:\/\/api.w.org\/{rel}","templated":true}]}}