{"id":25899,"date":"2026-09-01T16:47:14","date_gmt":"2026-09-01T14:47:14","guid":{"rendered":"https:\/\/denhelder.online\/?post_type=actueel&#038;p=25899"},"modified":"2026-09-01T21:24:53","modified_gmt":"2026-09-01T19:24:53","slug":"geen-rondje-mariendal-is-hetzelfde","status":"publish","type":"actueel","link":"https:\/\/denhelder.online\/de\/actueel\/geen-rondje-mariendal-is-hetzelfde\/","title":{"rendered":"Geen rondje Mari\u00ebndal is hetzelfde"},"content":{"rendered":"\t\t<div data-elementor-type=\"wp-post\" data-elementor-id=\"25899\" class=\"elementor elementor-25899\" data-elementor-post-type=\"actueel\">\n\t\t\t\t<div class=\"elementor-element elementor-element-17b5622b e-flex e-con-boxed e-con e-parent\" data-id=\"17b5622b\" data-element_type=\"container\" data-e-type=\"container\" data-settings=\"{&quot;jet_parallax_layout_list&quot;:[]}\">\n\t\t\t\t\t<div class=\"e-con-inner\">\n\t\t<div class=\"elementor-element elementor-element-9c9d8a e-con-full e-flex e-con e-child\" data-id=\"9c9d8a\" data-element_type=\"container\" data-e-type=\"container\" data-settings=\"{&quot;jet_parallax_layout_list&quot;:[]}\">\n\t\t<div class=\"elementor-element elementor-element-23d4ca3e e-con-full e-flex e-con e-child\" data-id=\"23d4ca3e\" data-element_type=\"container\" data-e-type=\"container\" data-settings=\"{&quot;jet_parallax_layout_list&quot;:[]}\">\n\t\t\t\t<div class=\"elementor-element elementor-element-3d04853f elementor-widget elementor-widget-image\" data-id=\"3d04853f\" data-element_type=\"widget\" data-e-type=\"widget\" data-widget_type=\"image.default\">\n\t\t\t\t<div class=\"elementor-widget-container\">\n\t\t\t\t\t\t\t\t\t\t\t\t\t\t\t<img fetchpriority=\"high\" decoding=\"async\" width=\"1800\" height=\"1200\" src=\"https:\/\/denhelder.online\/wp-content\/uploads\/2026\/09\/09-2026-Mariendal-Stephan-Wegman-7-2048x1365.jpg\" class=\"attachment-2048x2048 size-2048x2048 wp-image-25901\" alt=\"Walter speurt door zijn verrekijker door de natuur. De koeien staan op de achtergrond\" srcset=\"https:\/\/denhelder.online\/wp-content\/uploads\/2026\/09\/09-2026-Mariendal-Stephan-Wegman-7-scaled.jpg 1800w, https:\/\/denhelder.online\/wp-content\/uploads\/2026\/09\/09-2026-Mariendal-Stephan-Wegman-7-300x200.jpg 300w, https:\/\/denhelder.online\/wp-content\/uploads\/2026\/09\/09-2026-Mariendal-Stephan-Wegman-7-1024x683.jpg 1024w, https:\/\/denhelder.online\/wp-content\/uploads\/2026\/09\/09-2026-Mariendal-Stephan-Wegman-7-768x512.jpg 768w, https:\/\/denhelder.online\/wp-content\/uploads\/2026\/09\/09-2026-Mariendal-Stephan-Wegman-7-1536x1024.jpg 1536w, https:\/\/denhelder.online\/wp-content\/uploads\/2026\/09\/09-2026-Mariendal-Stephan-Wegman-7-18x12.jpg 18w, https:\/\/denhelder.online\/wp-content\/uploads\/2026\/09\/09-2026-Mariendal-Stephan-Wegman-7-600x400.jpg 600w\" sizes=\"(max-width: 1800px) 100vw, 1800px\" \/>\t\t\t\t\t\t\t\t\t\t\t\t\t\t\t<\/div>\n\t\t\t\t<\/div>\n\t\t\t\t<div class=\"elementor-element elementor-element-53448585 elementor-widget__width-inherit elementor-absolute elementor-widget elementor-widget-heading\" data-id=\"53448585\" data-element_type=\"widget\" data-e-type=\"widget\" data-settings=\"{&quot;_position&quot;:&quot;absolute&quot;}\" data-widget_type=\"heading.default\">\n\t\t\t\t<div class=\"elementor-widget-container\">\n\t\t\t\t\t<h1 class=\"elementor-heading-title elementor-size-default\">Geen rondje Mari\u00ebndal is hetzelfde<\/h1>\t\t\t\t<\/div>\n\t\t\t\t<\/div>\n\t\t\t\t<\/div>\n\t\t<div class=\"elementor-element elementor-element-234515e4 e-con-full e-flex e-con e-child\" data-id=\"234515e4\" data-element_type=\"container\" data-e-type=\"container\" data-settings=\"{&quot;jet_parallax_layout_list&quot;:[]}\">\n\t\t\t\t<div class=\"elementor-element elementor-element-36e9b8e8 elementor-widget elementor-widget-breadcrumbs\" data-id=\"36e9b8e8\" data-element_type=\"widget\" data-e-type=\"widget\" data-widget_type=\"breadcrumbs.default\">\n\t\t\t\t<div class=\"elementor-widget-container\">\n\t\t\t\t\t<p id=\"breadcrumbs\"><span><span><a href=\"https:\/\/denhelder.online\/\">Home<\/a><\/span><\/span><\/p>\t\t\t\t<\/div>\n\t\t\t\t<\/div>\n\t\t<div class=\"elementor-element elementor-element-13c72b85 e-con-full e-flex e-con e-child\" data-id=\"13c72b85\" data-element_type=\"container\" data-e-type=\"container\" data-settings=\"{&quot;jet_parallax_layout_list&quot;:[]}\">\n\t\t\t\t<div class=\"elementor-element elementor-element-3a7cfaab elementor-widget elementor-widget-heading\" data-id=\"3a7cfaab\" data-element_type=\"widget\" data-e-type=\"widget\" data-widget_type=\"heading.default\">\n\t\t\t\t<div class=\"elementor-widget-container\">\n\t\t\t\t\t<p class=\"elementor-heading-title elementor-size-default\">Volg ons op social:<\/p>\t\t\t\t<\/div>\n\t\t\t\t<\/div>\n\t\t\t\t<div class=\"elementor-element elementor-element-79e8b67d elementor-icon-list--layout-inline elementor-align-end elementor-list-item-link-full_width elementor-widget elementor-widget-global elementor-global-1176 elementor-widget-icon-list\" data-id=\"79e8b67d\" data-element_type=\"widget\" data-e-type=\"widget\" data-widget_type=\"icon-list.default\">\n\t\t\t\t<div class=\"elementor-widget-container\">\n\t\t\t\t\t\t\t<ul class=\"elementor-icon-list-items elementor-inline-items\">\n\t\t\t\t\t\t\t<li class=\"elementor-icon-list-item elementor-inline-item\">\n\t\t\t\t\t\t\t\t\t\t\t<a href=\"https:\/\/www.facebook.com\/ditisdenhelder\" target=\"_blank\">\n\n\t\t\t\t\t\t\t\t\t\t\t\t<span class=\"elementor-icon-list-icon\">\n\t\t\t\t\t\t\t<i aria-hidden=\"true\" class=\"fab fa-facebook\"><\/i>\t\t\t\t\t\t<\/span>\n\t\t\t\t\t\t\t\t\t\t<span class=\"elementor-icon-list-text\"><\/span>\n\t\t\t\t\t\t\t\t\t\t\t<\/a>\n\t\t\t\t\t\t\t\t\t<\/li>\n\t\t\t\t\t\t\t\t<li class=\"elementor-icon-list-item elementor-inline-item\">\n\t\t\t\t\t\t\t\t\t\t\t<a href=\"https:\/\/www.instagram.com\/ditisdenhelder\/\" target=\"_blank\">\n\n\t\t\t\t\t\t\t\t\t\t\t\t<span class=\"elementor-icon-list-icon\">\n\t\t\t\t\t\t\t<i aria-hidden=\"true\" class=\"fab fa-instagram\"><\/i>\t\t\t\t\t\t<\/span>\n\t\t\t\t\t\t\t\t\t\t<span class=\"elementor-icon-list-text\"><\/span>\n\t\t\t\t\t\t\t\t\t\t\t<\/a>\n\t\t\t\t\t\t\t\t\t<\/li>\n\t\t\t\t\t\t\t\t<li class=\"elementor-icon-list-item elementor-inline-item\">\n\t\t\t\t\t\t\t\t\t\t\t<a href=\"https:\/\/www.youtube.com\/channel\/UCxXdcocRQwb3lDwiYBp3llg\" target=\"_blank\">\n\n\t\t\t\t\t\t\t\t\t\t\t\t<span class=\"elementor-icon-list-icon\">\n\t\t\t\t\t\t\t<i aria-hidden=\"true\" class=\"fab fa-youtube\"><\/i>\t\t\t\t\t\t<\/span>\n\t\t\t\t\t\t\t\t\t\t<span class=\"elementor-icon-list-text\"><\/span>\n\t\t\t\t\t\t\t\t\t\t\t<\/a>\n\t\t\t\t\t\t\t\t\t<\/li>\n\t\t\t\t\t\t\t\t<li class=\"elementor-icon-list-item elementor-inline-item\">\n\t\t\t\t\t\t\t\t\t\t\t<a href=\"https:\/\/www.linkedin.com\/company\/citymarketing-den-helder\" target=\"_blank\">\n\n\t\t\t\t\t\t\t\t\t\t\t\t<span class=\"elementor-icon-list-icon\">\n\t\t\t\t\t\t\t<i aria-hidden=\"true\" class=\"fab fa-linkedin-in\"><\/i>\t\t\t\t\t\t<\/span>\n\t\t\t\t\t\t\t\t\t\t<span class=\"elementor-icon-list-text\"><\/span>\n\t\t\t\t\t\t\t\t\t\t\t<\/a>\n\t\t\t\t\t\t\t\t\t<\/li>\n\t\t\t\t\t\t<\/ul>\n\t\t\t\t\t\t<\/div>\n\t\t\t\t<\/div>\n\t\t\t\t<\/div>\n\t\t\t\t<\/div>\n\t\t\t\t<\/div>\n\t\t\t\t\t<\/div>\n\t\t\t\t<\/div>\n\t\t<div class=\"elementor-element elementor-element-1c49634a e-flex e-con-boxed e-con e-parent\" data-id=\"1c49634a\" data-element_type=\"container\" data-e-type=\"container\" data-settings=\"{&quot;jet_parallax_layout_list&quot;:[]}\">\n\t\t\t\t\t<div class=\"e-con-inner\">\n\t\t<div class=\"elementor-element elementor-element-305bce7c e-con-full e-flex e-con e-child\" data-id=\"305bce7c\" data-element_type=\"container\" data-e-type=\"container\" data-settings=\"{&quot;jet_parallax_layout_list&quot;:[]}\">\n\t\t\t\t<div class=\"elementor-element elementor-element-76efd14d elementor-widget__width-inherit elementor-widget elementor-widget-heading\" data-id=\"76efd14d\" data-element_type=\"widget\" data-e-type=\"widget\" data-widget_type=\"heading.default\">\n\t\t\t\t<div class=\"elementor-widget-container\">\n\t\t\t\t\t<span class=\"elementor-heading-title elementor-size-default\">een van de verrassendste plekken om zelf op pad te gaan.<\/span>\t\t\t\t<\/div>\n\t\t\t\t<\/div>\n\t\t\t\t<div class=\"elementor-element elementor-element-73dfdd60 elementor-widget__width-inherit elementor-widget elementor-widget-heading\" data-id=\"73dfdd60\" data-element_type=\"widget\" data-e-type=\"widget\" data-widget_type=\"heading.default\">\n\t\t\t\t<div class=\"elementor-widget-container\">\n\t\t\t\t\t<h2 class=\"elementor-heading-title elementor-size-default\">Walter Das laat natuurgebied Mari\u00ebndal in Den Helder zien<\/h2>\t\t\t\t<\/div>\n\t\t\t\t<\/div>\n\t\t\t\t<div class=\"elementor-element elementor-element-64b04f1d elementor-widget elementor-widget-text-editor\" data-id=\"64b04f1d\" data-element_type=\"widget\" data-e-type=\"widget\" data-widget_type=\"text-editor.default\">\n\t\t\t\t<div class=\"elementor-widget-container\">\n\t\t\t\t\t\t\t\t\t<p>\u201cHet zit hier vol met vogels.\u201d<\/p><p>Met het blote oog lijkt Mari\u00ebndal vooral een grote open vlakte van gras, zand en water. Walter Das ziet iets anders. Beweging langs de waterkant, vogels tussen het gras en soorten die hier tijdelijk neerstrijken.<\/p><p>En ondertussen is het opvallend stil.<\/p><p>\u201cIk kom hier heel vaak en zie eigenlijk bijna nooit iemand.\u201d<\/p><p>Best bijzonder. Want natuurgebied Mari\u00ebndal in Den Helder ligt vlak bij Donkere Duinen, aan de voet van de duinen en dicht tegen de bollenvelden aan. Bos, duin en open natuur liggen hier bijna tegen elkaar. Bovendien mag je in een groot deel van Mari\u00ebndal gewoon vrij rondlopen.<\/p>\t\t\t\t\t\t\t\t<\/div>\n\t\t\t\t<\/div>\n\t\t\t\t<\/div>\n\t\t\t\t\t<\/div>\n\t\t\t\t<\/div>\n\t\t<div class=\"elementor-element elementor-element-48414da8 e-flex e-con-boxed e-con e-parent\" data-id=\"48414da8\" data-element_type=\"container\" data-e-type=\"container\" data-settings=\"{&quot;jet_parallax_layout_list&quot;:[]}\">\n\t\t\t\t\t<div class=\"e-con-inner\">\n\t\t<div class=\"elementor-element elementor-element-7c911910 e-con-full e-flex e-con e-child\" data-id=\"7c911910\" data-element_type=\"container\" data-e-type=\"container\" data-settings=\"{&quot;jet_parallax_layout_list&quot;:[]}\">\n\t\t\t\t<div class=\"elementor-element elementor-element-32e9cd5 elementor-widget__width-inherit elementor-widget elementor-widget-heading\" data-id=\"32e9cd5\" data-element_type=\"widget\" data-e-type=\"widget\" data-widget_type=\"heading.default\">\n\t\t\t\t<div class=\"elementor-widget-container\">\n\t\t\t\t\t<span class=\"elementor-heading-title elementor-size-default\">Geen vaste route door het landschap<\/span>\t\t\t\t<\/div>\n\t\t\t\t<\/div>\n\t\t\t\t<div class=\"elementor-element elementor-element-4359ab5b elementor-widget__width-inherit elementor-widget elementor-widget-heading\" data-id=\"4359ab5b\" data-element_type=\"widget\" data-e-type=\"widget\" data-widget_type=\"heading.default\">\n\t\t\t\t<div class=\"elementor-widget-container\">\n\t\t\t\t\t<h2 class=\"elementor-heading-title elementor-size-default\">Zelf je weg zoeken<\/h2>\t\t\t\t<\/div>\n\t\t\t\t<\/div>\n\t\t\t\t<div class=\"elementor-element elementor-element-156b37c3 elementor-widget elementor-widget-text-editor\" data-id=\"156b37c3\" data-element_type=\"widget\" data-e-type=\"widget\" data-widget_type=\"text-editor.default\">\n\t\t\t\t<div class=\"elementor-widget-container\">\n\t\t\t\t\t\t\t\t\t<p>Vrij rondlopen betekent ook: zelf een beetje uitvinden waar je langs kunt.\u00a0<\/p><p>Een stuk grasland dat er van een afstand prima begaanbaar uitziet, blijkt ineens behoorlijk drassig. Verderop staat nog meer water. Dan zit er niets anders op dan een stukje terug te gaan en een drogere route te zoeken.<\/p><p>\u201cNormaal staat dit allemaal onder water\u201d, vertelt Walter.<\/p><p>Het is begin september en na een droge periode zijn stukken land vrijgevallen die normaal nat zijn. Vogels reageren daar direct op.<\/p><p>Een week eerder zag Walter hier zelfs drie morinelplevieren, een zeldzame verschijning in Nederland. Ook steenlopers, die in Den Helder vooral bekend zijn van de dijk, lopen nu ineens over de drooggevallen bodem.<\/p><p>Wat vandaag interessant is voor de ene soort, kan een paar weken later alweer verdwenen zijn.<\/p>\t\t\t\t\t\t\t\t<\/div>\n\t\t\t\t<\/div>\n\t\t\t\t<\/div>\n\t\t<div class=\"elementor-element elementor-element-3c0efcd6 e-con-full e-flex e-con e-child\" data-id=\"3c0efcd6\" data-element_type=\"container\" data-e-type=\"container\" data-settings=\"{&quot;jet_parallax_layout_list&quot;:[]}\">\n\t\t\t\t<div class=\"elementor-element elementor-element-6fc379db elementor-widget elementor-widget-image\" data-id=\"6fc379db\" data-element_type=\"widget\" data-e-type=\"widget\" data-widget_type=\"image.default\">\n\t\t\t\t<div class=\"elementor-widget-container\">\n\t\t\t\t\t\t\t\t\t\t\t\t<figure class=\"wp-caption\">\n\t\t\t\t\t\t\t\t\t\t<img decoding=\"async\" width=\"800\" height=\"559\" src=\"https:\/\/denhelder.online\/wp-content\/uploads\/2026\/09\/Morinelplevier-1024x716.jpg\" class=\"attachment-large size-large wp-image-25920\" alt=\"Zeldzame Morineplevier in Mariendal\" srcset=\"https:\/\/denhelder.online\/wp-content\/uploads\/2026\/09\/Morinelplevier-1024x716.jpg 1024w, https:\/\/denhelder.online\/wp-content\/uploads\/2026\/09\/Morinelplevier-300x210.jpg 300w, https:\/\/denhelder.online\/wp-content\/uploads\/2026\/09\/Morinelplevier-768x537.jpg 768w, https:\/\/denhelder.online\/wp-content\/uploads\/2026\/09\/Morinelplevier-1536x1074.jpg 1536w, https:\/\/denhelder.online\/wp-content\/uploads\/2026\/09\/Morinelplevier-scaled.jpg 1717w, https:\/\/denhelder.online\/wp-content\/uploads\/2026\/09\/Morinelplevier-18x12.jpg 18w, https:\/\/denhelder.online\/wp-content\/uploads\/2026\/09\/Morinelplevier-600x419.jpg 600w\" sizes=\"(max-width: 800px) 100vw, 800px\" \/>\t\t\t\t\t\t\t\t\t\t\t<figcaption class=\"widget-image-caption wp-caption-text\">Morinelplevier; Foto: Walter Das<\/figcaption>\n\t\t\t\t\t\t\t\t\t\t<\/figure>\n\t\t\t\t\t\t\t\t\t<\/div>\n\t\t\t\t<\/div>\n\t\t\t\t<\/div>\n\t\t\t\t\t<\/div>\n\t\t\t\t<\/div>\n\t\t<div class=\"elementor-element elementor-element-1b4b6007 e-flex e-con-boxed e-con e-parent\" data-id=\"1b4b6007\" data-element_type=\"container\" data-e-type=\"container\" data-settings=\"{&quot;jet_parallax_layout_list&quot;:[]}\">\n\t\t\t\t\t<div class=\"e-con-inner\">\n\t\t<div class=\"elementor-element elementor-element-3ce8f1c3 e-con-full e-flex e-con e-child\" data-id=\"3ce8f1c3\" data-element_type=\"container\" data-e-type=\"container\" data-settings=\"{&quot;jet_parallax_layout_list&quot;:[]}\">\n\t\t\t\t<div class=\"elementor-element elementor-element-23e01dc1 elementor-widget__width-inherit elementor-widget elementor-widget-heading\" data-id=\"23e01dc1\" data-element_type=\"widget\" data-e-type=\"widget\" data-widget_type=\"heading.default\">\n\t\t\t\t<div class=\"elementor-widget-container\">\n\t\t\t\t\t<span class=\"elementor-heading-title elementor-size-default\">Een tussenstop tijdens de vogeltrek<\/span>\t\t\t\t<\/div>\n\t\t\t\t<\/div>\n\t\t\t\t<div class=\"elementor-element elementor-element-48087151 elementor-widget__width-inherit elementor-widget elementor-widget-heading\" data-id=\"48087151\" data-element_type=\"widget\" data-e-type=\"widget\" data-widget_type=\"heading.default\">\n\t\t\t\t<div class=\"elementor-widget-container\">\n\t\t\t\t\t<h2 class=\"elementor-heading-title elementor-size-default\">Even tanken<\/h2>\t\t\t\t<\/div>\n\t\t\t\t<\/div>\n\t\t\t\t<div class=\"elementor-element elementor-element-2efa78b elementor-widget elementor-widget-text-editor\" data-id=\"2efa78b\" data-element_type=\"widget\" data-e-type=\"widget\" data-widget_type=\"text-editor.default\">\n\t\t\t\t<div class=\"elementor-widget-container\">\n\t\t\t\t\t\t\t\t\t<p>Begin september is de vogeltrek goed merkbaar. Allerlei soorten volgen de kust van Den Helder en gebruiken Mari\u00ebndal als plek om te rusten en voedsel te zoeken voordat ze verder trekken.\u00a0<\/p><p>Walter noemt het simpelweg: \u201cZe komen hier even tanken.\u201d<\/p><p>Dat verklaart ook waarom vooraf nooit helemaal duidelijk is wat er tijdens een wandeling te zien zal zijn. De ene week verschijnt er een zeldzame vogel, een paar dagen later kan die alweer honderden kilometers verderop zitten. Juist dat maakt Mari\u00ebndal interessant: ook als je er vaker komt, valt er steeds opnieuw iets te zoeken.<\/p><p>Maar Mari\u00ebndal is niet alleen in september interessant. In nattere periodes laten bijvoorbeeld watersnippen zich zien en in de winter komen er veel eenden en andere watervogels bij. In het voorjaar bloeien op delen van Mari\u00ebndal orchidee\u00ebn en kleuren de bollenvelden ernaast.<\/p><p>Wie een paar maanden later terugkomt, kan daardoor bijna een ander natuurgebied aantreffen.<\/p>\t\t\t\t\t\t\t\t<\/div>\n\t\t\t\t<\/div>\n\t\t\t\t<\/div>\n\t\t<div class=\"elementor-element elementor-element-3ee3464f e-con-full e-flex e-con e-child\" data-id=\"3ee3464f\" data-element_type=\"container\" data-e-type=\"container\" data-settings=\"{&quot;jet_parallax_layout_list&quot;:[]}\">\n\t\t\t\t<div class=\"elementor-element elementor-element-e20ab0f elementor-widget elementor-widget-image\" data-id=\"e20ab0f\" data-element_type=\"widget\" data-e-type=\"widget\" data-widget_type=\"image.default\">\n\t\t\t\t<div class=\"elementor-widget-container\">\n\t\t\t\t\t\t\t\t\t\t\t\t<figure class=\"wp-caption\">\n\t\t\t\t\t\t\t\t\t\t<img decoding=\"async\" width=\"800\" height=\"570\" src=\"https:\/\/denhelder.online\/wp-content\/uploads\/2026\/09\/114-1024x729.jpg\" class=\"attachment-large size-large wp-image-25921\" alt=\"\" srcset=\"https:\/\/denhelder.online\/wp-content\/uploads\/2026\/09\/114-1024x729.jpg 1024w, https:\/\/denhelder.online\/wp-content\/uploads\/2026\/09\/114-300x213.jpg 300w, https:\/\/denhelder.online\/wp-content\/uploads\/2026\/09\/114-768x547.jpg 768w, https:\/\/denhelder.online\/wp-content\/uploads\/2026\/09\/114-1536x1093.jpg 1536w, https:\/\/denhelder.online\/wp-content\/uploads\/2026\/09\/114-2048x1457.jpg 1687w, https:\/\/denhelder.online\/wp-content\/uploads\/2026\/09\/114-18x12.jpg 18w, https:\/\/denhelder.online\/wp-content\/uploads\/2026\/09\/114-600x427.jpg 600w, https:\/\/denhelder.online\/wp-content\/uploads\/2026\/09\/114-scaled.jpg 1686w\" sizes=\"(max-width: 800px) 100vw, 800px\" \/>\t\t\t\t\t\t\t\t\t\t\t<figcaption class=\"widget-image-caption wp-caption-text\">Watersnip; Foto: Walter Das<\/figcaption>\n\t\t\t\t\t\t\t\t\t\t<\/figure>\n\t\t\t\t\t\t\t\t\t<\/div>\n\t\t\t\t<\/div>\n\t\t\t\t<\/div>\n\t\t\t\t\t<\/div>\n\t\t\t\t<\/div>\n\t\t<div class=\"elementor-element elementor-element-3e387e23 e-flex e-con-boxed e-con e-parent\" data-id=\"3e387e23\" data-element_type=\"container\" data-e-type=\"container\" data-settings=\"{&quot;jet_parallax_layout_list&quot;:[]}\">\n\t\t\t\t\t<div class=\"e-con-inner\">\n\t\t<div class=\"elementor-element elementor-element-7f7eaad e-con-full e-flex e-con e-child\" data-id=\"7f7eaad\" data-element_type=\"container\" data-e-type=\"container\" data-settings=\"{&quot;jet_parallax_layout_list&quot;:[]}\">\n\t\t\t\t<div class=\"elementor-element elementor-element-52b62273 elementor-widget__width-inherit elementor-widget elementor-widget-heading\" data-id=\"52b62273\" data-element_type=\"widget\" data-e-type=\"widget\" data-widget_type=\"heading.default\">\n\t\t\t\t<div class=\"elementor-widget-container\">\n\t\t\t\t\t<span class=\"elementor-heading-title elementor-size-default\">Waarnemen is meer dan alleen goed kijken<\/span>\t\t\t\t<\/div>\n\t\t\t\t<\/div>\n\t\t\t\t<div class=\"elementor-element elementor-element-6324817 elementor-widget__width-inherit elementor-widget elementor-widget-heading\" data-id=\"6324817\" data-element_type=\"widget\" data-e-type=\"widget\" data-widget_type=\"heading.default\">\n\t\t\t\t<div class=\"elementor-widget-container\">\n\t\t\t\t\t<h2 class=\"elementor-heading-title elementor-size-default\">Kijken naar wat dieren vertellen<\/h2>\t\t\t\t<\/div>\n\t\t\t\t<\/div>\n\t\t\t\t<div class=\"elementor-element elementor-element-2e25da63 elementor-widget elementor-widget-text-editor\" data-id=\"2e25da63\" data-element_type=\"widget\" data-e-type=\"widget\" data-widget_type=\"text-editor.default\">\n\t\t\t\t<div class=\"elementor-widget-container\">\n\t\t\t\t\t\t\t\t\t<p>Walter noemt zichzelf geen vogelaar, maar natuurfotograaf. Voor hem gaat waarnemen verder dan weten welke soort ergens zit. Hij kijkt en luistert vooral naar wat dieren doen.<\/p><p>Bij een groep Schotse hooglanders verschuift zijn aandacht bijvoorbeeld ineens naar hun koppen. Verschillende dieren kijken dezelfde kant op.<\/p><p>\u201cDaar let ik altijd op. Als dieren ineens denken: h\u00e9, ik hoor iets, dan is er vaak ook iets.\u201d<\/p><p>Misschien een vos. Misschien een ander dier dat nog niet zichtbaar is.<\/p><p>Even later hoort Walter iets tussen het riet. Hij pakt zijn telefoon en speelt kort het geluid van een Cetti\u2019s zanger af. De vogel zelf laat zich nauwelijks zien, maar Walter weet dat hij er zit. De soort kwam hier vroeger niet voor, vertelt hij, maar is in de loop der tijd noordelijker opgedoken. Inmiddels is de Cetti\u2019s zanger een groot deel van het jaar in Mari\u00ebndal te vinden.<\/p><p>Dat is typisch voor hoe Walter door een gebied beweegt. Een geluid, een beweging in het gras of het gedrag van een ander dier kan genoeg zijn om ergens net wat langer te blijven kijken.<\/p>\t\t\t\t\t\t\t\t<\/div>\n\t\t\t\t<\/div>\n\t\t\t\t<\/div>\n\t\t<div class=\"elementor-element elementor-element-13553b91 e-con-full e-flex e-con e-child\" data-id=\"13553b91\" data-element_type=\"container\" data-e-type=\"container\" data-settings=\"{&quot;jet_parallax_layout_list&quot;:[]}\">\n\t\t\t\t<div class=\"elementor-element elementor-element-1b9d915 elementor-widget elementor-widget-image\" data-id=\"1b9d915\" data-element_type=\"widget\" data-e-type=\"widget\" data-widget_type=\"image.default\">\n\t\t\t\t<div class=\"elementor-widget-container\">\n\t\t\t\t\t\t\t\t\t\t\t\t\t\t\t<img loading=\"lazy\" decoding=\"async\" width=\"800\" height=\"534\" src=\"https:\/\/denhelder.online\/wp-content\/uploads\/2026\/09\/09-2026-Mariendal-Stephan-Wegman-11-1024x683.jpg\" class=\"attachment-large size-large wp-image-25908\" alt=\"Walter laat het geluid van een Cetti zanger horen in Mariendal\" srcset=\"https:\/\/denhelder.online\/wp-content\/uploads\/2026\/09\/09-2026-Mariendal-Stephan-Wegman-11-1024x683.jpg 1024w, https:\/\/denhelder.online\/wp-content\/uploads\/2026\/09\/09-2026-Mariendal-Stephan-Wegman-11-300x200.jpg 300w, https:\/\/denhelder.online\/wp-content\/uploads\/2026\/09\/09-2026-Mariendal-Stephan-Wegman-11-768x512.jpg 768w, https:\/\/denhelder.online\/wp-content\/uploads\/2026\/09\/09-2026-Mariendal-Stephan-Wegman-11-1536x1024.jpg 1536w, https:\/\/denhelder.online\/wp-content\/uploads\/2026\/09\/09-2026-Mariendal-Stephan-Wegman-11-scaled.jpg 1800w, https:\/\/denhelder.online\/wp-content\/uploads\/2026\/09\/09-2026-Mariendal-Stephan-Wegman-11-18x12.jpg 18w, https:\/\/denhelder.online\/wp-content\/uploads\/2026\/09\/09-2026-Mariendal-Stephan-Wegman-11-600x400.jpg 600w\" sizes=\"(max-width: 800px) 100vw, 800px\" \/>\t\t\t\t\t\t\t\t\t\t\t\t\t\t\t<\/div>\n\t\t\t\t<\/div>\n\t\t\t\t<\/div>\n\t\t\t\t\t<\/div>\n\t\t\t\t<\/div>\n\t\t<div class=\"elementor-element elementor-element-46bdaa1 e-flex e-con-boxed e-con e-parent\" data-id=\"46bdaa1\" data-element_type=\"container\" data-e-type=\"container\" data-settings=\"{&quot;jet_parallax_layout_list&quot;:[]}\">\n\t\t\t\t\t<div class=\"e-con-inner\">\n\t\t<div class=\"elementor-element elementor-element-23bb86e5 e-con-full e-flex e-con e-child\" data-id=\"23bb86e5\" data-element_type=\"container\" data-e-type=\"container\" data-settings=\"{&quot;jet_parallax_layout_list&quot;:[]}\">\n\t\t\t\t<div class=\"elementor-element elementor-element-1c051404 elementor-widget__width-inherit elementor-widget elementor-widget-heading\" data-id=\"1c051404\" data-element_type=\"widget\" data-e-type=\"widget\" data-widget_type=\"heading.default\">\n\t\t\t\t<div class=\"elementor-widget-container\">\n\t\t\t\t\t<span class=\"elementor-heading-title elementor-size-default\">Mari\u00ebndal is veel meer dan een vogelgebied<\/span>\t\t\t\t<\/div>\n\t\t\t\t<\/div>\n\t\t\t\t<div class=\"elementor-element elementor-element-5decb9fd elementor-widget__width-inherit elementor-widget elementor-widget-heading\" data-id=\"5decb9fd\" data-element_type=\"widget\" data-e-type=\"widget\" data-widget_type=\"heading.default\">\n\t\t\t\t<div class=\"elementor-widget-container\">\n\t\t\t\t\t<h2 class=\"elementor-heading-title elementor-size-default\">Hooglanders, pony's en hazen<\/h2>\t\t\t\t<\/div>\n\t\t\t\t<\/div>\n\t\t\t\t<div class=\"elementor-element elementor-element-68dc43b elementor-widget elementor-widget-text-editor\" data-id=\"68dc43b\" data-element_type=\"widget\" data-e-type=\"widget\" data-widget_type=\"text-editor.default\">\n\t\t\t\t<div class=\"elementor-widget-container\">\n\t\t\t\t\t\t\t\t\t<p>Schotse hooglanders grazen er in een flinke groep. Verderop lopen Exmoorpony&#8217;s. Ze helpen het landschap open te houden en laten overal sporen achter: platgelopen gras, hoefafdrukken en zandige plekken waar de pony&#8217;s graag rollen.\u00a0<\/p><p>Dan schiet een haas door het gras.<\/p><p>Even later nog \u00e9\u00e9n.<\/p><p>En nog \u00e9\u00e9n.<\/p><p>Walter vertelt ook over vossen die Mari\u00ebndal gebruiken als rust- en jachtplek. Tussen het water, de eilandjes, het riet en het open grasland heeft iedere soort zijn eigen plek.<\/p><p>Wie rustig kijkt, merkt dat overal iets te lezen valt. Sporen in het gras, beweging langs het water, een haas die ineens opduikt of vogels die op een drooggevallen stuk neerstrijken.<\/p><p>Wat eerst een lege vlakte leek, blijkt ineens behoorlijk vol leven.<\/p>\t\t\t\t\t\t\t\t<\/div>\n\t\t\t\t<\/div>\n\t\t\t\t<\/div>\n\t\t<div class=\"elementor-element elementor-element-22c8edae e-con-full e-flex e-con e-child\" data-id=\"22c8edae\" data-element_type=\"container\" data-e-type=\"container\" data-settings=\"{&quot;jet_parallax_layout_list&quot;:[]}\">\n\t\t\t\t<div class=\"elementor-element elementor-element-615f1ab1 elementor-widget elementor-widget-image\" data-id=\"615f1ab1\" data-element_type=\"widget\" data-e-type=\"widget\" data-widget_type=\"image.default\">\n\t\t\t\t<div class=\"elementor-widget-container\">\n\t\t\t\t\t\t\t\t\t\t\t\t<figure class=\"wp-caption\">\n\t\t\t\t\t\t\t\t\t\t<img loading=\"lazy\" decoding=\"async\" width=\"800\" height=\"584\" src=\"https:\/\/denhelder.online\/wp-content\/uploads\/2026\/09\/050-1-1-1024x747.jpg\" class=\"attachment-large size-large wp-image-25922\" alt=\"Schotse hooglanders in Mariendal\" srcset=\"https:\/\/denhelder.online\/wp-content\/uploads\/2026\/09\/050-1-1-1024x747.jpg 1024w, https:\/\/denhelder.online\/wp-content\/uploads\/2026\/09\/050-1-1-300x219.jpg 300w, https:\/\/denhelder.online\/wp-content\/uploads\/2026\/09\/050-1-1-768x560.jpg 768w, https:\/\/denhelder.online\/wp-content\/uploads\/2026\/09\/050-1-1-1536x1120.jpg 1536w, https:\/\/denhelder.online\/wp-content\/uploads\/2026\/09\/050-1-1-scaled.jpg 1646w, https:\/\/denhelder.online\/wp-content\/uploads\/2026\/09\/050-1-1-16x12.jpg 16w, https:\/\/denhelder.online\/wp-content\/uploads\/2026\/09\/050-1-1-600x437.jpg 600w\" sizes=\"(max-width: 800px) 100vw, 800px\" \/>\t\t\t\t\t\t\t\t\t\t\t<figcaption class=\"widget-image-caption wp-caption-text\">Foto: Walter Das<\/figcaption>\n\t\t\t\t\t\t\t\t\t\t<\/figure>\n\t\t\t\t\t\t\t\t\t<\/div>\n\t\t\t\t<\/div>\n\t\t\t\t<\/div>\n\t\t\t\t\t<\/div>\n\t\t\t\t<\/div>\n\t\t<div class=\"elementor-element elementor-element-43da00d5 e-flex e-con-boxed e-con e-parent\" data-id=\"43da00d5\" data-element_type=\"container\" data-e-type=\"container\" data-settings=\"{&quot;jet_parallax_layout_list&quot;:[]}\">\n\t\t\t\t\t<div class=\"e-con-inner\">\n\t\t<div class=\"elementor-element elementor-element-636d88b5 e-con-full e-flex e-con e-child\" data-id=\"636d88b5\" data-element_type=\"container\" data-e-type=\"container\" data-settings=\"{&quot;jet_parallax_layout_list&quot;:[]}\">\n\t\t\t\t<div class=\"elementor-element elementor-element-34144a3b elementor-widget__width-inherit elementor-widget elementor-widget-heading\" data-id=\"34144a3b\" data-element_type=\"widget\" data-e-type=\"widget\" data-widget_type=\"heading.default\">\n\t\t\t\t<div class=\"elementor-widget-container\">\n\t\t\t\t\t<span class=\"elementor-heading-title elementor-size-default\">Vrij rondlopen met ruimte voor de natuur<\/span>\t\t\t\t<\/div>\n\t\t\t\t<\/div>\n\t\t\t\t<div class=\"elementor-element elementor-element-65b0ee4a elementor-widget__width-inherit elementor-widget elementor-widget-heading\" data-id=\"65b0ee4a\" data-element_type=\"widget\" data-e-type=\"widget\" data-widget_type=\"heading.default\">\n\t\t\t\t<div class=\"elementor-widget-container\">\n\t\t\t\t\t<h2 class=\"elementor-heading-title elementor-size-default\">Ruimte om afstand te houden<\/h2>\t\t\t\t<\/div>\n\t\t\t\t<\/div>\n\t\t\t\t<div class=\"elementor-element elementor-element-5cfa42c7 elementor-widget elementor-widget-text-editor\" data-id=\"5cfa42c7\" data-element_type=\"widget\" data-e-type=\"widget\" data-widget_type=\"text-editor.default\">\n\t\t\t\t<div class=\"elementor-widget-container\">\n\t\t\t\t\t\t\t\t\t<p class=\"PDq2pG_selectionAnchorContainer\" data-start=\"4870\" data-end=\"4989\">Mari\u00ebndal is groot en open. Veel dieren zijn daardoor op afstand te zien. Een verrekijker meenemen is geen slecht idee.<\/p><p data-start=\"4991\" data-end=\"5319\">Die afstand is tegelijkertijd belangrijk voor de natuur. Eilandjes, rietkragen en waterpartijen geven vogels plekken waar ze kunnen rusten en broeden zonder dat bezoekers voortdurend dichtbij komen. Volgens Walter is juist dat een van de redenen waarom het gebied zo goed werkt voor vogels.<\/p><p data-start=\"5321\" data-end=\"5475\">Dat is een van de sterke kanten van het gebied. Veel vrijheid om rond te lopen, terwijl er genoeg plekken overblijven waar dieren met rust worden gelaten.<\/p>\t\t\t\t\t\t\t\t<\/div>\n\t\t\t\t<\/div>\n\t\t\t\t<\/div>\n\t\t<div class=\"elementor-element elementor-element-2fbb2c52 e-con-full e-flex e-con e-child\" data-id=\"2fbb2c52\" data-element_type=\"container\" data-e-type=\"container\" data-settings=\"{&quot;jet_parallax_layout_list&quot;:[]}\">\n\t\t\t\t<div class=\"elementor-element elementor-element-4ad0371d elementor-widget elementor-widget-image\" data-id=\"4ad0371d\" data-element_type=\"widget\" data-e-type=\"widget\" data-widget_type=\"image.default\">\n\t\t\t\t<div class=\"elementor-widget-container\">\n\t\t\t\t\t\t\t\t\t\t\t\t<figure class=\"wp-caption\">\n\t\t\t\t\t\t\t\t\t\t<img loading=\"lazy\" decoding=\"async\" width=\"800\" height=\"503\" src=\"https:\/\/denhelder.online\/wp-content\/uploads\/2026\/09\/081-8-1024x644.jpg\" class=\"attachment-large size-large wp-image-25923\" alt=\"exmoorpony&apos;s in Den Helder\" srcset=\"https:\/\/denhelder.online\/wp-content\/uploads\/2026\/09\/081-8-1024x644.jpg 1024w, https:\/\/denhelder.online\/wp-content\/uploads\/2026\/09\/081-8-300x189.jpg 300w, https:\/\/denhelder.online\/wp-content\/uploads\/2026\/09\/081-8-768x483.jpg 768w, https:\/\/denhelder.online\/wp-content\/uploads\/2026\/09\/081-8-1536x966.jpg 1536w, https:\/\/denhelder.online\/wp-content\/uploads\/2026\/09\/081-8-scaled.jpg 1908w, https:\/\/denhelder.online\/wp-content\/uploads\/2026\/09\/081-8-18x12.jpg 18w, https:\/\/denhelder.online\/wp-content\/uploads\/2026\/09\/081-8-600x377.jpg 600w\" sizes=\"(max-width: 800px) 100vw, 800px\" \/>\t\t\t\t\t\t\t\t\t\t\t<figcaption class=\"widget-image-caption wp-caption-text\">Foto: Walter Das<\/figcaption>\n\t\t\t\t\t\t\t\t\t\t<\/figure>\n\t\t\t\t\t\t\t\t\t<\/div>\n\t\t\t\t<\/div>\n\t\t\t\t<\/div>\n\t\t\t\t\t<\/div>\n\t\t\t\t<\/div>\n\t\t<div class=\"elementor-element elementor-element-1f7904c1 e-flex e-con-boxed e-con e-parent\" data-id=\"1f7904c1\" data-element_type=\"container\" data-e-type=\"container\" data-settings=\"{&quot;jet_parallax_layout_list&quot;:[]}\">\n\t\t\t\t\t<div class=\"e-con-inner\">\n\t\t<div class=\"elementor-element elementor-element-704a48d7 e-con-full e-flex e-con e-child\" data-id=\"704a48d7\" data-element_type=\"container\" data-e-type=\"container\" data-settings=\"{&quot;jet_parallax_layout_list&quot;:[]}\">\n\t\t\t\t<div class=\"elementor-element elementor-element-107935f9 elementor-widget__width-inherit elementor-widget elementor-widget-heading\" data-id=\"107935f9\" data-element_type=\"widget\" data-e-type=\"widget\" data-widget_type=\"heading.default\">\n\t\t\t\t<div class=\"elementor-widget-container\">\n\t\t\t\t\t<span class=\"elementor-heading-title elementor-size-default\">Vlak bij bos, duinen en bollenvelden<\/span>\t\t\t\t<\/div>\n\t\t\t\t<\/div>\n\t\t\t\t<div class=\"elementor-element elementor-element-7c976fbf elementor-widget__width-inherit elementor-widget elementor-widget-heading\" data-id=\"7c976fbf\" data-element_type=\"widget\" data-e-type=\"widget\" data-widget_type=\"heading.default\">\n\t\t\t\t<div class=\"elementor-widget-container\">\n\t\t\t\t\t<h2 class=\"elementor-heading-title elementor-size-default\">Een verborgen stukje Den Helder<\/h2>\t\t\t\t<\/div>\n\t\t\t\t<\/div>\n\t\t\t\t<div class=\"elementor-element elementor-element-6ee974b2 elementor-widget elementor-widget-text-editor\" data-id=\"6ee974b2\" data-element_type=\"widget\" data-e-type=\"widget\" data-widget_type=\"text-editor.default\">\n\t\t\t\t<div class=\"elementor-widget-container\">\n\t\t\t\t\t\t\t\t\t<p>Het blijft opvallend hoe weinig mensen Walter hier tegenkomt.<br \/>Want Mari\u00ebndal ligt niet ver buiten Den Helder. Het ligt vrijwel naast het bos, onderaan de duinen en op korte afstand van de stad. Binnen een klein gebied volgen totaal verschillende landschappen elkaar op.<\/p><p>Begin september lopen we over stukken die normaal onder water staan. Na een natte periode ziet diezelfde plek er weer heel anders uit. In het voorjaar verschijnen orchidee\u00ebn en kleuren de bollenvelden ernaast. In de winter nemen water en watervogels het gebied weer over.<\/p><p>Soms loopt een route simpelweg vast in een drassig stuk en moet er een andere weg worden gezocht. Soms trekt iets in de verte de aandacht en gaat de wandeling ineens een andere kant op.<\/p><p>Voor een natuurliefhebber is dat misschien wel het mooiste aan Mari\u00ebndal: je komt er niet voor \u00e9\u00e9n soort of \u00e9\u00e9n uitzicht, maar voor wat zich die dag laat zien.<\/p><p>Je weet waar je begint, maar nooit helemaal wat je onderweg tegenkomt.<\/p>\t\t\t\t\t\t\t\t<\/div>\n\t\t\t\t<\/div>\n\t\t\t\t<\/div>\n\t\t<div class=\"elementor-element elementor-element-1121b86b e-con-full e-flex e-con e-child\" data-id=\"1121b86b\" data-element_type=\"container\" data-e-type=\"container\" data-settings=\"{&quot;jet_parallax_layout_list&quot;:[]}\">\n\t\t\t\t<div class=\"elementor-element elementor-element-73cf0d0a elementor-widget elementor-widget-image\" data-id=\"73cf0d0a\" data-element_type=\"widget\" data-e-type=\"widget\" data-widget_type=\"image.default\">\n\t\t\t\t<div class=\"elementor-widget-container\">\n\t\t\t\t\t\t\t\t\t\t\t\t<figure class=\"wp-caption\">\n\t\t\t\t\t\t\t\t\t\t<img loading=\"lazy\" decoding=\"async\" width=\"800\" height=\"537\" src=\"https:\/\/denhelder.online\/wp-content\/uploads\/2026\/09\/057-5-1024x687.jpg\" class=\"attachment-large size-large wp-image-25924\" alt=\"Vos in natuurgebied Mariendal in Den Helder\" srcset=\"https:\/\/denhelder.online\/wp-content\/uploads\/2026\/09\/057-5-1024x687.jpg 1024w, https:\/\/denhelder.online\/wp-content\/uploads\/2026\/09\/057-5-300x201.jpg 300w, https:\/\/denhelder.online\/wp-content\/uploads\/2026\/09\/057-5-768x515.jpg 768w, https:\/\/denhelder.online\/wp-content\/uploads\/2026\/09\/057-5-1536x1030.jpg 1536w, https:\/\/denhelder.online\/wp-content\/uploads\/2026\/09\/057-5-2048x1373.jpg 1790w, https:\/\/denhelder.online\/wp-content\/uploads\/2026\/09\/057-5-18x12.jpg 18w, https:\/\/denhelder.online\/wp-content\/uploads\/2026\/09\/057-5-600x402.jpg 600w, https:\/\/denhelder.online\/wp-content\/uploads\/2026\/09\/057-5-scaled.jpg 1789w\" sizes=\"(max-width: 800px) 100vw, 800px\" \/>\t\t\t\t\t\t\t\t\t\t\t<figcaption class=\"widget-image-caption wp-caption-text\">Foto: Walter Das<\/figcaption>\n\t\t\t\t\t\t\t\t\t\t<\/figure>\n\t\t\t\t\t\t\t\t\t<\/div>\n\t\t\t\t<\/div>\n\t\t\t\t<\/div>\n\t\t\t\t\t<\/div>\n\t\t\t\t<\/div>\n\t\t<div class=\"elementor-element elementor-element-31500578 e-flex e-con-boxed e-con e-parent\" data-id=\"31500578\" data-element_type=\"container\" data-e-type=\"container\" data-settings=\"{&quot;jet_parallax_layout_list&quot;:[]}\">\n\t\t\t\t\t<div class=\"e-con-inner\">\n\t\t<div class=\"elementor-element elementor-element-4797f983 e-flex e-con-boxed e-con e-child\" data-id=\"4797f983\" data-element_type=\"container\" data-e-type=\"container\" data-settings=\"{&quot;background_background&quot;:&quot;classic&quot;,&quot;jet_parallax_layout_list&quot;:[]}\">\n\t\t\t\t\t<div class=\"e-con-inner\">\n\t\t<div class=\"elementor-element elementor-element-2f69eb84 e-con-full e-flex e-con e-child\" data-id=\"2f69eb84\" data-element_type=\"container\" data-e-type=\"container\" data-settings=\"{&quot;jet_parallax_layout_list&quot;:[]}\">\n\t\t\t\t<div class=\"elementor-element elementor-element-4d571d75 elementor-widget elementor-widget-image\" data-id=\"4d571d75\" data-element_type=\"widget\" data-e-type=\"widget\" data-widget_type=\"image.default\">\n\t\t\t\t<div class=\"elementor-widget-container\">\n\t\t\t\t\t\t\t\t\t\t\t\t\t\t\t<img loading=\"lazy\" decoding=\"async\" width=\"800\" height=\"534\" src=\"https:\/\/denhelder.online\/wp-content\/uploads\/2026\/09\/09-2026-Mariendal-Stephan-Wegman-10-1024x683.jpg\" class=\"attachment-large size-large wp-image-25909\" alt=\"\" srcset=\"https:\/\/denhelder.online\/wp-content\/uploads\/2026\/09\/09-2026-Mariendal-Stephan-Wegman-10-1024x683.jpg 1024w, https:\/\/denhelder.online\/wp-content\/uploads\/2026\/09\/09-2026-Mariendal-Stephan-Wegman-10-300x200.jpg 300w, https:\/\/denhelder.online\/wp-content\/uploads\/2026\/09\/09-2026-Mariendal-Stephan-Wegman-10-768x512.jpg 768w, https:\/\/denhelder.online\/wp-content\/uploads\/2026\/09\/09-2026-Mariendal-Stephan-Wegman-10-1536x1024.jpg 1536w, https:\/\/denhelder.online\/wp-content\/uploads\/2026\/09\/09-2026-Mariendal-Stephan-Wegman-10-scaled.jpg 1800w, https:\/\/denhelder.online\/wp-content\/uploads\/2026\/09\/09-2026-Mariendal-Stephan-Wegman-10-18x12.jpg 18w, https:\/\/denhelder.online\/wp-content\/uploads\/2026\/09\/09-2026-Mariendal-Stephan-Wegman-10-600x400.jpg 600w\" sizes=\"(max-width: 800px) 100vw, 800px\" \/>\t\t\t\t\t\t\t\t\t\t\t\t\t\t\t<\/div>\n\t\t\t\t<\/div>\n\t\t\t\t<\/div>\n\t\t<div class=\"elementor-element elementor-element-56073fc1 e-con-full e-flex e-con e-child\" data-id=\"56073fc1\" data-element_type=\"container\" data-e-type=\"container\" data-settings=\"{&quot;jet_parallax_layout_list&quot;:[]}\">\n\t\t\t\t<div class=\"elementor-element elementor-element-62c685f9 elementor-widget__width-inherit elementor-widget elementor-widget-heading\" data-id=\"62c685f9\" data-element_type=\"widget\" data-e-type=\"widget\" data-widget_type=\"heading.default\">\n\t\t\t\t<div class=\"elementor-widget-container\">\n\t\t\t\t\t<span class=\"elementor-heading-title elementor-size-default\">Midden in de natuur van Den Helder<\/span>\t\t\t\t<\/div>\n\t\t\t\t<\/div>\n\t\t\t\t<div class=\"elementor-element elementor-element-2620e727 elementor-widget__width-inherit elementor-widget elementor-widget-heading\" data-id=\"2620e727\" data-element_type=\"widget\" data-e-type=\"widget\" data-widget_type=\"heading.default\">\n\t\t\t\t<div class=\"elementor-widget-container\">\n\t\t\t\t\t<h2 class=\"elementor-heading-title elementor-size-default\">Mari\u00ebndal bezoeken<\/h2>\t\t\t\t<\/div>\n\t\t\t\t<\/div>\n\t\t\t\t<div class=\"elementor-element elementor-element-73bd2e7c elementor-widget elementor-widget-text-editor\" data-id=\"73bd2e7c\" data-element_type=\"widget\" data-e-type=\"widget\" data-widget_type=\"text-editor.default\">\n\t\t\t\t<div class=\"elementor-widget-container\">\n\t\t\t\t\t\t\t\t\t<p>Mari\u00ebndal ligt vlak bij Donkere Duinen, de duinen en de bollenvelden van Den Helder. In een groot deel van het natuurgebied mag je vrij rondlopen. Het terrein kan nat en drassig zijn, dus stevige schoenen zijn handig. Wie vogels en andere dieren beter wil bekijken, kan het beste een verrekijker meenemen.<\/p>\t\t\t\t\t\t\t\t<\/div>\n\t\t\t\t<\/div>\n\t\t<div class=\"elementor-element elementor-element-62eba2f9 e-con-full e-flex e-con e-child\" data-id=\"62eba2f9\" data-element_type=\"container\" data-e-type=\"container\" data-settings=\"{&quot;jet_parallax_layout_list&quot;:[]}\">\n\t\t\t\t<div class=\"elementor-element elementor-element-25619521 elementor-mobile-align-justify elementor-widget-mobile__width-inherit elementor-tablet-align-justify elementor-widget elementor-widget-button\" data-id=\"25619521\" data-element_type=\"widget\" data-e-type=\"widget\" data-widget_type=\"button.default\">\n\t\t\t\t<div class=\"elementor-widget-container\">\n\t\t\t\t\t\t\t\t\t<div class=\"elementor-button-wrapper\">\n\t\t\t\t\t<a class=\"elementor-button elementor-button-link elementor-size-sm\" href=\"https:\/\/denhelder.online\/de\/locatie\/mariendal\/\">\n\t\t\t\t\t\t<span class=\"elementor-button-content-wrapper\">\n\t\t\t\t\t\t<span class=\"elementor-button-icon\">\n\t\t\t\t<i aria-hidden=\"true\" class=\"fas fa-chevron-right\"><\/i>\t\t\t<\/span>\n\t\t\t\t\t\t\t\t\t<span class=\"elementor-button-text\">Meer over Mari\u00ebndal<\/span>\n\t\t\t\t\t<\/span>\n\t\t\t\t\t<\/a>\n\t\t\t\t<\/div>\n\t\t\t\t\t\t\t\t<\/div>\n\t\t\t\t<\/div>\n\t\t\t\t<\/div>\n\t\t\t\t<\/div>\n\t\t\t\t\t<\/div>\n\t\t\t\t<\/div>\n\t\t\t\t\t<\/div>\n\t\t\t\t<\/div>\n\t\t<div class=\"elementor-element elementor-element-33e9b034 e-flex e-con-boxed e-con e-parent\" data-id=\"33e9b034\" data-element_type=\"container\" data-e-type=\"container\" data-settings=\"{&quot;jet_parallax_layout_list&quot;:[]}\">\n\t\t\t\t\t<div class=\"e-con-inner\">\n\t\t<div class=\"elementor-element elementor-element-79e8d7aa e-con-full e-flex e-con e-child\" data-id=\"79e8d7aa\" data-element_type=\"container\" data-e-type=\"container\" data-settings=\"{&quot;jet_parallax_layout_list&quot;:[]}\">\n\t\t\t\t<div class=\"elementor-element elementor-element-24676e73 elementor-widget__width-inherit elementor-widget elementor-widget-jet-listing-grid\" data-id=\"24676e73\" data-element_type=\"widget\" data-e-type=\"widget\" data-settings=\"{&quot;columns&quot;:&quot;1&quot;}\" data-widget_type=\"jet-listing-grid.default\">\n\t\t\t\t<div class=\"elementor-widget-container\">\n\t\t\t\t\t<div class=\"jet-listing-grid jet-listing\"><div class=\"jet-listing-grid__items grid-col-desk-1 grid-col-tablet-1 grid-col-mobile-1 jet-listing-grid--23493 grid-collapse-gap\" data-queried-id=\"25899|WP_Post\" data-nav=\"{&quot;enabled&quot;:false,&quot;type&quot;:null,&quot;more_el&quot;:null,&quot;query&quot;:[],&quot;widget_settings&quot;:{&quot;lisitng_id&quot;:23493,&quot;posts_num&quot;:6,&quot;columns&quot;:1,&quot;columns_tablet&quot;:1,&quot;columns_mobile&quot;:1,&quot;column_min_width&quot;:240,&quot;column_min_width_tablet&quot;:240,&quot;column_min_width_mobile&quot;:240,&quot;inline_columns_css&quot;:false,&quot;is_archive_template&quot;:&quot;&quot;,&quot;post_status&quot;:[&quot;publish&quot;],&quot;use_random_posts_num&quot;:&quot;&quot;,&quot;max_posts_num&quot;:9,&quot;not_found_message&quot;:&quot;No data was found&quot;,&quot;is_masonry&quot;:false,&quot;equal_columns_height&quot;:&quot;&quot;,&quot;use_load_more&quot;:&quot;&quot;,&quot;load_more_id&quot;:&quot;&quot;,&quot;load_more_type&quot;:&quot;click&quot;,&quot;load_more_offset&quot;:null,&quot;use_custom_post_types&quot;:&quot;&quot;,&quot;custom_post_types&quot;:[],&quot;hide_widget_if&quot;:&quot;empty_query&quot;,&quot;carousel_enabled&quot;:&quot;&quot;,&quot;slides_to_scroll&quot;:&quot;1&quot;,&quot;arrows&quot;:&quot;true&quot;,&quot;arrow_icon&quot;:&quot;fa fa-angle-left&quot;,&quot;dots&quot;:&quot;&quot;,&quot;autoplay&quot;:&quot;true&quot;,&quot;pause_on_hover&quot;:&quot;true&quot;,&quot;autoplay_speed&quot;:5000,&quot;infinite&quot;:&quot;true&quot;,&quot;center_mode&quot;:&quot;&quot;,&quot;effect&quot;:&quot;slide&quot;,&quot;speed&quot;:500,&quot;inject_alternative_items&quot;:&quot;&quot;,&quot;injection_items&quot;:[],&quot;scroll_slider_enabled&quot;:&quot;&quot;,&quot;scroll_slider_on&quot;:[&quot;desktop&quot;,&quot;tablet&quot;,&quot;mobile&quot;],&quot;custom_query&quot;:false,&quot;custom_query_id&quot;:&quot;&quot;,&quot;_element_id&quot;:&quot;&quot;,&quot;collapse_first_last_gap&quot;:&quot;true&quot;,&quot;list_tag_selection&quot;:&quot;&quot;,&quot;list_items_wrapper_tag&quot;:&quot;div&quot;,&quot;list_item_tag&quot;:&quot;div&quot;,&quot;empty_items_wrapper_tag&quot;:&quot;div&quot;}}\" data-page=\"1\" data-pages=\"1\" data-listing-source=\"posts\" data-listing-id=\"23493\" data-query-id=\"\"><div class=\"jet-listing-grid__item jet-listing-dynamic-post-25865 elementor-dcss-11104940838582096\" data-post-id=\"25865\"  ><style type=\"text\/css\">:is( .jet-listing-dynamic-post-25865:not( [class*=\"elementor-dcss-\"] ), .elementor-dcss-11104940838582096 ) .elementor-element.elementor-element-c9f1354:not(.elementor-motion-effects-element-type-background), :is( .jet-listing-dynamic-post-25865:not( [class*=\"elementor-dcss-\"] ), .elementor-dcss-11104940838582096 ) .elementor-element.elementor-element-c9f1354 > .elementor-motion-effects-container > .elementor-motion-effects-layer{background-image:url(\"https:\/\/denhelder.online\/wp-content\/uploads\/2026\/04\/2026-04-Natuurfotograaf-Walter-Das-in-actie-Stephan-Wegman-15-scaled.jpg\");}<\/style>\t\t<div data-elementor-type=\"jet-listing-items\" data-elementor-id=\"23493\" class=\"elementor elementor-23493\" data-elementor-post-type=\"jet-engine\">\n\t\t\t\t<div class=\"elementor-element elementor-element-0e7bdc3 e-con-full e-flex e-con e-parent\" data-id=\"0e7bdc3\" data-element_type=\"container\" data-e-type=\"container\" data-settings=\"{&quot;background_background&quot;:&quot;classic&quot;,&quot;jet_parallax_layout_list&quot;:[]}\">\n\t\t<div class=\"elementor-element elementor-element-c9f1354 e-con-full e-flex e-con e-child\" data-id=\"c9f1354\" data-element_type=\"container\" data-e-type=\"container\" data-settings=\"{&quot;background_background&quot;:&quot;classic&quot;,&quot;jet_parallax_layout_list&quot;:[]}\">\n\t\t\t\t<\/div>\n\t\t<div class=\"elementor-element elementor-element-41aa546 e-con-full e-flex e-con e-child\" data-id=\"41aa546\" data-element_type=\"container\" data-e-type=\"container\" data-settings=\"{&quot;jet_parallax_layout_list&quot;:[]}\">\n\t\t\t\t<div class=\"elementor-element elementor-element-a4b19fb elementor-widget elementor-widget-heading\" data-id=\"a4b19fb\" data-element_type=\"widget\" data-e-type=\"widget\" data-widget_type=\"heading.default\">\n\t\t\t\t<div class=\"elementor-widget-container\">\n\t\t\t\t\t<h4 class=\"elementor-heading-title elementor-size-default\">\"De natuur hier is echt heel rijk\"<\/h4>\t\t\t\t<\/div>\n\t\t\t\t<\/div>\n\t\t\t\t<div class=\"elementor-element elementor-element-cc121fe jedv-enabled--yes elementor-widget elementor-widget-text-editor\" data-id=\"cc121fe\" data-element_type=\"widget\" data-e-type=\"widget\" data-widget_type=\"text-editor.default\">\n\t\t\t\t<div class=\"elementor-widget-container\">\n\t\t\t\t\t\t\t\t\t<p>Walter Das is geboren in Julianadorp en woont in Den Helder, de plek waar hij zich het meest thuis voelt. Als natuurfotograaf is hij het liefst vroeg op pad, op zoek naar bijzondere dieren en momenten in de Helderse natuur. Vooral de duinen, stranden en de kust rond de Noord- en Waddenzee blijven hem verrassen. Als ambassadeur neemt Walter je mee naar buiten en laat hij zien hoeveel er in de natuur van Den Helder te ontdekken valt.<\/p>\n\t\t\t\t\t\t\t\t<\/div>\n\t\t\t\t<\/div>\n\t\t\t\t<div class=\"elementor-element elementor-element-77cb0ee elementor-hidden-desktop elementor-hidden-tablet elementor-hidden-mobile elementor-widget elementor-widget-heading\" data-id=\"77cb0ee\" data-element_type=\"widget\" data-e-type=\"widget\" data-widget_type=\"heading.default\">\n\t\t\t\t<div class=\"elementor-widget-container\">\n\t\t\t\t\t<h4 class=\"elementor-heading-title elementor-size-default\"><a href=\"https:\/\/denhelder.online\/de\/ambassadeurs\/walter-das\/\">Walter Das<\/a><\/h4>\t\t\t\t<\/div>\n\t\t\t\t<\/div>\n\t\t<div class=\"elementor-element elementor-element-64bb37b e-con-full e-flex e-con e-child\" data-id=\"64bb37b\" data-element_type=\"container\" data-e-type=\"container\" data-settings=\"{&quot;jet_parallax_layout_list&quot;:[]}\">\n\t\t\t\t<div class=\"elementor-element elementor-element-cca096f elementor-align-center elementor-tablet-align-justify elementor-mobile-align-justify elementor-widget-mobile__width-inherit elementor-widget elementor-widget-button\" data-id=\"cca096f\" data-element_type=\"widget\" data-e-type=\"widget\" data-widget_type=\"button.default\">\n\t\t\t\t<div class=\"elementor-widget-container\">\n\t\t\t\t\t\t\t\t\t<div class=\"elementor-button-wrapper\">\n\t\t\t\t\t<a class=\"elementor-button elementor-button-link elementor-size-sm\" href=\"https:\/\/denhelder.online\/de\/ambassadeurs\/walter-das\/\">\n\t\t\t\t\t\t<span class=\"elementor-button-content-wrapper\">\n\t\t\t\t\t\t\t\t\t<span class=\"elementor-button-text\">Meer over Walter Das<\/span>\n\t\t\t\t\t<\/span>\n\t\t\t\t\t<\/a>\n\t\t\t\t<\/div>\n\t\t\t\t\t\t\t\t<\/div>\n\t\t\t\t<\/div>\n\t\t\t\t<div class=\"elementor-element elementor-element-2bd16f3 elementor-align-center elementor-tablet-align-justify elementor-mobile-align-justify elementor-widget-mobile__width-inherit elementor-widget elementor-widget-button\" data-id=\"2bd16f3\" data-element_type=\"widget\" data-e-type=\"widget\" data-widget_type=\"button.default\">\n\t\t\t\t<div class=\"elementor-widget-container\">\n\t\t\t\t\t\t\t\t\t<div class=\"elementor-button-wrapper\">\n\t\t\t\t\t<a class=\"elementor-button elementor-button-link elementor-size-sm\" href=\"https:\/\/denhelder.online\/ambassadeurs\/\">\n\t\t\t\t\t\t<span class=\"elementor-button-content-wrapper\">\n\t\t\t\t\t\t\t\t\t<span class=\"elementor-button-text\">Bekijk alle ambassadeurs<\/span>\n\t\t\t\t\t<\/span>\n\t\t\t\t\t<\/a>\n\t\t\t\t<\/div>\n\t\t\t\t\t\t\t\t<\/div>\n\t\t\t\t<\/div>\n\t\t\t\t<\/div>\n\t\t\t\t<\/div>\n\t\t\t\t<\/div>\n\t\t\t\t<\/div>\n\t\t<\/div><\/div><\/div>\t\t\t\t<\/div>\n\t\t\t\t<\/div>\n\t\t\t\t<\/div>\n\t\t\t\t\t<\/div>\n\t\t\t\t<\/div>\n\t\t\t\t<\/div>\n\t\t","protected":false},"excerpt":{"rendered":"<p>Mari\u00ebndal is een verrassend rijk natuurgebied aan de rand van Den Helder, waar geen wandeling hetzelfde is. Natuurfotograaf Walter Das laat zien hoe vogels, hooglanders, pony\u2019s en andere dieren hier samenkomen in een landschap dat ieder seizoen verandert.<\/p>","protected":false},"author":9,"featured_media":25901,"template":"elementor_header_footer","doelgroep":[6027,6028,6029],"class_list":["post-25899","actueel","type-actueel","status-publish","has-post-thumbnail","hentry","elementor_library_category-natuur","elementor_library_category-recreatie","doelgroep-inwoner","doelgroep-inwoner-regio","doelgroep-toerist"],"yoast_head":"<!-- This site is optimized with the Yoast SEO Premium plugin v24.7 (Yoast SEO v28.4) - https:\/\/yoast.com\/product\/yoast-seo-premium-wordpress\/ -->\n<title>Mari\u00ebndal in Den Helder | Wandelen en natuur<\/title>\n<meta name=\"description\" content=\"Ontdek natuurgebied Mari\u00ebndal in Den Helder met natuurfotograaf Walter Das. Wandel vrij door het gebied en spot vogels, hazen, pony&#039;s en hooglanders.\" \/>\n<meta name=\"robots\" content=\"index, follow, max-snippet:-1, max-image-preview:large, max-video-preview:-1\" \/>\n<link rel=\"canonical\" href=\"https:\/\/denhelder.online\/de\/aktuell\/geen-rondje-mariendal-is-hetzelfde\/\" \/>\n<meta property=\"og:locale\" content=\"de_DE\" \/>\n<meta property=\"og:type\" content=\"article\" \/>\n<meta property=\"og:title\" content=\"Geen rondje Mari\u00ebndal is hetzelfde\" \/>\n<meta property=\"og:description\" content=\"Ontdek natuurgebied Mari\u00ebndal in Den Helder met natuurfotograaf Walter Das. Wandel vrij door het gebied en spot vogels, hazen, pony&#039;s en hooglanders.\" \/>\n<meta property=\"og:url\" content=\"https:\/\/denhelder.online\/de\/aktuell\/geen-rondje-mariendal-is-hetzelfde\/\" \/>\n<meta property=\"og:site_name\" content=\"Den Helder Online\" \/>\n<meta property=\"article:modified_time\" content=\"2026-09-01T19:24:53+00:00\" \/>\n<meta property=\"og:image\" content=\"https:\/\/denhelder.online\/wp-content\/uploads\/2026\/09\/09-2026-Mariendal-Stephan-Wegman-7-scaled.jpg\" \/>\n\t<meta property=\"og:image:width\" content=\"1800\" \/>\n\t<meta property=\"og:image:height\" content=\"1200\" \/>\n\t<meta property=\"og:image:type\" content=\"image\/jpeg\" \/>\n<meta name=\"twitter:card\" content=\"summary_large_image\" \/>\n<meta name=\"twitter:label1\" content=\"Gesch\u00e4tzte Lesezeit\" \/>\n\t<meta name=\"twitter:data1\" content=\"8\u00a0Minuten\" \/>\n<script type=\"application\/ld+json\" class=\"yoast-schema-graph\">{\"@context\":\"https:\\\/\\\/schema.org\",\"@graph\":[{\"@type\":\"WebPage\",\"@id\":\"https:\\\/\\\/denhelder.online\\\/actueel\\\/geen-rondje-mariendal-is-hetzelfde\\\/\",\"url\":\"https:\\\/\\\/denhelder.online\\\/actueel\\\/geen-rondje-mariendal-is-hetzelfde\\\/\",\"name\":\"Mari\u00ebndal in Den Helder | Wandelen en natuur\",\"isPartOf\":{\"@id\":\"https:\\\/\\\/denhelder.online\\\/#website\"},\"primaryImageOfPage\":{\"@id\":\"https:\\\/\\\/denhelder.online\\\/actueel\\\/geen-rondje-mariendal-is-hetzelfde\\\/#primaryimage\"},\"image\":{\"@id\":\"https:\\\/\\\/denhelder.online\\\/actueel\\\/geen-rondje-mariendal-is-hetzelfde\\\/#primaryimage\"},\"thumbnailUrl\":\"https:\\\/\\\/denhelder.online\\\/wp-content\\\/uploads\\\/2026\\\/09\\\/09-2026-Mariendal-Stephan-Wegman-7-scaled.jpg\",\"datePublished\":\"2026-09-01T14:47:14+00:00\",\"dateModified\":\"2026-09-01T19:24:53+00:00\",\"description\":\"Ontdek natuurgebied Mari\u00ebndal in Den Helder met natuurfotograaf Walter Das. Wandel vrij door het gebied en spot vogels, hazen, pony's en hooglanders.\",\"breadcrumb\":{\"@id\":\"https:\\\/\\\/denhelder.online\\\/actueel\\\/geen-rondje-mariendal-is-hetzelfde\\\/#breadcrumb\"},\"inLanguage\":\"de\",\"potentialAction\":[{\"@type\":\"ReadAction\",\"target\":[\"https:\\\/\\\/denhelder.online\\\/actueel\\\/geen-rondje-mariendal-is-hetzelfde\\\/\"]}]},{\"@type\":\"ImageObject\",\"inLanguage\":\"de\",\"@id\":\"https:\\\/\\\/denhelder.online\\\/actueel\\\/geen-rondje-mariendal-is-hetzelfde\\\/#primaryimage\",\"url\":\"https:\\\/\\\/denhelder.online\\\/wp-content\\\/uploads\\\/2026\\\/09\\\/09-2026-Mariendal-Stephan-Wegman-7-scaled.jpg\",\"contentUrl\":\"https:\\\/\\\/denhelder.online\\\/wp-content\\\/uploads\\\/2026\\\/09\\\/09-2026-Mariendal-Stephan-Wegman-7-scaled.jpg\",\"width\":1800,\"height\":1200,\"caption\":\"Walter speurt door zijn verrekijker door de natuur. De koeien staan op de achtergrond\"},{\"@type\":\"BreadcrumbList\",\"@id\":\"https:\\\/\\\/denhelder.online\\\/actueel\\\/geen-rondje-mariendal-is-hetzelfde\\\/#breadcrumb\",\"itemListElement\":[{\"@type\":\"ListItem\",\"position\":1,\"name\":\"Home\",\"item\":\"https:\\\/\\\/denhelder.online\\\/\"},{\"@type\":\"ListItem\",\"position\":2,\"name\":\"Actueel\",\"item\":\"https:\\\/\\\/denhelder.online\\\/en\\\/current\\\/\"},{\"@type\":\"ListItem\",\"position\":3,\"name\":\"Geen rondje Mari\u00ebndal is hetzelfde\"}]},{\"@type\":\"WebSite\",\"@id\":\"https:\\\/\\\/denhelder.online\\\/#website\",\"url\":\"https:\\\/\\\/denhelder.online\\\/\",\"name\":\"Den Helder Online\",\"description\":\"Beleef Den Helder\",\"publisher\":{\"@id\":\"https:\\\/\\\/denhelder.online\\\/#organization\"},\"potentialAction\":[{\"@type\":\"SearchAction\",\"target\":{\"@type\":\"EntryPoint\",\"urlTemplate\":\"https:\\\/\\\/denhelder.online\\\/?s={search_term_string}\"},\"query-input\":{\"@type\":\"PropertyValueSpecification\",\"valueRequired\":true,\"valueName\":\"search_term_string\"}}],\"inLanguage\":\"de\"},{\"@type\":\"Organization\",\"@id\":\"https:\\\/\\\/denhelder.online\\\/#organization\",\"name\":\"Den Helder Online\",\"url\":\"https:\\\/\\\/denhelder.online\\\/\",\"logo\":{\"@type\":\"ImageObject\",\"inLanguage\":\"de\",\"@id\":\"https:\\\/\\\/denhelder.online\\\/#\\\/schema\\\/logo\\\/image\\\/\",\"url\":\"https:\\\/\\\/denhelder.online\\\/wp-content\\\/uploads\\\/2021\\\/12\\\/DitIsDH-Logo-26-tagline.svg\",\"contentUrl\":\"https:\\\/\\\/denhelder.online\\\/wp-content\\\/uploads\\\/2021\\\/12\\\/DitIsDH-Logo-26-tagline.svg\",\"width\":1717.1,\"height\":934.9,\"caption\":\"Den Helder Online\"},\"image\":{\"@id\":\"https:\\\/\\\/denhelder.online\\\/#\\\/schema\\\/logo\\\/image\\\/\"}}]}<\/script>\n<!-- \/ Yoast SEO Premium plugin. -->","yoast_head_json":{"title":"Mari\u00ebndal in Den Helder | Wandelen en natuur","description":"Ontdek natuurgebied Mari\u00ebndal in Den Helder met natuurfotograaf Walter Das. Wandel vrij door het gebied en spot vogels, hazen, pony's en hooglanders.","robots":{"index":"index","follow":"follow","max-snippet":"max-snippet:-1","max-image-preview":"max-image-preview:large","max-video-preview":"max-video-preview:-1"},"canonical":"https:\/\/denhelder.online\/de\/aktuell\/geen-rondje-mariendal-is-hetzelfde\/","og_locale":"de_DE","og_type":"article","og_title":"Geen rondje Mari\u00ebndal is hetzelfde","og_description":"Ontdek natuurgebied Mari\u00ebndal in Den Helder met natuurfotograaf Walter Das. Wandel vrij door het gebied en spot vogels, hazen, pony's en hooglanders.","og_url":"https:\/\/denhelder.online\/de\/aktuell\/geen-rondje-mariendal-is-hetzelfde\/","og_site_name":"Den Helder Online","article_modified_time":"2026-09-01T19:24:53+00:00","og_image":[{"width":1800,"height":1200,"url":"https:\/\/denhelder.online\/wp-content\/uploads\/2026\/09\/09-2026-Mariendal-Stephan-Wegman-7-scaled.jpg","type":"image\/jpeg"}],"twitter_card":"summary_large_image","twitter_misc":{"Gesch\u00e4tzte Lesezeit":"8\u00a0Minuten"},"schema":{"@context":"https:\/\/schema.org","@graph":[{"@type":"WebPage","@id":"https:\/\/denhelder.online\/actueel\/geen-rondje-mariendal-is-hetzelfde\/","url":"https:\/\/denhelder.online\/actueel\/geen-rondje-mariendal-is-hetzelfde\/","name":"Mari\u00ebndal in Den Helder | Wandelen en natuur","isPartOf":{"@id":"https:\/\/denhelder.online\/#website"},"primaryImageOfPage":{"@id":"https:\/\/denhelder.online\/actueel\/geen-rondje-mariendal-is-hetzelfde\/#primaryimage"},"image":{"@id":"https:\/\/denhelder.online\/actueel\/geen-rondje-mariendal-is-hetzelfde\/#primaryimage"},"thumbnailUrl":"https:\/\/denhelder.online\/wp-content\/uploads\/2026\/09\/09-2026-Mariendal-Stephan-Wegman-7-scaled.jpg","datePublished":"2026-09-01T14:47:14+00:00","dateModified":"2026-09-01T19:24:53+00:00","description":"Ontdek natuurgebied Mari\u00ebndal in Den Helder met natuurfotograaf Walter Das. Wandel vrij door het gebied en spot vogels, hazen, pony's en hooglanders.","breadcrumb":{"@id":"https:\/\/denhelder.online\/actueel\/geen-rondje-mariendal-is-hetzelfde\/#breadcrumb"},"inLanguage":"de","potentialAction":[{"@type":"ReadAction","target":["https:\/\/denhelder.online\/actueel\/geen-rondje-mariendal-is-hetzelfde\/"]}]},{"@type":"ImageObject","inLanguage":"de","@id":"https:\/\/denhelder.online\/actueel\/geen-rondje-mariendal-is-hetzelfde\/#primaryimage","url":"https:\/\/denhelder.online\/wp-content\/uploads\/2026\/09\/09-2026-Mariendal-Stephan-Wegman-7-scaled.jpg","contentUrl":"https:\/\/denhelder.online\/wp-content\/uploads\/2026\/09\/09-2026-Mariendal-Stephan-Wegman-7-scaled.jpg","width":1800,"height":1200,"caption":"Walter speurt door zijn verrekijker door de natuur. De koeien staan op de achtergrond"},{"@type":"BreadcrumbList","@id":"https:\/\/denhelder.online\/actueel\/geen-rondje-mariendal-is-hetzelfde\/#breadcrumb","itemListElement":[{"@type":"ListItem","position":1,"name":"Home","item":"https:\/\/denhelder.online\/"},{"@type":"ListItem","position":2,"name":"Actueel","item":"https:\/\/denhelder.online\/en\/current\/"},{"@type":"ListItem","position":3,"name":"Geen rondje Mari\u00ebndal is hetzelfde"}]},{"@type":"WebSite","@id":"https:\/\/denhelder.online\/#website","url":"https:\/\/denhelder.online\/","name":"Den Helder Online","description":"Erleben Sie Den Helder","publisher":{"@id":"https:\/\/denhelder.online\/#organization"},"potentialAction":[{"@type":"SearchAction","target":{"@type":"EntryPoint","urlTemplate":"https:\/\/denhelder.online\/?s={search_term_string}"},"query-input":{"@type":"PropertyValueSpecification","valueRequired":true,"valueName":"search_term_string"}}],"inLanguage":"de"},{"@type":"Organization","@id":"https:\/\/denhelder.online\/#organization","name":"Den Helder Online","url":"https:\/\/denhelder.online\/","logo":{"@type":"ImageObject","inLanguage":"de","@id":"https:\/\/denhelder.online\/#\/schema\/logo\/image\/","url":"https:\/\/denhelder.online\/wp-content\/uploads\/2021\/12\/DitIsDH-Logo-26-tagline.svg","contentUrl":"https:\/\/denhelder.online\/wp-content\/uploads\/2021\/12\/DitIsDH-Logo-26-tagline.svg","width":1717.1,"height":934.9,"caption":"Den Helder Online"},"image":{"@id":"https:\/\/denhelder.online\/#\/schema\/logo\/image\/"}}]}},"_links":{"self":[{"href":"https:\/\/denhelder.online\/de\/wp-json\/wp\/v2\/actueel\/25899","targetHints":{"allow":["GET"]}}],"collection":[{"href":"https:\/\/denhelder.online\/de\/wp-json\/wp\/v2\/actueel"}],"about":[{"href":"https:\/\/denhelder.online\/de\/wp-json\/wp\/v2\/types\/actueel"}],"author":[{"embeddable":true,"href":"https:\/\/denhelder.online\/de\/wp-json\/wp\/v2\/users\/9"}],"version-history":[{"count":11,"href":"https:\/\/denhelder.online\/de\/wp-json\/wp\/v2\/actueel\/25899\/revisions"}],"predecessor-version":[{"id":25933,"href":"https:\/\/denhelder.online\/de\/wp-json\/wp\/v2\/actueel\/25899\/revisions\/25933"}],"wp:featuredmedia":[{"embeddable":true,"href":"https:\/\/denhelder.online\/de\/wp-json\/wp\/v2\/media\/25901"}],"wp:attachment":[{"href":"https:\/\/denhelder.online\/de\/wp-json\/wp\/v2\/media?parent=25899"}],"wp:term":[{"taxonomy":"doelgroep","embeddable":true,"href":"https:\/\/denhelder.online\/de\/wp-json\/wp\/v2\/doelgroep?post=25899"}],"curies":[{"name":"wp","href":"https:\/\/api.w.org\/{rel}","templated":true}]}}