{"id":9362,"date":"2024-01-26T08:47:59","date_gmt":"2024-01-26T07:47:59","guid":{"rendered":"https:\/\/denhelder.online\/?post_type=actueel&#038;p=9362"},"modified":"2025-04-29T08:50:09","modified_gmt":"2025-04-29T06:50:09","slug":"den-helder-beendet-das-jahr-2023-mit-einer-positiven-note","status":"publish","type":"actueel","link":"https:\/\/denhelder.online\/de\/actueel\/den-helder-sluit-2023-positief-af\/","title":{"rendered":"Den Helder beendet das Jahr 2023 mit einem positiven Ergebnis."},"content":{"rendered":"<p>Die Gemeindeverwaltung von Den Helder hat dem Gemeinderat ihren Jahresabschluss f\u00fcr 2023 vorgelegt. Der Jahresabschluss und der Jahresbericht legen detailliert dar, wie die Gemeinde Den Helder ihre Mittel im Jahr 2023 verwendet hat. Die Gemeinde Den Helder schloss das Jahr 2023 mit einem \u00dcberschuss von \u00fcber 12,6 Millionen Euro ab und erhielt einen uneingeschr\u00e4nkten Best\u00e4tigungsvermerk des Abschlusspr\u00fcfers. F\u00fcr das Jahr 2024 sind 2,4 Millionen Euro vorgesehen, da dann mit Ausgaben zu rechnen ist.<\/p>\n<p>&nbsp;<\/p>\n<p>2023 \u2013 ein turbulentes Jahr<\/p>\n<p>Wie jedes Jahr hatte auch 2023 seine Besonderheiten. Sail war zweifellos eines der Highlights f\u00fcr Den Helder. Sowohl die Bewohner von Den Helder als auch die Anwohner genossen diese mehrt\u00e4gige Veranstaltung in vollen Z\u00fcgen. Von gro\u00dfer Bedeutung war auch der Umzug in unsere neuen R\u00e4umlichkeiten in Willemsoord im Jahr 2023. Diese boten dem Vorstand und der Verwaltung ein hervorragendes Arbeitsumfeld, das im Rahmen der vorhandenen Ressourcen realisiert werden konnte.<\/p>\n<p>&nbsp;<\/p>\n<p>R\u00fcckblick 2023<\/p>\n<p>Im Jahresabschluss 2023 blicken wir (finanziell) auf das vergangene Jahr zur\u00fcck. Einerseits geben wir Einblick in unsere Einnahmen und Ausgaben. Andererseits erl\u00e4utern wir die Angelegenheiten, die wir...<\/p>\n<p>Gemeinsam mit Anwohnern, Unternehmen und Sozialpartnern haben wir im vergangenen Jahr an vielen Projekten gearbeitet. Und das ist eine ganze Menge. Wir m\u00f6chten einige Beispiele nennen: \u2013 Im Jahr 2023 begann die Stadtverwaltung, die Ausrichtung von Willemsoord bv und die Zusammenarbeit mit Zeestad cv\/bv neu zu gestalten. Die Ergebnisse werden 2024 erwartet.<\/p>\n<p>Im Jahr 2023 wurden auf ingesprek.denhelder.nl mehrere neue Projekte ver\u00f6ffentlicht, an denen sich Hunderte von Nutzern beteiligten. Die Plattform hat mittlerweile rund 3.250 Nutzer. Diese werden benachrichtigt, sobald neue Projekte in oder \u00fcber ihr Dorf\/ihre Nachbarschaft auf der Plattform ver\u00f6ffentlicht werden.<\/p>\n<p>Die Gemeinde hat eine Partnerschaft mit einer Organisation geschlossen, die sich auf die Aufkl\u00e4rung und Sensibilisierung junger Menschen f\u00fcr Finanzthemen spezialisiert hat. Dies wurde durch Informationsveranstaltungen an Schulen erreicht.<\/p>\n<p>Die Umsetzung der Nachbarschaftsteams hat konkretere Formen angenommen. Die Nachbarschaftszentren Julianadorp und Nieuw Den Helder sind wochentags f\u00fcr Anwohner ge\u00f6ffnet. F\u00fcr 2024 ist eine Ausweitung der \u00d6ffnungszeiten der Nachbarschaftszentren De Schooten und Stad binnen de Linie geplant. Die Nachbarschaftszentren f\u00f6rdern die Zusammenarbeit zwischen dem Sozialbereich und den F\u00f6rderpartnern. Durch die integrierte Zusammenarbeit kann fr\u00fchzeitig die richtige Unterst\u00fctzung bereitgestellt werden.<\/p>\n<p>\u2013 Im Jahr 2023 ging es vor allem darum, den Bearbeitungsr\u00fcckstand nach dem Sozialhilfegesetz (Wmo) aufzuholen. Im Durchschnitt wurden 951 TP7T innerhalb der gesetzlichen Frist bewilligt. Bis Ende 2023 war diese Zahl sogar auf 991 TP7T gestiegen.<\/p>\n<p>Mehrere Projekte wurden initiiert und befinden sich in der Entwicklung: die Moorman-Br\u00fccke, die Ravelijn-Br\u00fccke, Buitenveld und die Verst\u00e4rkung des Deichs Nieuwe Diep. Gemeinsam mit Partnern wie der New Energy Coalition und dem Hafen von Den Helder haben wir die Umsetzung von Projekten im Bereich Wasserstoffwirtschaft im Rahmen des Regionalen Abkommens Maritimer Cluster Kop van Noord-Holland fortgesetzt.<\/p>\n<p>Es wurden verschiedene Aktivit\u00e4ten ins Leben gerufen, um die Energieeinsparung in Privathaushalten zu f\u00f6rdern, wie zum Beispiel der Schalter f\u00fcr nachhaltiges Bauen, Beratungen, Wohnungsbaudarlehen, D\u00e4mmzusch\u00fcsse, Informationsabende und der mobile Showroom.<\/p>\n<p>Die Sonderermittler bearbeiteten 4.689 Meldungen und Vorf\u00e4lle. Das sind 241.070 mehr als im Jahr 2022. Der Anstieg ist teilweise auf die Zunahme anonymer Meldungen \u00fcber die Easy Reporting App zur\u00fcckzuf\u00fchren.<\/p>\n<p>\u2013 In und um den Timor-Park wurde eine Studie zur Gestaltung einer bewegungsfreundlichen Umgebung durchgef\u00fchrt. Wir werden diese Forschung im Jahr 2024 fortsetzen und auf mehrere Stadtteile ausweiten.<\/p>\n<p>&nbsp;<\/p>\n<p>Positives Ergebnis<\/p>\n<p>Die Gemeinde Den Helder schloss das Jahr 2023 mit einem \u00dcberschuss von 12,6 Millionen Euro ab. Finanzdezernent Peter van Diepen: \u201cDen Helder konnte das Jahr 2023 mit einem positiven Ergebnis abschlie\u00dfen. Angesichts der nationalen Entwicklungen und Budgetk\u00fcrzungen sowie der Gesamtleistung der Gemeinde ist dies ein beachtlicher Erfolg. Mein Dank gilt der Verwaltung, dem engagierten Gemeinderat und meinen Ratskollegen. Ohne gute Zusammenarbeit und gelegentlich hitzige Diskussionen w\u00e4re dies nicht m\u00f6glich gewesen. Ziel ist es, diese erfolgreiche Zusammenarbeit im kommenden Jahr fortzusetzen und die Widerstandsf\u00e4higkeit der Gemeinde zu erhalten und gegebenenfalls weiter zu verbessern.\u201d<\/p>\n<p>&nbsp;<\/p>\n<p>positives Ergebnis der Wirtschaftspr\u00fcfung<\/p>\n<p>Der Jahresabschluss und die Abschlusspr\u00fcfung wurden fristgerecht, konstruktiv und planm\u00e4\u00dfig abgeschlossen. Der Abschlusspr\u00fcfer erteilt erneut einen uneingeschr\u00e4nkten Best\u00e4tigungsvermerk.<\/p>\n<p>&nbsp;<\/p>\n<p>Der Gemeinderat beschlie\u00dft \u00fcber die Jahresabschl\u00fcsse.<\/p>\n<p>Der Gemeindevorstand hat den Jahresabschluss genehmigt. Dieser wird demn\u00e4chst vom Pr\u00fcfungsausschuss beraten. Der Pr\u00fcfungsausschuss wird den Gemeinderat zum Jahresabschluss beraten. Der Gemeinderat trifft die endg\u00fcltige Entscheidung. Der Jahresabschluss wird in der Gemeinderatssitzung am 1. Juli 2024 besprochen. Nach Genehmigung durch den Gemeinderat ist das Dokument unter www.denhelder.nl\/jaarrekening abrufbar und bietet einen vollst\u00e4ndigen Finanz\u00fcberblick.<\/p>","protected":false},"excerpt":{"rendered":"<p>Die Gemeindeverwaltung von Den Helder hat dem Gemeinderat ihren Jahresabschluss f\u00fcr 2023 vorgelegt. Der Jahresabschluss und der Jahresbericht legen detailliert dar, wie die Gemeinde Den Helder ihre Mittel im Jahr 2023 verwendet hat. Die Gemeinde Den Helder schloss das Jahr 2023 mit einem \u00dcberschuss von \u00fcber 12,6 Millionen Euro ab und erhielt einen uneingeschr\u00e4nkten Best\u00e4tigungsvermerk des Abschlusspr\u00fcfers. F\u00fcr das Jahr 2024 sind 2,4 Millionen Euro vorgesehen, da dann mit Ausgaben zu rechnen ist.\u00a0<\/p>","protected":false},"author":4,"featured_media":10898,"template":"","doelgroep":[6027],"class_list":["post-9362","actueel","type-actueel","status-publish","has-post-thumbnail","hentry","elementor_library_category-wonen","doelgroep-inwoner"],"yoast_head":"<!-- This site is optimized with the Yoast SEO Premium plugin v24.7 (Yoast SEO v27.5) - https:\/\/yoast.com\/product\/yoast-seo-premium-wordpress\/ -->\n<title>Den Helder sluit 2023 positief af - Den Helder Online<\/title>\n<meta name=\"robots\" content=\"index, follow, max-snippet:-1, max-image-preview:large, max-video-preview:-1\" \/>\n<link rel=\"canonical\" href=\"https:\/\/denhelder.online\/de\/aktuell\/den-helder-beendet-das-jahr-2023-mit-einer-positiven-note\/\" \/>\n<meta property=\"og:locale\" content=\"de_DE\" \/>\n<meta property=\"og:type\" content=\"article\" \/>\n<meta property=\"og:title\" content=\"Den Helder sluit 2023 positief af\" \/>\n<meta property=\"og:description\" content=\"Het college van burgemeester en wethouders van Den Helder heeft de jaarrekening 2023 aangeboden aan de gemeenteraad. In de jaarrekening en het jaarverslag staat waaraan de gemeente Den Helder in 2023 het geld heeft uitgegeven. Gemeente Den Helder sluit 2023 af met een positief resultaat van ruim \u20ac 12,6 miljoen euro en heeft een goedkeurende verklaring van de accountant. Voorgesteld wordt om een bedrag van \u20ac 2,4 miljoen in 2024 beschikbaar te stellen, omdat de uitgaven dan alsnog worden verwacht.\u00a0\" \/>\n<meta property=\"og:url\" content=\"https:\/\/denhelder.online\/de\/aktuell\/den-helder-beendet-das-jahr-2023-mit-einer-positiven-note\/\" \/>\n<meta property=\"og:site_name\" content=\"Den Helder Online\" \/>\n<meta property=\"article:modified_time\" content=\"2025-04-29T06:50:09+00:00\" \/>\n<meta property=\"og:image\" content=\"https:\/\/denhelder.online\/wp-content\/uploads\/2025\/03\/840f6dab-666d-40f9-977c-cbb902fff03f-thumbnail_jaarrekening-in_vogelvlucht_2023_1920x1080.png\" \/>\n\t<meta property=\"og:image:width\" content=\"1920\" \/>\n\t<meta property=\"og:image:height\" content=\"1080\" \/>\n\t<meta property=\"og:image:type\" content=\"image\/png\" \/>\n<meta name=\"twitter:card\" content=\"summary_large_image\" \/>\n<meta name=\"twitter:label1\" content=\"Gesch\u00e4tzte Lesezeit\" \/>\n\t<meta name=\"twitter:data1\" content=\"1\u00a0Minute\" \/>\n<script type=\"application\/ld+json\" class=\"yoast-schema-graph\">{\"@context\":\"https:\\\/\\\/schema.org\",\"@graph\":[{\"@type\":\"WebPage\",\"@id\":\"https:\\\/\\\/denhelder.online\\\/actueel\\\/den-helder-sluit-2023-positief-af\\\/\",\"url\":\"https:\\\/\\\/denhelder.online\\\/actueel\\\/den-helder-sluit-2023-positief-af\\\/\",\"name\":\"Den Helder sluit 2023 positief af - Den Helder Online\",\"isPartOf\":{\"@id\":\"https:\\\/\\\/denhelder.online\\\/#website\"},\"primaryImageOfPage\":{\"@id\":\"https:\\\/\\\/denhelder.online\\\/actueel\\\/den-helder-sluit-2023-positief-af\\\/#primaryimage\"},\"image\":{\"@id\":\"https:\\\/\\\/denhelder.online\\\/actueel\\\/den-helder-sluit-2023-positief-af\\\/#primaryimage\"},\"thumbnailUrl\":\"https:\\\/\\\/denhelder.online\\\/wp-content\\\/uploads\\\/2025\\\/03\\\/840f6dab-666d-40f9-977c-cbb902fff03f-thumbnail_jaarrekening-in_vogelvlucht_2023_1920x1080.png\",\"datePublished\":\"2024-01-26T07:47:59+00:00\",\"dateModified\":\"2025-04-29T06:50:09+00:00\",\"breadcrumb\":{\"@id\":\"https:\\\/\\\/denhelder.online\\\/actueel\\\/den-helder-sluit-2023-positief-af\\\/#breadcrumb\"},\"inLanguage\":\"de\",\"potentialAction\":[{\"@type\":\"ReadAction\",\"target\":[\"https:\\\/\\\/denhelder.online\\\/actueel\\\/den-helder-sluit-2023-positief-af\\\/\"]}]},{\"@type\":\"ImageObject\",\"inLanguage\":\"de\",\"@id\":\"https:\\\/\\\/denhelder.online\\\/actueel\\\/den-helder-sluit-2023-positief-af\\\/#primaryimage\",\"url\":\"https:\\\/\\\/denhelder.online\\\/wp-content\\\/uploads\\\/2025\\\/03\\\/840f6dab-666d-40f9-977c-cbb902fff03f-thumbnail_jaarrekening-in_vogelvlucht_2023_1920x1080.png\",\"contentUrl\":\"https:\\\/\\\/denhelder.online\\\/wp-content\\\/uploads\\\/2025\\\/03\\\/840f6dab-666d-40f9-977c-cbb902fff03f-thumbnail_jaarrekening-in_vogelvlucht_2023_1920x1080.png\",\"width\":1920,\"height\":1080,\"caption\":\"Inkomsten en uitgaven van de Gemeente Den Helder\"},{\"@type\":\"BreadcrumbList\",\"@id\":\"https:\\\/\\\/denhelder.online\\\/actueel\\\/den-helder-sluit-2023-positief-af\\\/#breadcrumb\",\"itemListElement\":[{\"@type\":\"ListItem\",\"position\":1,\"name\":\"Home\",\"item\":\"https:\\\/\\\/denhelder.online\\\/\"},{\"@type\":\"ListItem\",\"position\":2,\"name\":\"Actueel\",\"item\":\"https:\\\/\\\/denhelder.online\\\/en\\\/current\\\/\"},{\"@type\":\"ListItem\",\"position\":3,\"name\":\"Den Helder sluit 2023 positief af\"}]},{\"@type\":\"WebSite\",\"@id\":\"https:\\\/\\\/denhelder.online\\\/#website\",\"url\":\"https:\\\/\\\/denhelder.online\\\/\",\"name\":\"Den Helder Online\",\"description\":\"Beleef Den Helder\",\"publisher\":{\"@id\":\"https:\\\/\\\/denhelder.online\\\/#organization\"},\"potentialAction\":[{\"@type\":\"SearchAction\",\"target\":{\"@type\":\"EntryPoint\",\"urlTemplate\":\"https:\\\/\\\/denhelder.online\\\/?s={search_term_string}\"},\"query-input\":{\"@type\":\"PropertyValueSpecification\",\"valueRequired\":true,\"valueName\":\"search_term_string\"}}],\"inLanguage\":\"de\"},{\"@type\":\"Organization\",\"@id\":\"https:\\\/\\\/denhelder.online\\\/#organization\",\"name\":\"Den Helder Online\",\"url\":\"https:\\\/\\\/denhelder.online\\\/\",\"logo\":{\"@type\":\"ImageObject\",\"inLanguage\":\"de\",\"@id\":\"https:\\\/\\\/denhelder.online\\\/#\\\/schema\\\/logo\\\/image\\\/\",\"url\":\"https:\\\/\\\/denhelder.online\\\/wp-content\\\/uploads\\\/2021\\\/12\\\/DitIsDH-Logo-26-tagline.svg\",\"contentUrl\":\"https:\\\/\\\/denhelder.online\\\/wp-content\\\/uploads\\\/2021\\\/12\\\/DitIsDH-Logo-26-tagline.svg\",\"width\":1717.0999999999999,\"height\":934.89999999999998,\"caption\":\"Den Helder Online\"},\"image\":{\"@id\":\"https:\\\/\\\/denhelder.online\\\/#\\\/schema\\\/logo\\\/image\\\/\"}}]}<\/script>\n<!-- \/ Yoast SEO Premium plugin. -->","yoast_head_json":{"title":"Den Helder schlie\u00dft das Jahr 2023 positiv ab \u2013 Den Helder Online","robots":{"index":"index","follow":"follow","max-snippet":"max-snippet:-1","max-image-preview":"max-image-preview:large","max-video-preview":"max-video-preview:-1"},"canonical":"https:\/\/denhelder.online\/de\/aktuell\/den-helder-beendet-das-jahr-2023-mit-einer-positiven-note\/","og_locale":"de_DE","og_type":"article","og_title":"Den Helder sluit 2023 positief af","og_description":"Het college van burgemeester en wethouders van Den Helder heeft de jaarrekening 2023 aangeboden aan de gemeenteraad. In de jaarrekening en het jaarverslag staat waaraan de gemeente Den Helder in 2023 het geld heeft uitgegeven. Gemeente Den Helder sluit 2023 af met een positief resultaat van ruim \u20ac 12,6 miljoen euro en heeft een goedkeurende verklaring van de accountant. Voorgesteld wordt om een bedrag van \u20ac 2,4 miljoen in 2024 beschikbaar te stellen, omdat de uitgaven dan alsnog worden verwacht.\u00a0","og_url":"https:\/\/denhelder.online\/de\/aktuell\/den-helder-beendet-das-jahr-2023-mit-einer-positiven-note\/","og_site_name":"Den Helder Online","article_modified_time":"2025-04-29T06:50:09+00:00","og_image":[{"width":1920,"height":1080,"url":"https:\/\/denhelder.online\/wp-content\/uploads\/2025\/03\/840f6dab-666d-40f9-977c-cbb902fff03f-thumbnail_jaarrekening-in_vogelvlucht_2023_1920x1080.png","type":"image\/png"}],"twitter_card":"summary_large_image","twitter_misc":{"Gesch\u00e4tzte Lesezeit":"1\u00a0Minute"},"schema":{"@context":"https:\/\/schema.org","@graph":[{"@type":"WebPage","@id":"https:\/\/denhelder.online\/actueel\/den-helder-sluit-2023-positief-af\/","url":"https:\/\/denhelder.online\/actueel\/den-helder-sluit-2023-positief-af\/","name":"Den Helder schlie\u00dft das Jahr 2023 positiv ab \u2013 Den Helder Online","isPartOf":{"@id":"https:\/\/denhelder.online\/#website"},"primaryImageOfPage":{"@id":"https:\/\/denhelder.online\/actueel\/den-helder-sluit-2023-positief-af\/#primaryimage"},"image":{"@id":"https:\/\/denhelder.online\/actueel\/den-helder-sluit-2023-positief-af\/#primaryimage"},"thumbnailUrl":"https:\/\/denhelder.online\/wp-content\/uploads\/2025\/03\/840f6dab-666d-40f9-977c-cbb902fff03f-thumbnail_jaarrekening-in_vogelvlucht_2023_1920x1080.png","datePublished":"2024-01-26T07:47:59+00:00","dateModified":"2025-04-29T06:50:09+00:00","breadcrumb":{"@id":"https:\/\/denhelder.online\/actueel\/den-helder-sluit-2023-positief-af\/#breadcrumb"},"inLanguage":"de","potentialAction":[{"@type":"ReadAction","target":["https:\/\/denhelder.online\/actueel\/den-helder-sluit-2023-positief-af\/"]}]},{"@type":"ImageObject","inLanguage":"de","@id":"https:\/\/denhelder.online\/actueel\/den-helder-sluit-2023-positief-af\/#primaryimage","url":"https:\/\/denhelder.online\/wp-content\/uploads\/2025\/03\/840f6dab-666d-40f9-977c-cbb902fff03f-thumbnail_jaarrekening-in_vogelvlucht_2023_1920x1080.png","contentUrl":"https:\/\/denhelder.online\/wp-content\/uploads\/2025\/03\/840f6dab-666d-40f9-977c-cbb902fff03f-thumbnail_jaarrekening-in_vogelvlucht_2023_1920x1080.png","width":1920,"height":1080,"caption":"Inkomsten en uitgaven van de Gemeente Den Helder"},{"@type":"BreadcrumbList","@id":"https:\/\/denhelder.online\/actueel\/den-helder-sluit-2023-positief-af\/#breadcrumb","itemListElement":[{"@type":"ListItem","position":1,"name":"Home","item":"https:\/\/denhelder.online\/"},{"@type":"ListItem","position":2,"name":"Actueel","item":"https:\/\/denhelder.online\/en\/current\/"},{"@type":"ListItem","position":3,"name":"Den Helder sluit 2023 positief af"}]},{"@type":"WebSite","@id":"https:\/\/denhelder.online\/#website","url":"https:\/\/denhelder.online\/","name":"Den Helder Online","description":"Erleben Sie Den Helder","publisher":{"@id":"https:\/\/denhelder.online\/#organization"},"potentialAction":[{"@type":"SearchAction","target":{"@type":"EntryPoint","urlTemplate":"https:\/\/denhelder.online\/?s={search_term_string}"},"query-input":{"@type":"PropertyValueSpecification","valueRequired":true,"valueName":"search_term_string"}}],"inLanguage":"de"},{"@type":"Organization","@id":"https:\/\/denhelder.online\/#organization","name":"Den Helder Online","url":"https:\/\/denhelder.online\/","logo":{"@type":"ImageObject","inLanguage":"de","@id":"https:\/\/denhelder.online\/#\/schema\/logo\/image\/","url":"https:\/\/denhelder.online\/wp-content\/uploads\/2021\/12\/DitIsDH-Logo-26-tagline.svg","contentUrl":"https:\/\/denhelder.online\/wp-content\/uploads\/2021\/12\/DitIsDH-Logo-26-tagline.svg","width":1717.0999999999999,"height":934.89999999999998,"caption":"Den Helder Online"},"image":{"@id":"https:\/\/denhelder.online\/#\/schema\/logo\/image\/"}}]}},"_links":{"self":[{"href":"https:\/\/denhelder.online\/de\/wp-json\/wp\/v2\/actueel\/9362","targetHints":{"allow":["GET"]}}],"collection":[{"href":"https:\/\/denhelder.online\/de\/wp-json\/wp\/v2\/actueel"}],"about":[{"href":"https:\/\/denhelder.online\/de\/wp-json\/wp\/v2\/types\/actueel"}],"author":[{"embeddable":true,"href":"https:\/\/denhelder.online\/de\/wp-json\/wp\/v2\/users\/4"}],"wp:featuredmedia":[{"embeddable":true,"href":"https:\/\/denhelder.online\/de\/wp-json\/wp\/v2\/media\/10898"}],"wp:attachment":[{"href":"https:\/\/denhelder.online\/de\/wp-json\/wp\/v2\/media?parent=9362"}],"wp:term":[{"taxonomy":"doelgroep","embeddable":true,"href":"https:\/\/denhelder.online\/de\/wp-json\/wp\/v2\/doelgroep?post=9362"}],"curies":[{"name":"wp","href":"https:\/\/api.w.org\/{rel}","templated":true}]}}